{"id":26463,"date":"2022-09-21T19:44:49","date_gmt":"2022-09-21T19:44:49","guid":{"rendered":"http:\/\/katolicka-gimnazija.hr\/?p=26463"},"modified":"2022-09-21T19:46:13","modified_gmt":"2022-09-21T19:46:13","slug":"team-building-tv-sekcije-i-nautesa-2","status":"publish","type":"post","link":"https:\/\/katolicka-gimnazija.hr\/index.php\/2022\/09\/21\/team-building-tv-sekcije-i-nautesa-2\/","title":{"rendered":"TEAM BUILDING TV SEKCIJE I NAUTESA"},"content":{"rendered":"<p>KAD SE MALE RUKE SLO\u017dE, NA GORU SE POPETI S LAKO\u0106OM MO\u017dE!<\/p>\n<p>S namjernom da se na\u0161a mala, ali posebna \u0161kolska zajednica tradicionalno upozna s novim \u010dlanovima izvannastavnih aktivnosti \u2013 TV sekcije i Novinarske dru\u017eine Nautes \u2013 te ideja da se provede prekrasan dan na obroncima Po\u017ee\u0161ke gore sinula je voditeljima prof. Paveli\u0107u i prof. Pauli\u0107u. Ove godine kocka je pala na OPG Ravli\u0107 gdje nas je gotovo 40 rastjeralo rosu oko mjesta gdje se kuhao mirisom primamljivi slavonski \u010dobanac, a sami se poslu\u017eili gro\u017e\u0111em iz jo\u0161 neobranih vinograda. Raznim igrama u grupama provodili smo odli\u010dno vrijeme dok nas ki\u0161a nije odlu\u010dila osvje\u017eiti. Skolnili smo se pod natkrivenu terasu te dru\u0161tvenim igrama kratili vrijeme, upoznavali se, smijali se i zabavljali, a nakon ru\u010dka odlu\u010dili smo intervjuirati na\u0161eg doma\u0107ina, g. Mladena Ravli\u0107a.<\/p>\n<p>Barbara: Gospodine Ravli\u0107, kako je do\u0161lo do ideje o osnutku imanja?<br \/>\nMladen: \u017delja za planinarenjem, ljubav prema prirodi i dalmatinski korijeni potakli su me da zapu\u0161teno zemlji\u0161te pretvorim u svoju oazu mira.<a href=\"http:\/\/katolicka-gimnazija.hr\/wp-content\/uploads\/2022\/09\/308186074_535384858588257_4834007541138440156_n.jpg\"><img loading=\"lazy\" decoding=\"async\" class=\"size-medium wp-image-26489 alignright\" src=\"http:\/\/katolicka-gimnazija.hr\/wp-content\/uploads\/2022\/09\/308186074_535384858588257_4834007541138440156_n-200x300.jpg\" alt=\"\" width=\"200\" height=\"300\" srcset=\"https:\/\/katolicka-gimnazija.hr\/wp-content\/uploads\/2022\/09\/308186074_535384858588257_4834007541138440156_n-200x300.jpg 200w, https:\/\/katolicka-gimnazija.hr\/wp-content\/uploads\/2022\/09\/308186074_535384858588257_4834007541138440156_n-683x1024.jpg 683w, https:\/\/katolicka-gimnazija.hr\/wp-content\/uploads\/2022\/09\/308186074_535384858588257_4834007541138440156_n-768x1152.jpg 768w, https:\/\/katolicka-gimnazija.hr\/wp-content\/uploads\/2022\/09\/308186074_535384858588257_4834007541138440156_n-1024x1536.jpg 1024w, https:\/\/katolicka-gimnazija.hr\/wp-content\/uploads\/2022\/09\/308186074_535384858588257_4834007541138440156_n.jpg 1200w\" sizes=\"auto, (max-width: 200px) 100vw, 200px\" \/><\/a><br \/>\nEna: Koliko je truda ulo\u017eeno u stvaranje Va\u0161eg imanja?<br \/>\nMladen: U ovih 35 godina sva\u0161ta se promijenilo, ostvarili smo ponudu s pansionom za pet osoba, doma\u0107e proizvode i kapacitet za primanje oko 50 gostiju.<br \/>\nBarbara: Je li Vam nevrijeme ikada poremetilo planove oko berbe vo\u0107a?<br \/>\nMladen: Led je pro\u0161le godine uzrokovao o\u0161te\u0107enje svih plodova i bili smo jako razo\u010darani time jer nismo imali ni kvalitetnu berbu niti bilo kakvu financijsku korist, a ulo\u017eili smo puno truda.<br \/>\nEna: Koliko Vam \u010desto dolaze posjetitelji te iznajmljujete li imanje za privatne doga\u0111aje?<br \/>\nMladen: Posjetitelji su ovdje gotovo svakodnevno, vikendi su bukirani uvijek, a svake tre\u0107e godine odr\u017eavamo likovnu koloniju gdje se okupljaju umjetnici iz cijele Hrvatske te skup planinara.<br \/>\nBarbara: Tko Vam je pomagao da ovo danas izgleda ovako lijepo?<br \/>\nMladen: Moja obitelj koja mi je ujedno i najve\u0107a podr\u0161ka.<br \/>\nEna i Barbara: Hvala Vam, gospodine Mladene, na lijepom dru\u017eenju, intervjuu i finom ru\u010dku. Do idu\u0107eg posjeta i zbogom!<br \/>\nMladen: Hvala i vama, do\u0111ite nam opet!<\/p>\n<p>Ukoliko se odlu\u010dite udahnuti svje\u017eega zraka u dru\u017eenju s dragim ljudima na predivnom mjestu, na Facebook stranicama posjetite OPG Mladena Ravli\u0107a i rezervirajte si datum za ostvarenje najboljeg odmora u prirodi.<\/p>\n<p>Duc in altum!<\/p>\n<div id='gallery-1' class='gallery galleryid-26463 gallery-columns-3 gallery-size-medium'><figure class='gallery-item'>\n\t\t\t<div class='gallery-icon landscape'>\n\t\t\t\t<a href='https:\/\/katolicka-gimnazija.hr\/wp-content\/uploads\/2022\/09\/307846422_535386461921430_6922623344158357771_n.jpg'><img loading=\"lazy\" decoding=\"async\" width=\"300\" height=\"200\" src=\"https:\/\/katolicka-gimnazija.hr\/wp-content\/uploads\/2022\/09\/307846422_535386461921430_6922623344158357771_n-300x200.jpg\" class=\"attachment-medium size-medium\" alt=\"\" srcset=\"https:\/\/katolicka-gimnazija.hr\/wp-content\/uploads\/2022\/09\/307846422_535386461921430_6922623344158357771_n-300x200.jpg 300w, https:\/\/katolicka-gimnazija.hr\/wp-content\/uploads\/2022\/09\/307846422_535386461921430_6922623344158357771_n-1024x683.jpg 1024w, https:\/\/katolicka-gimnazija.hr\/wp-content\/uploads\/2022\/09\/307846422_535386461921430_6922623344158357771_n-768x512.jpg 768w, https:\/\/katolicka-gimnazija.hr\/wp-content\/uploads\/2022\/09\/307846422_535386461921430_6922623344158357771_n-1536x1024.jpg 1536w, https:\/\/katolicka-gimnazija.hr\/wp-content\/uploads\/2022\/09\/307846422_535386461921430_6922623344158357771_n-400x267.jpg 400w, https:\/\/katolicka-gimnazija.hr\/wp-content\/uploads\/2022\/09\/307846422_535386461921430_6922623344158357771_n.jpg 1800w\" sizes=\"auto, (max-width: 300px) 100vw, 300px\" \/><\/a>\n\t\t\t<\/div><\/figure><figure class='gallery-item'>\n\t\t\t<div class='gallery-icon landscape'>\n\t\t\t\t<a href='https:\/\/katolicka-gimnazija.hr\/wp-content\/uploads\/2022\/09\/307675082_535386341921442_8705848027179219832_n.jpg'><img loading=\"lazy\" decoding=\"async\" width=\"300\" height=\"200\" src=\"https:\/\/katolicka-gimnazija.hr\/wp-content\/uploads\/2022\/09\/307675082_535386341921442_8705848027179219832_n-300x200.jpg\" class=\"attachment-medium size-medium\" alt=\"\" srcset=\"https:\/\/katolicka-gimnazija.hr\/wp-content\/uploads\/2022\/09\/307675082_535386341921442_8705848027179219832_n-300x200.jpg 300w, https:\/\/katolicka-gimnazija.hr\/wp-content\/uploads\/2022\/09\/307675082_535386341921442_8705848027179219832_n-1024x683.jpg 1024w, https:\/\/katolicka-gimnazija.hr\/wp-content\/uploads\/2022\/09\/307675082_535386341921442_8705848027179219832_n-768x512.jpg 768w, https:\/\/katolicka-gimnazija.hr\/wp-content\/uploads\/2022\/09\/307675082_535386341921442_8705848027179219832_n-1536x1024.jpg 1536w, https:\/\/katolicka-gimnazija.hr\/wp-content\/uploads\/2022\/09\/307675082_535386341921442_8705848027179219832_n-400x267.jpg 400w, https:\/\/katolicka-gimnazija.hr\/wp-content\/uploads\/2022\/09\/307675082_535386341921442_8705848027179219832_n.jpg 1800w\" sizes=\"auto, (max-width: 300px) 100vw, 300px\" \/><\/a>\n\t\t\t<\/div><\/figure><figure class='gallery-item'>\n\t\t\t<div class='gallery-icon portrait'>\n\t\t\t\t<a href='https:\/\/katolicka-gimnazija.hr\/wp-content\/uploads\/2022\/09\/308186074_535384858588257_4834007541138440156_n.jpg'><img loading=\"lazy\" decoding=\"async\" width=\"200\" height=\"300\" src=\"https:\/\/katolicka-gimnazija.hr\/wp-content\/uploads\/2022\/09\/308186074_535384858588257_4834007541138440156_n-200x300.jpg\" class=\"attachment-medium size-medium\" alt=\"\" srcset=\"https:\/\/katolicka-gimnazija.hr\/wp-content\/uploads\/2022\/09\/308186074_535384858588257_4834007541138440156_n-200x300.jpg 200w, https:\/\/katolicka-gimnazija.hr\/wp-content\/uploads\/2022\/09\/308186074_535384858588257_4834007541138440156_n-683x1024.jpg 683w, https:\/\/katolicka-gimnazija.hr\/wp-content\/uploads\/2022\/09\/308186074_535384858588257_4834007541138440156_n-768x1152.jpg 768w, https:\/\/katolicka-gimnazija.hr\/wp-content\/uploads\/2022\/09\/308186074_535384858588257_4834007541138440156_n-1024x1536.jpg 1024w, https:\/\/katolicka-gimnazija.hr\/wp-content\/uploads\/2022\/09\/308186074_535384858588257_4834007541138440156_n.jpg 1200w\" sizes=\"auto, (max-width: 200px) 100vw, 200px\" \/><\/a>\n\t\t\t<\/div><\/figure><figure class='gallery-item'>\n\t\t\t<div class='gallery-icon landscape'>\n\t\t\t\t<a href='https:\/\/katolicka-gimnazija.hr\/wp-content\/uploads\/2022\/09\/307538403_535384888588254_5799868272496951413_n.jpg'><img loading=\"lazy\" decoding=\"async\" width=\"300\" height=\"200\" src=\"https:\/\/katolicka-gimnazija.hr\/wp-content\/uploads\/2022\/09\/307538403_535384888588254_5799868272496951413_n-300x200.jpg\" class=\"attachment-medium size-medium\" alt=\"\" srcset=\"https:\/\/katolicka-gimnazija.hr\/wp-content\/uploads\/2022\/09\/307538403_535384888588254_5799868272496951413_n-300x200.jpg 300w, https:\/\/katolicka-gimnazija.hr\/wp-content\/uploads\/2022\/09\/307538403_535384888588254_5799868272496951413_n-1024x683.jpg 1024w, https:\/\/katolicka-gimnazija.hr\/wp-content\/uploads\/2022\/09\/307538403_535384888588254_5799868272496951413_n-768x512.jpg 768w, https:\/\/katolicka-gimnazija.hr\/wp-content\/uploads\/2022\/09\/307538403_535384888588254_5799868272496951413_n-1536x1024.jpg 1536w, https:\/\/katolicka-gimnazija.hr\/wp-content\/uploads\/2022\/09\/307538403_535384888588254_5799868272496951413_n-400x267.jpg 400w, https:\/\/katolicka-gimnazija.hr\/wp-content\/uploads\/2022\/09\/307538403_535384888588254_5799868272496951413_n.jpg 1800w\" sizes=\"auto, (max-width: 300px) 100vw, 300px\" \/><\/a>\n\t\t\t<\/div><\/figure><figure class='gallery-item'>\n\t\t\t<div class='gallery-icon landscape'>\n\t\t\t\t<a href='https:\/\/katolicka-gimnazija.hr\/wp-content\/uploads\/2022\/09\/307214436_535386405254769_7761614305834250542_n.jpg'><img loading=\"lazy\" decoding=\"async\" width=\"300\" height=\"200\" src=\"https:\/\/katolicka-gimnazija.hr\/wp-content\/uploads\/2022\/09\/307214436_535386405254769_7761614305834250542_n-300x200.jpg\" class=\"attachment-medium size-medium\" alt=\"\" srcset=\"https:\/\/katolicka-gimnazija.hr\/wp-content\/uploads\/2022\/09\/307214436_535386405254769_7761614305834250542_n-300x200.jpg 300w, https:\/\/katolicka-gimnazija.hr\/wp-content\/uploads\/2022\/09\/307214436_535386405254769_7761614305834250542_n-1024x683.jpg 1024w, https:\/\/katolicka-gimnazija.hr\/wp-content\/uploads\/2022\/09\/307214436_535386405254769_7761614305834250542_n-768x512.jpg 768w, https:\/\/katolicka-gimnazija.hr\/wp-content\/uploads\/2022\/09\/307214436_535386405254769_7761614305834250542_n-1536x1024.jpg 1536w, https:\/\/katolicka-gimnazija.hr\/wp-content\/uploads\/2022\/09\/307214436_535386405254769_7761614305834250542_n-400x267.jpg 400w, https:\/\/katolicka-gimnazija.hr\/wp-content\/uploads\/2022\/09\/307214436_535386405254769_7761614305834250542_n.jpg 1800w\" sizes=\"auto, (max-width: 300px) 100vw, 300px\" \/><\/a>\n\t\t\t<\/div><\/figure><figure class='gallery-item'>\n\t\t\t<div class='gallery-icon landscape'>\n\t\t\t\t<a href='https:\/\/katolicka-gimnazija.hr\/wp-content\/uploads\/2022\/09\/308415496_535385268588216_877508993448107501_n.jpg'><img loading=\"lazy\" decoding=\"async\" width=\"300\" height=\"200\" src=\"https:\/\/katolicka-gimnazija.hr\/wp-content\/uploads\/2022\/09\/308415496_535385268588216_877508993448107501_n-300x200.jpg\" class=\"attachment-medium size-medium\" alt=\"\" srcset=\"https:\/\/katolicka-gimnazija.hr\/wp-content\/uploads\/2022\/09\/308415496_535385268588216_877508993448107501_n-300x200.jpg 300w, https:\/\/katolicka-gimnazija.hr\/wp-content\/uploads\/2022\/09\/308415496_535385268588216_877508993448107501_n-1024x683.jpg 1024w, https:\/\/katolicka-gimnazija.hr\/wp-content\/uploads\/2022\/09\/308415496_535385268588216_877508993448107501_n-768x512.jpg 768w, https:\/\/katolicka-gimnazija.hr\/wp-content\/uploads\/2022\/09\/308415496_535385268588216_877508993448107501_n-1536x1024.jpg 1536w, https:\/\/katolicka-gimnazija.hr\/wp-content\/uploads\/2022\/09\/308415496_535385268588216_877508993448107501_n-400x267.jpg 400w, https:\/\/katolicka-gimnazija.hr\/wp-content\/uploads\/2022\/09\/308415496_535385268588216_877508993448107501_n.jpg 1800w\" sizes=\"auto, (max-width: 300px) 100vw, 300px\" \/><\/a>\n\t\t\t<\/div><\/figure><figure class='gallery-item'>\n\t\t\t<div class='gallery-icon landscape'>\n\t\t\t\t<a href='https:\/\/katolicka-gimnazija.hr\/wp-content\/uploads\/2022\/09\/307343328_535387045254705_4283811645842358295_n.jpg'><img loading=\"lazy\" decoding=\"async\" width=\"300\" height=\"200\" src=\"https:\/\/katolicka-gimnazija.hr\/wp-content\/uploads\/2022\/09\/307343328_535387045254705_4283811645842358295_n-300x200.jpg\" class=\"attachment-medium size-medium\" alt=\"\" srcset=\"https:\/\/katolicka-gimnazija.hr\/wp-content\/uploads\/2022\/09\/307343328_535387045254705_4283811645842358295_n-300x200.jpg 300w, https:\/\/katolicka-gimnazija.hr\/wp-content\/uploads\/2022\/09\/307343328_535387045254705_4283811645842358295_n-1024x683.jpg 1024w, https:\/\/katolicka-gimnazija.hr\/wp-content\/uploads\/2022\/09\/307343328_535387045254705_4283811645842358295_n-768x512.jpg 768w, https:\/\/katolicka-gimnazija.hr\/wp-content\/uploads\/2022\/09\/307343328_535387045254705_4283811645842358295_n-1536x1024.jpg 1536w, https:\/\/katolicka-gimnazija.hr\/wp-content\/uploads\/2022\/09\/307343328_535387045254705_4283811645842358295_n-400x267.jpg 400w, https:\/\/katolicka-gimnazija.hr\/wp-content\/uploads\/2022\/09\/307343328_535387045254705_4283811645842358295_n.jpg 1800w\" sizes=\"auto, (max-width: 300px) 100vw, 300px\" \/><\/a>\n\t\t\t<\/div><\/figure><figure class='gallery-item'>\n\t\t\t<div class='gallery-icon landscape'>\n\t\t\t\t<a href='https:\/\/katolicka-gimnazija.hr\/wp-content\/uploads\/2022\/09\/307101133_535385195254890_434857499024090413_n.jpg'><img loading=\"lazy\" decoding=\"async\" width=\"300\" height=\"200\" src=\"https:\/\/katolicka-gimnazija.hr\/wp-content\/uploads\/2022\/09\/307101133_535385195254890_434857499024090413_n-300x200.jpg\" class=\"attachment-medium size-medium\" alt=\"\" srcset=\"https:\/\/katolicka-gimnazija.hr\/wp-content\/uploads\/2022\/09\/307101133_535385195254890_434857499024090413_n-300x200.jpg 300w, https:\/\/katolicka-gimnazija.hr\/wp-content\/uploads\/2022\/09\/307101133_535385195254890_434857499024090413_n-1024x683.jpg 1024w, https:\/\/katolicka-gimnazija.hr\/wp-content\/uploads\/2022\/09\/307101133_535385195254890_434857499024090413_n-768x512.jpg 768w, https:\/\/katolicka-gimnazija.hr\/wp-content\/uploads\/2022\/09\/307101133_535385195254890_434857499024090413_n-1536x1024.jpg 1536w, https:\/\/katolicka-gimnazija.hr\/wp-content\/uploads\/2022\/09\/307101133_535385195254890_434857499024090413_n-400x267.jpg 400w, https:\/\/katolicka-gimnazija.hr\/wp-content\/uploads\/2022\/09\/307101133_535385195254890_434857499024090413_n.jpg 1800w\" sizes=\"auto, (max-width: 300px) 100vw, 300px\" \/><\/a>\n\t\t\t<\/div><\/figure><figure class='gallery-item'>\n\t\t\t<div class='gallery-icon landscape'>\n\t\t\t\t<a href='https:\/\/katolicka-gimnazija.hr\/wp-content\/uploads\/2022\/09\/307921329_535384601921616_800981406547474802_n.jpg'><img loading=\"lazy\" decoding=\"async\" width=\"300\" height=\"200\" src=\"https:\/\/katolicka-gimnazija.hr\/wp-content\/uploads\/2022\/09\/307921329_535384601921616_800981406547474802_n-300x200.jpg\" class=\"attachment-medium size-medium\" alt=\"\" srcset=\"https:\/\/katolicka-gimnazija.hr\/wp-content\/uploads\/2022\/09\/307921329_535384601921616_800981406547474802_n-300x200.jpg 300w, https:\/\/katolicka-gimnazija.hr\/wp-content\/uploads\/2022\/09\/307921329_535384601921616_800981406547474802_n-1024x683.jpg 1024w, https:\/\/katolicka-gimnazija.hr\/wp-content\/uploads\/2022\/09\/307921329_535384601921616_800981406547474802_n-768x512.jpg 768w, https:\/\/katolicka-gimnazija.hr\/wp-content\/uploads\/2022\/09\/307921329_535384601921616_800981406547474802_n-1536x1024.jpg 1536w, https:\/\/katolicka-gimnazija.hr\/wp-content\/uploads\/2022\/09\/307921329_535384601921616_800981406547474802_n-400x267.jpg 400w, https:\/\/katolicka-gimnazija.hr\/wp-content\/uploads\/2022\/09\/307921329_535384601921616_800981406547474802_n.jpg 1800w\" sizes=\"auto, (max-width: 300px) 100vw, 300px\" \/><\/a>\n\t\t\t<\/div><\/figure><figure class='gallery-item'>\n\t\t\t<div class='gallery-icon landscape'>\n\t\t\t\t<a href='https:\/\/katolicka-gimnazija.hr\/wp-content\/uploads\/2022\/09\/307713107_535385205254889_3333092585417895441_n.jpg'><img loading=\"lazy\" decoding=\"async\" width=\"300\" height=\"200\" src=\"https:\/\/katolicka-gimnazija.hr\/wp-content\/uploads\/2022\/09\/307713107_535385205254889_3333092585417895441_n-300x200.jpg\" class=\"attachment-medium size-medium\" alt=\"\" srcset=\"https:\/\/katolicka-gimnazija.hr\/wp-content\/uploads\/2022\/09\/307713107_535385205254889_3333092585417895441_n-300x200.jpg 300w, https:\/\/katolicka-gimnazija.hr\/wp-content\/uploads\/2022\/09\/307713107_535385205254889_3333092585417895441_n-1024x683.jpg 1024w, https:\/\/katolicka-gimnazija.hr\/wp-content\/uploads\/2022\/09\/307713107_535385205254889_3333092585417895441_n-768x512.jpg 768w, https:\/\/katolicka-gimnazija.hr\/wp-content\/uploads\/2022\/09\/307713107_535385205254889_3333092585417895441_n-1536x1024.jpg 1536w, https:\/\/katolicka-gimnazija.hr\/wp-content\/uploads\/2022\/09\/307713107_535385205254889_3333092585417895441_n-400x267.jpg 400w, https:\/\/katolicka-gimnazija.hr\/wp-content\/uploads\/2022\/09\/307713107_535385205254889_3333092585417895441_n.jpg 1800w\" sizes=\"auto, (max-width: 300px) 100vw, 300px\" \/><\/a>\n\t\t\t<\/div><\/figure><figure class='gallery-item'>\n\t\t\t<div class='gallery-icon landscape'>\n\t\t\t\t<a href='https:\/\/katolicka-gimnazija.hr\/wp-content\/uploads\/2022\/09\/306995024_535385495254860_784996017580632391_n.jpg'><img loading=\"lazy\" decoding=\"async\" width=\"300\" height=\"200\" src=\"https:\/\/katolicka-gimnazija.hr\/wp-content\/uploads\/2022\/09\/306995024_535385495254860_784996017580632391_n-300x200.jpg\" class=\"attachment-medium size-medium\" alt=\"\" srcset=\"https:\/\/katolicka-gimnazija.hr\/wp-content\/uploads\/2022\/09\/306995024_535385495254860_784996017580632391_n-300x200.jpg 300w, https:\/\/katolicka-gimnazija.hr\/wp-content\/uploads\/2022\/09\/306995024_535385495254860_784996017580632391_n-1024x683.jpg 1024w, https:\/\/katolicka-gimnazija.hr\/wp-content\/uploads\/2022\/09\/306995024_535385495254860_784996017580632391_n-768x512.jpg 768w, https:\/\/katolicka-gimnazija.hr\/wp-content\/uploads\/2022\/09\/306995024_535385495254860_784996017580632391_n-1536x1024.jpg 1536w, https:\/\/katolicka-gimnazija.hr\/wp-content\/uploads\/2022\/09\/306995024_535385495254860_784996017580632391_n-400x267.jpg 400w, https:\/\/katolicka-gimnazija.hr\/wp-content\/uploads\/2022\/09\/306995024_535385495254860_784996017580632391_n.jpg 1800w\" sizes=\"auto, (max-width: 300px) 100vw, 300px\" \/><\/a>\n\t\t\t<\/div><\/figure><figure class='gallery-item'>\n\t\t\t<div class='gallery-icon landscape'>\n\t\t\t\t<a href='https:\/\/katolicka-gimnazija.hr\/wp-content\/uploads\/2022\/09\/307461368_535386685254741_4993638419803254329_n.jpg'><img loading=\"lazy\" decoding=\"async\" width=\"300\" height=\"200\" src=\"https:\/\/katolicka-gimnazija.hr\/wp-content\/uploads\/2022\/09\/307461368_535386685254741_4993638419803254329_n-300x200.jpg\" class=\"attachment-medium size-medium\" alt=\"\" srcset=\"https:\/\/katolicka-gimnazija.hr\/wp-content\/uploads\/2022\/09\/307461368_535386685254741_4993638419803254329_n-300x200.jpg 300w, https:\/\/katolicka-gimnazija.hr\/wp-content\/uploads\/2022\/09\/307461368_535386685254741_4993638419803254329_n-1024x683.jpg 1024w, https:\/\/katolicka-gimnazija.hr\/wp-content\/uploads\/2022\/09\/307461368_535386685254741_4993638419803254329_n-768x512.jpg 768w, https:\/\/katolicka-gimnazija.hr\/wp-content\/uploads\/2022\/09\/307461368_535386685254741_4993638419803254329_n-1536x1024.jpg 1536w, https:\/\/katolicka-gimnazija.hr\/wp-content\/uploads\/2022\/09\/307461368_535386685254741_4993638419803254329_n-400x267.jpg 400w, https:\/\/katolicka-gimnazija.hr\/wp-content\/uploads\/2022\/09\/307461368_535386685254741_4993638419803254329_n.jpg 1800w\" sizes=\"auto, (max-width: 300px) 100vw, 300px\" \/><\/a>\n\t\t\t<\/div><\/figure><figure class='gallery-item'>\n\t\t\t<div class='gallery-icon landscape'>\n\t\t\t\t<a href='https:\/\/katolicka-gimnazija.hr\/wp-content\/uploads\/2022\/09\/307638511_535386971921379_8189204007338235509_n.jpg'><img loading=\"lazy\" decoding=\"async\" width=\"300\" height=\"200\" src=\"https:\/\/katolicka-gimnazija.hr\/wp-content\/uploads\/2022\/09\/307638511_535386971921379_8189204007338235509_n-300x200.jpg\" class=\"attachment-medium size-medium\" alt=\"\" srcset=\"https:\/\/katolicka-gimnazija.hr\/wp-content\/uploads\/2022\/09\/307638511_535386971921379_8189204007338235509_n-300x200.jpg 300w, https:\/\/katolicka-gimnazija.hr\/wp-content\/uploads\/2022\/09\/307638511_535386971921379_8189204007338235509_n-1024x683.jpg 1024w, https:\/\/katolicka-gimnazija.hr\/wp-content\/uploads\/2022\/09\/307638511_535386971921379_8189204007338235509_n-768x512.jpg 768w, https:\/\/katolicka-gimnazija.hr\/wp-content\/uploads\/2022\/09\/307638511_535386971921379_8189204007338235509_n-1536x1024.jpg 1536w, https:\/\/katolicka-gimnazija.hr\/wp-content\/uploads\/2022\/09\/307638511_535386971921379_8189204007338235509_n-400x267.jpg 400w, https:\/\/katolicka-gimnazija.hr\/wp-content\/uploads\/2022\/09\/307638511_535386971921379_8189204007338235509_n.jpg 1800w\" sizes=\"auto, (max-width: 300px) 100vw, 300px\" \/><\/a>\n\t\t\t<\/div><\/figure><figure class='gallery-item'>\n\t\t\t<div class='gallery-icon landscape'>\n\t\t\t\t<a href='https:\/\/katolicka-gimnazija.hr\/wp-content\/uploads\/2022\/09\/301761967_535384631921613_5949927322252633224_n.jpg'><img loading=\"lazy\" decoding=\"async\" width=\"300\" height=\"200\" src=\"https:\/\/katolicka-gimnazija.hr\/wp-content\/uploads\/2022\/09\/301761967_535384631921613_5949927322252633224_n-300x200.jpg\" class=\"attachment-medium size-medium\" alt=\"\" srcset=\"https:\/\/katolicka-gimnazija.hr\/wp-content\/uploads\/2022\/09\/301761967_535384631921613_5949927322252633224_n-300x200.jpg 300w, https:\/\/katolicka-gimnazija.hr\/wp-content\/uploads\/2022\/09\/301761967_535384631921613_5949927322252633224_n-1024x683.jpg 1024w, https:\/\/katolicka-gimnazija.hr\/wp-content\/uploads\/2022\/09\/301761967_535384631921613_5949927322252633224_n-768x512.jpg 768w, https:\/\/katolicka-gimnazija.hr\/wp-content\/uploads\/2022\/09\/301761967_535384631921613_5949927322252633224_n-1536x1024.jpg 1536w, https:\/\/katolicka-gimnazija.hr\/wp-content\/uploads\/2022\/09\/301761967_535384631921613_5949927322252633224_n-400x267.jpg 400w, https:\/\/katolicka-gimnazija.hr\/wp-content\/uploads\/2022\/09\/301761967_535384631921613_5949927322252633224_n.jpg 1800w\" sizes=\"auto, (max-width: 300px) 100vw, 300px\" \/><\/a>\n\t\t\t<\/div><\/figure><figure class='gallery-item'>\n\t\t\t<div class='gallery-icon landscape'>\n\t\t\t\t<a href='https:\/\/katolicka-gimnazija.hr\/wp-content\/uploads\/2022\/09\/307505971_535386731921403_871123239855412359_n.jpg'><img loading=\"lazy\" decoding=\"async\" width=\"300\" height=\"200\" src=\"https:\/\/katolicka-gimnazija.hr\/wp-content\/uploads\/2022\/09\/307505971_535386731921403_871123239855412359_n-300x200.jpg\" class=\"attachment-medium size-medium\" alt=\"\" srcset=\"https:\/\/katolicka-gimnazija.hr\/wp-content\/uploads\/2022\/09\/307505971_535386731921403_871123239855412359_n-300x200.jpg 300w, https:\/\/katolicka-gimnazija.hr\/wp-content\/uploads\/2022\/09\/307505971_535386731921403_871123239855412359_n-1024x683.jpg 1024w, https:\/\/katolicka-gimnazija.hr\/wp-content\/uploads\/2022\/09\/307505971_535386731921403_871123239855412359_n-768x512.jpg 768w, https:\/\/katolicka-gimnazija.hr\/wp-content\/uploads\/2022\/09\/307505971_535386731921403_871123239855412359_n-1536x1024.jpg 1536w, https:\/\/katolicka-gimnazija.hr\/wp-content\/uploads\/2022\/09\/307505971_535386731921403_871123239855412359_n-400x267.jpg 400w, https:\/\/katolicka-gimnazija.hr\/wp-content\/uploads\/2022\/09\/307505971_535386731921403_871123239855412359_n.jpg 1800w\" sizes=\"auto, (max-width: 300px) 100vw, 300px\" \/><\/a>\n\t\t\t<\/div><\/figure><figure class='gallery-item'>\n\t\t\t<div class='gallery-icon landscape'>\n\t\t\t\t<a href='https:\/\/katolicka-gimnazija.hr\/wp-content\/uploads\/2022\/09\/307314052_535385995254810_6727663641677819238_n.jpg'><img loading=\"lazy\" decoding=\"async\" width=\"300\" height=\"200\" src=\"https:\/\/katolicka-gimnazija.hr\/wp-content\/uploads\/2022\/09\/307314052_535385995254810_6727663641677819238_n-300x200.jpg\" class=\"attachment-medium size-medium\" alt=\"\" srcset=\"https:\/\/katolicka-gimnazija.hr\/wp-content\/uploads\/2022\/09\/307314052_535385995254810_6727663641677819238_n-300x200.jpg 300w, https:\/\/katolicka-gimnazija.hr\/wp-content\/uploads\/2022\/09\/307314052_535385995254810_6727663641677819238_n-1024x683.jpg 1024w, https:\/\/katolicka-gimnazija.hr\/wp-content\/uploads\/2022\/09\/307314052_535385995254810_6727663641677819238_n-768x512.jpg 768w, https:\/\/katolicka-gimnazija.hr\/wp-content\/uploads\/2022\/09\/307314052_535385995254810_6727663641677819238_n-1536x1024.jpg 1536w, https:\/\/katolicka-gimnazija.hr\/wp-content\/uploads\/2022\/09\/307314052_535385995254810_6727663641677819238_n-400x267.jpg 400w, https:\/\/katolicka-gimnazija.hr\/wp-content\/uploads\/2022\/09\/307314052_535385995254810_6727663641677819238_n.jpg 1800w\" sizes=\"auto, (max-width: 300px) 100vw, 300px\" \/><\/a>\n\t\t\t<\/div><\/figure><figure class='gallery-item'>\n\t\t\t<div class='gallery-icon landscape'>\n\t\t\t\t<a href='https:\/\/katolicka-gimnazija.hr\/wp-content\/uploads\/2022\/09\/308182098_535386041921472_8186409854294110487_n.jpg'><img loading=\"lazy\" decoding=\"async\" width=\"300\" height=\"200\" src=\"https:\/\/katolicka-gimnazija.hr\/wp-content\/uploads\/2022\/09\/308182098_535386041921472_8186409854294110487_n-300x200.jpg\" class=\"attachment-medium size-medium\" alt=\"\" srcset=\"https:\/\/katolicka-gimnazija.hr\/wp-content\/uploads\/2022\/09\/308182098_535386041921472_8186409854294110487_n-300x200.jpg 300w, https:\/\/katolicka-gimnazija.hr\/wp-content\/uploads\/2022\/09\/308182098_535386041921472_8186409854294110487_n-1024x683.jpg 1024w, https:\/\/katolicka-gimnazija.hr\/wp-content\/uploads\/2022\/09\/308182098_535386041921472_8186409854294110487_n-768x512.jpg 768w, https:\/\/katolicka-gimnazija.hr\/wp-content\/uploads\/2022\/09\/308182098_535386041921472_8186409854294110487_n-1536x1024.jpg 1536w, https:\/\/katolicka-gimnazija.hr\/wp-content\/uploads\/2022\/09\/308182098_535386041921472_8186409854294110487_n-400x267.jpg 400w, https:\/\/katolicka-gimnazija.hr\/wp-content\/uploads\/2022\/09\/308182098_535386041921472_8186409854294110487_n.jpg 1800w\" sizes=\"auto, (max-width: 300px) 100vw, 300px\" \/><\/a>\n\t\t\t<\/div><\/figure><figure class='gallery-item'>\n\t\t\t<div class='gallery-icon landscape'>\n\t\t\t\t<a href='https:\/\/katolicka-gimnazija.hr\/wp-content\/uploads\/2022\/09\/307331227_535384905254919_8543576602842511334_n.jpg'><img loading=\"lazy\" decoding=\"async\" width=\"300\" height=\"200\" src=\"https:\/\/katolicka-gimnazija.hr\/wp-content\/uploads\/2022\/09\/307331227_535384905254919_8543576602842511334_n-300x200.jpg\" class=\"attachment-medium size-medium\" alt=\"\" srcset=\"https:\/\/katolicka-gimnazija.hr\/wp-content\/uploads\/2022\/09\/307331227_535384905254919_8543576602842511334_n-300x200.jpg 300w, https:\/\/katolicka-gimnazija.hr\/wp-content\/uploads\/2022\/09\/307331227_535384905254919_8543576602842511334_n-1024x683.jpg 1024w, https:\/\/katolicka-gimnazija.hr\/wp-content\/uploads\/2022\/09\/307331227_535384905254919_8543576602842511334_n-768x512.jpg 768w, https:\/\/katolicka-gimnazija.hr\/wp-content\/uploads\/2022\/09\/307331227_535384905254919_8543576602842511334_n-1536x1024.jpg 1536w, https:\/\/katolicka-gimnazija.hr\/wp-content\/uploads\/2022\/09\/307331227_535384905254919_8543576602842511334_n-400x267.jpg 400w, https:\/\/katolicka-gimnazija.hr\/wp-content\/uploads\/2022\/09\/307331227_535384905254919_8543576602842511334_n.jpg 1800w\" sizes=\"auto, (max-width: 300px) 100vw, 300px\" \/><\/a>\n\t\t\t<\/div><\/figure><figure class='gallery-item'>\n\t\t\t<div class='gallery-icon landscape'>\n\t\t\t\t<a href='https:\/\/katolicka-gimnazija.hr\/wp-content\/uploads\/2022\/09\/307485378_535385461921530_219388794570927084_n.jpg'><img loading=\"lazy\" decoding=\"async\" width=\"300\" height=\"200\" src=\"https:\/\/katolicka-gimnazija.hr\/wp-content\/uploads\/2022\/09\/307485378_535385461921530_219388794570927084_n-300x200.jpg\" class=\"attachment-medium size-medium\" alt=\"\" srcset=\"https:\/\/katolicka-gimnazija.hr\/wp-content\/uploads\/2022\/09\/307485378_535385461921530_219388794570927084_n-300x200.jpg 300w, https:\/\/katolicka-gimnazija.hr\/wp-content\/uploads\/2022\/09\/307485378_535385461921530_219388794570927084_n-1024x683.jpg 1024w, https:\/\/katolicka-gimnazija.hr\/wp-content\/uploads\/2022\/09\/307485378_535385461921530_219388794570927084_n-768x512.jpg 768w, https:\/\/katolicka-gimnazija.hr\/wp-content\/uploads\/2022\/09\/307485378_535385461921530_219388794570927084_n-1536x1024.jpg 1536w, https:\/\/katolicka-gimnazija.hr\/wp-content\/uploads\/2022\/09\/307485378_535385461921530_219388794570927084_n-400x267.jpg 400w, https:\/\/katolicka-gimnazija.hr\/wp-content\/uploads\/2022\/09\/307485378_535385461921530_219388794570927084_n.jpg 1800w\" sizes=\"auto, (max-width: 300px) 100vw, 300px\" \/><\/a>\n\t\t\t<\/div><\/figure><figure class='gallery-item'>\n\t\t\t<div class='gallery-icon landscape'>\n\t\t\t\t<a href='https:\/\/katolicka-gimnazija.hr\/wp-content\/uploads\/2022\/09\/307464902_535386298588113_349481759418675294_n.jpg'><img loading=\"lazy\" decoding=\"async\" width=\"300\" height=\"200\" src=\"https:\/\/katolicka-gimnazija.hr\/wp-content\/uploads\/2022\/09\/307464902_535386298588113_349481759418675294_n-300x200.jpg\" class=\"attachment-medium size-medium\" alt=\"\" srcset=\"https:\/\/katolicka-gimnazija.hr\/wp-content\/uploads\/2022\/09\/307464902_535386298588113_349481759418675294_n-300x200.jpg 300w, https:\/\/katolicka-gimnazija.hr\/wp-content\/uploads\/2022\/09\/307464902_535386298588113_349481759418675294_n-1024x683.jpg 1024w, https:\/\/katolicka-gimnazija.hr\/wp-content\/uploads\/2022\/09\/307464902_535386298588113_349481759418675294_n-768x512.jpg 768w, https:\/\/katolicka-gimnazija.hr\/wp-content\/uploads\/2022\/09\/307464902_535386298588113_349481759418675294_n-1536x1024.jpg 1536w, https:\/\/katolicka-gimnazija.hr\/wp-content\/uploads\/2022\/09\/307464902_535386298588113_349481759418675294_n-400x267.jpg 400w, https:\/\/katolicka-gimnazija.hr\/wp-content\/uploads\/2022\/09\/307464902_535386298588113_349481759418675294_n.jpg 1800w\" sizes=\"auto, (max-width: 300px) 100vw, 300px\" \/><\/a>\n\t\t\t<\/div><\/figure><figure class='gallery-item'>\n\t\t\t<div class='gallery-icon landscape'>\n\t\t\t\t<a href='https:\/\/katolicka-gimnazija.hr\/wp-content\/uploads\/2022\/09\/307376675_535386141921462_7600695056021638352_n.jpg'><img loading=\"lazy\" decoding=\"async\" width=\"300\" height=\"200\" src=\"https:\/\/katolicka-gimnazija.hr\/wp-content\/uploads\/2022\/09\/307376675_535386141921462_7600695056021638352_n-300x200.jpg\" class=\"attachment-medium size-medium\" alt=\"\" srcset=\"https:\/\/katolicka-gimnazija.hr\/wp-content\/uploads\/2022\/09\/307376675_535386141921462_7600695056021638352_n-300x200.jpg 300w, https:\/\/katolicka-gimnazija.hr\/wp-content\/uploads\/2022\/09\/307376675_535386141921462_7600695056021638352_n-1024x683.jpg 1024w, https:\/\/katolicka-gimnazija.hr\/wp-content\/uploads\/2022\/09\/307376675_535386141921462_7600695056021638352_n-768x512.jpg 768w, https:\/\/katolicka-gimnazija.hr\/wp-content\/uploads\/2022\/09\/307376675_535386141921462_7600695056021638352_n-1536x1024.jpg 1536w, https:\/\/katolicka-gimnazija.hr\/wp-content\/uploads\/2022\/09\/307376675_535386141921462_7600695056021638352_n-400x267.jpg 400w, https:\/\/katolicka-gimnazija.hr\/wp-content\/uploads\/2022\/09\/307376675_535386141921462_7600695056021638352_n.jpg 1800w\" sizes=\"auto, (max-width: 300px) 100vw, 300px\" \/><\/a>\n\t\t\t<\/div><\/figure><figure class='gallery-item'>\n\t\t\t<div class='gallery-icon landscape'>\n\t\t\t\t<a href='https:\/\/katolicka-gimnazija.hr\/wp-content\/uploads\/2022\/09\/308002406_535385678588175_4783419477307571593_n.jpg'><img loading=\"lazy\" decoding=\"async\" width=\"300\" height=\"200\" src=\"https:\/\/katolicka-gimnazija.hr\/wp-content\/uploads\/2022\/09\/308002406_535385678588175_4783419477307571593_n-300x200.jpg\" class=\"attachment-medium size-medium\" alt=\"\" srcset=\"https:\/\/katolicka-gimnazija.hr\/wp-content\/uploads\/2022\/09\/308002406_535385678588175_4783419477307571593_n-300x200.jpg 300w, https:\/\/katolicka-gimnazija.hr\/wp-content\/uploads\/2022\/09\/308002406_535385678588175_4783419477307571593_n-1024x683.jpg 1024w, https:\/\/katolicka-gimnazija.hr\/wp-content\/uploads\/2022\/09\/308002406_535385678588175_4783419477307571593_n-768x512.jpg 768w, https:\/\/katolicka-gimnazija.hr\/wp-content\/uploads\/2022\/09\/308002406_535385678588175_4783419477307571593_n-1536x1024.jpg 1536w, https:\/\/katolicka-gimnazija.hr\/wp-content\/uploads\/2022\/09\/308002406_535385678588175_4783419477307571593_n-400x267.jpg 400w, https:\/\/katolicka-gimnazija.hr\/wp-content\/uploads\/2022\/09\/308002406_535385678588175_4783419477307571593_n.jpg 1800w\" sizes=\"auto, (max-width: 300px) 100vw, 300px\" \/><\/a>\n\t\t\t<\/div><\/figure><figure class='gallery-item'>\n\t\t\t<div class='gallery-icon landscape'>\n\t\t\t\t<a href='https:\/\/katolicka-gimnazija.hr\/wp-content\/uploads\/2022\/09\/307266129_535385308588212_2355108468480226304_n.jpg'><img loading=\"lazy\" decoding=\"async\" width=\"300\" height=\"200\" src=\"https:\/\/katolicka-gimnazija.hr\/wp-content\/uploads\/2022\/09\/307266129_535385308588212_2355108468480226304_n-300x200.jpg\" class=\"attachment-medium size-medium\" alt=\"\" srcset=\"https:\/\/katolicka-gimnazija.hr\/wp-content\/uploads\/2022\/09\/307266129_535385308588212_2355108468480226304_n-300x200.jpg 300w, https:\/\/katolicka-gimnazija.hr\/wp-content\/uploads\/2022\/09\/307266129_535385308588212_2355108468480226304_n-1024x683.jpg 1024w, https:\/\/katolicka-gimnazija.hr\/wp-content\/uploads\/2022\/09\/307266129_535385308588212_2355108468480226304_n-768x512.jpg 768w, https:\/\/katolicka-gimnazija.hr\/wp-content\/uploads\/2022\/09\/307266129_535385308588212_2355108468480226304_n-1536x1024.jpg 1536w, https:\/\/katolicka-gimnazija.hr\/wp-content\/uploads\/2022\/09\/307266129_535385308588212_2355108468480226304_n-400x267.jpg 400w, https:\/\/katolicka-gimnazija.hr\/wp-content\/uploads\/2022\/09\/307266129_535385308588212_2355108468480226304_n.jpg 1800w\" sizes=\"auto, (max-width: 300px) 100vw, 300px\" \/><\/a>\n\t\t\t<\/div><\/figure><figure class='gallery-item'>\n\t\t\t<div class='gallery-icon portrait'>\n\t\t\t\t<a href='https:\/\/katolicka-gimnazija.hr\/wp-content\/uploads\/2022\/09\/307711385_535385821921494_4803863425722315001_n.jpg'><img loading=\"lazy\" decoding=\"async\" width=\"201\" height=\"300\" src=\"https:\/\/katolicka-gimnazija.hr\/wp-content\/uploads\/2022\/09\/307711385_535385821921494_4803863425722315001_n-201x300.jpg\" class=\"attachment-medium size-medium\" alt=\"\" srcset=\"https:\/\/katolicka-gimnazija.hr\/wp-content\/uploads\/2022\/09\/307711385_535385821921494_4803863425722315001_n-201x300.jpg 201w, https:\/\/katolicka-gimnazija.hr\/wp-content\/uploads\/2022\/09\/307711385_535385821921494_4803863425722315001_n-686x1024.jpg 686w, https:\/\/katolicka-gimnazija.hr\/wp-content\/uploads\/2022\/09\/307711385_535385821921494_4803863425722315001_n-768x1147.jpg 768w, https:\/\/katolicka-gimnazija.hr\/wp-content\/uploads\/2022\/09\/307711385_535385821921494_4803863425722315001_n-1029x1536.jpg 1029w, https:\/\/katolicka-gimnazija.hr\/wp-content\/uploads\/2022\/09\/307711385_535385821921494_4803863425722315001_n.jpg 1200w\" sizes=\"auto, (max-width: 201px) 100vw, 201px\" \/><\/a>\n\t\t\t<\/div><\/figure><figure class='gallery-item'>\n\t\t\t<div class='gallery-icon landscape'>\n\t\t\t\t<a href='https:\/\/katolicka-gimnazija.hr\/wp-content\/uploads\/2022\/09\/307514625_535385118588231_529128616816566395_n.jpg'><img loading=\"lazy\" decoding=\"async\" width=\"300\" height=\"200\" src=\"https:\/\/katolicka-gimnazija.hr\/wp-content\/uploads\/2022\/09\/307514625_535385118588231_529128616816566395_n-300x200.jpg\" class=\"attachment-medium size-medium\" alt=\"\" srcset=\"https:\/\/katolicka-gimnazija.hr\/wp-content\/uploads\/2022\/09\/307514625_535385118588231_529128616816566395_n-300x200.jpg 300w, https:\/\/katolicka-gimnazija.hr\/wp-content\/uploads\/2022\/09\/307514625_535385118588231_529128616816566395_n-1024x683.jpg 1024w, https:\/\/katolicka-gimnazija.hr\/wp-content\/uploads\/2022\/09\/307514625_535385118588231_529128616816566395_n-768x512.jpg 768w, https:\/\/katolicka-gimnazija.hr\/wp-content\/uploads\/2022\/09\/307514625_535385118588231_529128616816566395_n-1536x1024.jpg 1536w, https:\/\/katolicka-gimnazija.hr\/wp-content\/uploads\/2022\/09\/307514625_535385118588231_529128616816566395_n-400x267.jpg 400w, https:\/\/katolicka-gimnazija.hr\/wp-content\/uploads\/2022\/09\/307514625_535385118588231_529128616816566395_n.jpg 1800w\" sizes=\"auto, (max-width: 300px) 100vw, 300px\" \/><\/a>\n\t\t\t<\/div><\/figure><figure class='gallery-item'>\n\t\t\t<div class='gallery-icon landscape'>\n\t\t\t\t<a href='https:\/\/katolicka-gimnazija.hr\/wp-content\/uploads\/2022\/09\/307440980_535386588588084_8155028504364887272_n.jpg'><img loading=\"lazy\" decoding=\"async\" width=\"300\" height=\"200\" src=\"https:\/\/katolicka-gimnazija.hr\/wp-content\/uploads\/2022\/09\/307440980_535386588588084_8155028504364887272_n-300x200.jpg\" class=\"attachment-medium size-medium\" alt=\"\" srcset=\"https:\/\/katolicka-gimnazija.hr\/wp-content\/uploads\/2022\/09\/307440980_535386588588084_8155028504364887272_n-300x200.jpg 300w, https:\/\/katolicka-gimnazija.hr\/wp-content\/uploads\/2022\/09\/307440980_535386588588084_8155028504364887272_n-1024x683.jpg 1024w, https:\/\/katolicka-gimnazija.hr\/wp-content\/uploads\/2022\/09\/307440980_535386588588084_8155028504364887272_n-768x512.jpg 768w, https:\/\/katolicka-gimnazija.hr\/wp-content\/uploads\/2022\/09\/307440980_535386588588084_8155028504364887272_n-1536x1024.jpg 1536w, https:\/\/katolicka-gimnazija.hr\/wp-content\/uploads\/2022\/09\/307440980_535386588588084_8155028504364887272_n-400x267.jpg 400w, https:\/\/katolicka-gimnazija.hr\/wp-content\/uploads\/2022\/09\/307440980_535386588588084_8155028504364887272_n.jpg 1800w\" sizes=\"auto, (max-width: 300px) 100vw, 300px\" \/><\/a>\n\t\t\t<\/div><\/figure><figure class='gallery-item'>\n\t\t\t<div class='gallery-icon landscape'>\n\t\t\t\t<a href='https:\/\/katolicka-gimnazija.hr\/wp-content\/uploads\/2022\/09\/307371805_535385561921520_977861578724738729_n.jpg'><img loading=\"lazy\" decoding=\"async\" width=\"300\" height=\"200\" src=\"https:\/\/katolicka-gimnazija.hr\/wp-content\/uploads\/2022\/09\/307371805_535385561921520_977861578724738729_n-300x200.jpg\" class=\"attachment-medium size-medium\" alt=\"\" srcset=\"https:\/\/katolicka-gimnazija.hr\/wp-content\/uploads\/2022\/09\/307371805_535385561921520_977861578724738729_n-300x200.jpg 300w, https:\/\/katolicka-gimnazija.hr\/wp-content\/uploads\/2022\/09\/307371805_535385561921520_977861578724738729_n-1024x683.jpg 1024w, https:\/\/katolicka-gimnazija.hr\/wp-content\/uploads\/2022\/09\/307371805_535385561921520_977861578724738729_n-768x512.jpg 768w, https:\/\/katolicka-gimnazija.hr\/wp-content\/uploads\/2022\/09\/307371805_535385561921520_977861578724738729_n-1536x1024.jpg 1536w, https:\/\/katolicka-gimnazija.hr\/wp-content\/uploads\/2022\/09\/307371805_535385561921520_977861578724738729_n-400x267.jpg 400w, https:\/\/katolicka-gimnazija.hr\/wp-content\/uploads\/2022\/09\/307371805_535385561921520_977861578724738729_n.jpg 1800w\" sizes=\"auto, (max-width: 300px) 100vw, 300px\" \/><\/a>\n\t\t\t<\/div><\/figure><figure class='gallery-item'>\n\t\t\t<div class='gallery-icon landscape'>\n\t\t\t\t<a href='https:\/\/katolicka-gimnazija.hr\/wp-content\/uploads\/2022\/09\/307947010_535384498588293_5773086944402629048_n.jpg'><img loading=\"lazy\" decoding=\"async\" width=\"300\" height=\"200\" src=\"https:\/\/katolicka-gimnazija.hr\/wp-content\/uploads\/2022\/09\/307947010_535384498588293_5773086944402629048_n-300x200.jpg\" class=\"attachment-medium size-medium\" alt=\"\" srcset=\"https:\/\/katolicka-gimnazija.hr\/wp-content\/uploads\/2022\/09\/307947010_535384498588293_5773086944402629048_n-300x200.jpg 300w, https:\/\/katolicka-gimnazija.hr\/wp-content\/uploads\/2022\/09\/307947010_535384498588293_5773086944402629048_n-1024x683.jpg 1024w, https:\/\/katolicka-gimnazija.hr\/wp-content\/uploads\/2022\/09\/307947010_535384498588293_5773086944402629048_n-768x512.jpg 768w, https:\/\/katolicka-gimnazija.hr\/wp-content\/uploads\/2022\/09\/307947010_535384498588293_5773086944402629048_n-1536x1024.jpg 1536w, https:\/\/katolicka-gimnazija.hr\/wp-content\/uploads\/2022\/09\/307947010_535384498588293_5773086944402629048_n-400x267.jpg 400w, https:\/\/katolicka-gimnazija.hr\/wp-content\/uploads\/2022\/09\/307947010_535384498588293_5773086944402629048_n.jpg 1800w\" sizes=\"auto, (max-width: 300px) 100vw, 300px\" \/><\/a>\n\t\t\t<\/div><\/figure>\n\t\t<\/div>\n\n","protected":false},"excerpt":{"rendered":"<p>KAD SE MALE RUKE SLO\u017dE, NA GORU SE POPETI S LAKO\u0106OM MO\u017dE! S namjernom da se na\u0161a mala, ali posebna \u0161kolska zajednica tradicionalno upozna s novim \u010dlanovima izvannastavnih aktivnosti \u2013 TV sekcije i Novinarske dru\u017eine Nautes \u2013 te ideja da se provede prekrasan dan na obroncima Po\u017ee\u0161ke gore sinula je voditeljima prof. Paveli\u0107u i prof. [&hellip;]<\/p>\n","protected":false},"author":89,"featured_media":26488,"comment_status":"closed","ping_status":"closed","sticky":false,"template":"","format":"standard","meta":{"footnotes":""},"categories":[4,213,2],"tags":[],"class_list":["post-26463","post","type-post","status-publish","format-standard","has-post-thumbnail","hentry","category-fotogalerije","category-putovanja","category-vijesti"],"_links":{"self":[{"href":"https:\/\/katolicka-gimnazija.hr\/index.php\/wp-json\/wp\/v2\/posts\/26463","targetHints":{"allow":["GET"]}}],"collection":[{"href":"https:\/\/katolicka-gimnazija.hr\/index.php\/wp-json\/wp\/v2\/posts"}],"about":[{"href":"https:\/\/katolicka-gimnazija.hr\/index.php\/wp-json\/wp\/v2\/types\/post"}],"author":[{"embeddable":true,"href":"https:\/\/katolicka-gimnazija.hr\/index.php\/wp-json\/wp\/v2\/users\/89"}],"replies":[{"embeddable":true,"href":"https:\/\/katolicka-gimnazija.hr\/index.php\/wp-json\/wp\/v2\/comments?post=26463"}],"version-history":[{"count":1,"href":"https:\/\/katolicka-gimnazija.hr\/index.php\/wp-json\/wp\/v2\/posts\/26463\/revisions"}],"predecessor-version":[{"id":26492,"href":"https:\/\/katolicka-gimnazija.hr\/index.php\/wp-json\/wp\/v2\/posts\/26463\/revisions\/26492"}],"wp:featuredmedia":[{"embeddable":true,"href":"https:\/\/katolicka-gimnazija.hr\/index.php\/wp-json\/wp\/v2\/media\/26488"}],"wp:attachment":[{"href":"https:\/\/katolicka-gimnazija.hr\/index.php\/wp-json\/wp\/v2\/media?parent=26463"}],"wp:term":[{"taxonomy":"category","embeddable":true,"href":"https:\/\/katolicka-gimnazija.hr\/index.php\/wp-json\/wp\/v2\/categories?post=26463"},{"taxonomy":"post_tag","embeddable":true,"href":"https:\/\/katolicka-gimnazija.hr\/index.php\/wp-json\/wp\/v2\/tags?post=26463"}],"curies":[{"name":"wp","href":"https:\/\/api.w.org\/{rel}","templated":true}]}}