{"id":2648,"date":"2016-01-12T20:56:03","date_gmt":"2016-01-12T20:56:03","guid":{"rendered":"http:\/\/katolicka-gimnazija.hr\/?p=2648"},"modified":"2016-01-12T20:56:03","modified_gmt":"2016-01-12T20:56:03","slug":"prijave-za-svjetski-dan-mladih-u-krakowu","status":"publish","type":"post","link":"https:\/\/katolicka-gimnazija.hr\/index.php\/2016\/01\/12\/prijave-za-svjetski-dan-mladih-u-krakowu\/","title":{"rendered":"Prijave za Svjetski dan mladih u Krakowu"},"content":{"rendered":"<p style=\"text-align: center;\"><strong>SVJETSKI DAN\u00a0MLADIH U KRAKOWU<\/strong><br \/>\n<em><strong>\u201eBlago milosrdnima, oni \u0107e zadobiti milosr\u0111e\u201c (Mt 5,7)<\/strong><\/em><br \/>\n25. &#8211; 31. srpnja 2016.<\/p>\n<p>Dragi gimnazijalci, ovoga ljeta odr\u017eava se Svjetski susret mladih u poljskom Krakowu, udaljenom svega 800njak kilometara od na\u0161ega grada. Na susretu mogu sudjelovati svi od 15 do 30 godina (maloljetni uz potvrde roditelja).<\/p>\n<p><strong>Cijena sudjelovanja je 265 eura<\/strong> (odnosno oko 2.030 kn), a uklju\u010duje:<\/p>\n<ul>\n<li>hodo\u010dasni\u010dki paket za boravak u Poljskoj \u2013 180 \u20ac;\n<ul>\n<li>smje\u0161taj (dvorana, \u0161kola&#8230;, potrebna je vre\u0107a za spavanje),<\/li>\n<li>prehrana (dva topla obroka dnevno),<\/li>\n<li>javni prijevoz u gradu,<\/li>\n<li>osiguranje od nezgode,<\/li>\n<li>hodo\u010dasni\u010dki ruksak (razni duhovni i informativni materijali za sudionike).<\/li>\n<\/ul>\n<\/li>\n<li>put \u2013 75 \u20ac;<\/li>\n<li>donacija u Fond solidarnosti (za siroma\u0161ne mlade) \u2013 10 \u20ac.<\/li>\n<\/ul>\n<p><strong>Prijaviti se mo\u017eete do 27. sije\u010dnja 2016. godine<\/strong> vjerou\u010ditelju Marijanu Paveli\u0107u (<a href=\"mailto:mpavelma@yahoo.com\">mpavelma@yahoo.com<\/a>; 098 931 5084).<\/p>\n<p><a href=\"http:\/\/katolicka-gimnazija.hr\/wp-content\/uploads\/2016\/01\/banner.jpg\"><img loading=\"lazy\" decoding=\"async\" class=\"alignleft size-medium wp-image-2649\" src=\"http:\/\/katolicka-gimnazija.hr\/wp-content\/uploads\/2016\/01\/banner-300x163.jpg\" alt=\"Svjetski dan mladih\" width=\"300\" height=\"163\" srcset=\"https:\/\/katolicka-gimnazija.hr\/wp-content\/uploads\/2016\/01\/banner-300x163.jpg 300w, https:\/\/katolicka-gimnazija.hr\/wp-content\/uploads\/2016\/01\/banner-1024x555.jpg 1024w, https:\/\/katolicka-gimnazija.hr\/wp-content\/uploads\/2016\/01\/banner-360x195.jpg 360w, https:\/\/katolicka-gimnazija.hr\/wp-content\/uploads\/2016\/01\/banner-750x406.jpg 750w, https:\/\/katolicka-gimnazija.hr\/wp-content\/uploads\/2016\/01\/banner-400x217.jpg 400w, https:\/\/katolicka-gimnazija.hr\/wp-content\/uploads\/2016\/01\/banner-430x233.jpg 430w, https:\/\/katolicka-gimnazija.hr\/wp-content\/uploads\/2016\/01\/banner-150x81.jpg 150w, https:\/\/katolicka-gimnazija.hr\/wp-content\/uploads\/2016\/01\/banner-100x54.jpg 100w, https:\/\/katolicka-gimnazija.hr\/wp-content\/uploads\/2016\/01\/banner.jpg 1920w\" sizes=\"auto, (max-width: 300px) 100vw, 300px\" \/><\/a> <a href=\"http:\/\/katolicka-gimnazija.hr\/wp-content\/uploads\/2016\/01\/banner2.jpg\"><img loading=\"lazy\" decoding=\"async\" class=\"alignleft size-medium wp-image-2650\" src=\"http:\/\/katolicka-gimnazija.hr\/wp-content\/uploads\/2016\/01\/banner2-300x163.jpg\" alt=\"Svjetski dan mladih - Prijave\" width=\"300\" height=\"163\" srcset=\"https:\/\/katolicka-gimnazija.hr\/wp-content\/uploads\/2016\/01\/banner2-300x163.jpg 300w, https:\/\/katolicka-gimnazija.hr\/wp-content\/uploads\/2016\/01\/banner2-1024x555.jpg 1024w, https:\/\/katolicka-gimnazija.hr\/wp-content\/uploads\/2016\/01\/banner2-360x195.jpg 360w, https:\/\/katolicka-gimnazija.hr\/wp-content\/uploads\/2016\/01\/banner2-750x406.jpg 750w, https:\/\/katolicka-gimnazija.hr\/wp-content\/uploads\/2016\/01\/banner2-400x217.jpg 400w, https:\/\/katolicka-gimnazija.hr\/wp-content\/uploads\/2016\/01\/banner2-430x233.jpg 430w, https:\/\/katolicka-gimnazija.hr\/wp-content\/uploads\/2016\/01\/banner2-150x81.jpg 150w, https:\/\/katolicka-gimnazija.hr\/wp-content\/uploads\/2016\/01\/banner2-100x54.jpg 100w, https:\/\/katolicka-gimnazija.hr\/wp-content\/uploads\/2016\/01\/banner2.jpg 1920w\" sizes=\"auto, (max-width: 300px) 100vw, 300px\" \/><\/a> <a href=\"http:\/\/katolicka-gimnazija.hr\/wp-content\/uploads\/2016\/01\/banner3.jpg\"><img loading=\"lazy\" decoding=\"async\" class=\"alignleft size-medium wp-image-2651\" src=\"http:\/\/katolicka-gimnazija.hr\/wp-content\/uploads\/2016\/01\/banner3-300x163.jpg\" alt=\"Svjetski dan mladih - Cijena\" width=\"300\" height=\"163\" srcset=\"https:\/\/katolicka-gimnazija.hr\/wp-content\/uploads\/2016\/01\/banner3-300x163.jpg 300w, https:\/\/katolicka-gimnazija.hr\/wp-content\/uploads\/2016\/01\/banner3-1024x555.jpg 1024w, https:\/\/katolicka-gimnazija.hr\/wp-content\/uploads\/2016\/01\/banner3-360x195.jpg 360w, https:\/\/katolicka-gimnazija.hr\/wp-content\/uploads\/2016\/01\/banner3-750x406.jpg 750w, https:\/\/katolicka-gimnazija.hr\/wp-content\/uploads\/2016\/01\/banner3-400x217.jpg 400w, https:\/\/katolicka-gimnazija.hr\/wp-content\/uploads\/2016\/01\/banner3-430x233.jpg 430w, https:\/\/katolicka-gimnazija.hr\/wp-content\/uploads\/2016\/01\/banner3-150x81.jpg 150w, https:\/\/katolicka-gimnazija.hr\/wp-content\/uploads\/2016\/01\/banner3-100x54.jpg 100w, https:\/\/katolicka-gimnazija.hr\/wp-content\/uploads\/2016\/01\/banner3.jpg 1920w\" sizes=\"auto, (max-width: 300px) 100vw, 300px\" \/><\/a><\/p>\n","protected":false},"excerpt":{"rendered":"<p>SVJETSKI DAN\u00a0MLADIH U KRAKOWU \u201eBlago milosrdnima, oni \u0107e zadobiti milosr\u0111e\u201c (Mt 5,7) 25. &#8211; 31. srpnja 2016. Dragi gimnazijalci, ovoga ljeta odr\u017eava se Svjetski susret mladih u poljskom Krakowu, udaljenom svega 800njak kilometara od na\u0161ega grada. Na susretu mogu sudjelovati svi od 15 do 30 godina (maloljetni uz potvrde roditelja). Cijena sudjelovanja je 265 eura [&hellip;]<\/p>\n","protected":false},"author":1,"featured_media":2649,"comment_status":"closed","ping_status":"closed","sticky":false,"template":"","format":"standard","meta":{"footnotes":""},"categories":[3],"tags":[],"class_list":["post-2648","post","type-post","status-publish","format-standard","has-post-thumbnail","hentry","category-obavijesti"],"_links":{"self":[{"href":"https:\/\/katolicka-gimnazija.hr\/index.php\/wp-json\/wp\/v2\/posts\/2648","targetHints":{"allow":["GET"]}}],"collection":[{"href":"https:\/\/katolicka-gimnazija.hr\/index.php\/wp-json\/wp\/v2\/posts"}],"about":[{"href":"https:\/\/katolicka-gimnazija.hr\/index.php\/wp-json\/wp\/v2\/types\/post"}],"author":[{"embeddable":true,"href":"https:\/\/katolicka-gimnazija.hr\/index.php\/wp-json\/wp\/v2\/users\/1"}],"replies":[{"embeddable":true,"href":"https:\/\/katolicka-gimnazija.hr\/index.php\/wp-json\/wp\/v2\/comments?post=2648"}],"version-history":[{"count":1,"href":"https:\/\/katolicka-gimnazija.hr\/index.php\/wp-json\/wp\/v2\/posts\/2648\/revisions"}],"predecessor-version":[{"id":2652,"href":"https:\/\/katolicka-gimnazija.hr\/index.php\/wp-json\/wp\/v2\/posts\/2648\/revisions\/2652"}],"wp:featuredmedia":[{"embeddable":true,"href":"https:\/\/katolicka-gimnazija.hr\/index.php\/wp-json\/wp\/v2\/media\/2649"}],"wp:attachment":[{"href":"https:\/\/katolicka-gimnazija.hr\/index.php\/wp-json\/wp\/v2\/media?parent=2648"}],"wp:term":[{"taxonomy":"category","embeddable":true,"href":"https:\/\/katolicka-gimnazija.hr\/index.php\/wp-json\/wp\/v2\/categories?post=2648"},{"taxonomy":"post_tag","embeddable":true,"href":"https:\/\/katolicka-gimnazija.hr\/index.php\/wp-json\/wp\/v2\/tags?post=2648"}],"curies":[{"name":"wp","href":"https:\/\/api.w.org\/{rel}","templated":true}]}}