{"id":26668,"date":"2022-10-05T19:45:56","date_gmt":"2022-10-05T19:45:56","guid":{"rendered":"http:\/\/katolicka-gimnazija.hr\/?p=26668"},"modified":"2022-10-05T19:50:52","modified_gmt":"2022-10-05T19:50:52","slug":"obiljezavanje-europskog-dana-jezika","status":"publish","type":"post","link":"https:\/\/katolicka-gimnazija.hr\/index.php\/2022\/10\/05\/obiljezavanje-europskog-dana-jezika\/","title":{"rendered":"OBILJE\u017dAVANJE EUROPSKOG DANA JEZIKA  \u00a0"},"content":{"rendered":"<h5>Diljem Europe, 700 milijuna Europljana zastupanih u Vije\u0107u Europe s 46 dr\u017eava \u010dlanica, poti\u010du se na u\u010denje \u0161to vi\u0161e jezika, u svakoj \u017eivotnoj dobi, u \u0161koli i izvan nje. Budu\u0107i da je jezi\u010dna raznolikost alat za postizanje ve\u0107eg me\u0111ukulturnog razumijevanja i klju\u010dni \u010dimbenik bogate kulturne ba\u0161tine na\u0161eg kontinenta, Vije\u0107e Europe promi\u010de vi\u0161ejezi\u010dnost u cijeloj Europi. Na inicijativu Vije\u0107a Europe, jo\u0161 od 2001. godine, 26. rujna se obilje\u017eava Europski dan jezika.<\/h5>\n<p style=\"text-align: left;\">Katoli\u010dka gimnazija svake godine taj dan proslavi na razli\u010dite na\u010dine: suradnjom s me\u0111unarodnim institucijama, veleposlanstvima, izletima, izradama plakata, raznim aktivnostima i sli\u010dnim. Ove godine su profesorice stranih jezika ukrasile \u0161kolu plakatima koje su izradili u\u010denici, a iz <a href=\"http:\/\/katolicka-gimnazija.hr\/wp-content\/uploads\/2022\/10\/MicrosoftTeams-image-1.jpg\"><img loading=\"lazy\" decoding=\"async\" class=\"size-medium wp-image-26694 alignleft\" src=\"http:\/\/katolicka-gimnazija.hr\/wp-content\/uploads\/2022\/10\/MicrosoftTeams-image-1-225x300.jpg\" alt=\"\" width=\"225\" height=\"300\" srcset=\"https:\/\/katolicka-gimnazija.hr\/wp-content\/uploads\/2022\/10\/MicrosoftTeams-image-1-225x300.jpg 225w, https:\/\/katolicka-gimnazija.hr\/wp-content\/uploads\/2022\/10\/MicrosoftTeams-image-1-768x1024.jpg 768w, https:\/\/katolicka-gimnazija.hr\/wp-content\/uploads\/2022\/10\/MicrosoftTeams-image-1-1152x1536.jpg 1152w, https:\/\/katolicka-gimnazija.hr\/wp-content\/uploads\/2022\/10\/MicrosoftTeams-image-1.jpg 1200w\" sizes=\"auto, (max-width: 225px) 100vw, 225px\" \/><\/a>kojih svi mo\u017eemo \u0161to\u0161ta nau\u010diti. Osim toga, istaknuti jezi\u010dari na\u0161e \u0161kole potaknuti su i zanimljivim izletom u Zagreb gdje su sudjelovali na dvije radionice vezanih za u\u010denje stranih jezika te su, osim toga, saznali i brojne posebnosti vezane za razli\u010dite kulture. Tako nam je prva stanica bila Hrvatsko-ameri\u010dko dru\u0161tvo, najstarija udruga u Hrvatskoj koja promi\u010de obrazovnu, kulturnu, znanstvenu i svekoliku suradnju izme\u0111u RH i SAD-a kao i sve pozitivne vrijednosti civilnog dru\u0161tva. Tamo smo poslu\u0161ali predavanje izvornog govornika o razli\u010ditostima dvaju obrazovnih sustava, diskutirali te se zaigrali uz kviz znanja. Nakon toga, uslijedio je posjet Goethe Institutu, kulturne ustanove Savezne Republike Njema\u010dke koja djeluje diljem svijeta promi\u010du\u0107i njema\u010dki jezik, interkulturalni dijalog i kulturnu razmjenu. U njihovoj knji\u017enici zabavili smo se uz radionicu o njema\u010dkim regijama i gradovima te pone\u0161to i nau\u010dili. Za kraj ve\u010deri, opustili smo se i zaintrigirali klasikom Anom Karenjinom velikog ruskog Tolstoja.<\/p>\n<p>Kao \u0161lag na torti ili \u0161e\u0107er na kraju, svoje u\u010denike smo i zaposlili tako \u0161to su se unutar svojih razrednih odjeljenja borili za prvo mjestu u natjecanju u sricanju, tzv. Spelling Bee, a u srijedu, 5.10., odr\u017ealo se i me\u0111urazredno natjecanje na kojemu su nastupila po dva najbolja <em>spellera<\/em> iz svakog razreda. Najbolja se u ovoj zanimljivoj i zahtjevnoj vje\u0161tini pokazala u\u010denica 1.b razreda, Nika Trupini\u0107, dok su ukupnu pobjedu odnijele u\u010denice 2.b razreda, Ema Bakula i Ignacija Rotim, s ostvarenim 2. i 3. mjestom. \u010cestitamo svima, a posebno pobjednicama!<\/p>\n<p><a href=\"http:\/\/katolicka-gimnazija.hr\/wp-content\/uploads\/2022\/10\/310722819_548972873896122_5764039965698005672_n.jpg\"><img loading=\"lazy\" decoding=\"async\" class=\"size-medium wp-image-26669 alignright\" src=\"http:\/\/katolicka-gimnazija.hr\/wp-content\/uploads\/2022\/10\/310722819_548972873896122_5764039965698005672_n-300x200.jpg\" alt=\"\" width=\"300\" height=\"200\" srcset=\"https:\/\/katolicka-gimnazija.hr\/wp-content\/uploads\/2022\/10\/310722819_548972873896122_5764039965698005672_n-300x200.jpg 300w, https:\/\/katolicka-gimnazija.hr\/wp-content\/uploads\/2022\/10\/310722819_548972873896122_5764039965698005672_n-1024x683.jpg 1024w, https:\/\/katolicka-gimnazija.hr\/wp-content\/uploads\/2022\/10\/310722819_548972873896122_5764039965698005672_n-768x512.jpg 768w, https:\/\/katolicka-gimnazija.hr\/wp-content\/uploads\/2022\/10\/310722819_548972873896122_5764039965698005672_n-1536x1024.jpg 1536w, https:\/\/katolicka-gimnazija.hr\/wp-content\/uploads\/2022\/10\/310722819_548972873896122_5764039965698005672_n-400x267.jpg 400w, https:\/\/katolicka-gimnazija.hr\/wp-content\/uploads\/2022\/10\/310722819_548972873896122_5764039965698005672_n.jpg 1800w\" sizes=\"auto, (max-width: 300px) 100vw, 300px\" \/><\/a>\u201eEngleski jezik mi je uvijek bio zanimljiv i po\u010dela sam ga u\u010diti jo\u0161 u vrti\u0107u, a nastavila sam ga u\u010diti u \u0161koli stranih jezika i u redovnoj \u0161koli. Natjecanje u slovkanju predstavljalo mi je novi izazov, pa sam se odlu\u010dila prijaviti. Koncept natjecanja dobro je osmi\u0161ljen i svi natjecatelji su pokazali zavidnu razinu znanja. Rije\u010di su bile zaista raznolike \u2013 od jednostavnijih do sve slo\u017eenijih. Jako sam zadovoljna ne samo svojom pobjedom, ve\u0107 i podr\u0161kom svoga razreda. Uistinu su bili najglasniji i najveseliji te im se i ovim putem od srca zahvaljujem. I, naravno, veselim se i svim budu\u0107im izazovima.\u201c<\/p>\n<p>Nika Trupini\u0107<\/p>\n<p><a href=\"http:\/\/katolicka-gimnazija.hr\/wp-content\/uploads\/2022\/10\/310984572_548972633896146_758751037985254178_n.jpg\"><img loading=\"lazy\" decoding=\"async\" class=\"size-medium wp-image-26672 alignleft\" src=\"http:\/\/katolicka-gimnazija.hr\/wp-content\/uploads\/2022\/10\/310984572_548972633896146_758751037985254178_n-300x200.jpg\" alt=\"\" width=\"300\" height=\"200\" srcset=\"https:\/\/katolicka-gimnazija.hr\/wp-content\/uploads\/2022\/10\/310984572_548972633896146_758751037985254178_n-300x200.jpg 300w, https:\/\/katolicka-gimnazija.hr\/wp-content\/uploads\/2022\/10\/310984572_548972633896146_758751037985254178_n-1024x683.jpg 1024w, https:\/\/katolicka-gimnazija.hr\/wp-content\/uploads\/2022\/10\/310984572_548972633896146_758751037985254178_n-768x512.jpg 768w, https:\/\/katolicka-gimnazija.hr\/wp-content\/uploads\/2022\/10\/310984572_548972633896146_758751037985254178_n-1536x1024.jpg 1536w, https:\/\/katolicka-gimnazija.hr\/wp-content\/uploads\/2022\/10\/310984572_548972633896146_758751037985254178_n-400x267.jpg 400w, https:\/\/katolicka-gimnazija.hr\/wp-content\/uploads\/2022\/10\/310984572_548972633896146_758751037985254178_n.jpg 1800w\" sizes=\"auto, (max-width: 300px) 100vw, 300px\" \/><\/a>\u201eSlovkanje na stranom jeziku, pogotovo pred cijelom \u0161kolom, definitivno izaziva uzbu\u0111enje, a pomalo i nervozu. Motivacijske rije\u010di profesorica bile su svakako izazovne, ali glasna potpora prijatelja iz razreda u meni je budila \u010dak i natjecateljski duh. Drugo mjesto na dana\u0161njem natjecanju smatram osobnim uspjehom te, sve u svemu, simpati\u010dno iskustvo.\u201c<\/p>\n<p>Ema Bakula<\/p>\n<p>&nbsp;<\/p>\n<p>&nbsp;<\/p>\n<p>Rezultati prvog me\u0111urazrednog natjecanja:<\/p>\n<table>\n<tbody>\n<tr>\n<td width=\"302\">\n<p style=\"text-align: center;\"><strong>IME I PREZIME<\/strong><\/p>\n<\/td>\n<td width=\"302\"><strong>POREDAK<\/strong><\/td>\n<\/tr>\n<tr>\n<td width=\"302\">\n<p style=\"text-align: center;\">NIKA TRUPINI\u0106<\/p>\n<\/td>\n<td style=\"text-align: center;\" width=\"302\">1.<\/td>\n<\/tr>\n<tr>\n<td width=\"302\">\n<p style=\"text-align: center;\">EMA BAKULA<\/p>\n<\/td>\n<td width=\"302\">\n<p style=\"text-align: center;\">2.<\/p>\n<\/td>\n<\/tr>\n<tr>\n<td width=\"302\">\n<p style=\"text-align: center;\">IGNACIJA ROTIM<\/p>\n<\/td>\n<td width=\"302\">\n<p style=\"text-align: center;\">3.<\/p>\n<\/td>\n<\/tr>\n<tr>\n<td style=\"text-align: center;\" width=\"302\">IVA BO\u0160NJAK<\/td>\n<td width=\"302\">\n<p style=\"text-align: center;\">4.<\/p>\n<\/td>\n<\/tr>\n<tr>\n<td width=\"302\">\n<p style=\"text-align: center;\">TEA LAGUND\u017dIJA<\/p>\n<\/td>\n<td width=\"302\">\n<p style=\"text-align: center;\">5.<\/p>\n<\/td>\n<\/tr>\n<tr>\n<td width=\"302\">\n<p style=\"text-align: center;\">SARA \u010cEREGOVI\u0106<\/p>\n<\/td>\n<td width=\"302\">\n<p style=\"text-align: center;\">6.<\/p>\n<\/td>\n<\/tr>\n<tr>\n<td width=\"302\">\n<p style=\"text-align: center;\">ANA CIGANOVI\u0106<\/p>\n<\/td>\n<td width=\"302\">\n<p style=\"text-align: center;\">6.<\/p>\n<\/td>\n<\/tr>\n<tr>\n<td width=\"302\">\n<p style=\"text-align: center;\">LUKA AD\u017dI\u0106<\/p>\n<\/td>\n<td width=\"302\">\n<p style=\"text-align: center;\">6.<\/p>\n<\/td>\n<\/tr>\n<tr>\n<td width=\"302\">\n<p style=\"text-align: center;\">MATEJ MARJANOVI\u0106<\/p>\n<\/td>\n<td width=\"302\">\n<p style=\"text-align: center;\">7.<\/p>\n<\/td>\n<\/tr>\n<tr>\n<td width=\"302\">\n<p style=\"text-align: center;\">GABRIELA BANI\u0106<\/p>\n<\/td>\n<td width=\"302\">\n<p style=\"text-align: center;\">8.<\/p>\n<\/td>\n<\/tr>\n<tr>\n<td width=\"302\">\n<p style=\"text-align: center;\">BRUNO BREKALO<\/p>\n<\/td>\n<td width=\"302\">\n<p style=\"text-align: center;\">8.<\/p>\n<\/td>\n<\/tr>\n<tr>\n<td width=\"302\">\n<p style=\"text-align: center;\">PATRIK ANTOLOVI\u0106<\/p>\n<\/td>\n<td style=\"text-align: center;\" width=\"302\">8.<\/td>\n<\/tr>\n<tr>\n<td width=\"302\">\n<p style=\"text-align: center;\">MATEJ ANTOLOVI\u0106<\/p>\n<\/td>\n<td style=\"text-align: center;\" width=\"302\">8.<\/td>\n<\/tr>\n<tr>\n<td style=\"text-align: center;\" width=\"302\">GABRIEL ALADROVI\u0106<\/td>\n<td width=\"302\">\n<p style=\"text-align: center;\">8.<\/p>\n<\/td>\n<\/tr>\n<tr>\n<td style=\"text-align: center;\" width=\"302\">FILIP ZELENIKA<\/td>\n<td width=\"302\">\n<p style=\"text-align: center;\">8.<\/p>\n<\/td>\n<\/tr>\n<tr>\n<td style=\"text-align: center;\" width=\"302\">LANA ANTONI\u0106<\/td>\n<td width=\"302\">\n<p style=\"text-align: center;\">\u00a08.<\/p>\n<\/td>\n<\/tr>\n<\/tbody>\n<\/table>\n<p>&nbsp;<\/p>\n<p>&nbsp;<\/p>\n<table>\n<tbody>\n<tr>\n<td width=\"99\"><strong>RAZRED<\/strong><\/td>\n<td width=\"111\"><strong>NATJECATELJ 1<\/strong><\/td>\n<td width=\"111\"><strong>NATJECATELJ 2<\/strong><\/td>\n<td width=\"103\"><strong>PODR\u0160KA<\/strong><\/td>\n<td width=\"101\"><strong>UKUPNO<\/strong><\/td>\n<td width=\"80\"><strong>POREDAK<\/strong><\/td>\n<\/tr>\n<tr>\n<td width=\"99\">1.A<\/td>\n<td width=\"111\">4<\/td>\n<td width=\"111\">0<\/td>\n<td width=\"103\">2<\/td>\n<td width=\"101\">6<\/td>\n<td width=\"80\"><strong>5.<\/strong><\/td>\n<\/tr>\n<tr>\n<td width=\"99\">1.B<\/td>\n<td width=\"111\">12<\/td>\n<td width=\"111\">0<\/td>\n<td width=\"103\">2<\/td>\n<td width=\"101\">14<\/td>\n<td width=\"80\"><strong>2.<\/strong><\/td>\n<\/tr>\n<tr>\n<td width=\"99\">2.A<\/td>\n<td width=\"111\">0<\/td>\n<td width=\"111\">0<\/td>\n<td width=\"103\">2<\/td>\n<td width=\"101\">2<\/td>\n<td width=\"80\"><strong>7.<\/strong><\/td>\n<\/tr>\n<tr>\n<td width=\"99\"><strong>2.B<\/strong><\/td>\n<td width=\"111\"><strong>9<\/strong><\/td>\n<td width=\"111\"><strong>10<\/strong><\/td>\n<td width=\"103\"><strong>2<\/strong><\/td>\n<td width=\"101\"><strong>21<\/strong><\/td>\n<td width=\"80\"><strong>1.<\/strong><\/td>\n<\/tr>\n<tr>\n<td width=\"99\">3.A<\/td>\n<td width=\"111\">4<\/td>\n<td width=\"111\">2<\/td>\n<td width=\"103\">2<\/td>\n<td width=\"101\">8<\/td>\n<td width=\"80\"><strong>4.<\/strong><\/td>\n<\/tr>\n<tr>\n<td width=\"99\">3.B<\/td>\n<td width=\"111\">0<\/td>\n<td width=\"111\">3<\/td>\n<td width=\"103\">2<\/td>\n<td width=\"101\">5<\/td>\n<td width=\"80\"><strong>6.<\/strong><\/td>\n<\/tr>\n<tr>\n<td width=\"99\">4.A<\/td>\n<td width=\"111\">0<\/td>\n<td width=\"111\">9<\/td>\n<td width=\"103\">2<\/td>\n<td width=\"101\">11<\/td>\n<td width=\"80\"><strong>3.<\/strong><\/td>\n<\/tr>\n<tr>\n<td width=\"99\">4.B<\/td>\n<td width=\"111\">3<\/td>\n<td width=\"111\">0<\/td>\n<td width=\"103\">2<\/td>\n<td width=\"101\">5<\/td>\n<td width=\"80\"><strong>6.<\/strong><\/td>\n<\/tr>\n<\/tbody>\n<\/table>\n<p>Foto: Marija Alaber<\/p>\n<div id='gallery-1' class='gallery galleryid-26668 gallery-columns-3 gallery-size-medium'><figure class='gallery-item'>\n\t\t\t<div class='gallery-icon landscape'>\n\t\t\t\t<a href='https:\/\/katolicka-gimnazija.hr\/wp-content\/uploads\/2022\/10\/311111937_548972570562819_1704884117928594852_n.jpg'><img loading=\"lazy\" decoding=\"async\" width=\"300\" height=\"200\" src=\"https:\/\/katolicka-gimnazija.hr\/wp-content\/uploads\/2022\/10\/311111937_548972570562819_1704884117928594852_n-300x200.jpg\" class=\"attachment-medium size-medium\" alt=\"\" srcset=\"https:\/\/katolicka-gimnazija.hr\/wp-content\/uploads\/2022\/10\/311111937_548972570562819_1704884117928594852_n-300x200.jpg 300w, https:\/\/katolicka-gimnazija.hr\/wp-content\/uploads\/2022\/10\/311111937_548972570562819_1704884117928594852_n-1024x683.jpg 1024w, https:\/\/katolicka-gimnazija.hr\/wp-content\/uploads\/2022\/10\/311111937_548972570562819_1704884117928594852_n-768x512.jpg 768w, https:\/\/katolicka-gimnazija.hr\/wp-content\/uploads\/2022\/10\/311111937_548972570562819_1704884117928594852_n-1536x1024.jpg 1536w, https:\/\/katolicka-gimnazija.hr\/wp-content\/uploads\/2022\/10\/311111937_548972570562819_1704884117928594852_n-400x267.jpg 400w, https:\/\/katolicka-gimnazija.hr\/wp-content\/uploads\/2022\/10\/311111937_548972570562819_1704884117928594852_n.jpg 1800w\" sizes=\"auto, (max-width: 300px) 100vw, 300px\" \/><\/a>\n\t\t\t<\/div><\/figure><figure class='gallery-item'>\n\t\t\t<div class='gallery-icon landscape'>\n\t\t\t\t<a href='https:\/\/katolicka-gimnazija.hr\/wp-content\/uploads\/2022\/10\/310920349_548972270562849_1986783855649337392_n.jpg'><img loading=\"lazy\" decoding=\"async\" width=\"300\" height=\"200\" src=\"https:\/\/katolicka-gimnazija.hr\/wp-content\/uploads\/2022\/10\/310920349_548972270562849_1986783855649337392_n-300x200.jpg\" class=\"attachment-medium size-medium\" alt=\"\" srcset=\"https:\/\/katolicka-gimnazija.hr\/wp-content\/uploads\/2022\/10\/310920349_548972270562849_1986783855649337392_n-300x200.jpg 300w, https:\/\/katolicka-gimnazija.hr\/wp-content\/uploads\/2022\/10\/310920349_548972270562849_1986783855649337392_n-1024x683.jpg 1024w, https:\/\/katolicka-gimnazija.hr\/wp-content\/uploads\/2022\/10\/310920349_548972270562849_1986783855649337392_n-768x512.jpg 768w, https:\/\/katolicka-gimnazija.hr\/wp-content\/uploads\/2022\/10\/310920349_548972270562849_1986783855649337392_n-1536x1024.jpg 1536w, https:\/\/katolicka-gimnazija.hr\/wp-content\/uploads\/2022\/10\/310920349_548972270562849_1986783855649337392_n-400x267.jpg 400w, https:\/\/katolicka-gimnazija.hr\/wp-content\/uploads\/2022\/10\/310920349_548972270562849_1986783855649337392_n.jpg 1800w\" sizes=\"auto, (max-width: 300px) 100vw, 300px\" \/><\/a>\n\t\t\t<\/div><\/figure><figure class='gallery-item'>\n\t\t\t<div class='gallery-icon landscape'>\n\t\t\t\t<a href='https:\/\/katolicka-gimnazija.hr\/wp-content\/uploads\/2022\/10\/310635511_548971793896230_7518324014008817214_n.jpg'><img loading=\"lazy\" decoding=\"async\" width=\"300\" height=\"200\" src=\"https:\/\/katolicka-gimnazija.hr\/wp-content\/uploads\/2022\/10\/310635511_548971793896230_7518324014008817214_n-300x200.jpg\" class=\"attachment-medium size-medium\" alt=\"\" srcset=\"https:\/\/katolicka-gimnazija.hr\/wp-content\/uploads\/2022\/10\/310635511_548971793896230_7518324014008817214_n-300x200.jpg 300w, https:\/\/katolicka-gimnazija.hr\/wp-content\/uploads\/2022\/10\/310635511_548971793896230_7518324014008817214_n-1024x683.jpg 1024w, https:\/\/katolicka-gimnazija.hr\/wp-content\/uploads\/2022\/10\/310635511_548971793896230_7518324014008817214_n-768x512.jpg 768w, https:\/\/katolicka-gimnazija.hr\/wp-content\/uploads\/2022\/10\/310635511_548971793896230_7518324014008817214_n-1536x1024.jpg 1536w, https:\/\/katolicka-gimnazija.hr\/wp-content\/uploads\/2022\/10\/310635511_548971793896230_7518324014008817214_n-400x267.jpg 400w, https:\/\/katolicka-gimnazija.hr\/wp-content\/uploads\/2022\/10\/310635511_548971793896230_7518324014008817214_n.jpg 1800w\" sizes=\"auto, (max-width: 300px) 100vw, 300px\" \/><\/a>\n\t\t\t<\/div><\/figure><figure class='gallery-item'>\n\t\t\t<div class='gallery-icon landscape'>\n\t\t\t\t<a href='https:\/\/katolicka-gimnazija.hr\/wp-content\/uploads\/2022\/10\/310805898_548972533896156_7840874603846934705_n.jpg'><img loading=\"lazy\" decoding=\"async\" width=\"300\" height=\"200\" src=\"https:\/\/katolicka-gimnazija.hr\/wp-content\/uploads\/2022\/10\/310805898_548972533896156_7840874603846934705_n-300x200.jpg\" class=\"attachment-medium size-medium\" alt=\"\" srcset=\"https:\/\/katolicka-gimnazija.hr\/wp-content\/uploads\/2022\/10\/310805898_548972533896156_7840874603846934705_n-300x200.jpg 300w, https:\/\/katolicka-gimnazija.hr\/wp-content\/uploads\/2022\/10\/310805898_548972533896156_7840874603846934705_n-1024x683.jpg 1024w, https:\/\/katolicka-gimnazija.hr\/wp-content\/uploads\/2022\/10\/310805898_548972533896156_7840874603846934705_n-768x512.jpg 768w, https:\/\/katolicka-gimnazija.hr\/wp-content\/uploads\/2022\/10\/310805898_548972533896156_7840874603846934705_n-1536x1024.jpg 1536w, https:\/\/katolicka-gimnazija.hr\/wp-content\/uploads\/2022\/10\/310805898_548972533896156_7840874603846934705_n-400x267.jpg 400w, https:\/\/katolicka-gimnazija.hr\/wp-content\/uploads\/2022\/10\/310805898_548972533896156_7840874603846934705_n.jpg 1599w\" sizes=\"auto, (max-width: 300px) 100vw, 300px\" \/><\/a>\n\t\t\t<\/div><\/figure><figure class='gallery-item'>\n\t\t\t<div class='gallery-icon landscape'>\n\t\t\t\t<a href='https:\/\/katolicka-gimnazija.hr\/wp-content\/uploads\/2022\/10\/310721360_548971680562908_6767601524397547771_n.jpg'><img loading=\"lazy\" decoding=\"async\" width=\"300\" height=\"200\" src=\"https:\/\/katolicka-gimnazija.hr\/wp-content\/uploads\/2022\/10\/310721360_548971680562908_6767601524397547771_n-300x200.jpg\" class=\"attachment-medium size-medium\" alt=\"\" srcset=\"https:\/\/katolicka-gimnazija.hr\/wp-content\/uploads\/2022\/10\/310721360_548971680562908_6767601524397547771_n-300x200.jpg 300w, https:\/\/katolicka-gimnazija.hr\/wp-content\/uploads\/2022\/10\/310721360_548971680562908_6767601524397547771_n-1024x683.jpg 1024w, https:\/\/katolicka-gimnazija.hr\/wp-content\/uploads\/2022\/10\/310721360_548971680562908_6767601524397547771_n-768x512.jpg 768w, https:\/\/katolicka-gimnazija.hr\/wp-content\/uploads\/2022\/10\/310721360_548971680562908_6767601524397547771_n-1536x1024.jpg 1536w, https:\/\/katolicka-gimnazija.hr\/wp-content\/uploads\/2022\/10\/310721360_548971680562908_6767601524397547771_n-400x267.jpg 400w, https:\/\/katolicka-gimnazija.hr\/wp-content\/uploads\/2022\/10\/310721360_548971680562908_6767601524397547771_n.jpg 1800w\" sizes=\"auto, (max-width: 300px) 100vw, 300px\" \/><\/a>\n\t\t\t<\/div><\/figure><figure class='gallery-item'>\n\t\t\t<div class='gallery-icon portrait'>\n\t\t\t\t<a href='https:\/\/katolicka-gimnazija.hr\/wp-content\/uploads\/2022\/10\/MicrosoftTeams-image-5.jpg'><img loading=\"lazy\" decoding=\"async\" width=\"225\" height=\"300\" src=\"https:\/\/katolicka-gimnazija.hr\/wp-content\/uploads\/2022\/10\/MicrosoftTeams-image-5-225x300.jpg\" class=\"attachment-medium size-medium\" alt=\"\" srcset=\"https:\/\/katolicka-gimnazija.hr\/wp-content\/uploads\/2022\/10\/MicrosoftTeams-image-5-225x300.jpg 225w, https:\/\/katolicka-gimnazija.hr\/wp-content\/uploads\/2022\/10\/MicrosoftTeams-image-5-768x1024.jpg 768w, https:\/\/katolicka-gimnazija.hr\/wp-content\/uploads\/2022\/10\/MicrosoftTeams-image-5-1152x1536.jpg 1152w, https:\/\/katolicka-gimnazija.hr\/wp-content\/uploads\/2022\/10\/MicrosoftTeams-image-5.jpg 1200w\" sizes=\"auto, (max-width: 225px) 100vw, 225px\" \/><\/a>\n\t\t\t<\/div><\/figure><figure class='gallery-item'>\n\t\t\t<div class='gallery-icon landscape'>\n\t\t\t\t<a href='https:\/\/katolicka-gimnazija.hr\/wp-content\/uploads\/2022\/10\/310570458_548972297229513_1294309530869776275_n.jpg'><img loading=\"lazy\" decoding=\"async\" width=\"300\" height=\"200\" src=\"https:\/\/katolicka-gimnazija.hr\/wp-content\/uploads\/2022\/10\/310570458_548972297229513_1294309530869776275_n-300x200.jpg\" class=\"attachment-medium size-medium\" alt=\"\" srcset=\"https:\/\/katolicka-gimnazija.hr\/wp-content\/uploads\/2022\/10\/310570458_548972297229513_1294309530869776275_n-300x200.jpg 300w, https:\/\/katolicka-gimnazija.hr\/wp-content\/uploads\/2022\/10\/310570458_548972297229513_1294309530869776275_n-1024x683.jpg 1024w, https:\/\/katolicka-gimnazija.hr\/wp-content\/uploads\/2022\/10\/310570458_548972297229513_1294309530869776275_n-768x512.jpg 768w, https:\/\/katolicka-gimnazija.hr\/wp-content\/uploads\/2022\/10\/310570458_548972297229513_1294309530869776275_n-1536x1024.jpg 1536w, https:\/\/katolicka-gimnazija.hr\/wp-content\/uploads\/2022\/10\/310570458_548972297229513_1294309530869776275_n-400x267.jpg 400w, https:\/\/katolicka-gimnazija.hr\/wp-content\/uploads\/2022\/10\/310570458_548972297229513_1294309530869776275_n.jpg 1800w\" sizes=\"auto, (max-width: 300px) 100vw, 300px\" \/><\/a>\n\t\t\t<\/div><\/figure><figure class='gallery-item'>\n\t\t\t<div class='gallery-icon landscape'>\n\t\t\t\t<a href='https:\/\/katolicka-gimnazija.hr\/wp-content\/uploads\/2022\/10\/311096447_548972000562876_805888522366879345_n.jpg'><img loading=\"lazy\" decoding=\"async\" width=\"300\" height=\"200\" src=\"https:\/\/katolicka-gimnazija.hr\/wp-content\/uploads\/2022\/10\/311096447_548972000562876_805888522366879345_n-300x200.jpg\" class=\"attachment-medium size-medium\" alt=\"\" srcset=\"https:\/\/katolicka-gimnazija.hr\/wp-content\/uploads\/2022\/10\/311096447_548972000562876_805888522366879345_n-300x200.jpg 300w, https:\/\/katolicka-gimnazija.hr\/wp-content\/uploads\/2022\/10\/311096447_548972000562876_805888522366879345_n-1024x683.jpg 1024w, https:\/\/katolicka-gimnazija.hr\/wp-content\/uploads\/2022\/10\/311096447_548972000562876_805888522366879345_n-768x512.jpg 768w, https:\/\/katolicka-gimnazija.hr\/wp-content\/uploads\/2022\/10\/311096447_548972000562876_805888522366879345_n-1536x1024.jpg 1536w, https:\/\/katolicka-gimnazija.hr\/wp-content\/uploads\/2022\/10\/311096447_548972000562876_805888522366879345_n-400x267.jpg 400w, https:\/\/katolicka-gimnazija.hr\/wp-content\/uploads\/2022\/10\/311096447_548972000562876_805888522366879345_n.jpg 1800w\" sizes=\"auto, (max-width: 300px) 100vw, 300px\" \/><\/a>\n\t\t\t<\/div><\/figure><figure class='gallery-item'>\n\t\t\t<div class='gallery-icon portrait'>\n\t\t\t\t<a href='https:\/\/katolicka-gimnazija.hr\/wp-content\/uploads\/2022\/10\/MicrosoftTeams-image-4.jpg'><img loading=\"lazy\" decoding=\"async\" width=\"225\" height=\"300\" src=\"https:\/\/katolicka-gimnazija.hr\/wp-content\/uploads\/2022\/10\/MicrosoftTeams-image-4-225x300.jpg\" class=\"attachment-medium size-medium\" alt=\"\" srcset=\"https:\/\/katolicka-gimnazija.hr\/wp-content\/uploads\/2022\/10\/MicrosoftTeams-image-4-225x300.jpg 225w, https:\/\/katolicka-gimnazija.hr\/wp-content\/uploads\/2022\/10\/MicrosoftTeams-image-4-768x1024.jpg 768w, https:\/\/katolicka-gimnazija.hr\/wp-content\/uploads\/2022\/10\/MicrosoftTeams-image-4-1152x1536.jpg 1152w, https:\/\/katolicka-gimnazija.hr\/wp-content\/uploads\/2022\/10\/MicrosoftTeams-image-4.jpg 1200w\" sizes=\"auto, (max-width: 225px) 100vw, 225px\" \/><\/a>\n\t\t\t<\/div><\/figure><figure class='gallery-item'>\n\t\t\t<div class='gallery-icon landscape'>\n\t\t\t\t<a href='https:\/\/katolicka-gimnazija.hr\/wp-content\/uploads\/2022\/10\/311007075_548971683896241_6769898074249295880_n.jpg'><img loading=\"lazy\" decoding=\"async\" width=\"300\" height=\"200\" src=\"https:\/\/katolicka-gimnazija.hr\/wp-content\/uploads\/2022\/10\/311007075_548971683896241_6769898074249295880_n-300x200.jpg\" class=\"attachment-medium size-medium\" alt=\"\" srcset=\"https:\/\/katolicka-gimnazija.hr\/wp-content\/uploads\/2022\/10\/311007075_548971683896241_6769898074249295880_n-300x200.jpg 300w, https:\/\/katolicka-gimnazija.hr\/wp-content\/uploads\/2022\/10\/311007075_548971683896241_6769898074249295880_n-1024x683.jpg 1024w, https:\/\/katolicka-gimnazija.hr\/wp-content\/uploads\/2022\/10\/311007075_548971683896241_6769898074249295880_n-768x512.jpg 768w, https:\/\/katolicka-gimnazija.hr\/wp-content\/uploads\/2022\/10\/311007075_548971683896241_6769898074249295880_n-1536x1024.jpg 1536w, https:\/\/katolicka-gimnazija.hr\/wp-content\/uploads\/2022\/10\/311007075_548971683896241_6769898074249295880_n-400x267.jpg 400w, https:\/\/katolicka-gimnazija.hr\/wp-content\/uploads\/2022\/10\/311007075_548971683896241_6769898074249295880_n.jpg 1800w\" sizes=\"auto, (max-width: 300px) 100vw, 300px\" \/><\/a>\n\t\t\t<\/div><\/figure><figure class='gallery-item'>\n\t\t\t<div class='gallery-icon portrait'>\n\t\t\t\t<a href='https:\/\/katolicka-gimnazija.hr\/wp-content\/uploads\/2022\/10\/MicrosoftTeams-image.jpg'><img loading=\"lazy\" decoding=\"async\" width=\"225\" height=\"300\" src=\"https:\/\/katolicka-gimnazija.hr\/wp-content\/uploads\/2022\/10\/MicrosoftTeams-image-225x300.jpg\" class=\"attachment-medium size-medium\" alt=\"\" srcset=\"https:\/\/katolicka-gimnazija.hr\/wp-content\/uploads\/2022\/10\/MicrosoftTeams-image-225x300.jpg 225w, https:\/\/katolicka-gimnazija.hr\/wp-content\/uploads\/2022\/10\/MicrosoftTeams-image-768x1024.jpg 768w, https:\/\/katolicka-gimnazija.hr\/wp-content\/uploads\/2022\/10\/MicrosoftTeams-image-1152x1536.jpg 1152w, https:\/\/katolicka-gimnazija.hr\/wp-content\/uploads\/2022\/10\/MicrosoftTeams-image.jpg 1200w\" sizes=\"auto, (max-width: 225px) 100vw, 225px\" \/><\/a>\n\t\t\t<\/div><\/figure><figure class='gallery-item'>\n\t\t\t<div class='gallery-icon landscape'>\n\t\t\t\t<a href='https:\/\/katolicka-gimnazija.hr\/wp-content\/uploads\/2022\/10\/310722819_548972873896122_5764039965698005672_n.jpg'><img loading=\"lazy\" decoding=\"async\" width=\"300\" height=\"200\" src=\"https:\/\/katolicka-gimnazija.hr\/wp-content\/uploads\/2022\/10\/310722819_548972873896122_5764039965698005672_n-300x200.jpg\" class=\"attachment-medium size-medium\" alt=\"\" srcset=\"https:\/\/katolicka-gimnazija.hr\/wp-content\/uploads\/2022\/10\/310722819_548972873896122_5764039965698005672_n-300x200.jpg 300w, https:\/\/katolicka-gimnazija.hr\/wp-content\/uploads\/2022\/10\/310722819_548972873896122_5764039965698005672_n-1024x683.jpg 1024w, https:\/\/katolicka-gimnazija.hr\/wp-content\/uploads\/2022\/10\/310722819_548972873896122_5764039965698005672_n-768x512.jpg 768w, https:\/\/katolicka-gimnazija.hr\/wp-content\/uploads\/2022\/10\/310722819_548972873896122_5764039965698005672_n-1536x1024.jpg 1536w, https:\/\/katolicka-gimnazija.hr\/wp-content\/uploads\/2022\/10\/310722819_548972873896122_5764039965698005672_n-400x267.jpg 400w, https:\/\/katolicka-gimnazija.hr\/wp-content\/uploads\/2022\/10\/310722819_548972873896122_5764039965698005672_n.jpg 1800w\" sizes=\"auto, (max-width: 300px) 100vw, 300px\" \/><\/a>\n\t\t\t<\/div><\/figure><figure class='gallery-item'>\n\t\t\t<div class='gallery-icon portrait'>\n\t\t\t\t<a href='https:\/\/katolicka-gimnazija.hr\/wp-content\/uploads\/2022\/10\/MicrosoftTeams-image-1.jpg'><img loading=\"lazy\" decoding=\"async\" width=\"225\" height=\"300\" src=\"https:\/\/katolicka-gimnazija.hr\/wp-content\/uploads\/2022\/10\/MicrosoftTeams-image-1-225x300.jpg\" class=\"attachment-medium size-medium\" alt=\"\" srcset=\"https:\/\/katolicka-gimnazija.hr\/wp-content\/uploads\/2022\/10\/MicrosoftTeams-image-1-225x300.jpg 225w, https:\/\/katolicka-gimnazija.hr\/wp-content\/uploads\/2022\/10\/MicrosoftTeams-image-1-768x1024.jpg 768w, https:\/\/katolicka-gimnazija.hr\/wp-content\/uploads\/2022\/10\/MicrosoftTeams-image-1-1152x1536.jpg 1152w, https:\/\/katolicka-gimnazija.hr\/wp-content\/uploads\/2022\/10\/MicrosoftTeams-image-1.jpg 1200w\" sizes=\"auto, (max-width: 225px) 100vw, 225px\" \/><\/a>\n\t\t\t<\/div><\/figure><figure class='gallery-item'>\n\t\t\t<div class='gallery-icon landscape'>\n\t\t\t\t<a href='https:\/\/katolicka-gimnazija.hr\/wp-content\/uploads\/2022\/10\/310984572_548972633896146_758751037985254178_n.jpg'><img loading=\"lazy\" decoding=\"async\" width=\"300\" height=\"200\" src=\"https:\/\/katolicka-gimnazija.hr\/wp-content\/uploads\/2022\/10\/310984572_548972633896146_758751037985254178_n-300x200.jpg\" class=\"attachment-medium size-medium\" alt=\"\" srcset=\"https:\/\/katolicka-gimnazija.hr\/wp-content\/uploads\/2022\/10\/310984572_548972633896146_758751037985254178_n-300x200.jpg 300w, https:\/\/katolicka-gimnazija.hr\/wp-content\/uploads\/2022\/10\/310984572_548972633896146_758751037985254178_n-1024x683.jpg 1024w, https:\/\/katolicka-gimnazija.hr\/wp-content\/uploads\/2022\/10\/310984572_548972633896146_758751037985254178_n-768x512.jpg 768w, https:\/\/katolicka-gimnazija.hr\/wp-content\/uploads\/2022\/10\/310984572_548972633896146_758751037985254178_n-1536x1024.jpg 1536w, https:\/\/katolicka-gimnazija.hr\/wp-content\/uploads\/2022\/10\/310984572_548972633896146_758751037985254178_n-400x267.jpg 400w, https:\/\/katolicka-gimnazija.hr\/wp-content\/uploads\/2022\/10\/310984572_548972633896146_758751037985254178_n.jpg 1800w\" sizes=\"auto, (max-width: 300px) 100vw, 300px\" \/><\/a>\n\t\t\t<\/div><\/figure><figure class='gallery-item'>\n\t\t\t<div class='gallery-icon landscape'>\n\t\t\t\t<a href='https:\/\/katolicka-gimnazija.hr\/wp-content\/uploads\/2022\/10\/310963563_548972777229465_6125589969012451886_n.jpg'><img loading=\"lazy\" decoding=\"async\" width=\"300\" height=\"200\" src=\"https:\/\/katolicka-gimnazija.hr\/wp-content\/uploads\/2022\/10\/310963563_548972777229465_6125589969012451886_n-300x200.jpg\" class=\"attachment-medium size-medium\" alt=\"\" srcset=\"https:\/\/katolicka-gimnazija.hr\/wp-content\/uploads\/2022\/10\/310963563_548972777229465_6125589969012451886_n-300x200.jpg 300w, https:\/\/katolicka-gimnazija.hr\/wp-content\/uploads\/2022\/10\/310963563_548972777229465_6125589969012451886_n-1024x683.jpg 1024w, https:\/\/katolicka-gimnazija.hr\/wp-content\/uploads\/2022\/10\/310963563_548972777229465_6125589969012451886_n-768x512.jpg 768w, https:\/\/katolicka-gimnazija.hr\/wp-content\/uploads\/2022\/10\/310963563_548972777229465_6125589969012451886_n-1536x1024.jpg 1536w, https:\/\/katolicka-gimnazija.hr\/wp-content\/uploads\/2022\/10\/310963563_548972777229465_6125589969012451886_n-400x267.jpg 400w, https:\/\/katolicka-gimnazija.hr\/wp-content\/uploads\/2022\/10\/310963563_548972777229465_6125589969012451886_n.jpg 1800w\" sizes=\"auto, (max-width: 300px) 100vw, 300px\" \/><\/a>\n\t\t\t<\/div><\/figure><figure class='gallery-item'>\n\t\t\t<div class='gallery-icon landscape'>\n\t\t\t\t<a href='https:\/\/katolicka-gimnazija.hr\/wp-content\/uploads\/2022\/10\/310700834_548972200562856_6703235878852237664_n.jpg'><img loading=\"lazy\" decoding=\"async\" width=\"300\" height=\"200\" src=\"https:\/\/katolicka-gimnazija.hr\/wp-content\/uploads\/2022\/10\/310700834_548972200562856_6703235878852237664_n-300x200.jpg\" class=\"attachment-medium size-medium\" alt=\"\" srcset=\"https:\/\/katolicka-gimnazija.hr\/wp-content\/uploads\/2022\/10\/310700834_548972200562856_6703235878852237664_n-300x200.jpg 300w, https:\/\/katolicka-gimnazija.hr\/wp-content\/uploads\/2022\/10\/310700834_548972200562856_6703235878852237664_n-1024x683.jpg 1024w, https:\/\/katolicka-gimnazija.hr\/wp-content\/uploads\/2022\/10\/310700834_548972200562856_6703235878852237664_n-768x512.jpg 768w, https:\/\/katolicka-gimnazija.hr\/wp-content\/uploads\/2022\/10\/310700834_548972200562856_6703235878852237664_n-1536x1024.jpg 1536w, https:\/\/katolicka-gimnazija.hr\/wp-content\/uploads\/2022\/10\/310700834_548972200562856_6703235878852237664_n-400x267.jpg 400w, https:\/\/katolicka-gimnazija.hr\/wp-content\/uploads\/2022\/10\/310700834_548972200562856_6703235878852237664_n.jpg 1800w\" sizes=\"auto, (max-width: 300px) 100vw, 300px\" \/><\/a>\n\t\t\t<\/div><\/figure><figure class='gallery-item'>\n\t\t\t<div class='gallery-icon portrait'>\n\t\t\t\t<a href='https:\/\/katolicka-gimnazija.hr\/wp-content\/uploads\/2022\/10\/MicrosoftTeams-image-3.jpg'><img loading=\"lazy\" decoding=\"async\" width=\"225\" height=\"300\" src=\"https:\/\/katolicka-gimnazija.hr\/wp-content\/uploads\/2022\/10\/MicrosoftTeams-image-3-225x300.jpg\" class=\"attachment-medium size-medium\" alt=\"\" srcset=\"https:\/\/katolicka-gimnazija.hr\/wp-content\/uploads\/2022\/10\/MicrosoftTeams-image-3-225x300.jpg 225w, https:\/\/katolicka-gimnazija.hr\/wp-content\/uploads\/2022\/10\/MicrosoftTeams-image-3-768x1024.jpg 768w, https:\/\/katolicka-gimnazija.hr\/wp-content\/uploads\/2022\/10\/MicrosoftTeams-image-3-1152x1536.jpg 1152w, https:\/\/katolicka-gimnazija.hr\/wp-content\/uploads\/2022\/10\/MicrosoftTeams-image-3.jpg 1200w\" sizes=\"auto, (max-width: 225px) 100vw, 225px\" \/><\/a>\n\t\t\t<\/div><\/figure><figure class='gallery-item'>\n\t\t\t<div class='gallery-icon landscape'>\n\t\t\t\t<a href='https:\/\/katolicka-gimnazija.hr\/wp-content\/uploads\/2022\/10\/310729558_548972360562840_3281525890331807653_n.jpg'><img loading=\"lazy\" decoding=\"async\" width=\"300\" height=\"200\" src=\"https:\/\/katolicka-gimnazija.hr\/wp-content\/uploads\/2022\/10\/310729558_548972360562840_3281525890331807653_n-300x200.jpg\" class=\"attachment-medium size-medium\" alt=\"\" srcset=\"https:\/\/katolicka-gimnazija.hr\/wp-content\/uploads\/2022\/10\/310729558_548972360562840_3281525890331807653_n-300x200.jpg 300w, https:\/\/katolicka-gimnazija.hr\/wp-content\/uploads\/2022\/10\/310729558_548972360562840_3281525890331807653_n-1024x683.jpg 1024w, https:\/\/katolicka-gimnazija.hr\/wp-content\/uploads\/2022\/10\/310729558_548972360562840_3281525890331807653_n-768x512.jpg 768w, https:\/\/katolicka-gimnazija.hr\/wp-content\/uploads\/2022\/10\/310729558_548972360562840_3281525890331807653_n-1536x1024.jpg 1536w, https:\/\/katolicka-gimnazija.hr\/wp-content\/uploads\/2022\/10\/310729558_548972360562840_3281525890331807653_n-400x267.jpg 400w, https:\/\/katolicka-gimnazija.hr\/wp-content\/uploads\/2022\/10\/310729558_548972360562840_3281525890331807653_n.jpg 1800w\" sizes=\"auto, (max-width: 300px) 100vw, 300px\" \/><\/a>\n\t\t\t<\/div><\/figure><figure class='gallery-item'>\n\t\t\t<div class='gallery-icon portrait'>\n\t\t\t\t<a href='https:\/\/katolicka-gimnazija.hr\/wp-content\/uploads\/2022\/10\/MicrosoftTeams-image-2.jpg'><img loading=\"lazy\" decoding=\"async\" width=\"225\" height=\"300\" src=\"https:\/\/katolicka-gimnazija.hr\/wp-content\/uploads\/2022\/10\/MicrosoftTeams-image-2-225x300.jpg\" class=\"attachment-medium size-medium\" alt=\"\" srcset=\"https:\/\/katolicka-gimnazija.hr\/wp-content\/uploads\/2022\/10\/MicrosoftTeams-image-2-225x300.jpg 225w, https:\/\/katolicka-gimnazija.hr\/wp-content\/uploads\/2022\/10\/MicrosoftTeams-image-2-768x1024.jpg 768w, https:\/\/katolicka-gimnazija.hr\/wp-content\/uploads\/2022\/10\/MicrosoftTeams-image-2-1152x1536.jpg 1152w, https:\/\/katolicka-gimnazija.hr\/wp-content\/uploads\/2022\/10\/MicrosoftTeams-image-2.jpg 1200w\" sizes=\"auto, (max-width: 225px) 100vw, 225px\" \/><\/a>\n\t\t\t<\/div><\/figure><figure class='gallery-item'>\n\t\t\t<div class='gallery-icon landscape'>\n\t\t\t\t<a href='https:\/\/katolicka-gimnazija.hr\/wp-content\/uploads\/2022\/10\/311027037_548971877229555_7805899295993807372_n.jpg'><img loading=\"lazy\" decoding=\"async\" width=\"300\" height=\"200\" src=\"https:\/\/katolicka-gimnazija.hr\/wp-content\/uploads\/2022\/10\/311027037_548971877229555_7805899295993807372_n-300x200.jpg\" class=\"attachment-medium size-medium\" alt=\"\" srcset=\"https:\/\/katolicka-gimnazija.hr\/wp-content\/uploads\/2022\/10\/311027037_548971877229555_7805899295993807372_n-300x200.jpg 300w, https:\/\/katolicka-gimnazija.hr\/wp-content\/uploads\/2022\/10\/311027037_548971877229555_7805899295993807372_n-1024x683.jpg 1024w, https:\/\/katolicka-gimnazija.hr\/wp-content\/uploads\/2022\/10\/311027037_548971877229555_7805899295993807372_n-768x512.jpg 768w, https:\/\/katolicka-gimnazija.hr\/wp-content\/uploads\/2022\/10\/311027037_548971877229555_7805899295993807372_n-1536x1024.jpg 1536w, https:\/\/katolicka-gimnazija.hr\/wp-content\/uploads\/2022\/10\/311027037_548971877229555_7805899295993807372_n-400x267.jpg 400w, https:\/\/katolicka-gimnazija.hr\/wp-content\/uploads\/2022\/10\/311027037_548971877229555_7805899295993807372_n.jpg 1800w\" sizes=\"auto, (max-width: 300px) 100vw, 300px\" \/><\/a>\n\t\t\t<\/div><\/figure><figure class='gallery-item'>\n\t\t\t<div class='gallery-icon landscape'>\n\t\t\t\t<a href='https:\/\/katolicka-gimnazija.hr\/wp-content\/uploads\/2022\/10\/310693225_548972390562837_1020113066734565135_n.jpg'><img loading=\"lazy\" decoding=\"async\" width=\"300\" height=\"200\" src=\"https:\/\/katolicka-gimnazija.hr\/wp-content\/uploads\/2022\/10\/310693225_548972390562837_1020113066734565135_n-300x200.jpg\" class=\"attachment-medium size-medium\" alt=\"\" srcset=\"https:\/\/katolicka-gimnazija.hr\/wp-content\/uploads\/2022\/10\/310693225_548972390562837_1020113066734565135_n-300x200.jpg 300w, https:\/\/katolicka-gimnazija.hr\/wp-content\/uploads\/2022\/10\/310693225_548972390562837_1020113066734565135_n-1024x683.jpg 1024w, https:\/\/katolicka-gimnazija.hr\/wp-content\/uploads\/2022\/10\/310693225_548972390562837_1020113066734565135_n-768x512.jpg 768w, https:\/\/katolicka-gimnazija.hr\/wp-content\/uploads\/2022\/10\/310693225_548972390562837_1020113066734565135_n-1536x1024.jpg 1536w, https:\/\/katolicka-gimnazija.hr\/wp-content\/uploads\/2022\/10\/310693225_548972390562837_1020113066734565135_n-400x267.jpg 400w, https:\/\/katolicka-gimnazija.hr\/wp-content\/uploads\/2022\/10\/310693225_548972390562837_1020113066734565135_n.jpg 1800w\" sizes=\"auto, (max-width: 300px) 100vw, 300px\" \/><\/a>\n\t\t\t<\/div><\/figure><figure class='gallery-item'>\n\t\t\t<div class='gallery-icon landscape'>\n\t\t\t\t<a href='https:\/\/katolicka-gimnazija.hr\/wp-content\/uploads\/2022\/10\/310844762_548972070562869_8800780643487465586_n.jpg'><img loading=\"lazy\" decoding=\"async\" width=\"300\" height=\"200\" src=\"https:\/\/katolicka-gimnazija.hr\/wp-content\/uploads\/2022\/10\/310844762_548972070562869_8800780643487465586_n-300x200.jpg\" class=\"attachment-medium size-medium\" alt=\"\" srcset=\"https:\/\/katolicka-gimnazija.hr\/wp-content\/uploads\/2022\/10\/310844762_548972070562869_8800780643487465586_n-300x200.jpg 300w, https:\/\/katolicka-gimnazija.hr\/wp-content\/uploads\/2022\/10\/310844762_548972070562869_8800780643487465586_n-1024x683.jpg 1024w, https:\/\/katolicka-gimnazija.hr\/wp-content\/uploads\/2022\/10\/310844762_548972070562869_8800780643487465586_n-768x512.jpg 768w, https:\/\/katolicka-gimnazija.hr\/wp-content\/uploads\/2022\/10\/310844762_548972070562869_8800780643487465586_n-1536x1024.jpg 1536w, https:\/\/katolicka-gimnazija.hr\/wp-content\/uploads\/2022\/10\/310844762_548972070562869_8800780643487465586_n-400x267.jpg 400w, https:\/\/katolicka-gimnazija.hr\/wp-content\/uploads\/2022\/10\/310844762_548972070562869_8800780643487465586_n.jpg 1800w\" sizes=\"auto, (max-width: 300px) 100vw, 300px\" \/><\/a>\n\t\t\t<\/div><\/figure><figure class='gallery-item'>\n\t\t\t<div class='gallery-icon landscape'>\n\t\t\t\t<a href='https:\/\/katolicka-gimnazija.hr\/wp-content\/uploads\/2022\/10\/311128372_548972833896126_3304265356324736748_n.jpg'><img loading=\"lazy\" decoding=\"async\" width=\"300\" height=\"200\" src=\"https:\/\/katolicka-gimnazija.hr\/wp-content\/uploads\/2022\/10\/311128372_548972833896126_3304265356324736748_n-300x200.jpg\" class=\"attachment-medium size-medium\" alt=\"\" srcset=\"https:\/\/katolicka-gimnazija.hr\/wp-content\/uploads\/2022\/10\/311128372_548972833896126_3304265356324736748_n-300x200.jpg 300w, https:\/\/katolicka-gimnazija.hr\/wp-content\/uploads\/2022\/10\/311128372_548972833896126_3304265356324736748_n-1024x683.jpg 1024w, https:\/\/katolicka-gimnazija.hr\/wp-content\/uploads\/2022\/10\/311128372_548972833896126_3304265356324736748_n-768x512.jpg 768w, https:\/\/katolicka-gimnazija.hr\/wp-content\/uploads\/2022\/10\/311128372_548972833896126_3304265356324736748_n-1536x1024.jpg 1536w, https:\/\/katolicka-gimnazija.hr\/wp-content\/uploads\/2022\/10\/311128372_548972833896126_3304265356324736748_n-400x267.jpg 400w, https:\/\/katolicka-gimnazija.hr\/wp-content\/uploads\/2022\/10\/311128372_548972833896126_3304265356324736748_n.jpg 1800w\" sizes=\"auto, (max-width: 300px) 100vw, 300px\" \/><\/a>\n\t\t\t<\/div><\/figure><figure class='gallery-item'>\n\t\t\t<div class='gallery-icon landscape'>\n\t\t\t\t<a href='https:\/\/katolicka-gimnazija.hr\/wp-content\/uploads\/2022\/10\/310708046_548971990562877_508829402364279229_n.jpg'><img loading=\"lazy\" decoding=\"async\" width=\"300\" height=\"200\" src=\"https:\/\/katolicka-gimnazija.hr\/wp-content\/uploads\/2022\/10\/310708046_548971990562877_508829402364279229_n-300x200.jpg\" class=\"attachment-medium size-medium\" alt=\"\" srcset=\"https:\/\/katolicka-gimnazija.hr\/wp-content\/uploads\/2022\/10\/310708046_548971990562877_508829402364279229_n-300x200.jpg 300w, https:\/\/katolicka-gimnazija.hr\/wp-content\/uploads\/2022\/10\/310708046_548971990562877_508829402364279229_n-1024x683.jpg 1024w, https:\/\/katolicka-gimnazija.hr\/wp-content\/uploads\/2022\/10\/310708046_548971990562877_508829402364279229_n-768x512.jpg 768w, https:\/\/katolicka-gimnazija.hr\/wp-content\/uploads\/2022\/10\/310708046_548971990562877_508829402364279229_n-1536x1024.jpg 1536w, https:\/\/katolicka-gimnazija.hr\/wp-content\/uploads\/2022\/10\/310708046_548971990562877_508829402364279229_n-400x267.jpg 400w, https:\/\/katolicka-gimnazija.hr\/wp-content\/uploads\/2022\/10\/310708046_548971990562877_508829402364279229_n.jpg 1800w\" sizes=\"auto, (max-width: 300px) 100vw, 300px\" \/><\/a>\n\t\t\t<\/div><\/figure><figure class='gallery-item'>\n\t\t\t<div class='gallery-icon landscape'>\n\t\t\t\t<a href='https:\/\/katolicka-gimnazija.hr\/wp-content\/uploads\/2022\/10\/310928326_548972107229532_791330628076193338_n.jpg'><img loading=\"lazy\" decoding=\"async\" width=\"300\" height=\"200\" src=\"https:\/\/katolicka-gimnazija.hr\/wp-content\/uploads\/2022\/10\/310928326_548972107229532_791330628076193338_n-300x200.jpg\" class=\"attachment-medium size-medium\" alt=\"\" srcset=\"https:\/\/katolicka-gimnazija.hr\/wp-content\/uploads\/2022\/10\/310928326_548972107229532_791330628076193338_n-300x200.jpg 300w, https:\/\/katolicka-gimnazija.hr\/wp-content\/uploads\/2022\/10\/310928326_548972107229532_791330628076193338_n-1024x683.jpg 1024w, https:\/\/katolicka-gimnazija.hr\/wp-content\/uploads\/2022\/10\/310928326_548972107229532_791330628076193338_n-768x512.jpg 768w, https:\/\/katolicka-gimnazija.hr\/wp-content\/uploads\/2022\/10\/310928326_548972107229532_791330628076193338_n-1536x1024.jpg 1536w, https:\/\/katolicka-gimnazija.hr\/wp-content\/uploads\/2022\/10\/310928326_548972107229532_791330628076193338_n-400x267.jpg 400w, https:\/\/katolicka-gimnazija.hr\/wp-content\/uploads\/2022\/10\/310928326_548972107229532_791330628076193338_n.jpg 1800w\" sizes=\"auto, (max-width: 300px) 100vw, 300px\" \/><\/a>\n\t\t\t<\/div><\/figure><figure class='gallery-item'>\n\t\t\t<div class='gallery-icon landscape'>\n\t\t\t\t<a href='https:\/\/katolicka-gimnazija.hr\/wp-content\/uploads\/2022\/10\/310068390_548971507229592_6595439920418002347_n.jpg'><img loading=\"lazy\" decoding=\"async\" width=\"300\" height=\"200\" src=\"https:\/\/katolicka-gimnazija.hr\/wp-content\/uploads\/2022\/10\/310068390_548971507229592_6595439920418002347_n-300x200.jpg\" class=\"attachment-medium size-medium\" alt=\"\" srcset=\"https:\/\/katolicka-gimnazija.hr\/wp-content\/uploads\/2022\/10\/310068390_548971507229592_6595439920418002347_n-300x200.jpg 300w, https:\/\/katolicka-gimnazija.hr\/wp-content\/uploads\/2022\/10\/310068390_548971507229592_6595439920418002347_n-1024x683.jpg 1024w, https:\/\/katolicka-gimnazija.hr\/wp-content\/uploads\/2022\/10\/310068390_548971507229592_6595439920418002347_n-768x512.jpg 768w, https:\/\/katolicka-gimnazija.hr\/wp-content\/uploads\/2022\/10\/310068390_548971507229592_6595439920418002347_n-400x267.jpg 400w, https:\/\/katolicka-gimnazija.hr\/wp-content\/uploads\/2022\/10\/310068390_548971507229592_6595439920418002347_n.jpg 1267w\" sizes=\"auto, (max-width: 300px) 100vw, 300px\" \/><\/a>\n\t\t\t<\/div><\/figure>\n\t\t<\/div>\n\n","protected":false},"excerpt":{"rendered":"<p>Diljem Europe, 700 milijuna Europljana zastupanih u Vije\u0107u Europe s 46 dr\u017eava \u010dlanica, poti\u010du se na u\u010denje \u0161to vi\u0161e jezika, u svakoj \u017eivotnoj dobi, u \u0161koli i izvan nje. Budu\u0107i da je jezi\u010dna raznolikost alat za postizanje ve\u0107eg me\u0111ukulturnog razumijevanja i klju\u010dni \u010dimbenik bogate kulturne ba\u0161tine na\u0161eg kontinenta, Vije\u0107e Europe promi\u010de vi\u0161ejezi\u010dnost u cijeloj Europi. [&hellip;]<\/p>\n","protected":false},"author":11,"featured_media":26679,"comment_status":"closed","ping_status":"closed","sticky":false,"template":"","format":"standard","meta":{"footnotes":""},"categories":[4,209,214,2],"tags":[],"class_list":["post-26668","post","type-post","status-publish","format-standard","has-post-thumbnail","hentry","category-fotogalerije","category-natjecanja","category-natjecanja-2","category-vijesti"],"_links":{"self":[{"href":"https:\/\/katolicka-gimnazija.hr\/index.php\/wp-json\/wp\/v2\/posts\/26668","targetHints":{"allow":["GET"]}}],"collection":[{"href":"https:\/\/katolicka-gimnazija.hr\/index.php\/wp-json\/wp\/v2\/posts"}],"about":[{"href":"https:\/\/katolicka-gimnazija.hr\/index.php\/wp-json\/wp\/v2\/types\/post"}],"author":[{"embeddable":true,"href":"https:\/\/katolicka-gimnazija.hr\/index.php\/wp-json\/wp\/v2\/users\/11"}],"replies":[{"embeddable":true,"href":"https:\/\/katolicka-gimnazija.hr\/index.php\/wp-json\/wp\/v2\/comments?post=26668"}],"version-history":[{"count":3,"href":"https:\/\/katolicka-gimnazija.hr\/index.php\/wp-json\/wp\/v2\/posts\/26668\/revisions"}],"predecessor-version":[{"id":26698,"href":"https:\/\/katolicka-gimnazija.hr\/index.php\/wp-json\/wp\/v2\/posts\/26668\/revisions\/26698"}],"wp:featuredmedia":[{"embeddable":true,"href":"https:\/\/katolicka-gimnazija.hr\/index.php\/wp-json\/wp\/v2\/media\/26679"}],"wp:attachment":[{"href":"https:\/\/katolicka-gimnazija.hr\/index.php\/wp-json\/wp\/v2\/media?parent=26668"}],"wp:term":[{"taxonomy":"category","embeddable":true,"href":"https:\/\/katolicka-gimnazija.hr\/index.php\/wp-json\/wp\/v2\/categories?post=26668"},{"taxonomy":"post_tag","embeddable":true,"href":"https:\/\/katolicka-gimnazija.hr\/index.php\/wp-json\/wp\/v2\/tags?post=26668"}],"curies":[{"name":"wp","href":"https:\/\/api.w.org\/{rel}","templated":true}]}}