{"id":27250,"date":"2022-11-20T10:17:00","date_gmt":"2022-11-20T10:17:00","guid":{"rendered":"http:\/\/katolicka-gimnazija.hr\/?p=27250"},"modified":"2022-11-20T10:17:00","modified_gmt":"2022-11-20T10:17:00","slug":"vrt-u-boci","status":"publish","type":"post","link":"https:\/\/katolicka-gimnazija.hr\/index.php\/2022\/11\/20\/vrt-u-boci\/","title":{"rendered":"VRT U BOCI"},"content":{"rendered":"<p>14. i 17. studenog 2022. godine u sklopu obrade nastavne teme <em>Organizacija i funkcioniranje ekosustava<\/em> u\u010denici 1. a i 1. b razreda zasadili su uz pomo\u0107 profesorice iz biologije i kemije Martine Franji\u0107 vrt u boci. Rije\u010d je o radu koji bi trebao kroz vi\u0161e godina stvoriti svoj vlastiti mini- ekosustav u boci. Zasa\u0111eno je nekoliko biljaka (\u010duvarku\u0107a, mahovine, kaktusi) i sjemenki (grah i p\u0161enica), zaliveno vodom i zatvoreno \u010depom. U tlu koje je stavljeno u bocu nalaze se mineralne tvari te <a href=\"http:\/\/katolicka-gimnazija.hr\/wp-content\/uploads\/2022\/11\/MicrosoftTeams-image-34.jpg\"><img loading=\"lazy\" decoding=\"async\" class=\"size-medium wp-image-27258 alignright\" src=\"http:\/\/katolicka-gimnazija.hr\/wp-content\/uploads\/2022\/11\/MicrosoftTeams-image-34-225x300.jpg\" alt=\"\" width=\"225\" height=\"300\" srcset=\"https:\/\/katolicka-gimnazija.hr\/wp-content\/uploads\/2022\/11\/MicrosoftTeams-image-34-225x300.jpg 225w, https:\/\/katolicka-gimnazija.hr\/wp-content\/uploads\/2022\/11\/MicrosoftTeams-image-34-768x1024.jpg 768w, https:\/\/katolicka-gimnazija.hr\/wp-content\/uploads\/2022\/11\/MicrosoftTeams-image-34-1152x1536.jpg 1152w, https:\/\/katolicka-gimnazija.hr\/wp-content\/uploads\/2022\/11\/MicrosoftTeams-image-34.jpg 1247w\" sizes=\"auto, (max-width: 225px) 100vw, 225px\" \/><\/a>bakterije i gljivice koje obavljaju ulogu razlaga\u010da. Biljke iz tla uzimaju vodu i mineralne tvari, iz zraka kroz li\u0161\u0107e ugljikov dioksid i uz pomo\u0107 sun\u010deve svjetlosti koja prodire kroz staklo boce, stvaraju \u0161e\u0107er glukozu i kisik. Taj se proces zove fotosinteza. Biljke tijekom dana stvaraju dovoljno kisika da mogu disati tijekom dana (kada istovremeno vr\u0161e fotosintezu) i tijekom no\u0107i kada se fotosinteza ne mo\u017ee odvijati zbog nedostatka sun\u010deve svjetlosti. Kroz fotosintezu, biljka dobiva energiju potrebnu za rast. Di\u0161u\u0107i, biljka u svojim stanicama procesom biolo\u0161ke oksidacije stvara ugljikov dioksid (kojeg opet koristi u procesu fotosinteze) i vodu. Ta vlaga se nakuplja na stijenkama boce i kondenzira na biljku. Li\u0161\u0107e i ostaci uginulih biljaka koji padnu na dno boce trunu i proizvode dodatne koli\u010dine ugljikova dioksida koji se tako\u0111er koriste u procesu fotosinteze. Na taj na\u010din bi se ovi procesi trebali mo\u0107i odvijati sve dok biljke ne prerastu prostor u kojemu \u017eive. Iako, naravno, to je ograni\u010deno potrebnom koli\u010dinom tvari koje biljke trebaju za rast. Osim biljkama, u\u010dionica 1. b razreda postala je dom ribicama, vodenim i kopnenim pu\u017eevima koji \u0107e s na\u0161im u\u010denicima dijeliti sve lijepe, ali i one malo manje lijepe trenutke.<\/p>\n<p>Martina Franji\u0107, prof.<\/p>\n<p><strong>Jeste li znali?<\/strong><\/p>\n<p><strong>Ovim radom ponovljen je pokus Davida Latimera. Naime, kad je David Latimer posadio sjeme u staklenoj boci na Uskrs 1960. godine iz \u010diste znati\u017eelje, nije imao pojma da \u0107e se pretvoriti u gusto zelenilo koje \u0107e bujati narednih nekoliko desetlje\u0107a. Sada, vi\u0161e od pola stolje\u0107a kasnije, \u201evrt\u201c u ovoj zatvorenoj boci uspijeva bolje no ikad, ispunjavaju\u0107i je bogatim biljnim \u017eivotom \u2013 i to unato\u010d \u010dinjenici da ga Latimer nije zalijevao od 1972. godine. Nakon \u0161to je stavio ne\u0161to gnojiva u bocu, Latimer je pomo\u0107u \u017eice zasadio sjeme puzavca i dodao malo vode. Bocu je zatvorio, stavio je na sunce i otada fotosinteza \u010dini svoje. Od 1972. godine kad ju je Latimer posljednji put zalio, biljka ne dobiva svje\u017e zrak i vodu, no ipak je uspjela stvoriti vlastiti samoodr\u017eivi ekosustav. Kroz fotosintezu, biljka dobiva energiju potrebnu za rast apsorbiraju\u0107i sun\u010devu svjetlost. U tom se procesu tako\u0111er stvaraju vlaga i kisik; vlaga se nakuplja i zatim ponovno \u201eki\u0161i\u201c dolje na biljku. Li\u0161\u0107e koje padne na dno boce trune i proizvodi ugljikov dioksid potreban za fotosintezu. Zapanjuju\u0107e je kako s malo sun\u010deve svjetlosti biljke mogu rasti, \u010dak i u ovakvim uvjetima, stvaraju\u0107i mikro verziju Zemlje u boci. 80-godi\u0161nji Latimer nada se da \u0107e njegova djeca nastaviti s eksperimentom i nakon njegove smrti.<\/strong><\/p>\n<p><strong>(Izvor: <\/strong><a href=\"https:\/\/geek.hr\/znanost\/clanak\/zapanjujuci-primjer-fotosinteze-vrt-u-zatvorenoj-boci-nije-zalijevan-preko-40-godina\/\"><strong>https:\/\/geek.hr\/znanost\/clanak\/zapanjujuci-primjer-fotosinteze-vrt-u-zatvorenoj-boci-nije-zalijevan-preko-40-godina\/<\/strong><\/a><strong>).<\/strong><\/p>\n<div id='gallery-1' class='gallery galleryid-27250 gallery-columns-3 gallery-size-medium'><figure class='gallery-item'>\n\t\t\t<div class='gallery-icon landscape'>\n\t\t\t\t<a href='https:\/\/katolicka-gimnazija.hr\/wp-content\/uploads\/2022\/11\/MicrosoftTeams-image-37.jpg'><img loading=\"lazy\" decoding=\"async\" width=\"300\" height=\"225\" src=\"https:\/\/katolicka-gimnazija.hr\/wp-content\/uploads\/2022\/11\/MicrosoftTeams-image-37-300x225.jpg\" class=\"attachment-medium size-medium\" alt=\"\" srcset=\"https:\/\/katolicka-gimnazija.hr\/wp-content\/uploads\/2022\/11\/MicrosoftTeams-image-37-300x225.jpg 300w, https:\/\/katolicka-gimnazija.hr\/wp-content\/uploads\/2022\/11\/MicrosoftTeams-image-37-1024x768.jpg 1024w, https:\/\/katolicka-gimnazija.hr\/wp-content\/uploads\/2022\/11\/MicrosoftTeams-image-37-768x576.jpg 768w, https:\/\/katolicka-gimnazija.hr\/wp-content\/uploads\/2022\/11\/MicrosoftTeams-image-37-1536x1152.jpg 1536w, https:\/\/katolicka-gimnazija.hr\/wp-content\/uploads\/2022\/11\/MicrosoftTeams-image-37-400x300.jpg 400w, https:\/\/katolicka-gimnazija.hr\/wp-content\/uploads\/2022\/11\/MicrosoftTeams-image-37.jpg 1663w\" sizes=\"auto, (max-width: 300px) 100vw, 300px\" \/><\/a>\n\t\t\t<\/div><\/figure><figure class='gallery-item'>\n\t\t\t<div class='gallery-icon landscape'>\n\t\t\t\t<a href='https:\/\/katolicka-gimnazija.hr\/wp-content\/uploads\/2022\/11\/MicrosoftTeams-image-39.jpg'><img loading=\"lazy\" decoding=\"async\" width=\"300\" height=\"225\" src=\"https:\/\/katolicka-gimnazija.hr\/wp-content\/uploads\/2022\/11\/MicrosoftTeams-image-39-300x225.jpg\" class=\"attachment-medium size-medium\" alt=\"\" srcset=\"https:\/\/katolicka-gimnazija.hr\/wp-content\/uploads\/2022\/11\/MicrosoftTeams-image-39-300x225.jpg 300w, https:\/\/katolicka-gimnazija.hr\/wp-content\/uploads\/2022\/11\/MicrosoftTeams-image-39-1024x768.jpg 1024w, https:\/\/katolicka-gimnazija.hr\/wp-content\/uploads\/2022\/11\/MicrosoftTeams-image-39-768x576.jpg 768w, https:\/\/katolicka-gimnazija.hr\/wp-content\/uploads\/2022\/11\/MicrosoftTeams-image-39-1536x1152.jpg 1536w, https:\/\/katolicka-gimnazija.hr\/wp-content\/uploads\/2022\/11\/MicrosoftTeams-image-39-400x300.jpg 400w, https:\/\/katolicka-gimnazija.hr\/wp-content\/uploads\/2022\/11\/MicrosoftTeams-image-39.jpg 1663w\" sizes=\"auto, (max-width: 300px) 100vw, 300px\" \/><\/a>\n\t\t\t<\/div><\/figure><figure class='gallery-item'>\n\t\t\t<div class='gallery-icon portrait'>\n\t\t\t\t<a href='https:\/\/katolicka-gimnazija.hr\/wp-content\/uploads\/2022\/11\/MicrosoftTeams-image-33.jpg'><img loading=\"lazy\" decoding=\"async\" width=\"225\" height=\"300\" src=\"https:\/\/katolicka-gimnazija.hr\/wp-content\/uploads\/2022\/11\/MicrosoftTeams-image-33-225x300.jpg\" class=\"attachment-medium size-medium\" alt=\"\" srcset=\"https:\/\/katolicka-gimnazija.hr\/wp-content\/uploads\/2022\/11\/MicrosoftTeams-image-33-225x300.jpg 225w, https:\/\/katolicka-gimnazija.hr\/wp-content\/uploads\/2022\/11\/MicrosoftTeams-image-33-768x1024.jpg 768w, https:\/\/katolicka-gimnazija.hr\/wp-content\/uploads\/2022\/11\/MicrosoftTeams-image-33-1152x1536.jpg 1152w, https:\/\/katolicka-gimnazija.hr\/wp-content\/uploads\/2022\/11\/MicrosoftTeams-image-33.jpg 1247w\" sizes=\"auto, (max-width: 225px) 100vw, 225px\" \/><\/a>\n\t\t\t<\/div><\/figure><figure class='gallery-item'>\n\t\t\t<div class='gallery-icon landscape'>\n\t\t\t\t<a href='https:\/\/katolicka-gimnazija.hr\/wp-content\/uploads\/2022\/11\/MicrosoftTeams-image-40.jpg'><img loading=\"lazy\" decoding=\"async\" width=\"300\" height=\"225\" src=\"https:\/\/katolicka-gimnazija.hr\/wp-content\/uploads\/2022\/11\/MicrosoftTeams-image-40-300x225.jpg\" class=\"attachment-medium size-medium\" alt=\"\" srcset=\"https:\/\/katolicka-gimnazija.hr\/wp-content\/uploads\/2022\/11\/MicrosoftTeams-image-40-300x225.jpg 300w, https:\/\/katolicka-gimnazija.hr\/wp-content\/uploads\/2022\/11\/MicrosoftTeams-image-40-1024x768.jpg 1024w, https:\/\/katolicka-gimnazija.hr\/wp-content\/uploads\/2022\/11\/MicrosoftTeams-image-40-768x576.jpg 768w, https:\/\/katolicka-gimnazija.hr\/wp-content\/uploads\/2022\/11\/MicrosoftTeams-image-40-1536x1152.jpg 1536w, https:\/\/katolicka-gimnazija.hr\/wp-content\/uploads\/2022\/11\/MicrosoftTeams-image-40-400x300.jpg 400w, https:\/\/katolicka-gimnazija.hr\/wp-content\/uploads\/2022\/11\/MicrosoftTeams-image-40.jpg 1663w\" sizes=\"auto, (max-width: 300px) 100vw, 300px\" \/><\/a>\n\t\t\t<\/div><\/figure><figure class='gallery-item'>\n\t\t\t<div class='gallery-icon portrait'>\n\t\t\t\t<a href='https:\/\/katolicka-gimnazija.hr\/wp-content\/uploads\/2022\/11\/MicrosoftTeams-image-34.jpg'><img loading=\"lazy\" decoding=\"async\" width=\"225\" height=\"300\" src=\"https:\/\/katolicka-gimnazija.hr\/wp-content\/uploads\/2022\/11\/MicrosoftTeams-image-34-225x300.jpg\" class=\"attachment-medium size-medium\" alt=\"\" srcset=\"https:\/\/katolicka-gimnazija.hr\/wp-content\/uploads\/2022\/11\/MicrosoftTeams-image-34-225x300.jpg 225w, https:\/\/katolicka-gimnazija.hr\/wp-content\/uploads\/2022\/11\/MicrosoftTeams-image-34-768x1024.jpg 768w, https:\/\/katolicka-gimnazija.hr\/wp-content\/uploads\/2022\/11\/MicrosoftTeams-image-34-1152x1536.jpg 1152w, https:\/\/katolicka-gimnazija.hr\/wp-content\/uploads\/2022\/11\/MicrosoftTeams-image-34.jpg 1247w\" sizes=\"auto, (max-width: 225px) 100vw, 225px\" \/><\/a>\n\t\t\t<\/div><\/figure><figure class='gallery-item'>\n\t\t\t<div class='gallery-icon portrait'>\n\t\t\t\t<a href='https:\/\/katolicka-gimnazija.hr\/wp-content\/uploads\/2022\/11\/MicrosoftTeams-image-31.jpg'><img loading=\"lazy\" decoding=\"async\" width=\"225\" height=\"300\" src=\"https:\/\/katolicka-gimnazija.hr\/wp-content\/uploads\/2022\/11\/MicrosoftTeams-image-31-225x300.jpg\" class=\"attachment-medium size-medium\" alt=\"\" srcset=\"https:\/\/katolicka-gimnazija.hr\/wp-content\/uploads\/2022\/11\/MicrosoftTeams-image-31-225x300.jpg 225w, https:\/\/katolicka-gimnazija.hr\/wp-content\/uploads\/2022\/11\/MicrosoftTeams-image-31-768x1024.jpg 768w, https:\/\/katolicka-gimnazija.hr\/wp-content\/uploads\/2022\/11\/MicrosoftTeams-image-31-1152x1536.jpg 1152w, https:\/\/katolicka-gimnazija.hr\/wp-content\/uploads\/2022\/11\/MicrosoftTeams-image-31.jpg 1247w\" sizes=\"auto, (max-width: 225px) 100vw, 225px\" \/><\/a>\n\t\t\t<\/div><\/figure><figure class='gallery-item'>\n\t\t\t<div class='gallery-icon portrait'>\n\t\t\t\t<a href='https:\/\/katolicka-gimnazija.hr\/wp-content\/uploads\/2022\/11\/MicrosoftTeams-image-4.jpg'><img loading=\"lazy\" decoding=\"async\" width=\"225\" height=\"300\" src=\"https:\/\/katolicka-gimnazija.hr\/wp-content\/uploads\/2022\/11\/MicrosoftTeams-image-4-225x300.jpg\" class=\"attachment-medium size-medium\" alt=\"\" srcset=\"https:\/\/katolicka-gimnazija.hr\/wp-content\/uploads\/2022\/11\/MicrosoftTeams-image-4-225x300.jpg 225w, https:\/\/katolicka-gimnazija.hr\/wp-content\/uploads\/2022\/11\/MicrosoftTeams-image-4-768x1024.jpg 768w, https:\/\/katolicka-gimnazija.hr\/wp-content\/uploads\/2022\/11\/MicrosoftTeams-image-4-1152x1536.jpg 1152w, https:\/\/katolicka-gimnazija.hr\/wp-content\/uploads\/2022\/11\/MicrosoftTeams-image-4-1536x2048.jpg 1536w, https:\/\/katolicka-gimnazija.hr\/wp-content\/uploads\/2022\/11\/MicrosoftTeams-image-4.jpg 1734w\" sizes=\"auto, (max-width: 225px) 100vw, 225px\" \/><\/a>\n\t\t\t<\/div><\/figure><figure class='gallery-item'>\n\t\t\t<div class='gallery-icon portrait'>\n\t\t\t\t<a href='https:\/\/katolicka-gimnazija.hr\/wp-content\/uploads\/2022\/11\/MicrosoftTeams-image-5.jpg'><img loading=\"lazy\" decoding=\"async\" width=\"225\" height=\"300\" src=\"https:\/\/katolicka-gimnazija.hr\/wp-content\/uploads\/2022\/11\/MicrosoftTeams-image-5-225x300.jpg\" class=\"attachment-medium size-medium\" alt=\"\" srcset=\"https:\/\/katolicka-gimnazija.hr\/wp-content\/uploads\/2022\/11\/MicrosoftTeams-image-5-225x300.jpg 225w, https:\/\/katolicka-gimnazija.hr\/wp-content\/uploads\/2022\/11\/MicrosoftTeams-image-5-768x1024.jpg 768w, https:\/\/katolicka-gimnazija.hr\/wp-content\/uploads\/2022\/11\/MicrosoftTeams-image-5-1152x1536.jpg 1152w, https:\/\/katolicka-gimnazija.hr\/wp-content\/uploads\/2022\/11\/MicrosoftTeams-image-5-1536x2048.jpg 1536w, https:\/\/katolicka-gimnazija.hr\/wp-content\/uploads\/2022\/11\/MicrosoftTeams-image-5.jpg 1734w\" sizes=\"auto, (max-width: 225px) 100vw, 225px\" \/><\/a>\n\t\t\t<\/div><\/figure><figure class='gallery-item'>\n\t\t\t<div class='gallery-icon portrait'>\n\t\t\t\t<a href='https:\/\/katolicka-gimnazija.hr\/wp-content\/uploads\/2022\/11\/MicrosoftTeams-image-3.jpg'><img loading=\"lazy\" decoding=\"async\" width=\"225\" height=\"300\" src=\"https:\/\/katolicka-gimnazija.hr\/wp-content\/uploads\/2022\/11\/MicrosoftTeams-image-3-225x300.jpg\" class=\"attachment-medium size-medium\" alt=\"\" srcset=\"https:\/\/katolicka-gimnazija.hr\/wp-content\/uploads\/2022\/11\/MicrosoftTeams-image-3-225x300.jpg 225w, https:\/\/katolicka-gimnazija.hr\/wp-content\/uploads\/2022\/11\/MicrosoftTeams-image-3-768x1024.jpg 768w, https:\/\/katolicka-gimnazija.hr\/wp-content\/uploads\/2022\/11\/MicrosoftTeams-image-3-1152x1536.jpg 1152w, https:\/\/katolicka-gimnazija.hr\/wp-content\/uploads\/2022\/11\/MicrosoftTeams-image-3-1536x2048.jpg 1536w, https:\/\/katolicka-gimnazija.hr\/wp-content\/uploads\/2022\/11\/MicrosoftTeams-image-3.jpg 1734w\" sizes=\"auto, (max-width: 225px) 100vw, 225px\" \/><\/a>\n\t\t\t<\/div><\/figure><figure class='gallery-item'>\n\t\t\t<div class='gallery-icon portrait'>\n\t\t\t\t<a href='https:\/\/katolicka-gimnazija.hr\/wp-content\/uploads\/2022\/11\/MicrosoftTeams-image-30.jpg'><img loading=\"lazy\" decoding=\"async\" width=\"225\" height=\"300\" src=\"https:\/\/katolicka-gimnazija.hr\/wp-content\/uploads\/2022\/11\/MicrosoftTeams-image-30-225x300.jpg\" class=\"attachment-medium size-medium\" alt=\"\" srcset=\"https:\/\/katolicka-gimnazija.hr\/wp-content\/uploads\/2022\/11\/MicrosoftTeams-image-30-225x300.jpg 225w, https:\/\/katolicka-gimnazija.hr\/wp-content\/uploads\/2022\/11\/MicrosoftTeams-image-30-768x1024.jpg 768w, https:\/\/katolicka-gimnazija.hr\/wp-content\/uploads\/2022\/11\/MicrosoftTeams-image-30-1152x1536.jpg 1152w, https:\/\/katolicka-gimnazija.hr\/wp-content\/uploads\/2022\/11\/MicrosoftTeams-image-30-1536x2048.jpg 1536w, https:\/\/katolicka-gimnazija.hr\/wp-content\/uploads\/2022\/11\/MicrosoftTeams-image-30.jpg 1734w\" sizes=\"auto, (max-width: 225px) 100vw, 225px\" \/><\/a>\n\t\t\t<\/div><\/figure><figure class='gallery-item'>\n\t\t\t<div class='gallery-icon portrait'>\n\t\t\t\t<a href='https:\/\/katolicka-gimnazija.hr\/wp-content\/uploads\/2022\/11\/MicrosoftTeams-image-41.jpg'><img loading=\"lazy\" decoding=\"async\" width=\"225\" height=\"300\" src=\"https:\/\/katolicka-gimnazija.hr\/wp-content\/uploads\/2022\/11\/MicrosoftTeams-image-41-225x300.jpg\" class=\"attachment-medium size-medium\" alt=\"\" srcset=\"https:\/\/katolicka-gimnazija.hr\/wp-content\/uploads\/2022\/11\/MicrosoftTeams-image-41-225x300.jpg 225w, https:\/\/katolicka-gimnazija.hr\/wp-content\/uploads\/2022\/11\/MicrosoftTeams-image-41-768x1024.jpg 768w, https:\/\/katolicka-gimnazija.hr\/wp-content\/uploads\/2022\/11\/MicrosoftTeams-image-41-1152x1536.jpg 1152w, https:\/\/katolicka-gimnazija.hr\/wp-content\/uploads\/2022\/11\/MicrosoftTeams-image-41.jpg 1247w\" sizes=\"auto, (max-width: 225px) 100vw, 225px\" \/><\/a>\n\t\t\t<\/div><\/figure><figure class='gallery-item'>\n\t\t\t<div class='gallery-icon landscape'>\n\t\t\t\t<a href='https:\/\/katolicka-gimnazija.hr\/wp-content\/uploads\/2022\/11\/MicrosoftTeams-image-35.jpg'><img loading=\"lazy\" decoding=\"async\" width=\"300\" height=\"225\" src=\"https:\/\/katolicka-gimnazija.hr\/wp-content\/uploads\/2022\/11\/MicrosoftTeams-image-35-300x225.jpg\" class=\"attachment-medium size-medium\" alt=\"\" srcset=\"https:\/\/katolicka-gimnazija.hr\/wp-content\/uploads\/2022\/11\/MicrosoftTeams-image-35-300x225.jpg 300w, https:\/\/katolicka-gimnazija.hr\/wp-content\/uploads\/2022\/11\/MicrosoftTeams-image-35-1024x768.jpg 1024w, https:\/\/katolicka-gimnazija.hr\/wp-content\/uploads\/2022\/11\/MicrosoftTeams-image-35-768x576.jpg 768w, https:\/\/katolicka-gimnazija.hr\/wp-content\/uploads\/2022\/11\/MicrosoftTeams-image-35-1536x1152.jpg 1536w, https:\/\/katolicka-gimnazija.hr\/wp-content\/uploads\/2022\/11\/MicrosoftTeams-image-35-400x300.jpg 400w, https:\/\/katolicka-gimnazija.hr\/wp-content\/uploads\/2022\/11\/MicrosoftTeams-image-35.jpg 1663w\" sizes=\"auto, (max-width: 300px) 100vw, 300px\" \/><\/a>\n\t\t\t<\/div><\/figure><figure class='gallery-item'>\n\t\t\t<div class='gallery-icon landscape'>\n\t\t\t\t<a href='https:\/\/katolicka-gimnazija.hr\/wp-content\/uploads\/2022\/11\/MicrosoftTeams-image-36.jpg'><img loading=\"lazy\" decoding=\"async\" width=\"300\" height=\"225\" src=\"https:\/\/katolicka-gimnazija.hr\/wp-content\/uploads\/2022\/11\/MicrosoftTeams-image-36-300x225.jpg\" class=\"attachment-medium size-medium\" alt=\"\" srcset=\"https:\/\/katolicka-gimnazija.hr\/wp-content\/uploads\/2022\/11\/MicrosoftTeams-image-36-300x225.jpg 300w, https:\/\/katolicka-gimnazija.hr\/wp-content\/uploads\/2022\/11\/MicrosoftTeams-image-36-1024x768.jpg 1024w, https:\/\/katolicka-gimnazija.hr\/wp-content\/uploads\/2022\/11\/MicrosoftTeams-image-36-768x576.jpg 768w, https:\/\/katolicka-gimnazija.hr\/wp-content\/uploads\/2022\/11\/MicrosoftTeams-image-36-1536x1152.jpg 1536w, https:\/\/katolicka-gimnazija.hr\/wp-content\/uploads\/2022\/11\/MicrosoftTeams-image-36-400x300.jpg 400w, https:\/\/katolicka-gimnazija.hr\/wp-content\/uploads\/2022\/11\/MicrosoftTeams-image-36.jpg 1663w\" sizes=\"auto, (max-width: 300px) 100vw, 300px\" \/><\/a>\n\t\t\t<\/div><\/figure><figure class='gallery-item'>\n\t\t\t<div class='gallery-icon portrait'>\n\t\t\t\t<a href='https:\/\/katolicka-gimnazija.hr\/wp-content\/uploads\/2022\/11\/MicrosoftTeams-image-2.jpg'><img loading=\"lazy\" decoding=\"async\" width=\"225\" height=\"300\" src=\"https:\/\/katolicka-gimnazija.hr\/wp-content\/uploads\/2022\/11\/MicrosoftTeams-image-2-225x300.jpg\" class=\"attachment-medium size-medium\" alt=\"\" srcset=\"https:\/\/katolicka-gimnazija.hr\/wp-content\/uploads\/2022\/11\/MicrosoftTeams-image-2-225x300.jpg 225w, https:\/\/katolicka-gimnazija.hr\/wp-content\/uploads\/2022\/11\/MicrosoftTeams-image-2-768x1024.jpg 768w, https:\/\/katolicka-gimnazija.hr\/wp-content\/uploads\/2022\/11\/MicrosoftTeams-image-2-1152x1536.jpg 1152w, https:\/\/katolicka-gimnazija.hr\/wp-content\/uploads\/2022\/11\/MicrosoftTeams-image-2-1536x2048.jpg 1536w, https:\/\/katolicka-gimnazija.hr\/wp-content\/uploads\/2022\/11\/MicrosoftTeams-image-2.jpg 1734w\" sizes=\"auto, (max-width: 225px) 100vw, 225px\" \/><\/a>\n\t\t\t<\/div><\/figure><figure class='gallery-item'>\n\t\t\t<div class='gallery-icon landscape'>\n\t\t\t\t<a href='https:\/\/katolicka-gimnazija.hr\/wp-content\/uploads\/2022\/11\/MicrosoftTeams-image-38.jpg'><img loading=\"lazy\" decoding=\"async\" width=\"300\" height=\"225\" src=\"https:\/\/katolicka-gimnazija.hr\/wp-content\/uploads\/2022\/11\/MicrosoftTeams-image-38-300x225.jpg\" class=\"attachment-medium size-medium\" alt=\"\" srcset=\"https:\/\/katolicka-gimnazija.hr\/wp-content\/uploads\/2022\/11\/MicrosoftTeams-image-38-300x225.jpg 300w, https:\/\/katolicka-gimnazija.hr\/wp-content\/uploads\/2022\/11\/MicrosoftTeams-image-38-1024x768.jpg 1024w, https:\/\/katolicka-gimnazija.hr\/wp-content\/uploads\/2022\/11\/MicrosoftTeams-image-38-768x576.jpg 768w, https:\/\/katolicka-gimnazija.hr\/wp-content\/uploads\/2022\/11\/MicrosoftTeams-image-38-1536x1152.jpg 1536w, https:\/\/katolicka-gimnazija.hr\/wp-content\/uploads\/2022\/11\/MicrosoftTeams-image-38-400x300.jpg 400w, https:\/\/katolicka-gimnazija.hr\/wp-content\/uploads\/2022\/11\/MicrosoftTeams-image-38.jpg 1663w\" sizes=\"auto, (max-width: 300px) 100vw, 300px\" \/><\/a>\n\t\t\t<\/div><\/figure><figure class='gallery-item'>\n\t\t\t<div class='gallery-icon portrait'>\n\t\t\t\t<a href='https:\/\/katolicka-gimnazija.hr\/wp-content\/uploads\/2022\/11\/MicrosoftTeams-image-32.jpg'><img loading=\"lazy\" decoding=\"async\" width=\"225\" height=\"300\" src=\"https:\/\/katolicka-gimnazija.hr\/wp-content\/uploads\/2022\/11\/MicrosoftTeams-image-32-225x300.jpg\" class=\"attachment-medium size-medium\" alt=\"\" srcset=\"https:\/\/katolicka-gimnazija.hr\/wp-content\/uploads\/2022\/11\/MicrosoftTeams-image-32-225x300.jpg 225w, https:\/\/katolicka-gimnazija.hr\/wp-content\/uploads\/2022\/11\/MicrosoftTeams-image-32-768x1024.jpg 768w, https:\/\/katolicka-gimnazija.hr\/wp-content\/uploads\/2022\/11\/MicrosoftTeams-image-32-1152x1536.jpg 1152w, https:\/\/katolicka-gimnazija.hr\/wp-content\/uploads\/2022\/11\/MicrosoftTeams-image-32.jpg 1247w\" sizes=\"auto, (max-width: 225px) 100vw, 225px\" \/><\/a>\n\t\t\t<\/div><\/figure>\n\t\t<\/div>\n\n","protected":false},"excerpt":{"rendered":"<p>14. i 17. studenog 2022. godine u sklopu obrade nastavne teme Organizacija i funkcioniranje ekosustava u\u010denici 1. a i 1. b razreda zasadili su uz pomo\u0107 profesorice iz biologije i kemije Martine Franji\u0107 vrt u boci. Rije\u010d je o radu koji bi trebao kroz vi\u0161e godina stvoriti svoj vlastiti mini- ekosustav u boci. Zasa\u0111eno je [&hellip;]<\/p>\n","protected":false},"author":81,"featured_media":27252,"comment_status":"closed","ping_status":"closed","sticky":false,"template":"","format":"standard","meta":{"footnotes":""},"categories":[211,2],"tags":[],"class_list":["post-27250","post","type-post","status-publish","format-standard","has-post-thumbnail","hentry","category-predavanja","category-vijesti"],"_links":{"self":[{"href":"https:\/\/katolicka-gimnazija.hr\/index.php\/wp-json\/wp\/v2\/posts\/27250","targetHints":{"allow":["GET"]}}],"collection":[{"href":"https:\/\/katolicka-gimnazija.hr\/index.php\/wp-json\/wp\/v2\/posts"}],"about":[{"href":"https:\/\/katolicka-gimnazija.hr\/index.php\/wp-json\/wp\/v2\/types\/post"}],"author":[{"embeddable":true,"href":"https:\/\/katolicka-gimnazija.hr\/index.php\/wp-json\/wp\/v2\/users\/81"}],"replies":[{"embeddable":true,"href":"https:\/\/katolicka-gimnazija.hr\/index.php\/wp-json\/wp\/v2\/comments?post=27250"}],"version-history":[{"count":1,"href":"https:\/\/katolicka-gimnazija.hr\/index.php\/wp-json\/wp\/v2\/posts\/27250\/revisions"}],"predecessor-version":[{"id":27267,"href":"https:\/\/katolicka-gimnazija.hr\/index.php\/wp-json\/wp\/v2\/posts\/27250\/revisions\/27267"}],"wp:featuredmedia":[{"embeddable":true,"href":"https:\/\/katolicka-gimnazija.hr\/index.php\/wp-json\/wp\/v2\/media\/27252"}],"wp:attachment":[{"href":"https:\/\/katolicka-gimnazija.hr\/index.php\/wp-json\/wp\/v2\/media?parent=27250"}],"wp:term":[{"taxonomy":"category","embeddable":true,"href":"https:\/\/katolicka-gimnazija.hr\/index.php\/wp-json\/wp\/v2\/categories?post=27250"},{"taxonomy":"post_tag","embeddable":true,"href":"https:\/\/katolicka-gimnazija.hr\/index.php\/wp-json\/wp\/v2\/tags?post=27250"}],"curies":[{"name":"wp","href":"https:\/\/api.w.org\/{rel}","templated":true}]}}