{"id":27312,"date":"2022-11-29T12:02:39","date_gmt":"2022-11-29T12:02:39","guid":{"rendered":"https:\/\/katolicka-gimnazija.hr\/?p=27312"},"modified":"2022-11-29T21:17:56","modified_gmt":"2022-11-29T21:17:56","slug":"spd-pegaz-osvojio-vrh-vojak-na-uckoj","status":"publish","type":"post","link":"https:\/\/katolicka-gimnazija.hr\/index.php\/2022\/11\/29\/spd-pegaz-osvojio-vrh-vojak-na-uckoj\/","title":{"rendered":"Smotra \u0161kolskih zborova u Rijeci i \u0160PD &#8220;Pegaz&#8221; na U\u010dkoj"},"content":{"rendered":"<p><strong>Smotra srednjo\u0161kolskih zborova u\u010denika katoli\u010dkih \u0161kola<\/strong><\/p>\n<p>U subotu 26. studenog odr\u017eana je Smotra zborova u\u010denika katoli\u010dkih srednjih \u0161kola iz Hrvatske a kojoj je doma\u0107in bila <a href=\"http:\/\/katolicka-gimnazija.hr\/wp-content\/uploads\/2022\/11\/316688268_597726292354113_7724708559467317597_n.jpg\"><img loading=\"lazy\" decoding=\"async\" class=\"size-medium wp-image-27364 alignright\" src=\"http:\/\/katolicka-gimnazija.hr\/wp-content\/uploads\/2022\/11\/316688268_597726292354113_7724708559467317597_n-300x200.jpg\" alt=\"\" width=\"300\" height=\"200\" srcset=\"https:\/\/katolicka-gimnazija.hr\/wp-content\/uploads\/2022\/11\/316688268_597726292354113_7724708559467317597_n-300x200.jpg 300w, https:\/\/katolicka-gimnazija.hr\/wp-content\/uploads\/2022\/11\/316688268_597726292354113_7724708559467317597_n-1024x683.jpg 1024w, https:\/\/katolicka-gimnazija.hr\/wp-content\/uploads\/2022\/11\/316688268_597726292354113_7724708559467317597_n-768x512.jpg 768w, https:\/\/katolicka-gimnazija.hr\/wp-content\/uploads\/2022\/11\/316688268_597726292354113_7724708559467317597_n-1536x1024.jpg 1536w, https:\/\/katolicka-gimnazija.hr\/wp-content\/uploads\/2022\/11\/316688268_597726292354113_7724708559467317597_n-400x267.jpg 400w, https:\/\/katolicka-gimnazija.hr\/wp-content\/uploads\/2022\/11\/316688268_597726292354113_7724708559467317597_n.jpg 2048w\" sizes=\"auto, (max-width: 300px) 100vw, 300px\" \/><\/a>Salezijanska klasi\u010dna gimnazija iz Rijeke na \u010delu s ravnateljem don Danijelom Dragi\u010devi\u0107em. Na smotri su sudjelovali u\u010denici iz devet srednjih \u0161kola koji su do\u0161li iz Dubrovnika, Splita, Rijeke, Zagreba, Virovitice, Po\u017eege, Slavonskog Broda i Osijeka. Po dolasku u Rijeku u\u010denici su pristupili tonskoj probi nakon \u010dega su imali zajedni\u010dko misno slavlje koje je predvodio rije\u010dki nadbiskup Mate Uzini\u0107. Nakon svete mise uslijedio je i vrhunac dana, sama Smotra na kojoj su se na\u0161i u\u010denici pod vodstvom profesorice Marije Tonkovi\u0107 predstavili pjesmama Anima Christi (Marco Frisina) i Prva ljubav (Romana Bilaver). Slavljeni\u010dka ve\u010der zavr\u0161ila je agapeom, zajedni\u010dkom ve\u010derom na kojoj su se pridru\u017eili i \u010dlanovi \u0160PD-a &#8220;Pegaz&#8221; nakon \u010dega se dru\u017eenje nastavilo uz pjesmu i ples. Drugi je dan bio rezerviran za zajedni\u010dko sveto misno slavlje, koje \u0107e mnogi zbora\u0161i jo\u0161 dugo pamtiti, te posjet trsatskom sveti\u0161tu kojim ih je proveo fra Gabrijel Bo\u0161njak.<\/p>\n<p style=\"text-align: right;\">Miroslav Pauli\u0107<\/p>\n<p><strong>Od Poklona do Vojaka<\/strong><\/p>\n<p>\u010clanovi \u0160kolskog planinarskog dru\u0161tva Pegaz, zajedno sa zbora\u0161ima KG-a, ovaj su vikend proveli na zapadu Hrvatske. U ranojutarnjim satima, 26. studenoga zaputili smo se prema Rijeci s Autobusnog kolodvora u Po\u017eegi. Po\u010detak putovanja uglavnom smo proveli spavaju\u0107i, no taj mir i ti\u0161ina nisu dugo trajali. Ubrzo je zapo\u010dela pjesma kojoj su se rado pridru\u017eili i na\u0161i profesori. Dobra atmosfera nastavila se skroz do odmarali\u0161ta Ravna gore gdje je postala jo\u0161 bolja. Naime, odmarali\u0161te je pokrio snje\u017eno bijeli pokriva\u010d zbog kojeg smo sve vrijeme pauze potro\u0161ili na grudanje. Zbora\u0161e smo ostavili u Rijeci, a na\u0161e se putovanje nastavilo do Parka prirode U\u010dka.<\/p>\n<p><a href=\"http:\/\/katolicka-gimnazija.hr\/wp-content\/uploads\/2022\/11\/316701170_897786678296074_3784366904784989462_n.jpg\"><img loading=\"lazy\" decoding=\"async\" class=\"size-medium wp-image-27328 alignright\" src=\"http:\/\/katolicka-gimnazija.hr\/wp-content\/uploads\/2022\/11\/316701170_897786678296074_3784366904784989462_n-300x225.jpg\" alt=\"\" width=\"300\" height=\"225\" srcset=\"https:\/\/katolicka-gimnazija.hr\/wp-content\/uploads\/2022\/11\/316701170_897786678296074_3784366904784989462_n-300x225.jpg 300w, https:\/\/katolicka-gimnazija.hr\/wp-content\/uploads\/2022\/11\/316701170_897786678296074_3784366904784989462_n-1024x768.jpg 1024w, https:\/\/katolicka-gimnazija.hr\/wp-content\/uploads\/2022\/11\/316701170_897786678296074_3784366904784989462_n-768x576.jpg 768w, https:\/\/katolicka-gimnazija.hr\/wp-content\/uploads\/2022\/11\/316701170_897786678296074_3784366904784989462_n-1536x1152.jpg 1536w, https:\/\/katolicka-gimnazija.hr\/wp-content\/uploads\/2022\/11\/316701170_897786678296074_3784366904784989462_n-400x300.jpg 400w, https:\/\/katolicka-gimnazija.hr\/wp-content\/uploads\/2022\/11\/316701170_897786678296074_3784366904784989462_n.jpg 1600w\" sizes=\"auto, (max-width: 300px) 100vw, 300px\" \/><\/a>Prva nam je stanica bio Planinarski dom \u201cPoklon\u201d gdje nas je g\u0111a Jelena upoznala s povije\u0161\u0107u planinarskog doma i parka prirode te nas uputila prema jednom od najpopularnijih vrhova U\u010dke \u2013 Vojaku. Po\u010detak penjanja bio je naporan i izazovan, ali s dobrom ekipom i pogledom na Jadran, to\u010dnije Kvarnerski zaljev s Rijekom, sve je lak\u0161e. Cijelim putem susretali smo druge planinare koji su nas pozdravljali sa smije\u0161kom i promatrali pomalo za\u010du\u0111enih pogleda jer je rijetko vidjeti skupinu mladih ljudi voljnih za planinarenje. Put do vrha bio je pun razgovora i smijeha usprkos svim pote\u0161ko\u0107a na koje smo nai\u0161li. Nakon sat i pol vremena napokon smo osvojili Vojak. Iako nas je bura poprili\u010dno &#8216;\u0161ibala&#8217; cijelim usponom, taj pogled sa 1448 mNV bio je neopisiv, daju\u0107i nam pobjedni\u010dki vjetar u le\u0111a, doslovno i metafori\u010dki.<\/p>\n<p>Slijedilo je spu\u0161tanje. Kojih 500 m strmine, o\u0161troga kamenja i meke trave bili su doista izazovni, no definitivno zanimljivi zbog \u00a0\u010dega nam se raspolo\u017eenje jo\u0161 vi\u0161e podiglo. Hodanje \u0161umom kroz \u010dije kro\u0161nje prolaze zrake zalaska sunca zlatnocrvene boje pru\u017eilo nam je, nakon one hladno\u0107e i prepreka, ugodu kao poklon za dobro obavljen rad. Taj zalazak bio nam je dokaz da bez obzira na te\u0161ko\u0107e svaki dan mo\u017ee zavr\u0161iti prelijepo, a to na\u0161e planinarenje doista je. Po dolasku s planine zaputili smo se prema franjeva\u010dkom samostanu na Trsatu gdje smo se brzo raspremili te uputili prema rije\u010dkoj Salezijanskoj gimnaziji gdje su bili i na\u0161i zbora\u0161i i na\u0161a ve\u010dera. Ve\u010deru smo zavr\u0161ili rastankom od zbora\u0161a i polaskom na put prema gradskom korzu na koji nas je odvela na\u0161a biv\u0161a u\u010denica Nora. Pro\u0161li smo blagdanski ukra\u0161enom Rijekom, usput zastali i na kavu s profesorom te se pje\u0161ice uputili prema Trsatu. Trsatskih stuba bilo je poprili\u010dno dosta, no uz dobro dru\u0161tvo i poneku utrku i na taj vrhu smo uspje\u0161no stigli. Na kraju te subote do\u0161lo je vrijeme i za odmor, a spavali smo u dvorani pastoralnog centra, tj. Auli pape Ivana Pavla II. u vre\u0107ama. Iako sigurno zvu\u010di hladno i neudobno, to iskustvo zaista je bilo jedno od najboljih koje \u0107emo svi pamtiti po malim, ali nezaboravnim trenutcima smijeha i zabave te kasnog dru\u017eenja i povezivanja.<\/p>\n<p><a href=\"http:\/\/katolicka-gimnazija.hr\/wp-content\/uploads\/2022\/11\/316976084_3274694159413769_3565220712713629905_n.jpg\"><img loading=\"lazy\" decoding=\"async\" class=\"size-medium wp-image-27319 alignleft\" src=\"http:\/\/katolicka-gimnazija.hr\/wp-content\/uploads\/2022\/11\/316976084_3274694159413769_3565220712713629905_n-300x225.jpg\" alt=\"\" width=\"300\" height=\"225\" srcset=\"https:\/\/katolicka-gimnazija.hr\/wp-content\/uploads\/2022\/11\/316976084_3274694159413769_3565220712713629905_n-300x225.jpg 300w, https:\/\/katolicka-gimnazija.hr\/wp-content\/uploads\/2022\/11\/316976084_3274694159413769_3565220712713629905_n-1024x768.jpg 1024w, https:\/\/katolicka-gimnazija.hr\/wp-content\/uploads\/2022\/11\/316976084_3274694159413769_3565220712713629905_n-768x576.jpg 768w, https:\/\/katolicka-gimnazija.hr\/wp-content\/uploads\/2022\/11\/316976084_3274694159413769_3565220712713629905_n-1536x1152.jpg 1536w, https:\/\/katolicka-gimnazija.hr\/wp-content\/uploads\/2022\/11\/316976084_3274694159413769_3565220712713629905_n-400x300.jpg 400w, https:\/\/katolicka-gimnazija.hr\/wp-content\/uploads\/2022\/11\/316976084_3274694159413769_3565220712713629905_n.jpg 1600w\" sizes=\"auto, (max-width: 300px) 100vw, 300px\" \/><\/a><\/p>\n<p><strong>Trsatsko sveti\u0161te<\/strong><\/p>\n<p>Bu\u0111enje je bilo ne\u0161to manje zanimljivo nakon slabo prospavane no\u0107i, no kava i doru\u010dak iz obli\u017enje pekarnice popravili su nam raspolo\u017eenje. Misa predvo\u0111ena gvardijanom i upraviteljem sveti\u0161ta fra Krunoslavom Kocijanom i na\u0161im vl\u010d. Tomislavom Dokozom bila je predivno iskustvo. Crkva Gospe Trsatske prelijepa je i izvana i iznutra, a isto tako pri\u010da mnoge pri\u010de koje nam je vrlo rado ispri\u010dao pater Gabrijel. Sveti\u0161te Majke Bo\u017eje Trsatske ostalo mi je u posebnom sje\u0107anju, sve slike, krunice i ostale uspomene koje ljudi donose u zahvalu imaju veliku sentimentalnu i duhovnu vrijednost, a vidjeti sve te usli\u0161ane molitve uistinu je neopisiv osje\u0107aj koji svima koji do\u0111u pru\u017ea osje\u0107aj sigurnosti i olak\u0161anja. Pokraj crkve je kri\u017eni put kojim smo svi zajedno pro\u0161li i na \u010dijem smo vrhu zastali i u\u017eivali u pogledu. Put prema ku\u0107i pro\u0161ao je u odli\u010dnoj atmosferi zahvaljuju\u0107i pjesmama i pripremama za gledanje nogometne utakmice izme\u0111u Hrvatske i Kanade.<\/p>\n<div id='gallery-1' class='gallery galleryid-27312 gallery-columns-3 gallery-size-medium'><figure class='gallery-item'>\n\t\t\t<div class='gallery-icon landscape'>\n\t\t\t\t<a href='https:\/\/katolicka-gimnazija.hr\/wp-content\/uploads\/2022\/11\/317095046_597725299020879_4528489023206913101_n.jpg'><img loading=\"lazy\" decoding=\"async\" width=\"300\" height=\"200\" src=\"https:\/\/katolicka-gimnazija.hr\/wp-content\/uploads\/2022\/11\/317095046_597725299020879_4528489023206913101_n-300x200.jpg\" class=\"attachment-medium size-medium\" alt=\"\" srcset=\"https:\/\/katolicka-gimnazija.hr\/wp-content\/uploads\/2022\/11\/317095046_597725299020879_4528489023206913101_n-300x200.jpg 300w, https:\/\/katolicka-gimnazija.hr\/wp-content\/uploads\/2022\/11\/317095046_597725299020879_4528489023206913101_n-1024x683.jpg 1024w, https:\/\/katolicka-gimnazija.hr\/wp-content\/uploads\/2022\/11\/317095046_597725299020879_4528489023206913101_n-768x512.jpg 768w, https:\/\/katolicka-gimnazija.hr\/wp-content\/uploads\/2022\/11\/317095046_597725299020879_4528489023206913101_n-1536x1024.jpg 1536w, https:\/\/katolicka-gimnazija.hr\/wp-content\/uploads\/2022\/11\/317095046_597725299020879_4528489023206913101_n-400x267.jpg 400w, https:\/\/katolicka-gimnazija.hr\/wp-content\/uploads\/2022\/11\/317095046_597725299020879_4528489023206913101_n.jpg 2048w\" sizes=\"auto, (max-width: 300px) 100vw, 300px\" \/><\/a>\n\t\t\t<\/div><\/figure><figure class='gallery-item'>\n\t\t\t<div class='gallery-icon landscape'>\n\t\t\t\t<a href='https:\/\/katolicka-gimnazija.hr\/wp-content\/uploads\/2022\/11\/317381991_597721922354550_4404812205286795007_n.jpg'><img loading=\"lazy\" decoding=\"async\" width=\"300\" height=\"183\" src=\"https:\/\/katolicka-gimnazija.hr\/wp-content\/uploads\/2022\/11\/317381991_597721922354550_4404812205286795007_n-300x183.jpg\" class=\"attachment-medium size-medium\" alt=\"\" srcset=\"https:\/\/katolicka-gimnazija.hr\/wp-content\/uploads\/2022\/11\/317381991_597721922354550_4404812205286795007_n-300x183.jpg 300w, https:\/\/katolicka-gimnazija.hr\/wp-content\/uploads\/2022\/11\/317381991_597721922354550_4404812205286795007_n-1024x626.jpg 1024w, https:\/\/katolicka-gimnazija.hr\/wp-content\/uploads\/2022\/11\/317381991_597721922354550_4404812205286795007_n-768x469.jpg 768w, https:\/\/katolicka-gimnazija.hr\/wp-content\/uploads\/2022\/11\/317381991_597721922354550_4404812205286795007_n-1536x938.jpg 1536w, https:\/\/katolicka-gimnazija.hr\/wp-content\/uploads\/2022\/11\/317381991_597721922354550_4404812205286795007_n-400x244.jpg 400w, https:\/\/katolicka-gimnazija.hr\/wp-content\/uploads\/2022\/11\/317381991_597721922354550_4404812205286795007_n.jpg 2048w\" sizes=\"auto, (max-width: 300px) 100vw, 300px\" \/><\/a>\n\t\t\t<\/div><\/figure><figure class='gallery-item'>\n\t\t\t<div class='gallery-icon landscape'>\n\t\t\t\t<a href='https:\/\/katolicka-gimnazija.hr\/wp-content\/uploads\/2022\/11\/316592484_670167207974170_6749192753945265270_n.jpg'><img loading=\"lazy\" decoding=\"async\" width=\"300\" height=\"225\" src=\"https:\/\/katolicka-gimnazija.hr\/wp-content\/uploads\/2022\/11\/316592484_670167207974170_6749192753945265270_n-300x225.jpg\" class=\"attachment-medium size-medium\" alt=\"\" srcset=\"https:\/\/katolicka-gimnazija.hr\/wp-content\/uploads\/2022\/11\/316592484_670167207974170_6749192753945265270_n-300x225.jpg 300w, https:\/\/katolicka-gimnazija.hr\/wp-content\/uploads\/2022\/11\/316592484_670167207974170_6749192753945265270_n-1024x768.jpg 1024w, https:\/\/katolicka-gimnazija.hr\/wp-content\/uploads\/2022\/11\/316592484_670167207974170_6749192753945265270_n-768x576.jpg 768w, https:\/\/katolicka-gimnazija.hr\/wp-content\/uploads\/2022\/11\/316592484_670167207974170_6749192753945265270_n-1536x1152.jpg 1536w, https:\/\/katolicka-gimnazija.hr\/wp-content\/uploads\/2022\/11\/316592484_670167207974170_6749192753945265270_n-400x300.jpg 400w, https:\/\/katolicka-gimnazija.hr\/wp-content\/uploads\/2022\/11\/316592484_670167207974170_6749192753945265270_n.jpg 1600w\" sizes=\"auto, (max-width: 300px) 100vw, 300px\" \/><\/a>\n\t\t\t<\/div><\/figure><figure class='gallery-item'>\n\t\t\t<div class='gallery-icon portrait'>\n\t\t\t\t<a href='https:\/\/katolicka-gimnazija.hr\/wp-content\/uploads\/2022\/11\/316471806_432331139116423_4884423604450300376_n.jpg'><img loading=\"lazy\" decoding=\"async\" width=\"225\" height=\"300\" src=\"https:\/\/katolicka-gimnazija.hr\/wp-content\/uploads\/2022\/11\/316471806_432331139116423_4884423604450300376_n-225x300.jpg\" class=\"attachment-medium size-medium\" alt=\"\" srcset=\"https:\/\/katolicka-gimnazija.hr\/wp-content\/uploads\/2022\/11\/316471806_432331139116423_4884423604450300376_n-225x300.jpg 225w, https:\/\/katolicka-gimnazija.hr\/wp-content\/uploads\/2022\/11\/316471806_432331139116423_4884423604450300376_n-768x1024.jpg 768w, https:\/\/katolicka-gimnazija.hr\/wp-content\/uploads\/2022\/11\/316471806_432331139116423_4884423604450300376_n-1152x1536.jpg 1152w, https:\/\/katolicka-gimnazija.hr\/wp-content\/uploads\/2022\/11\/316471806_432331139116423_4884423604450300376_n.jpg 1200w\" sizes=\"auto, (max-width: 225px) 100vw, 225px\" \/><\/a>\n\t\t\t<\/div><\/figure><figure class='gallery-item'>\n\t\t\t<div class='gallery-icon portrait'>\n\t\t\t\t<a href='https:\/\/katolicka-gimnazija.hr\/wp-content\/uploads\/2022\/11\/316951984_597724175687658_1266957032905243249_n.jpg'><img loading=\"lazy\" decoding=\"async\" width=\"200\" height=\"300\" src=\"https:\/\/katolicka-gimnazija.hr\/wp-content\/uploads\/2022\/11\/316951984_597724175687658_1266957032905243249_n-200x300.jpg\" class=\"attachment-medium size-medium\" alt=\"\" srcset=\"https:\/\/katolicka-gimnazija.hr\/wp-content\/uploads\/2022\/11\/316951984_597724175687658_1266957032905243249_n-200x300.jpg 200w, https:\/\/katolicka-gimnazija.hr\/wp-content\/uploads\/2022\/11\/316951984_597724175687658_1266957032905243249_n-683x1024.jpg 683w, https:\/\/katolicka-gimnazija.hr\/wp-content\/uploads\/2022\/11\/316951984_597724175687658_1266957032905243249_n-768x1152.jpg 768w, https:\/\/katolicka-gimnazija.hr\/wp-content\/uploads\/2022\/11\/316951984_597724175687658_1266957032905243249_n-1024x1536.jpg 1024w, https:\/\/katolicka-gimnazija.hr\/wp-content\/uploads\/2022\/11\/316951984_597724175687658_1266957032905243249_n.jpg 1365w\" sizes=\"auto, (max-width: 200px) 100vw, 200px\" \/><\/a>\n\t\t\t<\/div><\/figure><figure class='gallery-item'>\n\t\t\t<div class='gallery-icon landscape'>\n\t\t\t\t<a href='https:\/\/katolicka-gimnazija.hr\/wp-content\/uploads\/2022\/11\/317267654_597724485687627_7873343889043615041_n.jpg'><img loading=\"lazy\" decoding=\"async\" width=\"300\" height=\"200\" src=\"https:\/\/katolicka-gimnazija.hr\/wp-content\/uploads\/2022\/11\/317267654_597724485687627_7873343889043615041_n-300x200.jpg\" class=\"attachment-medium size-medium\" alt=\"\" srcset=\"https:\/\/katolicka-gimnazija.hr\/wp-content\/uploads\/2022\/11\/317267654_597724485687627_7873343889043615041_n-300x200.jpg 300w, https:\/\/katolicka-gimnazija.hr\/wp-content\/uploads\/2022\/11\/317267654_597724485687627_7873343889043615041_n-1024x683.jpg 1024w, https:\/\/katolicka-gimnazija.hr\/wp-content\/uploads\/2022\/11\/317267654_597724485687627_7873343889043615041_n-768x512.jpg 768w, https:\/\/katolicka-gimnazija.hr\/wp-content\/uploads\/2022\/11\/317267654_597724485687627_7873343889043615041_n-1536x1024.jpg 1536w, https:\/\/katolicka-gimnazija.hr\/wp-content\/uploads\/2022\/11\/317267654_597724485687627_7873343889043615041_n-400x267.jpg 400w, https:\/\/katolicka-gimnazija.hr\/wp-content\/uploads\/2022\/11\/317267654_597724485687627_7873343889043615041_n.jpg 2048w\" sizes=\"auto, (max-width: 300px) 100vw, 300px\" \/><\/a>\n\t\t\t<\/div><\/figure><figure class='gallery-item'>\n\t\t\t<div class='gallery-icon portrait'>\n\t\t\t\t<a href='https:\/\/katolicka-gimnazija.hr\/wp-content\/uploads\/2022\/11\/316178610_946904116284990_1296992726252612822_n.jpg'><img loading=\"lazy\" decoding=\"async\" width=\"225\" height=\"300\" src=\"https:\/\/katolicka-gimnazija.hr\/wp-content\/uploads\/2022\/11\/316178610_946904116284990_1296992726252612822_n-225x300.jpg\" class=\"attachment-medium size-medium\" alt=\"\" srcset=\"https:\/\/katolicka-gimnazija.hr\/wp-content\/uploads\/2022\/11\/316178610_946904116284990_1296992726252612822_n-225x300.jpg 225w, https:\/\/katolicka-gimnazija.hr\/wp-content\/uploads\/2022\/11\/316178610_946904116284990_1296992726252612822_n-768x1024.jpg 768w, https:\/\/katolicka-gimnazija.hr\/wp-content\/uploads\/2022\/11\/316178610_946904116284990_1296992726252612822_n-1152x1536.jpg 1152w, https:\/\/katolicka-gimnazija.hr\/wp-content\/uploads\/2022\/11\/316178610_946904116284990_1296992726252612822_n.jpg 1200w\" sizes=\"auto, (max-width: 225px) 100vw, 225px\" \/><\/a>\n\t\t\t<\/div><\/figure><figure class='gallery-item'>\n\t\t\t<div class='gallery-icon portrait'>\n\t\t\t\t<a href='https:\/\/katolicka-gimnazija.hr\/wp-content\/uploads\/2022\/11\/IMG_20221126_212514-scaled.jpg'><img loading=\"lazy\" decoding=\"async\" width=\"225\" height=\"300\" src=\"https:\/\/katolicka-gimnazija.hr\/wp-content\/uploads\/2022\/11\/IMG_20221126_212514-225x300.jpg\" class=\"attachment-medium size-medium\" alt=\"\" aria-describedby=\"gallery-1-27344\" srcset=\"https:\/\/katolicka-gimnazija.hr\/wp-content\/uploads\/2022\/11\/IMG_20221126_212514-225x300.jpg 225w, https:\/\/katolicka-gimnazija.hr\/wp-content\/uploads\/2022\/11\/IMG_20221126_212514-768x1024.jpg 768w, https:\/\/katolicka-gimnazija.hr\/wp-content\/uploads\/2022\/11\/IMG_20221126_212514-1152x1536.jpg 1152w, https:\/\/katolicka-gimnazija.hr\/wp-content\/uploads\/2022\/11\/IMG_20221126_212514-1536x2048.jpg 1536w, https:\/\/katolicka-gimnazija.hr\/wp-content\/uploads\/2022\/11\/IMG_20221126_212514-scaled.jpg 1920w\" sizes=\"auto, (max-width: 225px) 100vw, 225px\" \/><\/a>\n\t\t\t<\/div>\n\t\t\t\t<figcaption class='wp-caption-text gallery-caption' id='gallery-1-27344'>\n\t\t\t\tsmart\n\t\t\t\t<\/figcaption><\/figure><figure class='gallery-item'>\n\t\t\t<div class='gallery-icon landscape'>\n\t\t\t\t<a href='https:\/\/katolicka-gimnazija.hr\/wp-content\/uploads\/2022\/11\/MicrosoftTeams-image-6-scaled.jpg'><img loading=\"lazy\" decoding=\"async\" width=\"300\" height=\"225\" src=\"https:\/\/katolicka-gimnazija.hr\/wp-content\/uploads\/2022\/11\/MicrosoftTeams-image-6-300x225.jpg\" class=\"attachment-medium size-medium\" alt=\"\" srcset=\"https:\/\/katolicka-gimnazija.hr\/wp-content\/uploads\/2022\/11\/MicrosoftTeams-image-6-300x225.jpg 300w, https:\/\/katolicka-gimnazija.hr\/wp-content\/uploads\/2022\/11\/MicrosoftTeams-image-6-1024x768.jpg 1024w, https:\/\/katolicka-gimnazija.hr\/wp-content\/uploads\/2022\/11\/MicrosoftTeams-image-6-768x576.jpg 768w, https:\/\/katolicka-gimnazija.hr\/wp-content\/uploads\/2022\/11\/MicrosoftTeams-image-6-1536x1152.jpg 1536w, https:\/\/katolicka-gimnazija.hr\/wp-content\/uploads\/2022\/11\/MicrosoftTeams-image-6-2048x1536.jpg 2048w, https:\/\/katolicka-gimnazija.hr\/wp-content\/uploads\/2022\/11\/MicrosoftTeams-image-6-400x300.jpg 400w\" sizes=\"auto, (max-width: 300px) 100vw, 300px\" \/><\/a>\n\t\t\t<\/div><\/figure><figure class='gallery-item'>\n\t\t\t<div class='gallery-icon landscape'>\n\t\t\t\t<a href='https:\/\/katolicka-gimnazija.hr\/wp-content\/uploads\/2022\/11\/316528665_597723989021010_8162307027455499237_n.jpg'><img loading=\"lazy\" decoding=\"async\" width=\"300\" height=\"200\" src=\"https:\/\/katolicka-gimnazija.hr\/wp-content\/uploads\/2022\/11\/316528665_597723989021010_8162307027455499237_n-300x200.jpg\" class=\"attachment-medium size-medium\" alt=\"\" srcset=\"https:\/\/katolicka-gimnazija.hr\/wp-content\/uploads\/2022\/11\/316528665_597723989021010_8162307027455499237_n-300x200.jpg 300w, https:\/\/katolicka-gimnazija.hr\/wp-content\/uploads\/2022\/11\/316528665_597723989021010_8162307027455499237_n-1024x683.jpg 1024w, https:\/\/katolicka-gimnazija.hr\/wp-content\/uploads\/2022\/11\/316528665_597723989021010_8162307027455499237_n-768x512.jpg 768w, https:\/\/katolicka-gimnazija.hr\/wp-content\/uploads\/2022\/11\/316528665_597723989021010_8162307027455499237_n-1536x1024.jpg 1536w, https:\/\/katolicka-gimnazija.hr\/wp-content\/uploads\/2022\/11\/316528665_597723989021010_8162307027455499237_n-400x267.jpg 400w, https:\/\/katolicka-gimnazija.hr\/wp-content\/uploads\/2022\/11\/316528665_597723989021010_8162307027455499237_n.jpg 2048w\" sizes=\"auto, (max-width: 300px) 100vw, 300px\" \/><\/a>\n\t\t\t<\/div><\/figure><figure class='gallery-item'>\n\t\t\t<div class='gallery-icon landscape'>\n\t\t\t\t<a href='https:\/\/katolicka-gimnazija.hr\/wp-content\/uploads\/2022\/11\/316688268_597726292354113_7724708559467317597_n.jpg'><img loading=\"lazy\" decoding=\"async\" width=\"300\" height=\"200\" src=\"https:\/\/katolicka-gimnazija.hr\/wp-content\/uploads\/2022\/11\/316688268_597726292354113_7724708559467317597_n-300x200.jpg\" class=\"attachment-medium size-medium\" alt=\"\" srcset=\"https:\/\/katolicka-gimnazija.hr\/wp-content\/uploads\/2022\/11\/316688268_597726292354113_7724708559467317597_n-300x200.jpg 300w, https:\/\/katolicka-gimnazija.hr\/wp-content\/uploads\/2022\/11\/316688268_597726292354113_7724708559467317597_n-1024x683.jpg 1024w, https:\/\/katolicka-gimnazija.hr\/wp-content\/uploads\/2022\/11\/316688268_597726292354113_7724708559467317597_n-768x512.jpg 768w, https:\/\/katolicka-gimnazija.hr\/wp-content\/uploads\/2022\/11\/316688268_597726292354113_7724708559467317597_n-1536x1024.jpg 1536w, https:\/\/katolicka-gimnazija.hr\/wp-content\/uploads\/2022\/11\/316688268_597726292354113_7724708559467317597_n-400x267.jpg 400w, https:\/\/katolicka-gimnazija.hr\/wp-content\/uploads\/2022\/11\/316688268_597726292354113_7724708559467317597_n.jpg 2048w\" sizes=\"auto, (max-width: 300px) 100vw, 300px\" \/><\/a>\n\t\t\t<\/div><\/figure><figure class='gallery-item'>\n\t\t\t<div class='gallery-icon landscape'>\n\t\t\t\t<a href='https:\/\/katolicka-gimnazija.hr\/wp-content\/uploads\/2022\/11\/316354927_870279700792870_8060472466873286650_n.jpg'><img loading=\"lazy\" decoding=\"async\" width=\"300\" height=\"225\" src=\"https:\/\/katolicka-gimnazija.hr\/wp-content\/uploads\/2022\/11\/316354927_870279700792870_8060472466873286650_n-300x225.jpg\" class=\"attachment-medium size-medium\" alt=\"\" srcset=\"https:\/\/katolicka-gimnazija.hr\/wp-content\/uploads\/2022\/11\/316354927_870279700792870_8060472466873286650_n-300x225.jpg 300w, https:\/\/katolicka-gimnazija.hr\/wp-content\/uploads\/2022\/11\/316354927_870279700792870_8060472466873286650_n-1024x768.jpg 1024w, https:\/\/katolicka-gimnazija.hr\/wp-content\/uploads\/2022\/11\/316354927_870279700792870_8060472466873286650_n-768x576.jpg 768w, https:\/\/katolicka-gimnazija.hr\/wp-content\/uploads\/2022\/11\/316354927_870279700792870_8060472466873286650_n-1536x1152.jpg 1536w, https:\/\/katolicka-gimnazija.hr\/wp-content\/uploads\/2022\/11\/316354927_870279700792870_8060472466873286650_n-400x300.jpg 400w, https:\/\/katolicka-gimnazija.hr\/wp-content\/uploads\/2022\/11\/316354927_870279700792870_8060472466873286650_n.jpg 1734w\" sizes=\"auto, (max-width: 300px) 100vw, 300px\" \/><\/a>\n\t\t\t<\/div><\/figure><figure class='gallery-item'>\n\t\t\t<div class='gallery-icon landscape'>\n\t\t\t\t<a href='https:\/\/katolicka-gimnazija.hr\/wp-content\/uploads\/2022\/11\/316813446_597725315687544_1226819680868491858_n.jpg'><img loading=\"lazy\" decoding=\"async\" width=\"300\" height=\"200\" src=\"https:\/\/katolicka-gimnazija.hr\/wp-content\/uploads\/2022\/11\/316813446_597725315687544_1226819680868491858_n-300x200.jpg\" class=\"attachment-medium size-medium\" alt=\"\" srcset=\"https:\/\/katolicka-gimnazija.hr\/wp-content\/uploads\/2022\/11\/316813446_597725315687544_1226819680868491858_n-300x200.jpg 300w, https:\/\/katolicka-gimnazija.hr\/wp-content\/uploads\/2022\/11\/316813446_597725315687544_1226819680868491858_n-1024x683.jpg 1024w, https:\/\/katolicka-gimnazija.hr\/wp-content\/uploads\/2022\/11\/316813446_597725315687544_1226819680868491858_n-768x512.jpg 768w, https:\/\/katolicka-gimnazija.hr\/wp-content\/uploads\/2022\/11\/316813446_597725315687544_1226819680868491858_n-1536x1024.jpg 1536w, https:\/\/katolicka-gimnazija.hr\/wp-content\/uploads\/2022\/11\/316813446_597725315687544_1226819680868491858_n-400x267.jpg 400w, https:\/\/katolicka-gimnazija.hr\/wp-content\/uploads\/2022\/11\/316813446_597725315687544_1226819680868491858_n.jpg 2048w\" sizes=\"auto, (max-width: 300px) 100vw, 300px\" \/><\/a>\n\t\t\t<\/div><\/figure><figure class='gallery-item'>\n\t\t\t<div class='gallery-icon landscape'>\n\t\t\t\t<a href='https:\/\/katolicka-gimnazija.hr\/wp-content\/uploads\/2022\/11\/316949000_597721722354570_7117952808706364193_n.jpg'><img loading=\"lazy\" decoding=\"async\" width=\"300\" height=\"200\" src=\"https:\/\/katolicka-gimnazija.hr\/wp-content\/uploads\/2022\/11\/316949000_597721722354570_7117952808706364193_n-300x200.jpg\" class=\"attachment-medium size-medium\" alt=\"\" srcset=\"https:\/\/katolicka-gimnazija.hr\/wp-content\/uploads\/2022\/11\/316949000_597721722354570_7117952808706364193_n-300x200.jpg 300w, https:\/\/katolicka-gimnazija.hr\/wp-content\/uploads\/2022\/11\/316949000_597721722354570_7117952808706364193_n-1024x683.jpg 1024w, https:\/\/katolicka-gimnazija.hr\/wp-content\/uploads\/2022\/11\/316949000_597721722354570_7117952808706364193_n-768x512.jpg 768w, https:\/\/katolicka-gimnazija.hr\/wp-content\/uploads\/2022\/11\/316949000_597721722354570_7117952808706364193_n-1536x1024.jpg 1536w, https:\/\/katolicka-gimnazija.hr\/wp-content\/uploads\/2022\/11\/316949000_597721722354570_7117952808706364193_n-400x267.jpg 400w, https:\/\/katolicka-gimnazija.hr\/wp-content\/uploads\/2022\/11\/316949000_597721722354570_7117952808706364193_n.jpg 2048w\" sizes=\"auto, (max-width: 300px) 100vw, 300px\" \/><\/a>\n\t\t\t<\/div><\/figure><figure class='gallery-item'>\n\t\t\t<div class='gallery-icon landscape'>\n\t\t\t\t<a href='https:\/\/katolicka-gimnazija.hr\/wp-content\/uploads\/2022\/11\/316628609_809084526958647_6470339949936042603_n.jpg'><img loading=\"lazy\" decoding=\"async\" width=\"300\" height=\"225\" src=\"https:\/\/katolicka-gimnazija.hr\/wp-content\/uploads\/2022\/11\/316628609_809084526958647_6470339949936042603_n-300x225.jpg\" class=\"attachment-medium size-medium\" alt=\"\" srcset=\"https:\/\/katolicka-gimnazija.hr\/wp-content\/uploads\/2022\/11\/316628609_809084526958647_6470339949936042603_n-300x225.jpg 300w, https:\/\/katolicka-gimnazija.hr\/wp-content\/uploads\/2022\/11\/316628609_809084526958647_6470339949936042603_n-1024x768.jpg 1024w, https:\/\/katolicka-gimnazija.hr\/wp-content\/uploads\/2022\/11\/316628609_809084526958647_6470339949936042603_n-768x576.jpg 768w, https:\/\/katolicka-gimnazija.hr\/wp-content\/uploads\/2022\/11\/316628609_809084526958647_6470339949936042603_n-1536x1152.jpg 1536w, https:\/\/katolicka-gimnazija.hr\/wp-content\/uploads\/2022\/11\/316628609_809084526958647_6470339949936042603_n-400x300.jpg 400w, https:\/\/katolicka-gimnazija.hr\/wp-content\/uploads\/2022\/11\/316628609_809084526958647_6470339949936042603_n.jpg 1600w\" sizes=\"auto, (max-width: 300px) 100vw, 300px\" \/><\/a>\n\t\t\t<\/div><\/figure><figure class='gallery-item'>\n\t\t\t<div class='gallery-icon landscape'>\n\t\t\t\t<a href='https:\/\/katolicka-gimnazija.hr\/wp-content\/uploads\/2022\/11\/316484985_683186719824532_2381363876842727351_n.jpg'><img loading=\"lazy\" decoding=\"async\" width=\"300\" height=\"225\" src=\"https:\/\/katolicka-gimnazija.hr\/wp-content\/uploads\/2022\/11\/316484985_683186719824532_2381363876842727351_n-300x225.jpg\" class=\"attachment-medium size-medium\" alt=\"\" srcset=\"https:\/\/katolicka-gimnazija.hr\/wp-content\/uploads\/2022\/11\/316484985_683186719824532_2381363876842727351_n-300x225.jpg 300w, https:\/\/katolicka-gimnazija.hr\/wp-content\/uploads\/2022\/11\/316484985_683186719824532_2381363876842727351_n-1024x768.jpg 1024w, https:\/\/katolicka-gimnazija.hr\/wp-content\/uploads\/2022\/11\/316484985_683186719824532_2381363876842727351_n-768x576.jpg 768w, https:\/\/katolicka-gimnazija.hr\/wp-content\/uploads\/2022\/11\/316484985_683186719824532_2381363876842727351_n-1536x1152.jpg 1536w, https:\/\/katolicka-gimnazija.hr\/wp-content\/uploads\/2022\/11\/316484985_683186719824532_2381363876842727351_n-400x300.jpg 400w, https:\/\/katolicka-gimnazija.hr\/wp-content\/uploads\/2022\/11\/316484985_683186719824532_2381363876842727351_n.jpg 1600w\" sizes=\"auto, (max-width: 300px) 100vw, 300px\" \/><\/a>\n\t\t\t<\/div><\/figure><figure class='gallery-item'>\n\t\t\t<div class='gallery-icon portrait'>\n\t\t\t\t<a href='https:\/\/katolicka-gimnazija.hr\/wp-content\/uploads\/2022\/11\/316380381_1178353126413057_145267143527454004_n.jpg'><img loading=\"lazy\" decoding=\"async\" width=\"225\" height=\"300\" src=\"https:\/\/katolicka-gimnazija.hr\/wp-content\/uploads\/2022\/11\/316380381_1178353126413057_145267143527454004_n-225x300.jpg\" class=\"attachment-medium size-medium\" alt=\"\" srcset=\"https:\/\/katolicka-gimnazija.hr\/wp-content\/uploads\/2022\/11\/316380381_1178353126413057_145267143527454004_n-225x300.jpg 225w, https:\/\/katolicka-gimnazija.hr\/wp-content\/uploads\/2022\/11\/316380381_1178353126413057_145267143527454004_n-768x1024.jpg 768w, https:\/\/katolicka-gimnazija.hr\/wp-content\/uploads\/2022\/11\/316380381_1178353126413057_145267143527454004_n-1152x1536.jpg 1152w, https:\/\/katolicka-gimnazija.hr\/wp-content\/uploads\/2022\/11\/316380381_1178353126413057_145267143527454004_n.jpg 1301w\" sizes=\"auto, (max-width: 225px) 100vw, 225px\" \/><\/a>\n\t\t\t<\/div><\/figure><figure class='gallery-item'>\n\t\t\t<div class='gallery-icon landscape'>\n\t\t\t\t<a href='https:\/\/katolicka-gimnazija.hr\/wp-content\/uploads\/2022\/11\/316423640_597724329020976_934847773811571457_n.jpg'><img loading=\"lazy\" decoding=\"async\" width=\"300\" height=\"200\" src=\"https:\/\/katolicka-gimnazija.hr\/wp-content\/uploads\/2022\/11\/316423640_597724329020976_934847773811571457_n-300x200.jpg\" class=\"attachment-medium size-medium\" alt=\"\" srcset=\"https:\/\/katolicka-gimnazija.hr\/wp-content\/uploads\/2022\/11\/316423640_597724329020976_934847773811571457_n-300x200.jpg 300w, https:\/\/katolicka-gimnazija.hr\/wp-content\/uploads\/2022\/11\/316423640_597724329020976_934847773811571457_n-1024x683.jpg 1024w, https:\/\/katolicka-gimnazija.hr\/wp-content\/uploads\/2022\/11\/316423640_597724329020976_934847773811571457_n-768x512.jpg 768w, https:\/\/katolicka-gimnazija.hr\/wp-content\/uploads\/2022\/11\/316423640_597724329020976_934847773811571457_n-1536x1024.jpg 1536w, https:\/\/katolicka-gimnazija.hr\/wp-content\/uploads\/2022\/11\/316423640_597724329020976_934847773811571457_n-400x267.jpg 400w, https:\/\/katolicka-gimnazija.hr\/wp-content\/uploads\/2022\/11\/316423640_597724329020976_934847773811571457_n.jpg 2048w\" sizes=\"auto, (max-width: 300px) 100vw, 300px\" \/><\/a>\n\t\t\t<\/div><\/figure><figure class='gallery-item'>\n\t\t\t<div class='gallery-icon portrait'>\n\t\t\t\t<a href='https:\/\/katolicka-gimnazija.hr\/wp-content\/uploads\/2022\/11\/316487294_1314698809296189_5227599851099196177_n.jpg'><img loading=\"lazy\" decoding=\"async\" width=\"146\" height=\"300\" src=\"https:\/\/katolicka-gimnazija.hr\/wp-content\/uploads\/2022\/11\/316487294_1314698809296189_5227599851099196177_n-146x300.jpg\" class=\"attachment-medium size-medium\" alt=\"\" srcset=\"https:\/\/katolicka-gimnazija.hr\/wp-content\/uploads\/2022\/11\/316487294_1314698809296189_5227599851099196177_n-146x300.jpg 146w, https:\/\/katolicka-gimnazija.hr\/wp-content\/uploads\/2022\/11\/316487294_1314698809296189_5227599851099196177_n-498x1024.jpg 498w, https:\/\/katolicka-gimnazija.hr\/wp-content\/uploads\/2022\/11\/316487294_1314698809296189_5227599851099196177_n-768x1579.jpg 768w, https:\/\/katolicka-gimnazija.hr\/wp-content\/uploads\/2022\/11\/316487294_1314698809296189_5227599851099196177_n-747x1536.jpg 747w, https:\/\/katolicka-gimnazija.hr\/wp-content\/uploads\/2022\/11\/316487294_1314698809296189_5227599851099196177_n.jpg 992w\" sizes=\"auto, (max-width: 146px) 100vw, 146px\" \/><\/a>\n\t\t\t<\/div><\/figure><figure class='gallery-item'>\n\t\t\t<div class='gallery-icon landscape'>\n\t\t\t\t<a href='https:\/\/katolicka-gimnazija.hr\/wp-content\/uploads\/2022\/11\/IMG_20221126_133950-scaled.jpg'><img loading=\"lazy\" decoding=\"async\" width=\"300\" height=\"225\" src=\"https:\/\/katolicka-gimnazija.hr\/wp-content\/uploads\/2022\/11\/IMG_20221126_133950-300x225.jpg\" class=\"attachment-medium size-medium\" alt=\"\" aria-describedby=\"gallery-1-27341\" srcset=\"https:\/\/katolicka-gimnazija.hr\/wp-content\/uploads\/2022\/11\/IMG_20221126_133950-300x225.jpg 300w, https:\/\/katolicka-gimnazija.hr\/wp-content\/uploads\/2022\/11\/IMG_20221126_133950-1024x768.jpg 1024w, https:\/\/katolicka-gimnazija.hr\/wp-content\/uploads\/2022\/11\/IMG_20221126_133950-768x576.jpg 768w, https:\/\/katolicka-gimnazija.hr\/wp-content\/uploads\/2022\/11\/IMG_20221126_133950-1536x1152.jpg 1536w, https:\/\/katolicka-gimnazija.hr\/wp-content\/uploads\/2022\/11\/IMG_20221126_133950-2048x1536.jpg 2048w, https:\/\/katolicka-gimnazija.hr\/wp-content\/uploads\/2022\/11\/IMG_20221126_133950-400x300.jpg 400w\" sizes=\"auto, (max-width: 300px) 100vw, 300px\" \/><\/a>\n\t\t\t<\/div>\n\t\t\t\t<figcaption class='wp-caption-text gallery-caption' id='gallery-1-27341'>\n\t\t\t\tsmart\n\t\t\t\t<\/figcaption><\/figure><figure class='gallery-item'>\n\t\t\t<div class='gallery-icon landscape'>\n\t\t\t\t<a href='https:\/\/katolicka-gimnazija.hr\/wp-content\/uploads\/2022\/11\/IMG_20221126_140149-scaled.jpg'><img loading=\"lazy\" decoding=\"async\" width=\"300\" height=\"225\" src=\"https:\/\/katolicka-gimnazija.hr\/wp-content\/uploads\/2022\/11\/IMG_20221126_140149-300x225.jpg\" class=\"attachment-medium size-medium\" alt=\"\" aria-describedby=\"gallery-1-27340\" srcset=\"https:\/\/katolicka-gimnazija.hr\/wp-content\/uploads\/2022\/11\/IMG_20221126_140149-300x225.jpg 300w, https:\/\/katolicka-gimnazija.hr\/wp-content\/uploads\/2022\/11\/IMG_20221126_140149-1024x768.jpg 1024w, https:\/\/katolicka-gimnazija.hr\/wp-content\/uploads\/2022\/11\/IMG_20221126_140149-768x576.jpg 768w, https:\/\/katolicka-gimnazija.hr\/wp-content\/uploads\/2022\/11\/IMG_20221126_140149-1536x1152.jpg 1536w, https:\/\/katolicka-gimnazija.hr\/wp-content\/uploads\/2022\/11\/IMG_20221126_140149-2048x1536.jpg 2048w, https:\/\/katolicka-gimnazija.hr\/wp-content\/uploads\/2022\/11\/IMG_20221126_140149-400x300.jpg 400w\" sizes=\"auto, (max-width: 300px) 100vw, 300px\" \/><\/a>\n\t\t\t<\/div>\n\t\t\t\t<figcaption class='wp-caption-text gallery-caption' id='gallery-1-27340'>\n\t\t\t\tsmart\n\t\t\t\t<\/figcaption><\/figure><figure class='gallery-item'>\n\t\t\t<div class='gallery-icon landscape'>\n\t\t\t\t<a href='https:\/\/katolicka-gimnazija.hr\/wp-content\/uploads\/2022\/11\/316210195_597726969020712_9155483924988344853_n.jpg'><img loading=\"lazy\" decoding=\"async\" width=\"300\" height=\"200\" src=\"https:\/\/katolicka-gimnazija.hr\/wp-content\/uploads\/2022\/11\/316210195_597726969020712_9155483924988344853_n-300x200.jpg\" class=\"attachment-medium size-medium\" alt=\"\" srcset=\"https:\/\/katolicka-gimnazija.hr\/wp-content\/uploads\/2022\/11\/316210195_597726969020712_9155483924988344853_n-300x200.jpg 300w, https:\/\/katolicka-gimnazija.hr\/wp-content\/uploads\/2022\/11\/316210195_597726969020712_9155483924988344853_n-1024x683.jpg 1024w, https:\/\/katolicka-gimnazija.hr\/wp-content\/uploads\/2022\/11\/316210195_597726969020712_9155483924988344853_n-768x512.jpg 768w, https:\/\/katolicka-gimnazija.hr\/wp-content\/uploads\/2022\/11\/316210195_597726969020712_9155483924988344853_n-1536x1024.jpg 1536w, https:\/\/katolicka-gimnazija.hr\/wp-content\/uploads\/2022\/11\/316210195_597726969020712_9155483924988344853_n-400x267.jpg 400w, https:\/\/katolicka-gimnazija.hr\/wp-content\/uploads\/2022\/11\/316210195_597726969020712_9155483924988344853_n.jpg 2048w\" sizes=\"auto, (max-width: 300px) 100vw, 300px\" \/><\/a>\n\t\t\t<\/div><\/figure><figure class='gallery-item'>\n\t\t\t<div class='gallery-icon portrait'>\n\t\t\t\t<a href='https:\/\/katolicka-gimnazija.hr\/wp-content\/uploads\/2022\/11\/MicrosoftTeams-image-7-scaled.jpg'><img loading=\"lazy\" decoding=\"async\" width=\"225\" height=\"300\" src=\"https:\/\/katolicka-gimnazija.hr\/wp-content\/uploads\/2022\/11\/MicrosoftTeams-image-7-225x300.jpg\" class=\"attachment-medium size-medium\" alt=\"\" srcset=\"https:\/\/katolicka-gimnazija.hr\/wp-content\/uploads\/2022\/11\/MicrosoftTeams-image-7-225x300.jpg 225w, https:\/\/katolicka-gimnazija.hr\/wp-content\/uploads\/2022\/11\/MicrosoftTeams-image-7-768x1024.jpg 768w, https:\/\/katolicka-gimnazija.hr\/wp-content\/uploads\/2022\/11\/MicrosoftTeams-image-7-1152x1536.jpg 1152w, https:\/\/katolicka-gimnazija.hr\/wp-content\/uploads\/2022\/11\/MicrosoftTeams-image-7-1536x2048.jpg 1536w, https:\/\/katolicka-gimnazija.hr\/wp-content\/uploads\/2022\/11\/MicrosoftTeams-image-7-scaled.jpg 1920w\" sizes=\"auto, (max-width: 225px) 100vw, 225px\" \/><\/a>\n\t\t\t<\/div><\/figure><figure class='gallery-item'>\n\t\t\t<div class='gallery-icon landscape'>\n\t\t\t\t<a href='https:\/\/katolicka-gimnazija.hr\/wp-content\/uploads\/2022\/11\/317335750_597726905687385_8821742893363532567_n.jpg'><img loading=\"lazy\" decoding=\"async\" width=\"300\" height=\"200\" src=\"https:\/\/katolicka-gimnazija.hr\/wp-content\/uploads\/2022\/11\/317335750_597726905687385_8821742893363532567_n-300x200.jpg\" class=\"attachment-medium size-medium\" alt=\"\" srcset=\"https:\/\/katolicka-gimnazija.hr\/wp-content\/uploads\/2022\/11\/317335750_597726905687385_8821742893363532567_n-300x200.jpg 300w, https:\/\/katolicka-gimnazija.hr\/wp-content\/uploads\/2022\/11\/317335750_597726905687385_8821742893363532567_n-1024x683.jpg 1024w, https:\/\/katolicka-gimnazija.hr\/wp-content\/uploads\/2022\/11\/317335750_597726905687385_8821742893363532567_n-768x512.jpg 768w, https:\/\/katolicka-gimnazija.hr\/wp-content\/uploads\/2022\/11\/317335750_597726905687385_8821742893363532567_n-1536x1024.jpg 1536w, https:\/\/katolicka-gimnazija.hr\/wp-content\/uploads\/2022\/11\/317335750_597726905687385_8821742893363532567_n-400x267.jpg 400w, https:\/\/katolicka-gimnazija.hr\/wp-content\/uploads\/2022\/11\/317335750_597726905687385_8821742893363532567_n.jpg 2048w\" sizes=\"auto, (max-width: 300px) 100vw, 300px\" \/><\/a>\n\t\t\t<\/div><\/figure><figure class='gallery-item'>\n\t\t\t<div class='gallery-icon landscape'>\n\t\t\t\t<a href='https:\/\/katolicka-gimnazija.hr\/wp-content\/uploads\/2022\/11\/316701170_897786678296074_3784366904784989462_n.jpg'><img loading=\"lazy\" decoding=\"async\" width=\"300\" height=\"225\" src=\"https:\/\/katolicka-gimnazija.hr\/wp-content\/uploads\/2022\/11\/316701170_897786678296074_3784366904784989462_n-300x225.jpg\" class=\"attachment-medium size-medium\" alt=\"\" srcset=\"https:\/\/katolicka-gimnazija.hr\/wp-content\/uploads\/2022\/11\/316701170_897786678296074_3784366904784989462_n-300x225.jpg 300w, https:\/\/katolicka-gimnazija.hr\/wp-content\/uploads\/2022\/11\/316701170_897786678296074_3784366904784989462_n-1024x768.jpg 1024w, https:\/\/katolicka-gimnazija.hr\/wp-content\/uploads\/2022\/11\/316701170_897786678296074_3784366904784989462_n-768x576.jpg 768w, https:\/\/katolicka-gimnazija.hr\/wp-content\/uploads\/2022\/11\/316701170_897786678296074_3784366904784989462_n-1536x1152.jpg 1536w, https:\/\/katolicka-gimnazija.hr\/wp-content\/uploads\/2022\/11\/316701170_897786678296074_3784366904784989462_n-400x300.jpg 400w, https:\/\/katolicka-gimnazija.hr\/wp-content\/uploads\/2022\/11\/316701170_897786678296074_3784366904784989462_n.jpg 1600w\" sizes=\"auto, (max-width: 300px) 100vw, 300px\" \/><\/a>\n\t\t\t<\/div><\/figure><figure class='gallery-item'>\n\t\t\t<div class='gallery-icon portrait'>\n\t\t\t\t<a href='https:\/\/katolicka-gimnazija.hr\/wp-content\/uploads\/2022\/11\/IMG_20221126_152632-scaled.jpg'><img loading=\"lazy\" decoding=\"async\" width=\"225\" height=\"300\" src=\"https:\/\/katolicka-gimnazija.hr\/wp-content\/uploads\/2022\/11\/IMG_20221126_152632-225x300.jpg\" class=\"attachment-medium size-medium\" alt=\"\" aria-describedby=\"gallery-1-27343\" srcset=\"https:\/\/katolicka-gimnazija.hr\/wp-content\/uploads\/2022\/11\/IMG_20221126_152632-225x300.jpg 225w, https:\/\/katolicka-gimnazija.hr\/wp-content\/uploads\/2022\/11\/IMG_20221126_152632-768x1024.jpg 768w, https:\/\/katolicka-gimnazija.hr\/wp-content\/uploads\/2022\/11\/IMG_20221126_152632-1152x1536.jpg 1152w, https:\/\/katolicka-gimnazija.hr\/wp-content\/uploads\/2022\/11\/IMG_20221126_152632-1536x2048.jpg 1536w, https:\/\/katolicka-gimnazija.hr\/wp-content\/uploads\/2022\/11\/IMG_20221126_152632-scaled.jpg 1920w\" sizes=\"auto, (max-width: 225px) 100vw, 225px\" \/><\/a>\n\t\t\t<\/div>\n\t\t\t\t<figcaption class='wp-caption-text gallery-caption' id='gallery-1-27343'>\n\t\t\t\tsmart\n\t\t\t\t<\/figcaption><\/figure><figure class='gallery-item'>\n\t\t\t<div class='gallery-icon landscape'>\n\t\t\t\t<a href='https:\/\/katolicka-gimnazija.hr\/wp-content\/uploads\/2022\/11\/316688836_597726669020742_5088566624132868613_n.jpg'><img loading=\"lazy\" decoding=\"async\" width=\"300\" height=\"200\" src=\"https:\/\/katolicka-gimnazija.hr\/wp-content\/uploads\/2022\/11\/316688836_597726669020742_5088566624132868613_n-300x200.jpg\" class=\"attachment-medium size-medium\" alt=\"\" srcset=\"https:\/\/katolicka-gimnazija.hr\/wp-content\/uploads\/2022\/11\/316688836_597726669020742_5088566624132868613_n-300x200.jpg 300w, https:\/\/katolicka-gimnazija.hr\/wp-content\/uploads\/2022\/11\/316688836_597726669020742_5088566624132868613_n-1024x683.jpg 1024w, https:\/\/katolicka-gimnazija.hr\/wp-content\/uploads\/2022\/11\/316688836_597726669020742_5088566624132868613_n-768x512.jpg 768w, https:\/\/katolicka-gimnazija.hr\/wp-content\/uploads\/2022\/11\/316688836_597726669020742_5088566624132868613_n-1536x1024.jpg 1536w, https:\/\/katolicka-gimnazija.hr\/wp-content\/uploads\/2022\/11\/316688836_597726669020742_5088566624132868613_n-400x267.jpg 400w, https:\/\/katolicka-gimnazija.hr\/wp-content\/uploads\/2022\/11\/316688836_597726669020742_5088566624132868613_n.jpg 2048w\" sizes=\"auto, (max-width: 300px) 100vw, 300px\" \/><\/a>\n\t\t\t<\/div><\/figure><figure class='gallery-item'>\n\t\t\t<div class='gallery-icon landscape'>\n\t\t\t\t<a href='https:\/\/katolicka-gimnazija.hr\/wp-content\/uploads\/2022\/11\/316821660_597727215687354_6426927555829571824_n.jpg'><img loading=\"lazy\" decoding=\"async\" width=\"300\" height=\"200\" src=\"https:\/\/katolicka-gimnazija.hr\/wp-content\/uploads\/2022\/11\/316821660_597727215687354_6426927555829571824_n-300x200.jpg\" class=\"attachment-medium size-medium\" alt=\"\" srcset=\"https:\/\/katolicka-gimnazija.hr\/wp-content\/uploads\/2022\/11\/316821660_597727215687354_6426927555829571824_n-300x200.jpg 300w, https:\/\/katolicka-gimnazija.hr\/wp-content\/uploads\/2022\/11\/316821660_597727215687354_6426927555829571824_n-1024x683.jpg 1024w, https:\/\/katolicka-gimnazija.hr\/wp-content\/uploads\/2022\/11\/316821660_597727215687354_6426927555829571824_n-768x512.jpg 768w, https:\/\/katolicka-gimnazija.hr\/wp-content\/uploads\/2022\/11\/316821660_597727215687354_6426927555829571824_n-1536x1024.jpg 1536w, https:\/\/katolicka-gimnazija.hr\/wp-content\/uploads\/2022\/11\/316821660_597727215687354_6426927555829571824_n-400x267.jpg 400w, https:\/\/katolicka-gimnazija.hr\/wp-content\/uploads\/2022\/11\/316821660_597727215687354_6426927555829571824_n.jpg 2048w\" sizes=\"auto, (max-width: 300px) 100vw, 300px\" \/><\/a>\n\t\t\t<\/div><\/figure><figure class='gallery-item'>\n\t\t\t<div class='gallery-icon landscape'>\n\t\t\t\t<a href='https:\/\/katolicka-gimnazija.hr\/wp-content\/uploads\/2022\/11\/316548744_597724982354244_498009688230549859_n.jpg'><img loading=\"lazy\" decoding=\"async\" width=\"300\" height=\"200\" src=\"https:\/\/katolicka-gimnazija.hr\/wp-content\/uploads\/2022\/11\/316548744_597724982354244_498009688230549859_n-300x200.jpg\" class=\"attachment-medium size-medium\" alt=\"\" srcset=\"https:\/\/katolicka-gimnazija.hr\/wp-content\/uploads\/2022\/11\/316548744_597724982354244_498009688230549859_n-300x200.jpg 300w, https:\/\/katolicka-gimnazija.hr\/wp-content\/uploads\/2022\/11\/316548744_597724982354244_498009688230549859_n-1024x683.jpg 1024w, https:\/\/katolicka-gimnazija.hr\/wp-content\/uploads\/2022\/11\/316548744_597724982354244_498009688230549859_n-768x512.jpg 768w, https:\/\/katolicka-gimnazija.hr\/wp-content\/uploads\/2022\/11\/316548744_597724982354244_498009688230549859_n-1536x1024.jpg 1536w, https:\/\/katolicka-gimnazija.hr\/wp-content\/uploads\/2022\/11\/316548744_597724982354244_498009688230549859_n-400x267.jpg 400w, https:\/\/katolicka-gimnazija.hr\/wp-content\/uploads\/2022\/11\/316548744_597724982354244_498009688230549859_n.jpg 2048w\" sizes=\"auto, (max-width: 300px) 100vw, 300px\" \/><\/a>\n\t\t\t<\/div><\/figure><figure class='gallery-item'>\n\t\t\t<div class='gallery-icon portrait'>\n\t\t\t\t<a href='https:\/\/katolicka-gimnazija.hr\/wp-content\/uploads\/2022\/11\/316428759_1167099670886524_8712712517387639660_n.jpg'><img loading=\"lazy\" decoding=\"async\" width=\"225\" height=\"300\" src=\"https:\/\/katolicka-gimnazija.hr\/wp-content\/uploads\/2022\/11\/316428759_1167099670886524_8712712517387639660_n-225x300.jpg\" class=\"attachment-medium size-medium\" alt=\"\" srcset=\"https:\/\/katolicka-gimnazija.hr\/wp-content\/uploads\/2022\/11\/316428759_1167099670886524_8712712517387639660_n-225x300.jpg 225w, https:\/\/katolicka-gimnazija.hr\/wp-content\/uploads\/2022\/11\/316428759_1167099670886524_8712712517387639660_n-768x1024.jpg 768w, https:\/\/katolicka-gimnazija.hr\/wp-content\/uploads\/2022\/11\/316428759_1167099670886524_8712712517387639660_n-1152x1536.jpg 1152w, https:\/\/katolicka-gimnazija.hr\/wp-content\/uploads\/2022\/11\/316428759_1167099670886524_8712712517387639660_n.jpg 1301w\" sizes=\"auto, (max-width: 225px) 100vw, 225px\" \/><\/a>\n\t\t\t<\/div><\/figure><figure class='gallery-item'>\n\t\t\t<div class='gallery-icon landscape'>\n\t\t\t\t<a href='https:\/\/katolicka-gimnazija.hr\/wp-content\/uploads\/2022\/11\/317092897_597723462354396_6183922449314734235_n.jpg'><img loading=\"lazy\" decoding=\"async\" width=\"300\" height=\"200\" src=\"https:\/\/katolicka-gimnazija.hr\/wp-content\/uploads\/2022\/11\/317092897_597723462354396_6183922449314734235_n-300x200.jpg\" class=\"attachment-medium size-medium\" alt=\"\" srcset=\"https:\/\/katolicka-gimnazija.hr\/wp-content\/uploads\/2022\/11\/317092897_597723462354396_6183922449314734235_n-300x200.jpg 300w, https:\/\/katolicka-gimnazija.hr\/wp-content\/uploads\/2022\/11\/317092897_597723462354396_6183922449314734235_n-1024x683.jpg 1024w, https:\/\/katolicka-gimnazija.hr\/wp-content\/uploads\/2022\/11\/317092897_597723462354396_6183922449314734235_n-768x512.jpg 768w, https:\/\/katolicka-gimnazija.hr\/wp-content\/uploads\/2022\/11\/317092897_597723462354396_6183922449314734235_n-1536x1024.jpg 1536w, https:\/\/katolicka-gimnazija.hr\/wp-content\/uploads\/2022\/11\/317092897_597723462354396_6183922449314734235_n-400x267.jpg 400w, https:\/\/katolicka-gimnazija.hr\/wp-content\/uploads\/2022\/11\/317092897_597723462354396_6183922449314734235_n.jpg 2048w\" sizes=\"auto, (max-width: 300px) 100vw, 300px\" \/><\/a>\n\t\t\t<\/div><\/figure><figure class='gallery-item'>\n\t\t\t<div class='gallery-icon portrait'>\n\t\t\t\t<a href='https:\/\/katolicka-gimnazija.hr\/wp-content\/uploads\/2022\/11\/316706187_2022298451295038_450472715161166131_n.jpg'><img loading=\"lazy\" decoding=\"async\" width=\"225\" height=\"300\" src=\"https:\/\/katolicka-gimnazija.hr\/wp-content\/uploads\/2022\/11\/316706187_2022298451295038_450472715161166131_n-225x300.jpg\" class=\"attachment-medium size-medium\" alt=\"\" srcset=\"https:\/\/katolicka-gimnazija.hr\/wp-content\/uploads\/2022\/11\/316706187_2022298451295038_450472715161166131_n-225x300.jpg 225w, https:\/\/katolicka-gimnazija.hr\/wp-content\/uploads\/2022\/11\/316706187_2022298451295038_450472715161166131_n-768x1024.jpg 768w, https:\/\/katolicka-gimnazija.hr\/wp-content\/uploads\/2022\/11\/316706187_2022298451295038_450472715161166131_n-1152x1536.jpg 1152w, https:\/\/katolicka-gimnazija.hr\/wp-content\/uploads\/2022\/11\/316706187_2022298451295038_450472715161166131_n.jpg 1200w\" sizes=\"auto, (max-width: 225px) 100vw, 225px\" \/><\/a>\n\t\t\t<\/div><\/figure><figure class='gallery-item'>\n\t\t\t<div class='gallery-icon portrait'>\n\t\t\t\t<a href='https:\/\/katolicka-gimnazija.hr\/wp-content\/uploads\/2022\/11\/316496458_4143618909195723_86703733231146582_n.jpg'><img loading=\"lazy\" decoding=\"async\" width=\"225\" height=\"300\" src=\"https:\/\/katolicka-gimnazija.hr\/wp-content\/uploads\/2022\/11\/316496458_4143618909195723_86703733231146582_n-225x300.jpg\" class=\"attachment-medium size-medium\" alt=\"\" srcset=\"https:\/\/katolicka-gimnazija.hr\/wp-content\/uploads\/2022\/11\/316496458_4143618909195723_86703733231146582_n-225x300.jpg 225w, https:\/\/katolicka-gimnazija.hr\/wp-content\/uploads\/2022\/11\/316496458_4143618909195723_86703733231146582_n-768x1024.jpg 768w, https:\/\/katolicka-gimnazija.hr\/wp-content\/uploads\/2022\/11\/316496458_4143618909195723_86703733231146582_n-1152x1536.jpg 1152w, https:\/\/katolicka-gimnazija.hr\/wp-content\/uploads\/2022\/11\/316496458_4143618909195723_86703733231146582_n.jpg 1301w\" sizes=\"auto, (max-width: 225px) 100vw, 225px\" \/><\/a>\n\t\t\t<\/div><\/figure><figure class='gallery-item'>\n\t\t\t<div class='gallery-icon portrait'>\n\t\t\t\t<a href='https:\/\/katolicka-gimnazija.hr\/wp-content\/uploads\/2022\/11\/316462432_2984652745026155_6218975871366050559_n.jpg'><img loading=\"lazy\" decoding=\"async\" width=\"225\" height=\"300\" src=\"https:\/\/katolicka-gimnazija.hr\/wp-content\/uploads\/2022\/11\/316462432_2984652745026155_6218975871366050559_n-225x300.jpg\" class=\"attachment-medium size-medium\" alt=\"\" srcset=\"https:\/\/katolicka-gimnazija.hr\/wp-content\/uploads\/2022\/11\/316462432_2984652745026155_6218975871366050559_n-225x300.jpg 225w, https:\/\/katolicka-gimnazija.hr\/wp-content\/uploads\/2022\/11\/316462432_2984652745026155_6218975871366050559_n-768x1024.jpg 768w, https:\/\/katolicka-gimnazija.hr\/wp-content\/uploads\/2022\/11\/316462432_2984652745026155_6218975871366050559_n-1152x1536.jpg 1152w, https:\/\/katolicka-gimnazija.hr\/wp-content\/uploads\/2022\/11\/316462432_2984652745026155_6218975871366050559_n.jpg 1200w\" sizes=\"auto, (max-width: 225px) 100vw, 225px\" \/><\/a>\n\t\t\t<\/div><\/figure><figure class='gallery-item'>\n\t\t\t<div class='gallery-icon landscape'>\n\t\t\t\t<a href='https:\/\/katolicka-gimnazija.hr\/wp-content\/uploads\/2022\/11\/316953744_597726065687469_7505222743659782477_n.jpg'><img loading=\"lazy\" decoding=\"async\" width=\"300\" height=\"200\" src=\"https:\/\/katolicka-gimnazija.hr\/wp-content\/uploads\/2022\/11\/316953744_597726065687469_7505222743659782477_n-300x200.jpg\" class=\"attachment-medium size-medium\" alt=\"\" srcset=\"https:\/\/katolicka-gimnazija.hr\/wp-content\/uploads\/2022\/11\/316953744_597726065687469_7505222743659782477_n-300x200.jpg 300w, https:\/\/katolicka-gimnazija.hr\/wp-content\/uploads\/2022\/11\/316953744_597726065687469_7505222743659782477_n-1024x683.jpg 1024w, https:\/\/katolicka-gimnazija.hr\/wp-content\/uploads\/2022\/11\/316953744_597726065687469_7505222743659782477_n-768x512.jpg 768w, https:\/\/katolicka-gimnazija.hr\/wp-content\/uploads\/2022\/11\/316953744_597726065687469_7505222743659782477_n-1536x1024.jpg 1536w, https:\/\/katolicka-gimnazija.hr\/wp-content\/uploads\/2022\/11\/316953744_597726065687469_7505222743659782477_n-400x267.jpg 400w, https:\/\/katolicka-gimnazija.hr\/wp-content\/uploads\/2022\/11\/316953744_597726065687469_7505222743659782477_n.jpg 2048w\" sizes=\"auto, (max-width: 300px) 100vw, 300px\" \/><\/a>\n\t\t\t<\/div><\/figure><figure class='gallery-item'>\n\t\t\t<div class='gallery-icon landscape'>\n\t\t\t\t<a href='https:\/\/katolicka-gimnazija.hr\/wp-content\/uploads\/2022\/11\/317442953_597721649021244_8244770657991983185_n.jpg'><img loading=\"lazy\" decoding=\"async\" width=\"300\" height=\"185\" src=\"https:\/\/katolicka-gimnazija.hr\/wp-content\/uploads\/2022\/11\/317442953_597721649021244_8244770657991983185_n-300x185.jpg\" class=\"attachment-medium size-medium\" alt=\"\" srcset=\"https:\/\/katolicka-gimnazija.hr\/wp-content\/uploads\/2022\/11\/317442953_597721649021244_8244770657991983185_n-300x185.jpg 300w, https:\/\/katolicka-gimnazija.hr\/wp-content\/uploads\/2022\/11\/317442953_597721649021244_8244770657991983185_n-1024x632.jpg 1024w, https:\/\/katolicka-gimnazija.hr\/wp-content\/uploads\/2022\/11\/317442953_597721649021244_8244770657991983185_n-768x474.jpg 768w, https:\/\/katolicka-gimnazija.hr\/wp-content\/uploads\/2022\/11\/317442953_597721649021244_8244770657991983185_n-1536x948.jpg 1536w, https:\/\/katolicka-gimnazija.hr\/wp-content\/uploads\/2022\/11\/317442953_597721649021244_8244770657991983185_n-400x247.jpg 400w, https:\/\/katolicka-gimnazija.hr\/wp-content\/uploads\/2022\/11\/317442953_597721649021244_8244770657991983185_n.jpg 2048w\" sizes=\"auto, (max-width: 300px) 100vw, 300px\" \/><\/a>\n\t\t\t<\/div><\/figure><figure class='gallery-item'>\n\t\t\t<div class='gallery-icon landscape'>\n\t\t\t\t<a href='https:\/\/katolicka-gimnazija.hr\/wp-content\/uploads\/2022\/11\/317450210_597727419020667_260824147757549925_n.jpg'><img loading=\"lazy\" decoding=\"async\" width=\"300\" height=\"200\" src=\"https:\/\/katolicka-gimnazija.hr\/wp-content\/uploads\/2022\/11\/317450210_597727419020667_260824147757549925_n-300x200.jpg\" class=\"attachment-medium size-medium\" alt=\"\" srcset=\"https:\/\/katolicka-gimnazija.hr\/wp-content\/uploads\/2022\/11\/317450210_597727419020667_260824147757549925_n-300x200.jpg 300w, https:\/\/katolicka-gimnazija.hr\/wp-content\/uploads\/2022\/11\/317450210_597727419020667_260824147757549925_n-1024x683.jpg 1024w, https:\/\/katolicka-gimnazija.hr\/wp-content\/uploads\/2022\/11\/317450210_597727419020667_260824147757549925_n-768x512.jpg 768w, https:\/\/katolicka-gimnazija.hr\/wp-content\/uploads\/2022\/11\/317450210_597727419020667_260824147757549925_n-1536x1024.jpg 1536w, https:\/\/katolicka-gimnazija.hr\/wp-content\/uploads\/2022\/11\/317450210_597727419020667_260824147757549925_n-400x267.jpg 400w, https:\/\/katolicka-gimnazija.hr\/wp-content\/uploads\/2022\/11\/317450210_597727419020667_260824147757549925_n.jpg 2048w\" sizes=\"auto, (max-width: 300px) 100vw, 300px\" \/><\/a>\n\t\t\t<\/div><\/figure><figure class='gallery-item'>\n\t\t\t<div class='gallery-icon portrait'>\n\t\t\t\t<a href='https:\/\/katolicka-gimnazija.hr\/wp-content\/uploads\/2022\/11\/316692204_710535256773339_1525190390781949391_n.jpg'><img loading=\"lazy\" decoding=\"async\" width=\"225\" height=\"300\" src=\"https:\/\/katolicka-gimnazija.hr\/wp-content\/uploads\/2022\/11\/316692204_710535256773339_1525190390781949391_n-225x300.jpg\" class=\"attachment-medium size-medium\" alt=\"\" srcset=\"https:\/\/katolicka-gimnazija.hr\/wp-content\/uploads\/2022\/11\/316692204_710535256773339_1525190390781949391_n-225x300.jpg 225w, https:\/\/katolicka-gimnazija.hr\/wp-content\/uploads\/2022\/11\/316692204_710535256773339_1525190390781949391_n-768x1024.jpg 768w, https:\/\/katolicka-gimnazija.hr\/wp-content\/uploads\/2022\/11\/316692204_710535256773339_1525190390781949391_n-1152x1536.jpg 1152w, https:\/\/katolicka-gimnazija.hr\/wp-content\/uploads\/2022\/11\/316692204_710535256773339_1525190390781949391_n.jpg 1200w\" sizes=\"auto, (max-width: 225px) 100vw, 225px\" \/><\/a>\n\t\t\t<\/div><\/figure><figure class='gallery-item'>\n\t\t\t<div class='gallery-icon landscape'>\n\t\t\t\t<a href='https:\/\/katolicka-gimnazija.hr\/wp-content\/uploads\/2022\/11\/317549755_597726099020799_1668940166920375972_n.jpg'><img loading=\"lazy\" decoding=\"async\" width=\"300\" height=\"200\" src=\"https:\/\/katolicka-gimnazija.hr\/wp-content\/uploads\/2022\/11\/317549755_597726099020799_1668940166920375972_n-300x200.jpg\" class=\"attachment-medium size-medium\" alt=\"\" srcset=\"https:\/\/katolicka-gimnazija.hr\/wp-content\/uploads\/2022\/11\/317549755_597726099020799_1668940166920375972_n-300x200.jpg 300w, https:\/\/katolicka-gimnazija.hr\/wp-content\/uploads\/2022\/11\/317549755_597726099020799_1668940166920375972_n-1024x683.jpg 1024w, https:\/\/katolicka-gimnazija.hr\/wp-content\/uploads\/2022\/11\/317549755_597726099020799_1668940166920375972_n-768x512.jpg 768w, https:\/\/katolicka-gimnazija.hr\/wp-content\/uploads\/2022\/11\/317549755_597726099020799_1668940166920375972_n-1536x1024.jpg 1536w, https:\/\/katolicka-gimnazija.hr\/wp-content\/uploads\/2022\/11\/317549755_597726099020799_1668940166920375972_n-400x267.jpg 400w, https:\/\/katolicka-gimnazija.hr\/wp-content\/uploads\/2022\/11\/317549755_597726099020799_1668940166920375972_n.jpg 2048w\" sizes=\"auto, (max-width: 300px) 100vw, 300px\" \/><\/a>\n\t\t\t<\/div><\/figure><figure class='gallery-item'>\n\t\t\t<div class='gallery-icon landscape'>\n\t\t\t\t<a href='https:\/\/katolicka-gimnazija.hr\/wp-content\/uploads\/2022\/11\/316293880_597726485687427_7926594562112785326_n.jpg'><img loading=\"lazy\" decoding=\"async\" width=\"300\" height=\"200\" src=\"https:\/\/katolicka-gimnazija.hr\/wp-content\/uploads\/2022\/11\/316293880_597726485687427_7926594562112785326_n-300x200.jpg\" class=\"attachment-medium size-medium\" alt=\"\" srcset=\"https:\/\/katolicka-gimnazija.hr\/wp-content\/uploads\/2022\/11\/316293880_597726485687427_7926594562112785326_n-300x200.jpg 300w, https:\/\/katolicka-gimnazija.hr\/wp-content\/uploads\/2022\/11\/316293880_597726485687427_7926594562112785326_n-1024x683.jpg 1024w, https:\/\/katolicka-gimnazija.hr\/wp-content\/uploads\/2022\/11\/316293880_597726485687427_7926594562112785326_n-768x512.jpg 768w, https:\/\/katolicka-gimnazija.hr\/wp-content\/uploads\/2022\/11\/316293880_597726485687427_7926594562112785326_n-1536x1024.jpg 1536w, https:\/\/katolicka-gimnazija.hr\/wp-content\/uploads\/2022\/11\/316293880_597726485687427_7926594562112785326_n-400x267.jpg 400w, https:\/\/katolicka-gimnazija.hr\/wp-content\/uploads\/2022\/11\/316293880_597726485687427_7926594562112785326_n.jpg 2048w\" sizes=\"auto, (max-width: 300px) 100vw, 300px\" \/><\/a>\n\t\t\t<\/div><\/figure><figure class='gallery-item'>\n\t\t\t<div class='gallery-icon landscape'>\n\t\t\t\t<a href='https:\/\/katolicka-gimnazija.hr\/wp-content\/uploads\/2022\/11\/317633410_597726339020775_585723664705406902_n.jpg'><img loading=\"lazy\" decoding=\"async\" width=\"300\" height=\"200\" src=\"https:\/\/katolicka-gimnazija.hr\/wp-content\/uploads\/2022\/11\/317633410_597726339020775_585723664705406902_n-300x200.jpg\" class=\"attachment-medium size-medium\" alt=\"\" srcset=\"https:\/\/katolicka-gimnazija.hr\/wp-content\/uploads\/2022\/11\/317633410_597726339020775_585723664705406902_n-300x200.jpg 300w, https:\/\/katolicka-gimnazija.hr\/wp-content\/uploads\/2022\/11\/317633410_597726339020775_585723664705406902_n-1024x683.jpg 1024w, https:\/\/katolicka-gimnazija.hr\/wp-content\/uploads\/2022\/11\/317633410_597726339020775_585723664705406902_n-768x512.jpg 768w, https:\/\/katolicka-gimnazija.hr\/wp-content\/uploads\/2022\/11\/317633410_597726339020775_585723664705406902_n-1536x1024.jpg 1536w, https:\/\/katolicka-gimnazija.hr\/wp-content\/uploads\/2022\/11\/317633410_597726339020775_585723664705406902_n-400x267.jpg 400w, https:\/\/katolicka-gimnazija.hr\/wp-content\/uploads\/2022\/11\/317633410_597726339020775_585723664705406902_n.jpg 2048w\" sizes=\"auto, (max-width: 300px) 100vw, 300px\" \/><\/a>\n\t\t\t<\/div><\/figure><figure class='gallery-item'>\n\t\t\t<div class='gallery-icon portrait'>\n\t\t\t\t<a href='https:\/\/katolicka-gimnazija.hr\/wp-content\/uploads\/2022\/11\/316509785_1554899818311947_6524939487180056150_n.jpg'><img loading=\"lazy\" decoding=\"async\" width=\"225\" height=\"300\" src=\"https:\/\/katolicka-gimnazija.hr\/wp-content\/uploads\/2022\/11\/316509785_1554899818311947_6524939487180056150_n-225x300.jpg\" class=\"attachment-medium size-medium\" alt=\"\" srcset=\"https:\/\/katolicka-gimnazija.hr\/wp-content\/uploads\/2022\/11\/316509785_1554899818311947_6524939487180056150_n-225x300.jpg 225w, https:\/\/katolicka-gimnazija.hr\/wp-content\/uploads\/2022\/11\/316509785_1554899818311947_6524939487180056150_n-768x1024.jpg 768w, https:\/\/katolicka-gimnazija.hr\/wp-content\/uploads\/2022\/11\/316509785_1554899818311947_6524939487180056150_n-1152x1536.jpg 1152w, https:\/\/katolicka-gimnazija.hr\/wp-content\/uploads\/2022\/11\/316509785_1554899818311947_6524939487180056150_n.jpg 1301w\" sizes=\"auto, (max-width: 225px) 100vw, 225px\" \/><\/a>\n\t\t\t<\/div><\/figure><figure class='gallery-item'>\n\t\t\t<div class='gallery-icon landscape'>\n\t\t\t\t<a href='https:\/\/katolicka-gimnazija.hr\/wp-content\/uploads\/2022\/11\/317504534_597721765687899_4533200867073882491_n.jpg'><img loading=\"lazy\" decoding=\"async\" width=\"300\" height=\"200\" src=\"https:\/\/katolicka-gimnazija.hr\/wp-content\/uploads\/2022\/11\/317504534_597721765687899_4533200867073882491_n-300x200.jpg\" class=\"attachment-medium size-medium\" alt=\"\" srcset=\"https:\/\/katolicka-gimnazija.hr\/wp-content\/uploads\/2022\/11\/317504534_597721765687899_4533200867073882491_n-300x200.jpg 300w, https:\/\/katolicka-gimnazija.hr\/wp-content\/uploads\/2022\/11\/317504534_597721765687899_4533200867073882491_n-1024x683.jpg 1024w, https:\/\/katolicka-gimnazija.hr\/wp-content\/uploads\/2022\/11\/317504534_597721765687899_4533200867073882491_n-768x512.jpg 768w, https:\/\/katolicka-gimnazija.hr\/wp-content\/uploads\/2022\/11\/317504534_597721765687899_4533200867073882491_n-1536x1024.jpg 1536w, https:\/\/katolicka-gimnazija.hr\/wp-content\/uploads\/2022\/11\/317504534_597721765687899_4533200867073882491_n-400x267.jpg 400w, https:\/\/katolicka-gimnazija.hr\/wp-content\/uploads\/2022\/11\/317504534_597721765687899_4533200867073882491_n.jpg 2048w\" sizes=\"auto, (max-width: 300px) 100vw, 300px\" \/><\/a>\n\t\t\t<\/div><\/figure><figure class='gallery-item'>\n\t\t\t<div class='gallery-icon portrait'>\n\t\t\t\t<a href='https:\/\/katolicka-gimnazija.hr\/wp-content\/uploads\/2022\/11\/316522861_741857840895318_5790323051306273084_n.jpg'><img loading=\"lazy\" decoding=\"async\" width=\"225\" height=\"300\" src=\"https:\/\/katolicka-gimnazija.hr\/wp-content\/uploads\/2022\/11\/316522861_741857840895318_5790323051306273084_n-225x300.jpg\" class=\"attachment-medium size-medium\" alt=\"\" srcset=\"https:\/\/katolicka-gimnazija.hr\/wp-content\/uploads\/2022\/11\/316522861_741857840895318_5790323051306273084_n-225x300.jpg 225w, https:\/\/katolicka-gimnazija.hr\/wp-content\/uploads\/2022\/11\/316522861_741857840895318_5790323051306273084_n-768x1024.jpg 768w, https:\/\/katolicka-gimnazija.hr\/wp-content\/uploads\/2022\/11\/316522861_741857840895318_5790323051306273084_n-1152x1536.jpg 1152w, https:\/\/katolicka-gimnazija.hr\/wp-content\/uploads\/2022\/11\/316522861_741857840895318_5790323051306273084_n.jpg 1200w\" sizes=\"auto, (max-width: 225px) 100vw, 225px\" \/><\/a>\n\t\t\t<\/div><\/figure><figure class='gallery-item'>\n\t\t\t<div class='gallery-icon portrait'>\n\t\t\t\t<a href='https:\/\/katolicka-gimnazija.hr\/wp-content\/uploads\/2022\/11\/316855884_1204593310414108_5220982716094083014_n.jpg'><img loading=\"lazy\" decoding=\"async\" width=\"225\" height=\"300\" src=\"https:\/\/katolicka-gimnazija.hr\/wp-content\/uploads\/2022\/11\/316855884_1204593310414108_5220982716094083014_n-225x300.jpg\" class=\"attachment-medium size-medium\" alt=\"\" srcset=\"https:\/\/katolicka-gimnazija.hr\/wp-content\/uploads\/2022\/11\/316855884_1204593310414108_5220982716094083014_n-225x300.jpg 225w, https:\/\/katolicka-gimnazija.hr\/wp-content\/uploads\/2022\/11\/316855884_1204593310414108_5220982716094083014_n-768x1024.jpg 768w, https:\/\/katolicka-gimnazija.hr\/wp-content\/uploads\/2022\/11\/316855884_1204593310414108_5220982716094083014_n-1152x1536.jpg 1152w, https:\/\/katolicka-gimnazija.hr\/wp-content\/uploads\/2022\/11\/316855884_1204593310414108_5220982716094083014_n.jpg 1200w\" sizes=\"auto, (max-width: 225px) 100vw, 225px\" \/><\/a>\n\t\t\t<\/div><\/figure><figure class='gallery-item'>\n\t\t\t<div class='gallery-icon landscape'>\n\t\t\t\t<a href='https:\/\/katolicka-gimnazija.hr\/wp-content\/uploads\/2022\/11\/316430856_597726442354098_4388673484323153269_n.jpg'><img loading=\"lazy\" decoding=\"async\" width=\"300\" height=\"200\" src=\"https:\/\/katolicka-gimnazija.hr\/wp-content\/uploads\/2022\/11\/316430856_597726442354098_4388673484323153269_n-300x200.jpg\" class=\"attachment-medium size-medium\" alt=\"\" srcset=\"https:\/\/katolicka-gimnazija.hr\/wp-content\/uploads\/2022\/11\/316430856_597726442354098_4388673484323153269_n-300x200.jpg 300w, https:\/\/katolicka-gimnazija.hr\/wp-content\/uploads\/2022\/11\/316430856_597726442354098_4388673484323153269_n-1024x683.jpg 1024w, https:\/\/katolicka-gimnazija.hr\/wp-content\/uploads\/2022\/11\/316430856_597726442354098_4388673484323153269_n-768x512.jpg 768w, https:\/\/katolicka-gimnazija.hr\/wp-content\/uploads\/2022\/11\/316430856_597726442354098_4388673484323153269_n-1536x1024.jpg 1536w, https:\/\/katolicka-gimnazija.hr\/wp-content\/uploads\/2022\/11\/316430856_597726442354098_4388673484323153269_n-400x267.jpg 400w, https:\/\/katolicka-gimnazija.hr\/wp-content\/uploads\/2022\/11\/316430856_597726442354098_4388673484323153269_n.jpg 2048w\" sizes=\"auto, (max-width: 300px) 100vw, 300px\" \/><\/a>\n\t\t\t<\/div><\/figure><figure class='gallery-item'>\n\t\t\t<div class='gallery-icon landscape'>\n\t\t\t\t<a href='https:\/\/katolicka-gimnazija.hr\/wp-content\/uploads\/2022\/11\/316431558_597726742354068_5302481758265321805_n.jpg'><img loading=\"lazy\" decoding=\"async\" width=\"300\" height=\"200\" src=\"https:\/\/katolicka-gimnazija.hr\/wp-content\/uploads\/2022\/11\/316431558_597726742354068_5302481758265321805_n-300x200.jpg\" class=\"attachment-medium size-medium\" alt=\"\" srcset=\"https:\/\/katolicka-gimnazija.hr\/wp-content\/uploads\/2022\/11\/316431558_597726742354068_5302481758265321805_n-300x200.jpg 300w, https:\/\/katolicka-gimnazija.hr\/wp-content\/uploads\/2022\/11\/316431558_597726742354068_5302481758265321805_n-1024x683.jpg 1024w, https:\/\/katolicka-gimnazija.hr\/wp-content\/uploads\/2022\/11\/316431558_597726742354068_5302481758265321805_n-768x512.jpg 768w, https:\/\/katolicka-gimnazija.hr\/wp-content\/uploads\/2022\/11\/316431558_597726742354068_5302481758265321805_n-1536x1024.jpg 1536w, https:\/\/katolicka-gimnazija.hr\/wp-content\/uploads\/2022\/11\/316431558_597726742354068_5302481758265321805_n-400x267.jpg 400w, https:\/\/katolicka-gimnazija.hr\/wp-content\/uploads\/2022\/11\/316431558_597726742354068_5302481758265321805_n.jpg 2048w\" sizes=\"auto, (max-width: 300px) 100vw, 300px\" \/><\/a>\n\t\t\t<\/div><\/figure><figure class='gallery-item'>\n\t\t\t<div class='gallery-icon landscape'>\n\t\t\t\t<a href='https:\/\/katolicka-gimnazija.hr\/wp-content\/uploads\/2022\/11\/317255687_597726869020722_3289700277113339057_n.jpg'><img loading=\"lazy\" decoding=\"async\" width=\"300\" height=\"200\" src=\"https:\/\/katolicka-gimnazija.hr\/wp-content\/uploads\/2022\/11\/317255687_597726869020722_3289700277113339057_n-300x200.jpg\" class=\"attachment-medium size-medium\" alt=\"\" srcset=\"https:\/\/katolicka-gimnazija.hr\/wp-content\/uploads\/2022\/11\/317255687_597726869020722_3289700277113339057_n-300x200.jpg 300w, https:\/\/katolicka-gimnazija.hr\/wp-content\/uploads\/2022\/11\/317255687_597726869020722_3289700277113339057_n-1024x683.jpg 1024w, https:\/\/katolicka-gimnazija.hr\/wp-content\/uploads\/2022\/11\/317255687_597726869020722_3289700277113339057_n-768x512.jpg 768w, https:\/\/katolicka-gimnazija.hr\/wp-content\/uploads\/2022\/11\/317255687_597726869020722_3289700277113339057_n-1536x1024.jpg 1536w, https:\/\/katolicka-gimnazija.hr\/wp-content\/uploads\/2022\/11\/317255687_597726869020722_3289700277113339057_n-400x267.jpg 400w, https:\/\/katolicka-gimnazija.hr\/wp-content\/uploads\/2022\/11\/317255687_597726869020722_3289700277113339057_n.jpg 2048w\" sizes=\"auto, (max-width: 300px) 100vw, 300px\" \/><\/a>\n\t\t\t<\/div><\/figure><figure class='gallery-item'>\n\t\t\t<div class='gallery-icon landscape'>\n\t\t\t\t<a href='https:\/\/katolicka-gimnazija.hr\/wp-content\/uploads\/2022\/11\/316484985_683186719824532_2381363876842727351_n-1.jpg'><img loading=\"lazy\" decoding=\"async\" width=\"300\" height=\"225\" src=\"https:\/\/katolicka-gimnazija.hr\/wp-content\/uploads\/2022\/11\/316484985_683186719824532_2381363876842727351_n-1-300x225.jpg\" class=\"attachment-medium size-medium\" alt=\"\" srcset=\"https:\/\/katolicka-gimnazija.hr\/wp-content\/uploads\/2022\/11\/316484985_683186719824532_2381363876842727351_n-1-300x225.jpg 300w, https:\/\/katolicka-gimnazija.hr\/wp-content\/uploads\/2022\/11\/316484985_683186719824532_2381363876842727351_n-1-1024x768.jpg 1024w, https:\/\/katolicka-gimnazija.hr\/wp-content\/uploads\/2022\/11\/316484985_683186719824532_2381363876842727351_n-1-768x576.jpg 768w, https:\/\/katolicka-gimnazija.hr\/wp-content\/uploads\/2022\/11\/316484985_683186719824532_2381363876842727351_n-1-1536x1152.jpg 1536w, https:\/\/katolicka-gimnazija.hr\/wp-content\/uploads\/2022\/11\/316484985_683186719824532_2381363876842727351_n-1-400x300.jpg 400w, https:\/\/katolicka-gimnazija.hr\/wp-content\/uploads\/2022\/11\/316484985_683186719824532_2381363876842727351_n-1.jpg 1600w\" sizes=\"auto, (max-width: 300px) 100vw, 300px\" \/><\/a>\n\t\t\t<\/div><\/figure><figure class='gallery-item'>\n\t\t\t<div class='gallery-icon landscape'>\n\t\t\t\t<a href='https:\/\/katolicka-gimnazija.hr\/wp-content\/uploads\/2022\/11\/316680790_597724242354318_752976322969947200_n.jpg'><img loading=\"lazy\" decoding=\"async\" width=\"300\" height=\"200\" src=\"https:\/\/katolicka-gimnazija.hr\/wp-content\/uploads\/2022\/11\/316680790_597724242354318_752976322969947200_n-300x200.jpg\" class=\"attachment-medium size-medium\" alt=\"\" srcset=\"https:\/\/katolicka-gimnazija.hr\/wp-content\/uploads\/2022\/11\/316680790_597724242354318_752976322969947200_n-300x200.jpg 300w, https:\/\/katolicka-gimnazija.hr\/wp-content\/uploads\/2022\/11\/316680790_597724242354318_752976322969947200_n-1024x683.jpg 1024w, https:\/\/katolicka-gimnazija.hr\/wp-content\/uploads\/2022\/11\/316680790_597724242354318_752976322969947200_n-768x512.jpg 768w, https:\/\/katolicka-gimnazija.hr\/wp-content\/uploads\/2022\/11\/316680790_597724242354318_752976322969947200_n-1536x1024.jpg 1536w, https:\/\/katolicka-gimnazija.hr\/wp-content\/uploads\/2022\/11\/316680790_597724242354318_752976322969947200_n-400x267.jpg 400w, https:\/\/katolicka-gimnazija.hr\/wp-content\/uploads\/2022\/11\/316680790_597724242354318_752976322969947200_n.jpg 2048w\" sizes=\"auto, (max-width: 300px) 100vw, 300px\" \/><\/a>\n\t\t\t<\/div><\/figure><figure class='gallery-item'>\n\t\t\t<div class='gallery-icon landscape'>\n\t\t\t\t<a href='https:\/\/katolicka-gimnazija.hr\/wp-content\/uploads\/2022\/11\/317511990_597721755687900_2371892271412841962_n.jpg'><img loading=\"lazy\" decoding=\"async\" width=\"300\" height=\"200\" src=\"https:\/\/katolicka-gimnazija.hr\/wp-content\/uploads\/2022\/11\/317511990_597721755687900_2371892271412841962_n-300x200.jpg\" class=\"attachment-medium size-medium\" alt=\"\" srcset=\"https:\/\/katolicka-gimnazija.hr\/wp-content\/uploads\/2022\/11\/317511990_597721755687900_2371892271412841962_n-300x200.jpg 300w, https:\/\/katolicka-gimnazija.hr\/wp-content\/uploads\/2022\/11\/317511990_597721755687900_2371892271412841962_n-1024x683.jpg 1024w, https:\/\/katolicka-gimnazija.hr\/wp-content\/uploads\/2022\/11\/317511990_597721755687900_2371892271412841962_n-768x512.jpg 768w, https:\/\/katolicka-gimnazija.hr\/wp-content\/uploads\/2022\/11\/317511990_597721755687900_2371892271412841962_n-1536x1024.jpg 1536w, https:\/\/katolicka-gimnazija.hr\/wp-content\/uploads\/2022\/11\/317511990_597721755687900_2371892271412841962_n-400x267.jpg 400w, https:\/\/katolicka-gimnazija.hr\/wp-content\/uploads\/2022\/11\/317511990_597721755687900_2371892271412841962_n.jpg 2048w\" sizes=\"auto, (max-width: 300px) 100vw, 300px\" \/><\/a>\n\t\t\t<\/div><\/figure><figure class='gallery-item'>\n\t\t\t<div class='gallery-icon landscape'>\n\t\t\t\t<a href='https:\/\/katolicka-gimnazija.hr\/wp-content\/uploads\/2022\/11\/316976084_3274694159413769_3565220712713629905_n.jpg'><img loading=\"lazy\" decoding=\"async\" width=\"300\" height=\"225\" src=\"https:\/\/katolicka-gimnazija.hr\/wp-content\/uploads\/2022\/11\/316976084_3274694159413769_3565220712713629905_n-300x225.jpg\" class=\"attachment-medium size-medium\" alt=\"\" srcset=\"https:\/\/katolicka-gimnazija.hr\/wp-content\/uploads\/2022\/11\/316976084_3274694159413769_3565220712713629905_n-300x225.jpg 300w, https:\/\/katolicka-gimnazija.hr\/wp-content\/uploads\/2022\/11\/316976084_3274694159413769_3565220712713629905_n-1024x768.jpg 1024w, https:\/\/katolicka-gimnazija.hr\/wp-content\/uploads\/2022\/11\/316976084_3274694159413769_3565220712713629905_n-768x576.jpg 768w, https:\/\/katolicka-gimnazija.hr\/wp-content\/uploads\/2022\/11\/316976084_3274694159413769_3565220712713629905_n-1536x1152.jpg 1536w, https:\/\/katolicka-gimnazija.hr\/wp-content\/uploads\/2022\/11\/316976084_3274694159413769_3565220712713629905_n-400x300.jpg 400w, https:\/\/katolicka-gimnazija.hr\/wp-content\/uploads\/2022\/11\/316976084_3274694159413769_3565220712713629905_n.jpg 1600w\" sizes=\"auto, (max-width: 300px) 100vw, 300px\" \/><\/a>\n\t\t\t<\/div><\/figure><figure class='gallery-item'>\n\t\t\t<div class='gallery-icon landscape'>\n\t\t\t\t<a href='https:\/\/katolicka-gimnazija.hr\/wp-content\/uploads\/2022\/11\/316679588_597726695687406_3958973529936162476_n.jpg'><img loading=\"lazy\" decoding=\"async\" width=\"300\" height=\"200\" src=\"https:\/\/katolicka-gimnazija.hr\/wp-content\/uploads\/2022\/11\/316679588_597726695687406_3958973529936162476_n-300x200.jpg\" class=\"attachment-medium size-medium\" alt=\"\" srcset=\"https:\/\/katolicka-gimnazija.hr\/wp-content\/uploads\/2022\/11\/316679588_597726695687406_3958973529936162476_n-300x200.jpg 300w, https:\/\/katolicka-gimnazija.hr\/wp-content\/uploads\/2022\/11\/316679588_597726695687406_3958973529936162476_n-1024x683.jpg 1024w, https:\/\/katolicka-gimnazija.hr\/wp-content\/uploads\/2022\/11\/316679588_597726695687406_3958973529936162476_n-768x512.jpg 768w, https:\/\/katolicka-gimnazija.hr\/wp-content\/uploads\/2022\/11\/316679588_597726695687406_3958973529936162476_n-1536x1024.jpg 1536w, https:\/\/katolicka-gimnazija.hr\/wp-content\/uploads\/2022\/11\/316679588_597726695687406_3958973529936162476_n-400x267.jpg 400w, https:\/\/katolicka-gimnazija.hr\/wp-content\/uploads\/2022\/11\/316679588_597726695687406_3958973529936162476_n.jpg 2048w\" sizes=\"auto, (max-width: 300px) 100vw, 300px\" \/><\/a>\n\t\t\t<\/div><\/figure><figure class='gallery-item'>\n\t\t\t<div class='gallery-icon landscape'>\n\t\t\t\t<a href='https:\/\/katolicka-gimnazija.hr\/wp-content\/uploads\/2022\/11\/317080580_597726565687419_7526082707157598771_n.jpg'><img loading=\"lazy\" decoding=\"async\" width=\"300\" height=\"200\" src=\"https:\/\/katolicka-gimnazija.hr\/wp-content\/uploads\/2022\/11\/317080580_597726565687419_7526082707157598771_n-300x200.jpg\" class=\"attachment-medium size-medium\" alt=\"\" srcset=\"https:\/\/katolicka-gimnazija.hr\/wp-content\/uploads\/2022\/11\/317080580_597726565687419_7526082707157598771_n-300x200.jpg 300w, https:\/\/katolicka-gimnazija.hr\/wp-content\/uploads\/2022\/11\/317080580_597726565687419_7526082707157598771_n-1024x683.jpg 1024w, https:\/\/katolicka-gimnazija.hr\/wp-content\/uploads\/2022\/11\/317080580_597726565687419_7526082707157598771_n-768x512.jpg 768w, https:\/\/katolicka-gimnazija.hr\/wp-content\/uploads\/2022\/11\/317080580_597726565687419_7526082707157598771_n-1536x1024.jpg 1536w, https:\/\/katolicka-gimnazija.hr\/wp-content\/uploads\/2022\/11\/317080580_597726565687419_7526082707157598771_n-400x267.jpg 400w, https:\/\/katolicka-gimnazija.hr\/wp-content\/uploads\/2022\/11\/317080580_597726565687419_7526082707157598771_n.jpg 2048w\" sizes=\"auto, (max-width: 300px) 100vw, 300px\" \/><\/a>\n\t\t\t<\/div><\/figure><figure class='gallery-item'>\n\t\t\t<div class='gallery-icon landscape'>\n\t\t\t\t<a href='https:\/\/katolicka-gimnazija.hr\/wp-content\/uploads\/2022\/11\/316747331_867335970955118_7269789803671274668_n.jpg'><img loading=\"lazy\" decoding=\"async\" width=\"300\" height=\"225\" src=\"https:\/\/katolicka-gimnazija.hr\/wp-content\/uploads\/2022\/11\/316747331_867335970955118_7269789803671274668_n-300x225.jpg\" class=\"attachment-medium size-medium\" alt=\"\" srcset=\"https:\/\/katolicka-gimnazija.hr\/wp-content\/uploads\/2022\/11\/316747331_867335970955118_7269789803671274668_n-300x225.jpg 300w, https:\/\/katolicka-gimnazija.hr\/wp-content\/uploads\/2022\/11\/316747331_867335970955118_7269789803671274668_n-1024x768.jpg 1024w, https:\/\/katolicka-gimnazija.hr\/wp-content\/uploads\/2022\/11\/316747331_867335970955118_7269789803671274668_n-768x576.jpg 768w, https:\/\/katolicka-gimnazija.hr\/wp-content\/uploads\/2022\/11\/316747331_867335970955118_7269789803671274668_n-1536x1152.jpg 1536w, https:\/\/katolicka-gimnazija.hr\/wp-content\/uploads\/2022\/11\/316747331_867335970955118_7269789803671274668_n-400x300.jpg 400w, https:\/\/katolicka-gimnazija.hr\/wp-content\/uploads\/2022\/11\/316747331_867335970955118_7269789803671274668_n.jpg 1600w\" sizes=\"auto, (max-width: 300px) 100vw, 300px\" \/><\/a>\n\t\t\t<\/div><\/figure><figure class='gallery-item'>\n\t\t\t<div class='gallery-icon landscape'>\n\t\t\t\t<a href='https:\/\/katolicka-gimnazija.hr\/wp-content\/uploads\/2022\/11\/316258588_597726202354122_625217509062029014_n.jpg'><img loading=\"lazy\" decoding=\"async\" width=\"300\" height=\"200\" src=\"https:\/\/katolicka-gimnazija.hr\/wp-content\/uploads\/2022\/11\/316258588_597726202354122_625217509062029014_n-300x200.jpg\" class=\"attachment-medium size-medium\" alt=\"\" srcset=\"https:\/\/katolicka-gimnazija.hr\/wp-content\/uploads\/2022\/11\/316258588_597726202354122_625217509062029014_n-300x200.jpg 300w, https:\/\/katolicka-gimnazija.hr\/wp-content\/uploads\/2022\/11\/316258588_597726202354122_625217509062029014_n-1024x683.jpg 1024w, https:\/\/katolicka-gimnazija.hr\/wp-content\/uploads\/2022\/11\/316258588_597726202354122_625217509062029014_n-768x512.jpg 768w, https:\/\/katolicka-gimnazija.hr\/wp-content\/uploads\/2022\/11\/316258588_597726202354122_625217509062029014_n-1536x1024.jpg 1536w, https:\/\/katolicka-gimnazija.hr\/wp-content\/uploads\/2022\/11\/316258588_597726202354122_625217509062029014_n-400x267.jpg 400w, https:\/\/katolicka-gimnazija.hr\/wp-content\/uploads\/2022\/11\/316258588_597726202354122_625217509062029014_n.jpg 2048w\" sizes=\"auto, (max-width: 300px) 100vw, 300px\" \/><\/a>\n\t\t\t<\/div><\/figure><figure class='gallery-item'>\n\t\t\t<div class='gallery-icon portrait'>\n\t\t\t\t<a href='https:\/\/katolicka-gimnazija.hr\/wp-content\/uploads\/2022\/11\/316565346_688368602744995_3509277755401235463_n.jpg'><img loading=\"lazy\" decoding=\"async\" width=\"225\" height=\"300\" src=\"https:\/\/katolicka-gimnazija.hr\/wp-content\/uploads\/2022\/11\/316565346_688368602744995_3509277755401235463_n-225x300.jpg\" class=\"attachment-medium size-medium\" alt=\"\" srcset=\"https:\/\/katolicka-gimnazija.hr\/wp-content\/uploads\/2022\/11\/316565346_688368602744995_3509277755401235463_n-225x300.jpg 225w, https:\/\/katolicka-gimnazija.hr\/wp-content\/uploads\/2022\/11\/316565346_688368602744995_3509277755401235463_n-768x1024.jpg 768w, https:\/\/katolicka-gimnazija.hr\/wp-content\/uploads\/2022\/11\/316565346_688368602744995_3509277755401235463_n-1152x1536.jpg 1152w, https:\/\/katolicka-gimnazija.hr\/wp-content\/uploads\/2022\/11\/316565346_688368602744995_3509277755401235463_n.jpg 1200w\" sizes=\"auto, (max-width: 225px) 100vw, 225px\" \/><\/a>\n\t\t\t<\/div><\/figure><figure class='gallery-item'>\n\t\t\t<div class='gallery-icon landscape'>\n\t\t\t\t<a href='https:\/\/katolicka-gimnazija.hr\/wp-content\/uploads\/2022\/11\/316539011_597724279020981_3396717493398731055_n.jpg'><img loading=\"lazy\" decoding=\"async\" width=\"300\" height=\"200\" src=\"https:\/\/katolicka-gimnazija.hr\/wp-content\/uploads\/2022\/11\/316539011_597724279020981_3396717493398731055_n-300x200.jpg\" class=\"attachment-medium size-medium\" alt=\"\" srcset=\"https:\/\/katolicka-gimnazija.hr\/wp-content\/uploads\/2022\/11\/316539011_597724279020981_3396717493398731055_n-300x200.jpg 300w, https:\/\/katolicka-gimnazija.hr\/wp-content\/uploads\/2022\/11\/316539011_597724279020981_3396717493398731055_n-1024x683.jpg 1024w, https:\/\/katolicka-gimnazija.hr\/wp-content\/uploads\/2022\/11\/316539011_597724279020981_3396717493398731055_n-768x512.jpg 768w, https:\/\/katolicka-gimnazija.hr\/wp-content\/uploads\/2022\/11\/316539011_597724279020981_3396717493398731055_n-1536x1024.jpg 1536w, https:\/\/katolicka-gimnazija.hr\/wp-content\/uploads\/2022\/11\/316539011_597724279020981_3396717493398731055_n-400x267.jpg 400w, https:\/\/katolicka-gimnazija.hr\/wp-content\/uploads\/2022\/11\/316539011_597724279020981_3396717493398731055_n.jpg 2048w\" sizes=\"auto, (max-width: 300px) 100vw, 300px\" \/><\/a>\n\t\t\t<\/div><\/figure><figure class='gallery-item'>\n\t\t\t<div class='gallery-icon landscape'>\n\t\t\t\t<a href='https:\/\/katolicka-gimnazija.hr\/wp-content\/uploads\/2022\/11\/317383885_597726022354140_7442979425109805887_n.jpg'><img loading=\"lazy\" decoding=\"async\" width=\"300\" height=\"200\" src=\"https:\/\/katolicka-gimnazija.hr\/wp-content\/uploads\/2022\/11\/317383885_597726022354140_7442979425109805887_n-300x200.jpg\" class=\"attachment-medium size-medium\" alt=\"\" srcset=\"https:\/\/katolicka-gimnazija.hr\/wp-content\/uploads\/2022\/11\/317383885_597726022354140_7442979425109805887_n-300x200.jpg 300w, https:\/\/katolicka-gimnazija.hr\/wp-content\/uploads\/2022\/11\/317383885_597726022354140_7442979425109805887_n-1024x683.jpg 1024w, https:\/\/katolicka-gimnazija.hr\/wp-content\/uploads\/2022\/11\/317383885_597726022354140_7442979425109805887_n-768x512.jpg 768w, https:\/\/katolicka-gimnazija.hr\/wp-content\/uploads\/2022\/11\/317383885_597726022354140_7442979425109805887_n-1536x1024.jpg 1536w, https:\/\/katolicka-gimnazija.hr\/wp-content\/uploads\/2022\/11\/317383885_597726022354140_7442979425109805887_n-400x267.jpg 400w, https:\/\/katolicka-gimnazija.hr\/wp-content\/uploads\/2022\/11\/317383885_597726022354140_7442979425109805887_n.jpg 2048w\" sizes=\"auto, (max-width: 300px) 100vw, 300px\" \/><\/a>\n\t\t\t<\/div><\/figure><figure class='gallery-item'>\n\t\t\t<div class='gallery-icon portrait'>\n\t\t\t\t<a href='https:\/\/katolicka-gimnazija.hr\/wp-content\/uploads\/2022\/11\/316429007_676065177466176_4394296775722626323_n.jpg'><img loading=\"lazy\" decoding=\"async\" width=\"225\" height=\"300\" src=\"https:\/\/katolicka-gimnazija.hr\/wp-content\/uploads\/2022\/11\/316429007_676065177466176_4394296775722626323_n-225x300.jpg\" class=\"attachment-medium size-medium\" alt=\"\" srcset=\"https:\/\/katolicka-gimnazija.hr\/wp-content\/uploads\/2022\/11\/316429007_676065177466176_4394296775722626323_n-225x300.jpg 225w, https:\/\/katolicka-gimnazija.hr\/wp-content\/uploads\/2022\/11\/316429007_676065177466176_4394296775722626323_n-768x1024.jpg 768w, https:\/\/katolicka-gimnazija.hr\/wp-content\/uploads\/2022\/11\/316429007_676065177466176_4394296775722626323_n-1152x1536.jpg 1152w, https:\/\/katolicka-gimnazija.hr\/wp-content\/uploads\/2022\/11\/316429007_676065177466176_4394296775722626323_n.jpg 1200w\" sizes=\"auto, (max-width: 225px) 100vw, 225px\" \/><\/a>\n\t\t\t<\/div><\/figure><figure class='gallery-item'>\n\t\t\t<div class='gallery-icon landscape'>\n\t\t\t\t<a href='https:\/\/katolicka-gimnazija.hr\/wp-content\/uploads\/2022\/11\/317390951_597725705687505_9135523605019155593_n.jpg'><img loading=\"lazy\" decoding=\"async\" width=\"300\" height=\"200\" src=\"https:\/\/katolicka-gimnazija.hr\/wp-content\/uploads\/2022\/11\/317390951_597725705687505_9135523605019155593_n-300x200.jpg\" class=\"attachment-medium size-medium\" alt=\"\" srcset=\"https:\/\/katolicka-gimnazija.hr\/wp-content\/uploads\/2022\/11\/317390951_597725705687505_9135523605019155593_n-300x200.jpg 300w, https:\/\/katolicka-gimnazija.hr\/wp-content\/uploads\/2022\/11\/317390951_597725705687505_9135523605019155593_n-1024x683.jpg 1024w, https:\/\/katolicka-gimnazija.hr\/wp-content\/uploads\/2022\/11\/317390951_597725705687505_9135523605019155593_n-768x512.jpg 768w, https:\/\/katolicka-gimnazija.hr\/wp-content\/uploads\/2022\/11\/317390951_597725705687505_9135523605019155593_n-1536x1024.jpg 1536w, https:\/\/katolicka-gimnazija.hr\/wp-content\/uploads\/2022\/11\/317390951_597725705687505_9135523605019155593_n-400x267.jpg 400w, https:\/\/katolicka-gimnazija.hr\/wp-content\/uploads\/2022\/11\/317390951_597725705687505_9135523605019155593_n.jpg 2048w\" sizes=\"auto, (max-width: 300px) 100vw, 300px\" \/><\/a>\n\t\t\t<\/div><\/figure>\n\t\t<\/div>\n\n","protected":false},"excerpt":{"rendered":"<p>Smotra srednjo\u0161kolskih zborova u\u010denika katoli\u010dkih \u0161kola U subotu 26. studenog odr\u017eana je Smotra zborova u\u010denika katoli\u010dkih srednjih \u0161kola iz Hrvatske a kojoj je doma\u0107in bila Salezijanska klasi\u010dna gimnazija iz Rijeke na \u010delu s ravnateljem don Danijelom Dragi\u010devi\u0107em. Na smotri su sudjelovali u\u010denici iz devet srednjih \u0161kola koji su do\u0161li iz Dubrovnika, Splita, Rijeke, Zagreba, Virovitice, [&hellip;]<\/p>\n","protected":false},"author":96,"featured_media":27339,"comment_status":"closed","ping_status":"closed","sticky":false,"template":"","format":"standard","meta":{"footnotes":""},"categories":[213,210,2],"tags":[],"class_list":["post-27312","post","type-post","status-publish","format-standard","has-post-thumbnail","hentry","category-putovanja","category-sport","category-vijesti"],"_links":{"self":[{"href":"https:\/\/katolicka-gimnazija.hr\/index.php\/wp-json\/wp\/v2\/posts\/27312","targetHints":{"allow":["GET"]}}],"collection":[{"href":"https:\/\/katolicka-gimnazija.hr\/index.php\/wp-json\/wp\/v2\/posts"}],"about":[{"href":"https:\/\/katolicka-gimnazija.hr\/index.php\/wp-json\/wp\/v2\/types\/post"}],"author":[{"embeddable":true,"href":"https:\/\/katolicka-gimnazija.hr\/index.php\/wp-json\/wp\/v2\/users\/96"}],"replies":[{"embeddable":true,"href":"https:\/\/katolicka-gimnazija.hr\/index.php\/wp-json\/wp\/v2\/comments?post=27312"}],"version-history":[{"count":6,"href":"https:\/\/katolicka-gimnazija.hr\/index.php\/wp-json\/wp\/v2\/posts\/27312\/revisions"}],"predecessor-version":[{"id":27388,"href":"https:\/\/katolicka-gimnazija.hr\/index.php\/wp-json\/wp\/v2\/posts\/27312\/revisions\/27388"}],"wp:featuredmedia":[{"embeddable":true,"href":"https:\/\/katolicka-gimnazija.hr\/index.php\/wp-json\/wp\/v2\/media\/27339"}],"wp:attachment":[{"href":"https:\/\/katolicka-gimnazija.hr\/index.php\/wp-json\/wp\/v2\/media?parent=27312"}],"wp:term":[{"taxonomy":"category","embeddable":true,"href":"https:\/\/katolicka-gimnazija.hr\/index.php\/wp-json\/wp\/v2\/categories?post=27312"},{"taxonomy":"post_tag","embeddable":true,"href":"https:\/\/katolicka-gimnazija.hr\/index.php\/wp-json\/wp\/v2\/tags?post=27312"}],"curies":[{"name":"wp","href":"https:\/\/api.w.org\/{rel}","templated":true}]}}