{"id":27346,"date":"2022-11-29T12:05:44","date_gmt":"2022-11-29T12:05:44","guid":{"rendered":"https:\/\/katolicka-gimnazija.hr\/?p=27346"},"modified":"2022-11-29T12:05:44","modified_gmt":"2022-11-29T12:05:44","slug":"zbogom-kunama","status":"publish","type":"post","link":"https:\/\/katolicka-gimnazija.hr\/index.php\/2022\/11\/29\/zbogom-kunama\/","title":{"rendered":"Zbogom kunama"},"content":{"rendered":"<p>Iako je globalizacija skup procesa na politi\u010dkoj i gospodarskoj razini, ona oblikuje i elemente\u00a0 kulture kao \u0161to su norme, vrijednosti, jezik i obi\u010daji. Time globalizirana kultura umanjuje raznolikost svijeta, a najugro\u017eeniji su identiteti malih naroda i dr\u017eava.<\/p>\n<p>Republika Hrvatska, kao idealan predstavnik malih dr\u017eava sa sve manjim brojem stanovnika, duboko globalizirana s po\u010detkom \u0107e sljede\u0107e godine napraviti jo\u0161 jedan korak prema zapadu. Naime, s prvim danom Nove godine postajemo punopravna \u010dlanica Eurozone, monetarne unije dr\u017eava \u010dlanica Europske unije koje su usvojile euro kao svoju primarnu valutu i jedino zakonsko sredstvo pla\u0107anja.<\/p>\n<p>Hrvatska kuna, uvedena kao plate\u017eno sredstvo 30. svibnja 1994., za otprilike mjesec dana odlazi u povijest. Kako bismo sa\u010duvali jedan mali dio povijesti i na\u0161eg nacionalnog identiteta, poti\u010demo sve u\u010denike i djelatnike na\u0161e \u0161kole da poku\u0161aju skupiti sve hrvatske kovanice te ih uokvire i donesu u \u0161kolu, a preostale nam identitete poput vjere, jezika, obi\u010daja&#8230;njegujemo, \u017eivimo kako i njih jednoga dana ne bismo trebali spa\u0161avati od zaborava.<\/p>\n<p>Detalji slijede&#8230;<\/p>\n<p style=\"text-align: center;\"><a href=\"http:\/\/katolicka-gimnazija.hr\/wp-content\/uploads\/2022\/11\/6xs66n2n34k71.webp\"><img loading=\"lazy\" decoding=\"async\" class=\"alignnone size-medium wp-image-27347\" src=\"http:\/\/katolicka-gimnazija.hr\/wp-content\/uploads\/2022\/11\/6xs66n2n34k71-228x300.webp\" alt=\"\" width=\"228\" height=\"300\" srcset=\"https:\/\/katolicka-gimnazija.hr\/wp-content\/uploads\/2022\/11\/6xs66n2n34k71-228x300.webp 228w, https:\/\/katolicka-gimnazija.hr\/wp-content\/uploads\/2022\/11\/6xs66n2n34k71.webp 640w\" sizes=\"auto, (max-width: 228px) 100vw, 228px\" \/><\/a> <a href=\"http:\/\/katolicka-gimnazija.hr\/wp-content\/uploads\/2022\/11\/image-scaled.jpg\"><img loading=\"lazy\" decoding=\"async\" class=\"alignnone size-medium wp-image-27348\" src=\"http:\/\/katolicka-gimnazija.hr\/wp-content\/uploads\/2022\/11\/image-300x300.jpg\" alt=\"\" width=\"300\" height=\"300\" srcset=\"https:\/\/katolicka-gimnazija.hr\/wp-content\/uploads\/2022\/11\/image-300x300.jpg 300w, https:\/\/katolicka-gimnazija.hr\/wp-content\/uploads\/2022\/11\/image-1024x1024.jpg 1024w, https:\/\/katolicka-gimnazija.hr\/wp-content\/uploads\/2022\/11\/image-150x150.jpg 150w, https:\/\/katolicka-gimnazija.hr\/wp-content\/uploads\/2022\/11\/image-768x768.jpg 768w, https:\/\/katolicka-gimnazija.hr\/wp-content\/uploads\/2022\/11\/image-1536x1536.jpg 1536w, https:\/\/katolicka-gimnazija.hr\/wp-content\/uploads\/2022\/11\/image-2048x2048.jpg 2048w\" sizes=\"auto, (max-width: 300px) 100vw, 300px\" \/><\/a><\/p>\n","protected":false},"excerpt":{"rendered":"<p>Iako je globalizacija skup procesa na politi\u010dkoj i gospodarskoj razini, ona oblikuje i elemente\u00a0 kulture kao \u0161to su norme, vrijednosti, jezik i obi\u010daji. Time globalizirana kultura umanjuje raznolikost svijeta, a najugro\u017eeniji su identiteti malih naroda i dr\u017eava. Republika Hrvatska, kao idealan predstavnik malih dr\u017eava sa sve manjim brojem stanovnika, duboko globalizirana s po\u010detkom \u0107e sljede\u0107e [&hellip;]<\/p>\n","protected":false},"author":94,"featured_media":27349,"comment_status":"closed","ping_status":"closed","sticky":false,"template":"","format":"standard","meta":{"footnotes":""},"categories":[3,2],"tags":[],"class_list":["post-27346","post","type-post","status-publish","format-standard","has-post-thumbnail","hentry","category-obavijesti","category-vijesti"],"_links":{"self":[{"href":"https:\/\/katolicka-gimnazija.hr\/index.php\/wp-json\/wp\/v2\/posts\/27346","targetHints":{"allow":["GET"]}}],"collection":[{"href":"https:\/\/katolicka-gimnazija.hr\/index.php\/wp-json\/wp\/v2\/posts"}],"about":[{"href":"https:\/\/katolicka-gimnazija.hr\/index.php\/wp-json\/wp\/v2\/types\/post"}],"author":[{"embeddable":true,"href":"https:\/\/katolicka-gimnazija.hr\/index.php\/wp-json\/wp\/v2\/users\/94"}],"replies":[{"embeddable":true,"href":"https:\/\/katolicka-gimnazija.hr\/index.php\/wp-json\/wp\/v2\/comments?post=27346"}],"version-history":[{"count":1,"href":"https:\/\/katolicka-gimnazija.hr\/index.php\/wp-json\/wp\/v2\/posts\/27346\/revisions"}],"predecessor-version":[{"id":27350,"href":"https:\/\/katolicka-gimnazija.hr\/index.php\/wp-json\/wp\/v2\/posts\/27346\/revisions\/27350"}],"wp:featuredmedia":[{"embeddable":true,"href":"https:\/\/katolicka-gimnazija.hr\/index.php\/wp-json\/wp\/v2\/media\/27349"}],"wp:attachment":[{"href":"https:\/\/katolicka-gimnazija.hr\/index.php\/wp-json\/wp\/v2\/media?parent=27346"}],"wp:term":[{"taxonomy":"category","embeddable":true,"href":"https:\/\/katolicka-gimnazija.hr\/index.php\/wp-json\/wp\/v2\/categories?post=27346"},{"taxonomy":"post_tag","embeddable":true,"href":"https:\/\/katolicka-gimnazija.hr\/index.php\/wp-json\/wp\/v2\/tags?post=27346"}],"curies":[{"name":"wp","href":"https:\/\/api.w.org\/{rel}","templated":true}]}}