{"id":27389,"date":"2022-12-01T09:12:48","date_gmt":"2022-12-01T09:12:48","guid":{"rendered":"https:\/\/katolicka-gimnazija.hr\/?p=27389"},"modified":"2022-12-04T20:10:13","modified_gmt":"2022-12-04T20:10:13","slug":"pridruzite-nam-se-na-veceri-matematike","status":"publish","type":"post","link":"https:\/\/katolicka-gimnazija.hr\/index.php\/2022\/12\/01\/pridruzite-nam-se-na-veceri-matematike\/","title":{"rendered":"Pridru\u017eite nam se na Ve\u010deri matematike"},"content":{"rendered":"<p>Po\u0161tovani roditelji i dragi prijatelji, pridru\u017eite nam se u srijedu, 7. prosinca na Ve\u010deri matematike!<\/p>\n<p><a href=\"http:\/\/katolicka-gimnazija.hr\/wp-content\/uploads\/2022\/12\/matematika-1-page-001-scaled.jpg\"><img loading=\"lazy\" decoding=\"async\" class=\"alignnone size-medium wp-image-27390\" src=\"http:\/\/katolicka-gimnazija.hr\/wp-content\/uploads\/2022\/12\/matematika-1-page-001-212x300.jpg\" alt=\"\" width=\"212\" height=\"300\" srcset=\"https:\/\/katolicka-gimnazija.hr\/wp-content\/uploads\/2022\/12\/matematika-1-page-001-212x300.jpg 212w, https:\/\/katolicka-gimnazija.hr\/wp-content\/uploads\/2022\/12\/matematika-1-page-001-724x1024.jpg 724w, https:\/\/katolicka-gimnazija.hr\/wp-content\/uploads\/2022\/12\/matematika-1-page-001-768x1086.jpg 768w, https:\/\/katolicka-gimnazija.hr\/wp-content\/uploads\/2022\/12\/matematika-1-page-001-1086x1536.jpg 1086w, https:\/\/katolicka-gimnazija.hr\/wp-content\/uploads\/2022\/12\/matematika-1-page-001-1448x2048.jpg 1448w, https:\/\/katolicka-gimnazija.hr\/wp-content\/uploads\/2022\/12\/matematika-1-page-001-scaled.jpg 1810w\" sizes=\"auto, (max-width: 212px) 100vw, 212px\" \/><\/a><\/p>\n","protected":false},"excerpt":{"rendered":"<p>Po\u0161tovani roditelji i dragi prijatelji, pridru\u017eite nam se u srijedu, 7. prosinca na Ve\u010deri matematike!<\/p>\n","protected":false},"author":2,"featured_media":0,"comment_status":"closed","ping_status":"closed","sticky":false,"template":"","format":"standard","meta":{"footnotes":""},"categories":[3],"tags":[],"class_list":["post-27389","post","type-post","status-publish","format-standard","hentry","category-obavijesti"],"_links":{"self":[{"href":"https:\/\/katolicka-gimnazija.hr\/index.php\/wp-json\/wp\/v2\/posts\/27389","targetHints":{"allow":["GET"]}}],"collection":[{"href":"https:\/\/katolicka-gimnazija.hr\/index.php\/wp-json\/wp\/v2\/posts"}],"about":[{"href":"https:\/\/katolicka-gimnazija.hr\/index.php\/wp-json\/wp\/v2\/types\/post"}],"author":[{"embeddable":true,"href":"https:\/\/katolicka-gimnazija.hr\/index.php\/wp-json\/wp\/v2\/users\/2"}],"replies":[{"embeddable":true,"href":"https:\/\/katolicka-gimnazija.hr\/index.php\/wp-json\/wp\/v2\/comments?post=27389"}],"version-history":[{"count":3,"href":"https:\/\/katolicka-gimnazija.hr\/index.php\/wp-json\/wp\/v2\/posts\/27389\/revisions"}],"predecessor-version":[{"id":27394,"href":"https:\/\/katolicka-gimnazija.hr\/index.php\/wp-json\/wp\/v2\/posts\/27389\/revisions\/27394"}],"wp:attachment":[{"href":"https:\/\/katolicka-gimnazija.hr\/index.php\/wp-json\/wp\/v2\/media?parent=27389"}],"wp:term":[{"taxonomy":"category","embeddable":true,"href":"https:\/\/katolicka-gimnazija.hr\/index.php\/wp-json\/wp\/v2\/categories?post=27389"},{"taxonomy":"post_tag","embeddable":true,"href":"https:\/\/katolicka-gimnazija.hr\/index.php\/wp-json\/wp\/v2\/tags?post=27389"}],"curies":[{"name":"wp","href":"https:\/\/api.w.org\/{rel}","templated":true}]}}