{"id":2740,"date":"2016-01-17T16:19:38","date_gmt":"2016-01-17T16:19:38","guid":{"rendered":"http:\/\/katolicka-gimnazija.hr\/?p=2740"},"modified":"2016-01-17T16:19:38","modified_gmt":"2016-01-17T16:19:38","slug":"molitvena-osmina-za-jedinstvo-krscana","status":"publish","type":"post","link":"https:\/\/katolicka-gimnazija.hr\/index.php\/2016\/01\/17\/molitvena-osmina-za-jedinstvo-krscana\/","title":{"rendered":"Molitvena osmina za jedinstvo kr\u0161\u0107ana"},"content":{"rendered":"<p><a href=\"http:\/\/katolicka-gimnazija.hr\/wp-content\/uploads\/2016\/01\/oikoumene.jpg\"><img loading=\"lazy\" decoding=\"async\" class=\"alignleft size-full wp-image-2741\" src=\"http:\/\/katolicka-gimnazija.hr\/wp-content\/uploads\/2016\/01\/oikoumene.jpg\" alt=\"oikoumene\" width=\"164\" height=\"168\" srcset=\"https:\/\/katolicka-gimnazija.hr\/wp-content\/uploads\/2016\/01\/oikoumene.jpg 164w, https:\/\/katolicka-gimnazija.hr\/wp-content\/uploads\/2016\/01\/oikoumene-150x154.jpg 150w, https:\/\/katolicka-gimnazija.hr\/wp-content\/uploads\/2016\/01\/oikoumene-100x102.jpg 100w\" sizes=\"auto, (max-width: 164px) 100vw, 164px\" \/><\/a>Od ponedjeljka, 18. sije\u010dnja do ponedjeljka, 25. sije\u010dnja 2016. godine traje Svjetska molitvena osmina za jedinstvo kr\u0161\u0107ana na temu <em><strong>Pozvani navije\u0161tati silna djela Gospodnja (1 Pt 2, 9)<\/strong><\/em>.<\/p>\n<p>Sredi\u0161nje biskupijsko ekumensko slavlje odr\u017eat \u0107e se <strong>u crkvi sv. Lovre Po\u017eegi, u petak 22. sije\u010dnja 2016. u 19,00 sati<\/strong>, a na tom \u0107e slavlju sudjelovati i u\u010denici na\u0161e \u0161kole.<\/p>\n","protected":false},"excerpt":{"rendered":"<p>Od ponedjeljka, 18. sije\u010dnja do ponedjeljka, 25. sije\u010dnja 2016. godine traje Svjetska molitvena osmina za jedinstvo kr\u0161\u0107ana na temu Pozvani navije\u0161tati silna djela Gospodnja (1 Pt 2, 9). Sredi\u0161nje biskupijsko ekumensko slavlje odr\u017eat \u0107e se u crkvi sv. Lovre Po\u017eegi, u petak 22. sije\u010dnja 2016. u 19,00 sati, a na tom \u0107e slavlju sudjelovati i [&hellip;]<\/p>\n","protected":false},"author":1,"featured_media":2741,"comment_status":"closed","ping_status":"closed","sticky":false,"template":"","format":"standard","meta":{"footnotes":""},"categories":[3],"tags":[],"class_list":["post-2740","post","type-post","status-publish","format-standard","has-post-thumbnail","hentry","category-obavijesti"],"_links":{"self":[{"href":"https:\/\/katolicka-gimnazija.hr\/index.php\/wp-json\/wp\/v2\/posts\/2740","targetHints":{"allow":["GET"]}}],"collection":[{"href":"https:\/\/katolicka-gimnazija.hr\/index.php\/wp-json\/wp\/v2\/posts"}],"about":[{"href":"https:\/\/katolicka-gimnazija.hr\/index.php\/wp-json\/wp\/v2\/types\/post"}],"author":[{"embeddable":true,"href":"https:\/\/katolicka-gimnazija.hr\/index.php\/wp-json\/wp\/v2\/users\/1"}],"replies":[{"embeddable":true,"href":"https:\/\/katolicka-gimnazija.hr\/index.php\/wp-json\/wp\/v2\/comments?post=2740"}],"version-history":[{"count":1,"href":"https:\/\/katolicka-gimnazija.hr\/index.php\/wp-json\/wp\/v2\/posts\/2740\/revisions"}],"predecessor-version":[{"id":2742,"href":"https:\/\/katolicka-gimnazija.hr\/index.php\/wp-json\/wp\/v2\/posts\/2740\/revisions\/2742"}],"wp:featuredmedia":[{"embeddable":true,"href":"https:\/\/katolicka-gimnazija.hr\/index.php\/wp-json\/wp\/v2\/media\/2741"}],"wp:attachment":[{"href":"https:\/\/katolicka-gimnazija.hr\/index.php\/wp-json\/wp\/v2\/media?parent=2740"}],"wp:term":[{"taxonomy":"category","embeddable":true,"href":"https:\/\/katolicka-gimnazija.hr\/index.php\/wp-json\/wp\/v2\/categories?post=2740"},{"taxonomy":"post_tag","embeddable":true,"href":"https:\/\/katolicka-gimnazija.hr\/index.php\/wp-json\/wp\/v2\/tags?post=2740"}],"curies":[{"name":"wp","href":"https:\/\/api.w.org\/{rel}","templated":true}]}}