{"id":27473,"date":"2022-12-05T16:14:12","date_gmt":"2022-12-05T16:14:12","guid":{"rendered":"http:\/\/katolicka-gimnazija.hr\/?p=27473"},"modified":"2022-12-07T16:20:06","modified_gmt":"2022-12-07T16:20:06","slug":"adventska-duhovna-obnova-za-ucenike","status":"publish","type":"post","link":"https:\/\/katolicka-gimnazija.hr\/index.php\/2022\/12\/05\/adventska-duhovna-obnova-za-ucenike\/","title":{"rendered":"Adventska duhovna obnova za u\u010denike"},"content":{"rendered":"<p>U ponedjeljak, 5. prosinca 2022. odr\u017eana je adventska duhovna obnova za u\u010denike Katoli\u010dke gimnazije.<br \/>\nPredvoditelj obnove bio je vl\u010d. Hrvoje Maltari\u0107, sve\u0107enik Zagreba\u010dke nadbiskupije i \u017eupnik iz Kraljeva Vrha. Duhovna obnova zapo\u010dela je katehezom u Dvorani sv. Terezije Avilske. Na samom po\u010detku kateheze sve okupljene, a na poseban na\u010din predvoditelja, pozdravio je vl\u010d. Tomislav Dokoza, vjerou\u010ditelj i duhovnik na\u0161e \u0160kole. Uslijedila je molitva nakon koje je vl\u010d. Hrvoje progovorio o tome kako bismo uvijek svoj pogled, po motivu i uzoru na sveta Tri kralja, trebali uzdizati prema gore kao \u0161to su mudraci gledali prema gore u zvijezdu koja ih je vodila prema Gospodinu. Kako bismo to u\u010dinili, potrebno je prona\u0107i vrijeme za mir, molitvu i sabranost koja je put prema Gospodinu, u vremenu u kojem su misli u\u010denika usmjerene na ocjene, \u0161kolu, ali i dru\u0161tvene okolnosti u kojima se nalazimo &#8211; naglasio je vl\u010d. Hrvoje.<br \/>\n<a href=\"http:\/\/katolicka-gimnazija.hr\/wp-content\/uploads\/2022\/12\/DSCF4935.jpg\"><img loading=\"lazy\" decoding=\"async\" class=\"size-medium wp-image-27441 alignright\" src=\"http:\/\/katolicka-gimnazija.hr\/wp-content\/uploads\/2022\/12\/DSCF4935-300x169.jpg\" alt=\"\" width=\"300\" height=\"169\" srcset=\"https:\/\/katolicka-gimnazija.hr\/wp-content\/uploads\/2022\/12\/DSCF4935-300x169.jpg 300w, https:\/\/katolicka-gimnazija.hr\/wp-content\/uploads\/2022\/12\/DSCF4935-1024x577.jpg 1024w, https:\/\/katolicka-gimnazija.hr\/wp-content\/uploads\/2022\/12\/DSCF4935-768x433.jpg 768w, https:\/\/katolicka-gimnazija.hr\/wp-content\/uploads\/2022\/12\/DSCF4935-1536x865.jpg 1536w, https:\/\/katolicka-gimnazija.hr\/wp-content\/uploads\/2022\/12\/DSCF4935-2048x1154.jpg 2048w, https:\/\/katolicka-gimnazija.hr\/wp-content\/uploads\/2022\/12\/DSCF4935-400x225.jpg 400w\" sizes=\"auto, (max-width: 300px) 100vw, 300px\" \/><\/a><\/p>\n<p>Nakon kateheze svi u\u010denici uputili su se u po\u017ee\u0161ku katedralu gdje je klanjanjem nastavljena duhovna obnova. Svoje zahvale i molitve u tim su trenucima u\u010denici prinijeli Gospodinu pjesmom, \u0161utnjom i zazivima. Uz to za vrijeme euharistijskog klanjanja bila je i mogu\u0107nost sv. ispovijedi. Ljepoti euharistijskog klanjanja uvelike je pridonio zbor Katoli\u010dke gimnazije pod vodstvom prof. Marije Tonkovi\u0107.<br \/>\nZahvaljuju\u0107i dragome Bogu na ovom lijepom i va\u017enom doga\u0111aju, ovim putem zahvaljujemo svima koji su pomogli u organizaciji i realizaciji adventske duhovne obnove za u\u010denike.<\/p>\n<div id='gallery-1' class='gallery galleryid-27473 gallery-columns-3 gallery-size-medium'><figure class='gallery-item'>\n\t\t\t<div class='gallery-icon landscape'>\n\t\t\t\t<a href='https:\/\/katolicka-gimnazija.hr\/wp-content\/uploads\/2022\/12\/DSCF4867.jpg'><img loading=\"lazy\" decoding=\"async\" width=\"300\" height=\"169\" src=\"https:\/\/katolicka-gimnazija.hr\/wp-content\/uploads\/2022\/12\/DSCF4867-300x169.jpg\" class=\"attachment-medium size-medium\" alt=\"\" srcset=\"https:\/\/katolicka-gimnazija.hr\/wp-content\/uploads\/2022\/12\/DSCF4867-300x169.jpg 300w, https:\/\/katolicka-gimnazija.hr\/wp-content\/uploads\/2022\/12\/DSCF4867-1024x577.jpg 1024w, https:\/\/katolicka-gimnazija.hr\/wp-content\/uploads\/2022\/12\/DSCF4867-768x433.jpg 768w, https:\/\/katolicka-gimnazija.hr\/wp-content\/uploads\/2022\/12\/DSCF4867-1536x865.jpg 1536w, https:\/\/katolicka-gimnazija.hr\/wp-content\/uploads\/2022\/12\/DSCF4867-2048x1154.jpg 2048w, https:\/\/katolicka-gimnazija.hr\/wp-content\/uploads\/2022\/12\/DSCF4867-400x225.jpg 400w\" sizes=\"auto, (max-width: 300px) 100vw, 300px\" \/><\/a>\n\t\t\t<\/div><\/figure><figure class='gallery-item'>\n\t\t\t<div class='gallery-icon landscape'>\n\t\t\t\t<a href='https:\/\/katolicka-gimnazija.hr\/wp-content\/uploads\/2022\/12\/DSCF4910.jpg'><img loading=\"lazy\" decoding=\"async\" width=\"300\" height=\"169\" src=\"https:\/\/katolicka-gimnazija.hr\/wp-content\/uploads\/2022\/12\/DSCF4910-300x169.jpg\" class=\"attachment-medium size-medium\" alt=\"\" srcset=\"https:\/\/katolicka-gimnazija.hr\/wp-content\/uploads\/2022\/12\/DSCF4910-300x169.jpg 300w, https:\/\/katolicka-gimnazija.hr\/wp-content\/uploads\/2022\/12\/DSCF4910-1024x577.jpg 1024w, https:\/\/katolicka-gimnazija.hr\/wp-content\/uploads\/2022\/12\/DSCF4910-768x433.jpg 768w, https:\/\/katolicka-gimnazija.hr\/wp-content\/uploads\/2022\/12\/DSCF4910-1536x865.jpg 1536w, https:\/\/katolicka-gimnazija.hr\/wp-content\/uploads\/2022\/12\/DSCF4910-2048x1154.jpg 2048w, https:\/\/katolicka-gimnazija.hr\/wp-content\/uploads\/2022\/12\/DSCF4910-400x225.jpg 400w\" sizes=\"auto, (max-width: 300px) 100vw, 300px\" \/><\/a>\n\t\t\t<\/div><\/figure><figure class='gallery-item'>\n\t\t\t<div class='gallery-icon portrait'>\n\t\t\t\t<a href='https:\/\/katolicka-gimnazija.hr\/wp-content\/uploads\/2022\/12\/DSCF4907-rotated.jpg'><img loading=\"lazy\" decoding=\"async\" width=\"169\" height=\"300\" src=\"https:\/\/katolicka-gimnazija.hr\/wp-content\/uploads\/2022\/12\/DSCF4907-169x300.jpg\" class=\"attachment-medium size-medium\" alt=\"\" srcset=\"https:\/\/katolicka-gimnazija.hr\/wp-content\/uploads\/2022\/12\/DSCF4907-169x300.jpg 169w, https:\/\/katolicka-gimnazija.hr\/wp-content\/uploads\/2022\/12\/DSCF4907-577x1024.jpg 577w, https:\/\/katolicka-gimnazija.hr\/wp-content\/uploads\/2022\/12\/DSCF4907-768x1363.jpg 768w, https:\/\/katolicka-gimnazija.hr\/wp-content\/uploads\/2022\/12\/DSCF4907-865x1536.jpg 865w, https:\/\/katolicka-gimnazija.hr\/wp-content\/uploads\/2022\/12\/DSCF4907-1154x2048.jpg 1154w, https:\/\/katolicka-gimnazija.hr\/wp-content\/uploads\/2022\/12\/DSCF4907-rotated.jpg 1244w\" sizes=\"auto, (max-width: 169px) 100vw, 169px\" \/><\/a>\n\t\t\t<\/div><\/figure><figure class='gallery-item'>\n\t\t\t<div class='gallery-icon landscape'>\n\t\t\t\t<a href='https:\/\/katolicka-gimnazija.hr\/wp-content\/uploads\/2022\/12\/DSCF4942.jpg'><img loading=\"lazy\" decoding=\"async\" width=\"300\" height=\"169\" src=\"https:\/\/katolicka-gimnazija.hr\/wp-content\/uploads\/2022\/12\/DSCF4942-300x169.jpg\" class=\"attachment-medium size-medium\" alt=\"\" srcset=\"https:\/\/katolicka-gimnazija.hr\/wp-content\/uploads\/2022\/12\/DSCF4942-300x169.jpg 300w, https:\/\/katolicka-gimnazija.hr\/wp-content\/uploads\/2022\/12\/DSCF4942-1024x577.jpg 1024w, https:\/\/katolicka-gimnazija.hr\/wp-content\/uploads\/2022\/12\/DSCF4942-768x433.jpg 768w, https:\/\/katolicka-gimnazija.hr\/wp-content\/uploads\/2022\/12\/DSCF4942-1536x865.jpg 1536w, https:\/\/katolicka-gimnazija.hr\/wp-content\/uploads\/2022\/12\/DSCF4942-2048x1154.jpg 2048w, https:\/\/katolicka-gimnazija.hr\/wp-content\/uploads\/2022\/12\/DSCF4942-400x225.jpg 400w\" sizes=\"auto, (max-width: 300px) 100vw, 300px\" \/><\/a>\n\t\t\t<\/div><\/figure><figure class='gallery-item'>\n\t\t\t<div class='gallery-icon portrait'>\n\t\t\t\t<a href='https:\/\/katolicka-gimnazija.hr\/wp-content\/uploads\/2022\/12\/DSCF4940-rotated.jpg'><img loading=\"lazy\" decoding=\"async\" width=\"169\" height=\"300\" src=\"https:\/\/katolicka-gimnazija.hr\/wp-content\/uploads\/2022\/12\/DSCF4940-169x300.jpg\" class=\"attachment-medium size-medium\" alt=\"\" srcset=\"https:\/\/katolicka-gimnazija.hr\/wp-content\/uploads\/2022\/12\/DSCF4940-169x300.jpg 169w, https:\/\/katolicka-gimnazija.hr\/wp-content\/uploads\/2022\/12\/DSCF4940-577x1024.jpg 577w, https:\/\/katolicka-gimnazija.hr\/wp-content\/uploads\/2022\/12\/DSCF4940-768x1363.jpg 768w, https:\/\/katolicka-gimnazija.hr\/wp-content\/uploads\/2022\/12\/DSCF4940-865x1536.jpg 865w, https:\/\/katolicka-gimnazija.hr\/wp-content\/uploads\/2022\/12\/DSCF4940-1154x2048.jpg 1154w, https:\/\/katolicka-gimnazija.hr\/wp-content\/uploads\/2022\/12\/DSCF4940-rotated.jpg 1244w\" sizes=\"auto, (max-width: 169px) 100vw, 169px\" \/><\/a>\n\t\t\t<\/div><\/figure><figure class='gallery-item'>\n\t\t\t<div class='gallery-icon landscape'>\n\t\t\t\t<a href='https:\/\/katolicka-gimnazija.hr\/wp-content\/uploads\/2022\/12\/DSCF4944.jpg'><img loading=\"lazy\" decoding=\"async\" width=\"300\" height=\"169\" src=\"https:\/\/katolicka-gimnazija.hr\/wp-content\/uploads\/2022\/12\/DSCF4944-300x169.jpg\" class=\"attachment-medium size-medium\" alt=\"\" srcset=\"https:\/\/katolicka-gimnazija.hr\/wp-content\/uploads\/2022\/12\/DSCF4944-300x169.jpg 300w, https:\/\/katolicka-gimnazija.hr\/wp-content\/uploads\/2022\/12\/DSCF4944-1024x577.jpg 1024w, https:\/\/katolicka-gimnazija.hr\/wp-content\/uploads\/2022\/12\/DSCF4944-768x433.jpg 768w, https:\/\/katolicka-gimnazija.hr\/wp-content\/uploads\/2022\/12\/DSCF4944-1536x865.jpg 1536w, https:\/\/katolicka-gimnazija.hr\/wp-content\/uploads\/2022\/12\/DSCF4944-2048x1154.jpg 2048w, https:\/\/katolicka-gimnazija.hr\/wp-content\/uploads\/2022\/12\/DSCF4944-400x225.jpg 400w\" sizes=\"auto, (max-width: 300px) 100vw, 300px\" \/><\/a>\n\t\t\t<\/div><\/figure><figure class='gallery-item'>\n\t\t\t<div class='gallery-icon landscape'>\n\t\t\t\t<a href='https:\/\/katolicka-gimnazija.hr\/wp-content\/uploads\/2022\/12\/DSCF4935.jpg'><img loading=\"lazy\" decoding=\"async\" width=\"300\" height=\"169\" src=\"https:\/\/katolicka-gimnazija.hr\/wp-content\/uploads\/2022\/12\/DSCF4935-300x169.jpg\" class=\"attachment-medium size-medium\" alt=\"\" srcset=\"https:\/\/katolicka-gimnazija.hr\/wp-content\/uploads\/2022\/12\/DSCF4935-300x169.jpg 300w, https:\/\/katolicka-gimnazija.hr\/wp-content\/uploads\/2022\/12\/DSCF4935-1024x577.jpg 1024w, https:\/\/katolicka-gimnazija.hr\/wp-content\/uploads\/2022\/12\/DSCF4935-768x433.jpg 768w, https:\/\/katolicka-gimnazija.hr\/wp-content\/uploads\/2022\/12\/DSCF4935-1536x865.jpg 1536w, https:\/\/katolicka-gimnazija.hr\/wp-content\/uploads\/2022\/12\/DSCF4935-2048x1154.jpg 2048w, https:\/\/katolicka-gimnazija.hr\/wp-content\/uploads\/2022\/12\/DSCF4935-400x225.jpg 400w\" sizes=\"auto, (max-width: 300px) 100vw, 300px\" \/><\/a>\n\t\t\t<\/div><\/figure><figure class='gallery-item'>\n\t\t\t<div class='gallery-icon landscape'>\n\t\t\t\t<a href='https:\/\/katolicka-gimnazija.hr\/wp-content\/uploads\/2022\/12\/DSCF4914.jpg'><img loading=\"lazy\" decoding=\"async\" width=\"300\" height=\"169\" src=\"https:\/\/katolicka-gimnazija.hr\/wp-content\/uploads\/2022\/12\/DSCF4914-300x169.jpg\" class=\"attachment-medium size-medium\" alt=\"\" srcset=\"https:\/\/katolicka-gimnazija.hr\/wp-content\/uploads\/2022\/12\/DSCF4914-300x169.jpg 300w, https:\/\/katolicka-gimnazija.hr\/wp-content\/uploads\/2022\/12\/DSCF4914-1024x577.jpg 1024w, https:\/\/katolicka-gimnazija.hr\/wp-content\/uploads\/2022\/12\/DSCF4914-768x433.jpg 768w, https:\/\/katolicka-gimnazija.hr\/wp-content\/uploads\/2022\/12\/DSCF4914-1536x865.jpg 1536w, https:\/\/katolicka-gimnazija.hr\/wp-content\/uploads\/2022\/12\/DSCF4914-2048x1154.jpg 2048w, https:\/\/katolicka-gimnazija.hr\/wp-content\/uploads\/2022\/12\/DSCF4914-400x225.jpg 400w\" sizes=\"auto, (max-width: 300px) 100vw, 300px\" \/><\/a>\n\t\t\t<\/div><\/figure><figure class='gallery-item'>\n\t\t\t<div class='gallery-icon landscape'>\n\t\t\t\t<a href='https:\/\/katolicka-gimnazija.hr\/wp-content\/uploads\/2022\/12\/DSCF4938.jpg'><img loading=\"lazy\" decoding=\"async\" width=\"300\" height=\"169\" src=\"https:\/\/katolicka-gimnazija.hr\/wp-content\/uploads\/2022\/12\/DSCF4938-300x169.jpg\" class=\"attachment-medium size-medium\" alt=\"\" srcset=\"https:\/\/katolicka-gimnazija.hr\/wp-content\/uploads\/2022\/12\/DSCF4938-300x169.jpg 300w, https:\/\/katolicka-gimnazija.hr\/wp-content\/uploads\/2022\/12\/DSCF4938-1024x577.jpg 1024w, https:\/\/katolicka-gimnazija.hr\/wp-content\/uploads\/2022\/12\/DSCF4938-768x433.jpg 768w, https:\/\/katolicka-gimnazija.hr\/wp-content\/uploads\/2022\/12\/DSCF4938-1536x865.jpg 1536w, https:\/\/katolicka-gimnazija.hr\/wp-content\/uploads\/2022\/12\/DSCF4938-2048x1154.jpg 2048w, https:\/\/katolicka-gimnazija.hr\/wp-content\/uploads\/2022\/12\/DSCF4938-400x225.jpg 400w\" sizes=\"auto, (max-width: 300px) 100vw, 300px\" \/><\/a>\n\t\t\t<\/div><\/figure><figure class='gallery-item'>\n\t\t\t<div class='gallery-icon landscape'>\n\t\t\t\t<a href='https:\/\/katolicka-gimnazija.hr\/wp-content\/uploads\/2022\/12\/DSCF4934.jpg'><img loading=\"lazy\" decoding=\"async\" width=\"300\" height=\"169\" src=\"https:\/\/katolicka-gimnazija.hr\/wp-content\/uploads\/2022\/12\/DSCF4934-300x169.jpg\" class=\"attachment-medium size-medium\" alt=\"\" srcset=\"https:\/\/katolicka-gimnazija.hr\/wp-content\/uploads\/2022\/12\/DSCF4934-300x169.jpg 300w, https:\/\/katolicka-gimnazija.hr\/wp-content\/uploads\/2022\/12\/DSCF4934-1024x577.jpg 1024w, https:\/\/katolicka-gimnazija.hr\/wp-content\/uploads\/2022\/12\/DSCF4934-768x433.jpg 768w, https:\/\/katolicka-gimnazija.hr\/wp-content\/uploads\/2022\/12\/DSCF4934-1536x865.jpg 1536w, https:\/\/katolicka-gimnazija.hr\/wp-content\/uploads\/2022\/12\/DSCF4934-2048x1154.jpg 2048w, https:\/\/katolicka-gimnazija.hr\/wp-content\/uploads\/2022\/12\/DSCF4934-400x225.jpg 400w\" sizes=\"auto, (max-width: 300px) 100vw, 300px\" \/><\/a>\n\t\t\t<\/div><\/figure><figure class='gallery-item'>\n\t\t\t<div class='gallery-icon landscape'>\n\t\t\t\t<a href='https:\/\/katolicka-gimnazija.hr\/wp-content\/uploads\/2022\/12\/DSCF4900.jpg'><img loading=\"lazy\" decoding=\"async\" width=\"300\" height=\"169\" src=\"https:\/\/katolicka-gimnazija.hr\/wp-content\/uploads\/2022\/12\/DSCF4900-300x169.jpg\" class=\"attachment-medium size-medium\" alt=\"\" srcset=\"https:\/\/katolicka-gimnazija.hr\/wp-content\/uploads\/2022\/12\/DSCF4900-300x169.jpg 300w, https:\/\/katolicka-gimnazija.hr\/wp-content\/uploads\/2022\/12\/DSCF4900-1024x577.jpg 1024w, https:\/\/katolicka-gimnazija.hr\/wp-content\/uploads\/2022\/12\/DSCF4900-768x433.jpg 768w, https:\/\/katolicka-gimnazija.hr\/wp-content\/uploads\/2022\/12\/DSCF4900-1536x865.jpg 1536w, https:\/\/katolicka-gimnazija.hr\/wp-content\/uploads\/2022\/12\/DSCF4900-2048x1154.jpg 2048w, https:\/\/katolicka-gimnazija.hr\/wp-content\/uploads\/2022\/12\/DSCF4900-400x225.jpg 400w\" sizes=\"auto, (max-width: 300px) 100vw, 300px\" \/><\/a>\n\t\t\t<\/div><\/figure><figure class='gallery-item'>\n\t\t\t<div class='gallery-icon landscape'>\n\t\t\t\t<a href='https:\/\/katolicka-gimnazija.hr\/wp-content\/uploads\/2022\/12\/DSCF4930.jpg'><img loading=\"lazy\" decoding=\"async\" width=\"300\" height=\"169\" src=\"https:\/\/katolicka-gimnazija.hr\/wp-content\/uploads\/2022\/12\/DSCF4930-300x169.jpg\" class=\"attachment-medium size-medium\" alt=\"\" srcset=\"https:\/\/katolicka-gimnazija.hr\/wp-content\/uploads\/2022\/12\/DSCF4930-300x169.jpg 300w, https:\/\/katolicka-gimnazija.hr\/wp-content\/uploads\/2022\/12\/DSCF4930-1024x577.jpg 1024w, https:\/\/katolicka-gimnazija.hr\/wp-content\/uploads\/2022\/12\/DSCF4930-768x433.jpg 768w, https:\/\/katolicka-gimnazija.hr\/wp-content\/uploads\/2022\/12\/DSCF4930-1536x865.jpg 1536w, https:\/\/katolicka-gimnazija.hr\/wp-content\/uploads\/2022\/12\/DSCF4930-2048x1154.jpg 2048w, https:\/\/katolicka-gimnazija.hr\/wp-content\/uploads\/2022\/12\/DSCF4930-400x225.jpg 400w\" sizes=\"auto, (max-width: 300px) 100vw, 300px\" \/><\/a>\n\t\t\t<\/div><\/figure><figure class='gallery-item'>\n\t\t\t<div class='gallery-icon landscape'>\n\t\t\t\t<a href='https:\/\/katolicka-gimnazija.hr\/wp-content\/uploads\/2022\/12\/DSCF4922.jpg'><img loading=\"lazy\" decoding=\"async\" width=\"300\" height=\"169\" src=\"https:\/\/katolicka-gimnazija.hr\/wp-content\/uploads\/2022\/12\/DSCF4922-300x169.jpg\" class=\"attachment-medium size-medium\" alt=\"\" srcset=\"https:\/\/katolicka-gimnazija.hr\/wp-content\/uploads\/2022\/12\/DSCF4922-300x169.jpg 300w, https:\/\/katolicka-gimnazija.hr\/wp-content\/uploads\/2022\/12\/DSCF4922-1024x577.jpg 1024w, https:\/\/katolicka-gimnazija.hr\/wp-content\/uploads\/2022\/12\/DSCF4922-768x433.jpg 768w, https:\/\/katolicka-gimnazija.hr\/wp-content\/uploads\/2022\/12\/DSCF4922-1536x865.jpg 1536w, https:\/\/katolicka-gimnazija.hr\/wp-content\/uploads\/2022\/12\/DSCF4922-2048x1154.jpg 2048w, https:\/\/katolicka-gimnazija.hr\/wp-content\/uploads\/2022\/12\/DSCF4922-400x225.jpg 400w\" sizes=\"auto, (max-width: 300px) 100vw, 300px\" \/><\/a>\n\t\t\t<\/div><\/figure><figure class='gallery-item'>\n\t\t\t<div class='gallery-icon portrait'>\n\t\t\t\t<a href='https:\/\/katolicka-gimnazija.hr\/wp-content\/uploads\/2022\/12\/DSCF4896-rotated.jpg'><img loading=\"lazy\" decoding=\"async\" width=\"169\" height=\"300\" src=\"https:\/\/katolicka-gimnazija.hr\/wp-content\/uploads\/2022\/12\/DSCF4896-169x300.jpg\" class=\"attachment-medium size-medium\" alt=\"\" srcset=\"https:\/\/katolicka-gimnazija.hr\/wp-content\/uploads\/2022\/12\/DSCF4896-169x300.jpg 169w, https:\/\/katolicka-gimnazija.hr\/wp-content\/uploads\/2022\/12\/DSCF4896-577x1024.jpg 577w, https:\/\/katolicka-gimnazija.hr\/wp-content\/uploads\/2022\/12\/DSCF4896-768x1363.jpg 768w, https:\/\/katolicka-gimnazija.hr\/wp-content\/uploads\/2022\/12\/DSCF4896-865x1536.jpg 865w, https:\/\/katolicka-gimnazija.hr\/wp-content\/uploads\/2022\/12\/DSCF4896-1154x2048.jpg 1154w, https:\/\/katolicka-gimnazija.hr\/wp-content\/uploads\/2022\/12\/DSCF4896-rotated.jpg 1244w\" sizes=\"auto, (max-width: 169px) 100vw, 169px\" \/><\/a>\n\t\t\t<\/div><\/figure><figure class='gallery-item'>\n\t\t\t<div class='gallery-icon landscape'>\n\t\t\t\t<a href='https:\/\/katolicka-gimnazija.hr\/wp-content\/uploads\/2022\/12\/DSCF4870.jpg'><img loading=\"lazy\" decoding=\"async\" width=\"300\" height=\"169\" src=\"https:\/\/katolicka-gimnazija.hr\/wp-content\/uploads\/2022\/12\/DSCF4870-300x169.jpg\" class=\"attachment-medium size-medium\" alt=\"\" srcset=\"https:\/\/katolicka-gimnazija.hr\/wp-content\/uploads\/2022\/12\/DSCF4870-300x169.jpg 300w, https:\/\/katolicka-gimnazija.hr\/wp-content\/uploads\/2022\/12\/DSCF4870-1024x577.jpg 1024w, https:\/\/katolicka-gimnazija.hr\/wp-content\/uploads\/2022\/12\/DSCF4870-768x433.jpg 768w, https:\/\/katolicka-gimnazija.hr\/wp-content\/uploads\/2022\/12\/DSCF4870-1536x865.jpg 1536w, https:\/\/katolicka-gimnazija.hr\/wp-content\/uploads\/2022\/12\/DSCF4870-2048x1154.jpg 2048w, https:\/\/katolicka-gimnazija.hr\/wp-content\/uploads\/2022\/12\/DSCF4870-400x225.jpg 400w\" sizes=\"auto, (max-width: 300px) 100vw, 300px\" \/><\/a>\n\t\t\t<\/div><\/figure><figure class='gallery-item'>\n\t\t\t<div class='gallery-icon landscape'>\n\t\t\t\t<a href='https:\/\/katolicka-gimnazija.hr\/wp-content\/uploads\/2022\/12\/DSCF4863.jpg'><img loading=\"lazy\" decoding=\"async\" width=\"300\" height=\"169\" src=\"https:\/\/katolicka-gimnazija.hr\/wp-content\/uploads\/2022\/12\/DSCF4863-300x169.jpg\" class=\"attachment-medium size-medium\" alt=\"\" srcset=\"https:\/\/katolicka-gimnazija.hr\/wp-content\/uploads\/2022\/12\/DSCF4863-300x169.jpg 300w, https:\/\/katolicka-gimnazija.hr\/wp-content\/uploads\/2022\/12\/DSCF4863-1024x577.jpg 1024w, https:\/\/katolicka-gimnazija.hr\/wp-content\/uploads\/2022\/12\/DSCF4863-768x433.jpg 768w, https:\/\/katolicka-gimnazija.hr\/wp-content\/uploads\/2022\/12\/DSCF4863-1536x865.jpg 1536w, https:\/\/katolicka-gimnazija.hr\/wp-content\/uploads\/2022\/12\/DSCF4863-2048x1154.jpg 2048w, https:\/\/katolicka-gimnazija.hr\/wp-content\/uploads\/2022\/12\/DSCF4863-400x225.jpg 400w\" sizes=\"auto, (max-width: 300px) 100vw, 300px\" \/><\/a>\n\t\t\t<\/div><\/figure><figure class='gallery-item'>\n\t\t\t<div class='gallery-icon landscape'>\n\t\t\t\t<a href='https:\/\/katolicka-gimnazija.hr\/wp-content\/uploads\/2022\/12\/DSCF4859.jpg'><img loading=\"lazy\" decoding=\"async\" width=\"300\" height=\"169\" src=\"https:\/\/katolicka-gimnazija.hr\/wp-content\/uploads\/2022\/12\/DSCF4859-300x169.jpg\" class=\"attachment-medium size-medium\" alt=\"\" srcset=\"https:\/\/katolicka-gimnazija.hr\/wp-content\/uploads\/2022\/12\/DSCF4859-300x169.jpg 300w, https:\/\/katolicka-gimnazija.hr\/wp-content\/uploads\/2022\/12\/DSCF4859-1024x577.jpg 1024w, https:\/\/katolicka-gimnazija.hr\/wp-content\/uploads\/2022\/12\/DSCF4859-768x433.jpg 768w, https:\/\/katolicka-gimnazija.hr\/wp-content\/uploads\/2022\/12\/DSCF4859-1536x865.jpg 1536w, https:\/\/katolicka-gimnazija.hr\/wp-content\/uploads\/2022\/12\/DSCF4859-2048x1154.jpg 2048w, https:\/\/katolicka-gimnazija.hr\/wp-content\/uploads\/2022\/12\/DSCF4859-400x225.jpg 400w\" sizes=\"auto, (max-width: 300px) 100vw, 300px\" \/><\/a>\n\t\t\t<\/div><\/figure><figure class='gallery-item'>\n\t\t\t<div class='gallery-icon landscape'>\n\t\t\t\t<a href='https:\/\/katolicka-gimnazija.hr\/wp-content\/uploads\/2022\/12\/DSCF4932.jpg'><img loading=\"lazy\" decoding=\"async\" width=\"300\" height=\"169\" src=\"https:\/\/katolicka-gimnazija.hr\/wp-content\/uploads\/2022\/12\/DSCF4932-300x169.jpg\" class=\"attachment-medium size-medium\" alt=\"\" srcset=\"https:\/\/katolicka-gimnazija.hr\/wp-content\/uploads\/2022\/12\/DSCF4932-300x169.jpg 300w, https:\/\/katolicka-gimnazija.hr\/wp-content\/uploads\/2022\/12\/DSCF4932-1024x577.jpg 1024w, https:\/\/katolicka-gimnazija.hr\/wp-content\/uploads\/2022\/12\/DSCF4932-768x433.jpg 768w, https:\/\/katolicka-gimnazija.hr\/wp-content\/uploads\/2022\/12\/DSCF4932-1536x865.jpg 1536w, https:\/\/katolicka-gimnazija.hr\/wp-content\/uploads\/2022\/12\/DSCF4932-2048x1154.jpg 2048w, https:\/\/katolicka-gimnazija.hr\/wp-content\/uploads\/2022\/12\/DSCF4932-400x225.jpg 400w\" sizes=\"auto, (max-width: 300px) 100vw, 300px\" \/><\/a>\n\t\t\t<\/div><\/figure><figure class='gallery-item'>\n\t\t\t<div class='gallery-icon landscape'>\n\t\t\t\t<a href='https:\/\/katolicka-gimnazija.hr\/wp-content\/uploads\/2022\/12\/DSCF4946.jpg'><img loading=\"lazy\" decoding=\"async\" width=\"300\" height=\"169\" src=\"https:\/\/katolicka-gimnazija.hr\/wp-content\/uploads\/2022\/12\/DSCF4946-300x169.jpg\" class=\"attachment-medium size-medium\" alt=\"\" srcset=\"https:\/\/katolicka-gimnazija.hr\/wp-content\/uploads\/2022\/12\/DSCF4946-300x169.jpg 300w, https:\/\/katolicka-gimnazija.hr\/wp-content\/uploads\/2022\/12\/DSCF4946-1024x577.jpg 1024w, https:\/\/katolicka-gimnazija.hr\/wp-content\/uploads\/2022\/12\/DSCF4946-768x433.jpg 768w, https:\/\/katolicka-gimnazija.hr\/wp-content\/uploads\/2022\/12\/DSCF4946-1536x865.jpg 1536w, https:\/\/katolicka-gimnazija.hr\/wp-content\/uploads\/2022\/12\/DSCF4946-2048x1154.jpg 2048w, https:\/\/katolicka-gimnazija.hr\/wp-content\/uploads\/2022\/12\/DSCF4946-400x225.jpg 400w\" sizes=\"auto, (max-width: 300px) 100vw, 300px\" \/><\/a>\n\t\t\t<\/div><\/figure><figure class='gallery-item'>\n\t\t\t<div class='gallery-icon portrait'>\n\t\t\t\t<a href='https:\/\/katolicka-gimnazija.hr\/wp-content\/uploads\/2022\/12\/DSCF4877-rotated.jpg'><img loading=\"lazy\" decoding=\"async\" width=\"169\" height=\"300\" src=\"https:\/\/katolicka-gimnazija.hr\/wp-content\/uploads\/2022\/12\/DSCF4877-169x300.jpg\" class=\"attachment-medium size-medium\" alt=\"\" srcset=\"https:\/\/katolicka-gimnazija.hr\/wp-content\/uploads\/2022\/12\/DSCF4877-169x300.jpg 169w, https:\/\/katolicka-gimnazija.hr\/wp-content\/uploads\/2022\/12\/DSCF4877-577x1024.jpg 577w, https:\/\/katolicka-gimnazija.hr\/wp-content\/uploads\/2022\/12\/DSCF4877-768x1363.jpg 768w, https:\/\/katolicka-gimnazija.hr\/wp-content\/uploads\/2022\/12\/DSCF4877-865x1536.jpg 865w, https:\/\/katolicka-gimnazija.hr\/wp-content\/uploads\/2022\/12\/DSCF4877-1154x2048.jpg 1154w, https:\/\/katolicka-gimnazija.hr\/wp-content\/uploads\/2022\/12\/DSCF4877-rotated.jpg 1244w\" sizes=\"auto, (max-width: 169px) 100vw, 169px\" \/><\/a>\n\t\t\t<\/div><\/figure><figure class='gallery-item'>\n\t\t\t<div class='gallery-icon portrait'>\n\t\t\t\t<a href='https:\/\/katolicka-gimnazija.hr\/wp-content\/uploads\/2022\/12\/DSCF4856-rotated.jpg'><img loading=\"lazy\" decoding=\"async\" width=\"169\" height=\"300\" src=\"https:\/\/katolicka-gimnazija.hr\/wp-content\/uploads\/2022\/12\/DSCF4856-169x300.jpg\" class=\"attachment-medium size-medium\" alt=\"\" srcset=\"https:\/\/katolicka-gimnazija.hr\/wp-content\/uploads\/2022\/12\/DSCF4856-169x300.jpg 169w, https:\/\/katolicka-gimnazija.hr\/wp-content\/uploads\/2022\/12\/DSCF4856-577x1024.jpg 577w, https:\/\/katolicka-gimnazija.hr\/wp-content\/uploads\/2022\/12\/DSCF4856-768x1363.jpg 768w, https:\/\/katolicka-gimnazija.hr\/wp-content\/uploads\/2022\/12\/DSCF4856-865x1536.jpg 865w, https:\/\/katolicka-gimnazija.hr\/wp-content\/uploads\/2022\/12\/DSCF4856-1154x2048.jpg 1154w, https:\/\/katolicka-gimnazija.hr\/wp-content\/uploads\/2022\/12\/DSCF4856-rotated.jpg 1244w\" sizes=\"auto, (max-width: 169px) 100vw, 169px\" \/><\/a>\n\t\t\t<\/div><\/figure>\n\t\t<\/div>\n\n","protected":false},"excerpt":{"rendered":"<p>U ponedjeljak, 5. prosinca 2022. odr\u017eana je adventska duhovna obnova za u\u010denike Katoli\u010dke gimnazije. Predvoditelj obnove bio je vl\u010d. Hrvoje Maltari\u0107, sve\u0107enik Zagreba\u010dke nadbiskupije i \u017eupnik iz Kraljeva Vrha. Duhovna obnova zapo\u010dela je katehezom u Dvorani sv. Terezije Avilske. Na samom po\u010detku kateheze sve okupljene, a na poseban na\u010din predvoditelja, pozdravio je vl\u010d. Tomislav Dokoza, [&hellip;]<\/p>\n","protected":false},"author":93,"featured_media":27444,"comment_status":"closed","ping_status":"closed","sticky":false,"template":"","format":"standard","meta":{"footnotes":""},"categories":[207,4,211,2],"tags":[],"class_list":["post-27473","post","type-post","status-publish","format-standard","has-post-thumbnail","hentry","category-duhovno","category-fotogalerije","category-predavanja","category-vijesti"],"_links":{"self":[{"href":"https:\/\/katolicka-gimnazija.hr\/index.php\/wp-json\/wp\/v2\/posts\/27473","targetHints":{"allow":["GET"]}}],"collection":[{"href":"https:\/\/katolicka-gimnazija.hr\/index.php\/wp-json\/wp\/v2\/posts"}],"about":[{"href":"https:\/\/katolicka-gimnazija.hr\/index.php\/wp-json\/wp\/v2\/types\/post"}],"author":[{"embeddable":true,"href":"https:\/\/katolicka-gimnazija.hr\/index.php\/wp-json\/wp\/v2\/users\/93"}],"replies":[{"embeddable":true,"href":"https:\/\/katolicka-gimnazija.hr\/index.php\/wp-json\/wp\/v2\/comments?post=27473"}],"version-history":[{"count":3,"href":"https:\/\/katolicka-gimnazija.hr\/index.php\/wp-json\/wp\/v2\/posts\/27473\/revisions"}],"predecessor-version":[{"id":27476,"href":"https:\/\/katolicka-gimnazija.hr\/index.php\/wp-json\/wp\/v2\/posts\/27473\/revisions\/27476"}],"wp:featuredmedia":[{"embeddable":true,"href":"https:\/\/katolicka-gimnazija.hr\/index.php\/wp-json\/wp\/v2\/media\/27444"}],"wp:attachment":[{"href":"https:\/\/katolicka-gimnazija.hr\/index.php\/wp-json\/wp\/v2\/media?parent=27473"}],"wp:term":[{"taxonomy":"category","embeddable":true,"href":"https:\/\/katolicka-gimnazija.hr\/index.php\/wp-json\/wp\/v2\/categories?post=27473"},{"taxonomy":"post_tag","embeddable":true,"href":"https:\/\/katolicka-gimnazija.hr\/index.php\/wp-json\/wp\/v2\/tags?post=27473"}],"curies":[{"name":"wp","href":"https:\/\/api.w.org\/{rel}","templated":true}]}}