{"id":27814,"date":"2023-01-09T14:55:01","date_gmt":"2023-01-09T14:55:01","guid":{"rendered":"http:\/\/katolicka-gimnazija.hr\/?p=27814"},"modified":"2023-01-10T06:06:24","modified_gmt":"2023-01-10T06:06:24","slug":"vazno-za-maturante","status":"publish","type":"post","link":"https:\/\/katolicka-gimnazija.hr\/index.php\/2023\/01\/09\/vazno-za-maturante\/","title":{"rendered":"Va\u017eno za maturante"},"content":{"rendered":"<p>Po\u0161tovani i dragi maturanti,<\/p>\n<p>na poveznici <strong><a href=\"http:\/\/www.studij.hr\/\" target=\"_blank\" rel=\"noopener noreferrer\" data-auth=\"NotApplicable\" data-safelink=\"true\" data-linkindex=\"2\">www.studij.hr<\/a> <\/strong>nalaze se detaljne informacije u vezi s postupkom prijava na visoka u\u010dili\u0161ta, rangiranju, kalendaru s rokovima u postupku prijava, kao i mogu\u0107nosti usporedbe studijskih programa i ostvarenim bodovima za upis prethodnih godina.<\/p>\n<p>Tako\u0111er, objavljeni su i statisti\u010dki podatci za sva visoka u\u010dili\u0161ta kojima se stje\u010de uvid u broj prijavljenih i broj ostvarenih prava na upis za prethodne akademske godine.<\/p>\n<p>&nbsp;<\/p>\n","protected":false},"excerpt":{"rendered":"<p>Po\u0161tovani i dragi maturanti, na poveznici www.studij.hr nalaze se detaljne informacije u vezi s postupkom prijava na visoka u\u010dili\u0161ta, rangiranju, kalendaru s rokovima u postupku prijava, kao i mogu\u0107nosti usporedbe studijskih programa i ostvarenim bodovima za upis prethodnih godina. Tako\u0111er, objavljeni su i statisti\u010dki podatci za sva visoka u\u010dili\u0161ta kojima se stje\u010de uvid u broj [&hellip;]<\/p>\n","protected":false},"author":78,"featured_media":27817,"comment_status":"closed","ping_status":"closed","sticky":false,"template":"","format":"standard","meta":{"footnotes":""},"categories":[3,2],"tags":[],"class_list":["post-27814","post","type-post","status-publish","format-standard","has-post-thumbnail","hentry","category-obavijesti","category-vijesti"],"_links":{"self":[{"href":"https:\/\/katolicka-gimnazija.hr\/index.php\/wp-json\/wp\/v2\/posts\/27814","targetHints":{"allow":["GET"]}}],"collection":[{"href":"https:\/\/katolicka-gimnazija.hr\/index.php\/wp-json\/wp\/v2\/posts"}],"about":[{"href":"https:\/\/katolicka-gimnazija.hr\/index.php\/wp-json\/wp\/v2\/types\/post"}],"author":[{"embeddable":true,"href":"https:\/\/katolicka-gimnazija.hr\/index.php\/wp-json\/wp\/v2\/users\/78"}],"replies":[{"embeddable":true,"href":"https:\/\/katolicka-gimnazija.hr\/index.php\/wp-json\/wp\/v2\/comments?post=27814"}],"version-history":[{"count":2,"href":"https:\/\/katolicka-gimnazija.hr\/index.php\/wp-json\/wp\/v2\/posts\/27814\/revisions"}],"predecessor-version":[{"id":27816,"href":"https:\/\/katolicka-gimnazija.hr\/index.php\/wp-json\/wp\/v2\/posts\/27814\/revisions\/27816"}],"wp:featuredmedia":[{"embeddable":true,"href":"https:\/\/katolicka-gimnazija.hr\/index.php\/wp-json\/wp\/v2\/media\/27817"}],"wp:attachment":[{"href":"https:\/\/katolicka-gimnazija.hr\/index.php\/wp-json\/wp\/v2\/media?parent=27814"}],"wp:term":[{"taxonomy":"category","embeddable":true,"href":"https:\/\/katolicka-gimnazija.hr\/index.php\/wp-json\/wp\/v2\/categories?post=27814"},{"taxonomy":"post_tag","embeddable":true,"href":"https:\/\/katolicka-gimnazija.hr\/index.php\/wp-json\/wp\/v2\/tags?post=27814"}],"curies":[{"name":"wp","href":"https:\/\/api.w.org\/{rel}","templated":true}]}}