{"id":27987,"date":"2023-02-12T07:51:35","date_gmt":"2023-02-12T07:51:35","guid":{"rendered":"http:\/\/katolicka-gimnazija.hr\/?p=27987"},"modified":"2023-02-12T13:49:33","modified_gmt":"2023-02-12T13:49:33","slug":"zene-u-znanosti","status":"publish","type":"post","link":"https:\/\/katolicka-gimnazija.hr\/index.php\/2023\/02\/12\/zene-u-znanosti\/","title":{"rendered":"\u017dene u znanosti"},"content":{"rendered":"<p>Katoli\u010dka gimnazija ponosna je na sve svoje biv\u0161e u\u010denice koje su se realizirale u znanosti, tehnologiji i informatici, in\u017eenjerstvu i matematici, i jednako ponosna na sve sada\u0161nje i budu\u0107e u\u010denice koje \u0107e ostvarenje svojih potencijala tek prona\u0107i u ovim podru\u010djima rada. Me\u0111u njima predstavljamo vam u\u010denice Jurju Mautner iz 4. a i Ignaciju Rotim iz 2.b razreda koje su se na poticaj psihologinje Nikoline Bodolovi\u0107 i predmetnih nastavnica prof. Katarine Soldo Obu\u0107ina i prof. Sanje Pr\u0161e prijavile i bile odabrane sudjelovati u projektu Udruge Bioteka <em>Girls own STEM! <\/em><\/p>\n<p><a href=\"http:\/\/katolicka-gimnazija.hr\/wp-content\/uploads\/2023\/02\/MicrosoftTeams-image-30.jpg\"><img loading=\"lazy\" decoding=\"async\" class=\"size-medium wp-image-27989 alignright\" src=\"http:\/\/katolicka-gimnazija.hr\/wp-content\/uploads\/2023\/02\/MicrosoftTeams-image-30-300x200.jpg\" alt=\"\" width=\"300\" height=\"200\" srcset=\"https:\/\/katolicka-gimnazija.hr\/wp-content\/uploads\/2023\/02\/MicrosoftTeams-image-30-300x200.jpg 300w, https:\/\/katolicka-gimnazija.hr\/wp-content\/uploads\/2023\/02\/MicrosoftTeams-image-30-1024x683.jpg 1024w, https:\/\/katolicka-gimnazija.hr\/wp-content\/uploads\/2023\/02\/MicrosoftTeams-image-30-768x512.jpg 768w, https:\/\/katolicka-gimnazija.hr\/wp-content\/uploads\/2023\/02\/MicrosoftTeams-image-30-1536x1024.jpg 1536w, https:\/\/katolicka-gimnazija.hr\/wp-content\/uploads\/2023\/02\/MicrosoftTeams-image-30-2048x1365.jpg 2048w, https:\/\/katolicka-gimnazija.hr\/wp-content\/uploads\/2023\/02\/MicrosoftTeams-image-30-400x267.jpg 400w\" sizes=\"auto, (max-width: 300px) 100vw, 300px\" \/><\/a>Radom na projektu djevojke \u0107e razviti vlastite lokalne projekte kojima \u0107e rije\u0161iti jedan okoli\u0161ni, dru\u0161tveni ili ekonomski problem u svojoj lokalnoj sredini, koriste\u0107i STEM metode i pristup. Djevojke su poha\u0111ale vi\u0161ednevno osposobljavanje za rad na projektu u okviru <em>Girls own STEM<\/em> zimskog kampa u Zagrebu od 29.1. do 1.2. 2023. te \u0107e dobiti pomo\u0107 i mentorstvo te potrebne financije za provedbu svojih projekata, a prakti\u010dnim radom na projektu upoznat \u0107e razli\u010dita STEM podru\u010dja te lak\u0161e odabrati svoj budu\u0107i fakultet ili STEM karijeru.<\/p>\n<p><a href=\"http:\/\/katolicka-gimnazija.hr\/wp-content\/uploads\/2023\/02\/MicrosoftTeams-image-31.jpg\"><img loading=\"lazy\" decoding=\"async\" class=\"size-medium wp-image-27988 alignleft\" src=\"http:\/\/katolicka-gimnazija.hr\/wp-content\/uploads\/2023\/02\/MicrosoftTeams-image-31-300x225.jpg\" alt=\"\" width=\"300\" height=\"225\" srcset=\"https:\/\/katolicka-gimnazija.hr\/wp-content\/uploads\/2023\/02\/MicrosoftTeams-image-31-300x225.jpg 300w, https:\/\/katolicka-gimnazija.hr\/wp-content\/uploads\/2023\/02\/MicrosoftTeams-image-31-1024x768.jpg 1024w, https:\/\/katolicka-gimnazija.hr\/wp-content\/uploads\/2023\/02\/MicrosoftTeams-image-31-768x576.jpg 768w, https:\/\/katolicka-gimnazija.hr\/wp-content\/uploads\/2023\/02\/MicrosoftTeams-image-31-1536x1152.jpg 1536w, https:\/\/katolicka-gimnazija.hr\/wp-content\/uploads\/2023\/02\/MicrosoftTeams-image-31-400x300.jpg 400w, https:\/\/katolicka-gimnazija.hr\/wp-content\/uploads\/2023\/02\/MicrosoftTeams-image-31.jpg 2048w\" sizes=\"auto, (max-width: 300px) 100vw, 300px\" \/><\/a>\u0160to nam je o svom iskustvu rekla Jurja Mautner: \u201eKamp\u00a0 <em>Girls own STEM<\/em> trajao je od 29.1. do 1.2. 2023. U ta tri dana Udruga Bioteka okupila je 50 djevojaka iz cijele Hrvatske, uklju\u010duju\u0107i mene i Ignaciju. Svaka cura ima svoje STEM podru\u010dje u kojem je odli\u010dna. Svaki dan bio je pun novih znanja i iskustava. Kroz radionice smo se me\u0111usobno upoznale, a kroz predavanja, koja su dr\u017eale \u017eene iz razli\u010ditih STEM podru\u010dja, nau\u010dile smo kako je biti \u017eena u \u201emu\u0161kom\u201c poslu.\u00a0 Vje\u017ebale smo komunikacijske vje\u0161tine kako bismo jednog dana bile uspje\u0161nije u svom poslu. Radionice su nam pokazale kako da napravimo i provedemo svoj projekt kojim \u0107emo do kolovoza pomo\u0107i zajednici i okoli\u0161u s odre\u0111enim bud\u017eetom i uz pomo\u0107 volontera. Moji dojmovi o cijelom ovom iskustvu su odli\u010dni. Organizatori su se stvarno potrudili, od hotela do svih aktivnosti. Upoznavanje drugih ljudi ipak je bilo najbolje iskustvo jer imaju iste interese kao i ja te smo se kroz kamp pripremile za projekt i \u017eivot \u017eene u STEM-u.\u201c<\/p>\n<p><a href=\"http:\/\/katolicka-gimnazija.hr\/wp-content\/uploads\/2023\/02\/MicrosoftTeams-image-38.jpg\"><img loading=\"lazy\" decoding=\"async\" class=\"size-medium wp-image-27994 alignright\" src=\"http:\/\/katolicka-gimnazija.hr\/wp-content\/uploads\/2023\/02\/MicrosoftTeams-image-38-300x225.jpg\" alt=\"\" width=\"300\" height=\"225\" srcset=\"https:\/\/katolicka-gimnazija.hr\/wp-content\/uploads\/2023\/02\/MicrosoftTeams-image-38-300x225.jpg 300w, https:\/\/katolicka-gimnazija.hr\/wp-content\/uploads\/2023\/02\/MicrosoftTeams-image-38-1024x768.jpg 1024w, https:\/\/katolicka-gimnazija.hr\/wp-content\/uploads\/2023\/02\/MicrosoftTeams-image-38-768x576.jpg 768w, https:\/\/katolicka-gimnazija.hr\/wp-content\/uploads\/2023\/02\/MicrosoftTeams-image-38-1536x1152.jpg 1536w, https:\/\/katolicka-gimnazija.hr\/wp-content\/uploads\/2023\/02\/MicrosoftTeams-image-38-400x300.jpg 400w, https:\/\/katolicka-gimnazija.hr\/wp-content\/uploads\/2023\/02\/MicrosoftTeams-image-38.jpg 2048w\" sizes=\"auto, (max-width: 300px) 100vw, 300px\" \/><\/a>Me\u0111unarodni dan \u017eena u znanosti, 11. velja\u010de, proglasila je 2015. godine Op\u0107a skup\u0161tina Ujedinjenih Naroda. Neki od ciljeva obilje\u017eavanja ovog dana su prepoznavanje postignu\u0107a \u017eena u znanosti, eliminacija svake diskriminacije \u017eena, promicanje ravnopravnog sudjelovanja djevojaka i \u017eena u obrazovanju, znanosti\u2026 Kako bi se zna\u010daj \u017eena i djevojaka u znanosti istaknuo i u na\u0161oj \u0161koli, pridru\u017eili smo se obilje\u017eavanju ovog dana. Na panou, u hodniku \u0161kole, mogli ste saznati za neka od imena koja se danas spominju u kontekstu povijesti \u017eenskih znanstvenika i njihovih zna\u010dajnih doprinosa u znanosti. Neka od tih poznatih imena su Marie Curie, Maria Gaetana Agnesi, Josephine Cochrane, Margareta Hamilton i mnoga druga.<\/p>\n","protected":false},"excerpt":{"rendered":"<p>Katoli\u010dka gimnazija ponosna je na sve svoje biv\u0161e u\u010denice koje su se realizirale u znanosti, tehnologiji i informatici, in\u017eenjerstvu i matematici, i jednako ponosna na sve sada\u0161nje i budu\u0107e u\u010denice koje \u0107e ostvarenje svojih potencijala tek prona\u0107i u ovim podru\u010djima rada. Me\u0111u njima predstavljamo vam u\u010denice Jurju Mautner iz 4. a i Ignaciju Rotim iz [&hellip;]<\/p>\n","protected":false},"author":100,"featured_media":27990,"comment_status":"closed","ping_status":"closed","sticky":false,"template":"","format":"standard","meta":{"footnotes":""},"categories":[211,2],"tags":[],"class_list":["post-27987","post","type-post","status-publish","format-standard","has-post-thumbnail","hentry","category-predavanja","category-vijesti"],"_links":{"self":[{"href":"https:\/\/katolicka-gimnazija.hr\/index.php\/wp-json\/wp\/v2\/posts\/27987","targetHints":{"allow":["GET"]}}],"collection":[{"href":"https:\/\/katolicka-gimnazija.hr\/index.php\/wp-json\/wp\/v2\/posts"}],"about":[{"href":"https:\/\/katolicka-gimnazija.hr\/index.php\/wp-json\/wp\/v2\/types\/post"}],"author":[{"embeddable":true,"href":"https:\/\/katolicka-gimnazija.hr\/index.php\/wp-json\/wp\/v2\/users\/100"}],"replies":[{"embeddable":true,"href":"https:\/\/katolicka-gimnazija.hr\/index.php\/wp-json\/wp\/v2\/comments?post=27987"}],"version-history":[{"count":2,"href":"https:\/\/katolicka-gimnazija.hr\/index.php\/wp-json\/wp\/v2\/posts\/27987\/revisions"}],"predecessor-version":[{"id":27995,"href":"https:\/\/katolicka-gimnazija.hr\/index.php\/wp-json\/wp\/v2\/posts\/27987\/revisions\/27995"}],"wp:featuredmedia":[{"embeddable":true,"href":"https:\/\/katolicka-gimnazija.hr\/index.php\/wp-json\/wp\/v2\/media\/27990"}],"wp:attachment":[{"href":"https:\/\/katolicka-gimnazija.hr\/index.php\/wp-json\/wp\/v2\/media?parent=27987"}],"wp:term":[{"taxonomy":"category","embeddable":true,"href":"https:\/\/katolicka-gimnazija.hr\/index.php\/wp-json\/wp\/v2\/categories?post=27987"},{"taxonomy":"post_tag","embeddable":true,"href":"https:\/\/katolicka-gimnazija.hr\/index.php\/wp-json\/wp\/v2\/tags?post=27987"}],"curies":[{"name":"wp","href":"https:\/\/api.w.org\/{rel}","templated":true}]}}