{"id":27996,"date":"2023-02-12T17:34:26","date_gmt":"2023-02-12T17:34:26","guid":{"rendered":"http:\/\/katolicka-gimnazija.hr\/?p=27996"},"modified":"2023-02-12T17:39:10","modified_gmt":"2023-02-12T17:39:10","slug":"novinarski-kamp-igram-pisem-lajkam-2023","status":"publish","type":"post","link":"https:\/\/katolicka-gimnazija.hr\/index.php\/2023\/02\/12\/novinarski-kamp-igram-pisem-lajkam-2023\/","title":{"rendered":"Novinarski kamp \u201eIgram, pi\u0161em, lajkam\u201c 2023."},"content":{"rendered":"<p>Novinarski kamp \u201eIgram, pi\u0161em, lajkam\u201c (IPL), u organizaciji Hrvatskog \u0161kolskog sportskog saveza, odr\u017eao se od 5. do 8. velja\u010de u Pore\u010du u hotelu Molindrio. Kamp je okupio 15 u\u010denika novinara iz cijele Hrvatske \u010diji su radovi ocijenjeni najboljima prema trima kriterijima \u2013 ispunjavanje novinarske forme, stil pisanja i op\u0107i dojam. U\u010denica 1.b razreda na\u0161e \u0161kole Ema Mari\u0107 ove se godine prijavila se sa sportskim prikazom pod naslovom <em>Anja Bun\u010di\u0107, budu\u0107nost Plamenih<\/em> koji joj je donio maksimalnih 90 bodova te je s mentorom Miroslavom Pauli\u0107em provela \u010detiri radna dana u Pore\u010du.<\/p>\n<p>Kamp IPL osmi\u0161ljen je tako da su u\u010denici novinari prva dva dana slu\u0161ali predavanja poznatih predava\u010da, a te\u0107i dan su primjenjivali novoste\u010deno znanje iz osnova sportskoga novinarstva na natjecanju iz sportskog plesa. Ovogodi\u0161nji predava\u010di bili su Ivan Fedor (novinar i voditelj radijskog programa na HRT Radio Sljeme), Zlatko Karlo (sportski novinar), Jelena Kolar (MINTS), Fran Peterlin (Upgrade Sports Agency), Dario Mar\u010dac (stru\u010dnjak za dru\u0161tvene medije i tiktoker), Sara Horvati\u0107 (freelance producentica i fotografkinja), Ivan Dorian Molnar (novinar i voditelj), Marin Paveli\u0107 (snimatelj, ICT novinar) i Marija Bobinski (voditeljica kampa, H\u0160SS).<\/p>\n<p>Uz natjecanje u sportskom plesu koje se odr\u017ealo 8. velja\u010de IPL-ovci su dan ranije imali prakti\u010dne zadatke tijekom dr\u017eavnog natjecanja iz hrvanja. To je funkcioniralo tako da je svaki novinar dobio svoj zadatak na natjecanju i radio isklju\u010divo na njemu. Osim zadataka na natjecanjima, IPL-ovci su dobili zadatke i od svakog predava\u010da koje su odra\u0111ivali u grupama ili pojedina\u010dno. Uz sva predavanja i zadatke IPL-ovci su imali dovoljno vremena za dru\u017eenje i zabavu te su se u svega \u010detiri dana jako zbli\u017eili i puno toga nau\u010dili, posebno od pro\u0161le generacije IPL novinara koji su u protekloj godini bili anga\u017eirani na brojnim dr\u017eavnim, ali i me\u0111unarodnim sportskim doga\u0111anjima.<\/p>\n<p>Zgodno je spomenuti da su na DP u sportskom plesu sudjelovale \u010dak \u010detiri po\u017ee\u0161ke \u0161kole: O\u0160 Antuna Kani\u017eli\u0107a (11. mjesto), O\u0160 Dobri\u0161e Cesari\u0107a (5. mjesto) , Ekonomska \u0161kola (11. mjesto) te susjedna nam Gimnazija koja je osvojila izvrsno 3. mjesto.<\/p>\n<p>Fotografije: Ema Mari\u0107 i IPL novinari<\/p>\n<div id='gallery-1' class='gallery galleryid-27996 gallery-columns-3 gallery-size-medium'><figure class='gallery-item'>\n\t\t\t<div class='gallery-icon portrait'>\n\t\t\t\t<a href='https:\/\/katolicka-gimnazija.hr\/wp-content\/uploads\/2023\/02\/IMG-20230209-WA0030.jpg'><img loading=\"lazy\" decoding=\"async\" width=\"225\" height=\"300\" src=\"https:\/\/katolicka-gimnazija.hr\/wp-content\/uploads\/2023\/02\/IMG-20230209-WA0030-225x300.jpg\" class=\"attachment-medium size-medium\" alt=\"\" srcset=\"https:\/\/katolicka-gimnazija.hr\/wp-content\/uploads\/2023\/02\/IMG-20230209-WA0030-225x300.jpg 225w, https:\/\/katolicka-gimnazija.hr\/wp-content\/uploads\/2023\/02\/IMG-20230209-WA0030-768x1024.jpg 768w, https:\/\/katolicka-gimnazija.hr\/wp-content\/uploads\/2023\/02\/IMG-20230209-WA0030-1152x1536.jpg 1152w, https:\/\/katolicka-gimnazija.hr\/wp-content\/uploads\/2023\/02\/IMG-20230209-WA0030.jpg 1536w\" sizes=\"auto, (max-width: 225px) 100vw, 225px\" \/><\/a>\n\t\t\t<\/div><\/figure><figure class='gallery-item'>\n\t\t\t<div class='gallery-icon landscape'>\n\t\t\t\t<a href='https:\/\/katolicka-gimnazija.hr\/wp-content\/uploads\/2023\/02\/IMG-20230212-WA0080.jpg'><img loading=\"lazy\" decoding=\"async\" width=\"300\" height=\"182\" src=\"https:\/\/katolicka-gimnazija.hr\/wp-content\/uploads\/2023\/02\/IMG-20230212-WA0080-300x182.jpg\" class=\"attachment-medium size-medium\" alt=\"\" srcset=\"https:\/\/katolicka-gimnazija.hr\/wp-content\/uploads\/2023\/02\/IMG-20230212-WA0080-300x182.jpg 300w, https:\/\/katolicka-gimnazija.hr\/wp-content\/uploads\/2023\/02\/IMG-20230212-WA0080-1024x621.jpg 1024w, https:\/\/katolicka-gimnazija.hr\/wp-content\/uploads\/2023\/02\/IMG-20230212-WA0080-768x466.jpg 768w, https:\/\/katolicka-gimnazija.hr\/wp-content\/uploads\/2023\/02\/IMG-20230212-WA0080-1536x931.jpg 1536w, https:\/\/katolicka-gimnazija.hr\/wp-content\/uploads\/2023\/02\/IMG-20230212-WA0080-400x243.jpg 400w, https:\/\/katolicka-gimnazija.hr\/wp-content\/uploads\/2023\/02\/IMG-20230212-WA0080.jpg 1600w\" sizes=\"auto, (max-width: 300px) 100vw, 300px\" \/><\/a>\n\t\t\t<\/div><\/figure><figure class='gallery-item'>\n\t\t\t<div class='gallery-icon landscape'>\n\t\t\t\t<a href='https:\/\/katolicka-gimnazija.hr\/wp-content\/uploads\/2023\/02\/330808418_1249837612278518_5953750262456904884_n.jpg'><img loading=\"lazy\" decoding=\"async\" width=\"300\" height=\"200\" src=\"https:\/\/katolicka-gimnazija.hr\/wp-content\/uploads\/2023\/02\/330808418_1249837612278518_5953750262456904884_n-300x200.jpg\" class=\"attachment-medium size-medium\" alt=\"\" srcset=\"https:\/\/katolicka-gimnazija.hr\/wp-content\/uploads\/2023\/02\/330808418_1249837612278518_5953750262456904884_n-300x200.jpg 300w, https:\/\/katolicka-gimnazija.hr\/wp-content\/uploads\/2023\/02\/330808418_1249837612278518_5953750262456904884_n-1024x682.jpg 1024w, https:\/\/katolicka-gimnazija.hr\/wp-content\/uploads\/2023\/02\/330808418_1249837612278518_5953750262456904884_n-768x512.jpg 768w, https:\/\/katolicka-gimnazija.hr\/wp-content\/uploads\/2023\/02\/330808418_1249837612278518_5953750262456904884_n-1536x1024.jpg 1536w, https:\/\/katolicka-gimnazija.hr\/wp-content\/uploads\/2023\/02\/330808418_1249837612278518_5953750262456904884_n-400x267.jpg 400w, https:\/\/katolicka-gimnazija.hr\/wp-content\/uploads\/2023\/02\/330808418_1249837612278518_5953750262456904884_n.jpg 1604w\" sizes=\"auto, (max-width: 300px) 100vw, 300px\" \/><\/a>\n\t\t\t<\/div><\/figure><figure class='gallery-item'>\n\t\t\t<div class='gallery-icon landscape'>\n\t\t\t\t<a href='https:\/\/katolicka-gimnazija.hr\/wp-content\/uploads\/2023\/02\/IMG-20230212-WA0115.jpg'><img loading=\"lazy\" decoding=\"async\" width=\"300\" height=\"201\" src=\"https:\/\/katolicka-gimnazija.hr\/wp-content\/uploads\/2023\/02\/IMG-20230212-WA0115-300x201.jpg\" class=\"attachment-medium size-medium\" alt=\"\" srcset=\"https:\/\/katolicka-gimnazija.hr\/wp-content\/uploads\/2023\/02\/IMG-20230212-WA0115-300x201.jpg 300w, https:\/\/katolicka-gimnazija.hr\/wp-content\/uploads\/2023\/02\/IMG-20230212-WA0115-1024x685.jpg 1024w, https:\/\/katolicka-gimnazija.hr\/wp-content\/uploads\/2023\/02\/IMG-20230212-WA0115-768x514.jpg 768w, https:\/\/katolicka-gimnazija.hr\/wp-content\/uploads\/2023\/02\/IMG-20230212-WA0115-1536x1028.jpg 1536w, https:\/\/katolicka-gimnazija.hr\/wp-content\/uploads\/2023\/02\/IMG-20230212-WA0115-400x268.jpg 400w, https:\/\/katolicka-gimnazija.hr\/wp-content\/uploads\/2023\/02\/IMG-20230212-WA0115.jpg 1599w\" sizes=\"auto, (max-width: 300px) 100vw, 300px\" \/><\/a>\n\t\t\t<\/div><\/figure><figure class='gallery-item'>\n\t\t\t<div class='gallery-icon landscape'>\n\t\t\t\t<a href='https:\/\/katolicka-gimnazija.hr\/wp-content\/uploads\/2023\/02\/330830011_680848253836240_5928536474818351655_n.jpg'><img loading=\"lazy\" decoding=\"async\" width=\"300\" height=\"212\" src=\"https:\/\/katolicka-gimnazija.hr\/wp-content\/uploads\/2023\/02\/330830011_680848253836240_5928536474818351655_n-300x212.jpg\" class=\"attachment-medium size-medium\" alt=\"\" srcset=\"https:\/\/katolicka-gimnazija.hr\/wp-content\/uploads\/2023\/02\/330830011_680848253836240_5928536474818351655_n-300x212.jpg 300w, https:\/\/katolicka-gimnazija.hr\/wp-content\/uploads\/2023\/02\/330830011_680848253836240_5928536474818351655_n-1024x724.jpg 1024w, https:\/\/katolicka-gimnazija.hr\/wp-content\/uploads\/2023\/02\/330830011_680848253836240_5928536474818351655_n-768x543.jpg 768w, https:\/\/katolicka-gimnazija.hr\/wp-content\/uploads\/2023\/02\/330830011_680848253836240_5928536474818351655_n-1536x1086.jpg 1536w, https:\/\/katolicka-gimnazija.hr\/wp-content\/uploads\/2023\/02\/330830011_680848253836240_5928536474818351655_n-400x283.jpg 400w, https:\/\/katolicka-gimnazija.hr\/wp-content\/uploads\/2023\/02\/330830011_680848253836240_5928536474818351655_n.jpg 2048w\" sizes=\"auto, (max-width: 300px) 100vw, 300px\" \/><\/a>\n\t\t\t<\/div><\/figure><figure class='gallery-item'>\n\t\t\t<div class='gallery-icon landscape'>\n\t\t\t\t<a href='https:\/\/katolicka-gimnazija.hr\/wp-content\/uploads\/2023\/02\/330110914_3500356386911529_8236789368278588660_n.jpg'><img loading=\"lazy\" decoding=\"async\" width=\"300\" height=\"162\" src=\"https:\/\/katolicka-gimnazija.hr\/wp-content\/uploads\/2023\/02\/330110914_3500356386911529_8236789368278588660_n-300x162.jpg\" class=\"attachment-medium size-medium\" alt=\"\" srcset=\"https:\/\/katolicka-gimnazija.hr\/wp-content\/uploads\/2023\/02\/330110914_3500356386911529_8236789368278588660_n-300x162.jpg 300w, https:\/\/katolicka-gimnazija.hr\/wp-content\/uploads\/2023\/02\/330110914_3500356386911529_8236789368278588660_n-1024x554.jpg 1024w, https:\/\/katolicka-gimnazija.hr\/wp-content\/uploads\/2023\/02\/330110914_3500356386911529_8236789368278588660_n-768x416.jpg 768w, https:\/\/katolicka-gimnazija.hr\/wp-content\/uploads\/2023\/02\/330110914_3500356386911529_8236789368278588660_n-1536x831.jpg 1536w, https:\/\/katolicka-gimnazija.hr\/wp-content\/uploads\/2023\/02\/330110914_3500356386911529_8236789368278588660_n-400x217.jpg 400w, https:\/\/katolicka-gimnazija.hr\/wp-content\/uploads\/2023\/02\/330110914_3500356386911529_8236789368278588660_n.jpg 1600w\" sizes=\"auto, (max-width: 300px) 100vw, 300px\" \/><\/a>\n\t\t\t<\/div><\/figure><figure class='gallery-item'>\n\t\t\t<div class='gallery-icon landscape'>\n\t\t\t\t<a href='https:\/\/katolicka-gimnazija.hr\/wp-content\/uploads\/2023\/02\/IMG-20230212-WA0034.jpg'><img loading=\"lazy\" decoding=\"async\" width=\"300\" height=\"224\" src=\"https:\/\/katolicka-gimnazija.hr\/wp-content\/uploads\/2023\/02\/IMG-20230212-WA0034-300x224.jpg\" class=\"attachment-medium size-medium\" alt=\"\" srcset=\"https:\/\/katolicka-gimnazija.hr\/wp-content\/uploads\/2023\/02\/IMG-20230212-WA0034-300x224.jpg 300w, https:\/\/katolicka-gimnazija.hr\/wp-content\/uploads\/2023\/02\/IMG-20230212-WA0034-1024x764.jpg 1024w, https:\/\/katolicka-gimnazija.hr\/wp-content\/uploads\/2023\/02\/IMG-20230212-WA0034-768x573.jpg 768w, https:\/\/katolicka-gimnazija.hr\/wp-content\/uploads\/2023\/02\/IMG-20230212-WA0034-1536x1145.jpg 1536w, https:\/\/katolicka-gimnazija.hr\/wp-content\/uploads\/2023\/02\/IMG-20230212-WA0034-400x298.jpg 400w, https:\/\/katolicka-gimnazija.hr\/wp-content\/uploads\/2023\/02\/IMG-20230212-WA0034.jpg 1600w\" sizes=\"auto, (max-width: 300px) 100vw, 300px\" \/><\/a>\n\t\t\t<\/div><\/figure><figure class='gallery-item'>\n\t\t\t<div class='gallery-icon landscape'>\n\t\t\t\t<a href='https:\/\/katolicka-gimnazija.hr\/wp-content\/uploads\/2023\/02\/IMG-20230212-WA0123.jpg'><img loading=\"lazy\" decoding=\"async\" width=\"300\" height=\"162\" src=\"https:\/\/katolicka-gimnazija.hr\/wp-content\/uploads\/2023\/02\/IMG-20230212-WA0123-300x162.jpg\" class=\"attachment-medium size-medium\" alt=\"\" srcset=\"https:\/\/katolicka-gimnazija.hr\/wp-content\/uploads\/2023\/02\/IMG-20230212-WA0123-300x162.jpg 300w, https:\/\/katolicka-gimnazija.hr\/wp-content\/uploads\/2023\/02\/IMG-20230212-WA0123-1024x554.jpg 1024w, https:\/\/katolicka-gimnazija.hr\/wp-content\/uploads\/2023\/02\/IMG-20230212-WA0123-768x416.jpg 768w, https:\/\/katolicka-gimnazija.hr\/wp-content\/uploads\/2023\/02\/IMG-20230212-WA0123-1536x831.jpg 1536w, https:\/\/katolicka-gimnazija.hr\/wp-content\/uploads\/2023\/02\/IMG-20230212-WA0123-400x217.jpg 400w, https:\/\/katolicka-gimnazija.hr\/wp-content\/uploads\/2023\/02\/IMG-20230212-WA0123.jpg 1600w\" sizes=\"auto, (max-width: 300px) 100vw, 300px\" \/><\/a>\n\t\t\t<\/div><\/figure><figure class='gallery-item'>\n\t\t\t<div class='gallery-icon landscape'>\n\t\t\t\t<a href='https:\/\/katolicka-gimnazija.hr\/wp-content\/uploads\/2023\/02\/IMG-20230212-WA0089.jpg'><img loading=\"lazy\" decoding=\"async\" width=\"300\" height=\"169\" src=\"https:\/\/katolicka-gimnazija.hr\/wp-content\/uploads\/2023\/02\/IMG-20230212-WA0089-300x169.jpg\" class=\"attachment-medium size-medium\" alt=\"\" srcset=\"https:\/\/katolicka-gimnazija.hr\/wp-content\/uploads\/2023\/02\/IMG-20230212-WA0089-300x169.jpg 300w, https:\/\/katolicka-gimnazija.hr\/wp-content\/uploads\/2023\/02\/IMG-20230212-WA0089-1024x576.jpg 1024w, https:\/\/katolicka-gimnazija.hr\/wp-content\/uploads\/2023\/02\/IMG-20230212-WA0089-768x432.jpg 768w, https:\/\/katolicka-gimnazija.hr\/wp-content\/uploads\/2023\/02\/IMG-20230212-WA0089-1536x864.jpg 1536w, https:\/\/katolicka-gimnazija.hr\/wp-content\/uploads\/2023\/02\/IMG-20230212-WA0089-400x225.jpg 400w, https:\/\/katolicka-gimnazija.hr\/wp-content\/uploads\/2023\/02\/IMG-20230212-WA0089.jpg 1600w\" sizes=\"auto, (max-width: 300px) 100vw, 300px\" \/><\/a>\n\t\t\t<\/div><\/figure><figure class='gallery-item'>\n\t\t\t<div class='gallery-icon portrait'>\n\t\t\t\t<a href='https:\/\/katolicka-gimnazija.hr\/wp-content\/uploads\/2023\/02\/Screenshot_20230208_010022_Instagram.jpg'><img loading=\"lazy\" decoding=\"async\" width=\"275\" height=\"300\" src=\"https:\/\/katolicka-gimnazija.hr\/wp-content\/uploads\/2023\/02\/Screenshot_20230208_010022_Instagram-275x300.jpg\" class=\"attachment-medium size-medium\" alt=\"\" srcset=\"https:\/\/katolicka-gimnazija.hr\/wp-content\/uploads\/2023\/02\/Screenshot_20230208_010022_Instagram-275x300.jpg 275w, https:\/\/katolicka-gimnazija.hr\/wp-content\/uploads\/2023\/02\/Screenshot_20230208_010022_Instagram.jpg 597w\" sizes=\"auto, (max-width: 275px) 100vw, 275px\" \/><\/a>\n\t\t\t<\/div><\/figure><figure class='gallery-item'>\n\t\t\t<div class='gallery-icon landscape'>\n\t\t\t\t<a href='https:\/\/katolicka-gimnazija.hr\/wp-content\/uploads\/2023\/02\/330786115_517696477094032_3847873985207935880_n.jpg'><img loading=\"lazy\" decoding=\"async\" width=\"300\" height=\"200\" src=\"https:\/\/katolicka-gimnazija.hr\/wp-content\/uploads\/2023\/02\/330786115_517696477094032_3847873985207935880_n-300x200.jpg\" class=\"attachment-medium size-medium\" alt=\"\" srcset=\"https:\/\/katolicka-gimnazija.hr\/wp-content\/uploads\/2023\/02\/330786115_517696477094032_3847873985207935880_n-300x200.jpg 300w, https:\/\/katolicka-gimnazija.hr\/wp-content\/uploads\/2023\/02\/330786115_517696477094032_3847873985207935880_n-1024x683.jpg 1024w, https:\/\/katolicka-gimnazija.hr\/wp-content\/uploads\/2023\/02\/330786115_517696477094032_3847873985207935880_n-768x512.jpg 768w, https:\/\/katolicka-gimnazija.hr\/wp-content\/uploads\/2023\/02\/330786115_517696477094032_3847873985207935880_n-1536x1024.jpg 1536w, https:\/\/katolicka-gimnazija.hr\/wp-content\/uploads\/2023\/02\/330786115_517696477094032_3847873985207935880_n-400x267.jpg 400w, https:\/\/katolicka-gimnazija.hr\/wp-content\/uploads\/2023\/02\/330786115_517696477094032_3847873985207935880_n.jpg 1620w\" sizes=\"auto, (max-width: 300px) 100vw, 300px\" \/><\/a>\n\t\t\t<\/div><\/figure><figure class='gallery-item'>\n\t\t\t<div class='gallery-icon portrait'>\n\t\t\t\t<a href='https:\/\/katolicka-gimnazija.hr\/wp-content\/uploads\/2023\/02\/IMG-20230205-WA0028-rotated.jpeg'><img loading=\"lazy\" decoding=\"async\" width=\"169\" height=\"300\" src=\"https:\/\/katolicka-gimnazija.hr\/wp-content\/uploads\/2023\/02\/IMG-20230205-WA0028-169x300.jpeg\" class=\"attachment-medium size-medium\" alt=\"\" srcset=\"https:\/\/katolicka-gimnazija.hr\/wp-content\/uploads\/2023\/02\/IMG-20230205-WA0028-169x300.jpeg 169w, https:\/\/katolicka-gimnazija.hr\/wp-content\/uploads\/2023\/02\/IMG-20230205-WA0028-576x1024.jpeg 576w, https:\/\/katolicka-gimnazija.hr\/wp-content\/uploads\/2023\/02\/IMG-20230205-WA0028-768x1365.jpeg 768w, https:\/\/katolicka-gimnazija.hr\/wp-content\/uploads\/2023\/02\/IMG-20230205-WA0028-864x1536.jpeg 864w, https:\/\/katolicka-gimnazija.hr\/wp-content\/uploads\/2023\/02\/IMG-20230205-WA0028-1152x2048.jpeg 1152w, https:\/\/katolicka-gimnazija.hr\/wp-content\/uploads\/2023\/02\/IMG-20230205-WA0028-rotated.jpeg 1440w\" sizes=\"auto, (max-width: 169px) 100vw, 169px\" \/><\/a>\n\t\t\t<\/div><\/figure><figure class='gallery-item'>\n\t\t\t<div class='gallery-icon portrait'>\n\t\t\t\t<a href='https:\/\/katolicka-gimnazija.hr\/wp-content\/uploads\/2023\/02\/IMG-20230212-WA0036.jpg'><img loading=\"lazy\" decoding=\"async\" width=\"289\" height=\"300\" src=\"https:\/\/katolicka-gimnazija.hr\/wp-content\/uploads\/2023\/02\/IMG-20230212-WA0036-289x300.jpg\" class=\"attachment-medium size-medium\" alt=\"\" srcset=\"https:\/\/katolicka-gimnazija.hr\/wp-content\/uploads\/2023\/02\/IMG-20230212-WA0036-289x300.jpg 289w, https:\/\/katolicka-gimnazija.hr\/wp-content\/uploads\/2023\/02\/IMG-20230212-WA0036-985x1024.jpg 985w, https:\/\/katolicka-gimnazija.hr\/wp-content\/uploads\/2023\/02\/IMG-20230212-WA0036-768x798.jpg 768w, https:\/\/katolicka-gimnazija.hr\/wp-content\/uploads\/2023\/02\/IMG-20230212-WA0036-1477x1536.jpg 1477w, https:\/\/katolicka-gimnazija.hr\/wp-content\/uploads\/2023\/02\/IMG-20230212-WA0036.jpg 1539w\" sizes=\"auto, (max-width: 289px) 100vw, 289px\" \/><\/a>\n\t\t\t<\/div><\/figure><figure class='gallery-item'>\n\t\t\t<div class='gallery-icon landscape'>\n\t\t\t\t<a href='https:\/\/katolicka-gimnazija.hr\/wp-content\/uploads\/2023\/02\/330808657_1943256009352241_5230344765306663229_n.jpg'><img loading=\"lazy\" decoding=\"async\" width=\"300\" height=\"212\" src=\"https:\/\/katolicka-gimnazija.hr\/wp-content\/uploads\/2023\/02\/330808657_1943256009352241_5230344765306663229_n-300x212.jpg\" class=\"attachment-medium size-medium\" alt=\"\" srcset=\"https:\/\/katolicka-gimnazija.hr\/wp-content\/uploads\/2023\/02\/330808657_1943256009352241_5230344765306663229_n-300x212.jpg 300w, https:\/\/katolicka-gimnazija.hr\/wp-content\/uploads\/2023\/02\/330808657_1943256009352241_5230344765306663229_n-1024x724.jpg 1024w, https:\/\/katolicka-gimnazija.hr\/wp-content\/uploads\/2023\/02\/330808657_1943256009352241_5230344765306663229_n-768x543.jpg 768w, https:\/\/katolicka-gimnazija.hr\/wp-content\/uploads\/2023\/02\/330808657_1943256009352241_5230344765306663229_n-1536x1086.jpg 1536w, https:\/\/katolicka-gimnazija.hr\/wp-content\/uploads\/2023\/02\/330808657_1943256009352241_5230344765306663229_n-400x283.jpg 400w, https:\/\/katolicka-gimnazija.hr\/wp-content\/uploads\/2023\/02\/330808657_1943256009352241_5230344765306663229_n.jpg 2048w\" sizes=\"auto, (max-width: 300px) 100vw, 300px\" \/><\/a>\n\t\t\t<\/div><\/figure><figure class='gallery-item'>\n\t\t\t<div class='gallery-icon landscape'>\n\t\t\t\t<a href='https:\/\/katolicka-gimnazija.hr\/wp-content\/uploads\/2023\/02\/IMG-20230212-WA0106.jpg'><img loading=\"lazy\" decoding=\"async\" width=\"300\" height=\"169\" src=\"https:\/\/katolicka-gimnazija.hr\/wp-content\/uploads\/2023\/02\/IMG-20230212-WA0106-300x169.jpg\" class=\"attachment-medium size-medium\" alt=\"\" srcset=\"https:\/\/katolicka-gimnazija.hr\/wp-content\/uploads\/2023\/02\/IMG-20230212-WA0106-300x169.jpg 300w, https:\/\/katolicka-gimnazija.hr\/wp-content\/uploads\/2023\/02\/IMG-20230212-WA0106-1024x576.jpg 1024w, https:\/\/katolicka-gimnazija.hr\/wp-content\/uploads\/2023\/02\/IMG-20230212-WA0106-768x432.jpg 768w, https:\/\/katolicka-gimnazija.hr\/wp-content\/uploads\/2023\/02\/IMG-20230212-WA0106-1536x864.jpg 1536w, https:\/\/katolicka-gimnazija.hr\/wp-content\/uploads\/2023\/02\/IMG-20230212-WA0106-400x225.jpg 400w, https:\/\/katolicka-gimnazija.hr\/wp-content\/uploads\/2023\/02\/IMG-20230212-WA0106.jpg 1600w\" sizes=\"auto, (max-width: 300px) 100vw, 300px\" \/><\/a>\n\t\t\t<\/div><\/figure><figure class='gallery-item'>\n\t\t\t<div class='gallery-icon landscape'>\n\t\t\t\t<a href='https:\/\/katolicka-gimnazija.hr\/wp-content\/uploads\/2023\/02\/IMG-20230212-WA0113.jpg'><img loading=\"lazy\" decoding=\"async\" width=\"300\" height=\"213\" src=\"https:\/\/katolicka-gimnazija.hr\/wp-content\/uploads\/2023\/02\/IMG-20230212-WA0113-300x213.jpg\" class=\"attachment-medium size-medium\" alt=\"\" srcset=\"https:\/\/katolicka-gimnazija.hr\/wp-content\/uploads\/2023\/02\/IMG-20230212-WA0113-300x213.jpg 300w, https:\/\/katolicka-gimnazija.hr\/wp-content\/uploads\/2023\/02\/IMG-20230212-WA0113-1024x726.jpg 1024w, https:\/\/katolicka-gimnazija.hr\/wp-content\/uploads\/2023\/02\/IMG-20230212-WA0113-768x545.jpg 768w, https:\/\/katolicka-gimnazija.hr\/wp-content\/uploads\/2023\/02\/IMG-20230212-WA0113-1536x1090.jpg 1536w, https:\/\/katolicka-gimnazija.hr\/wp-content\/uploads\/2023\/02\/IMG-20230212-WA0113-400x284.jpg 400w, https:\/\/katolicka-gimnazija.hr\/wp-content\/uploads\/2023\/02\/IMG-20230212-WA0113.jpg 1600w\" sizes=\"auto, (max-width: 300px) 100vw, 300px\" \/><\/a>\n\t\t\t<\/div><\/figure><figure class='gallery-item'>\n\t\t\t<div class='gallery-icon landscape'>\n\t\t\t\t<a href='https:\/\/katolicka-gimnazija.hr\/wp-content\/uploads\/2023\/02\/330804814_1225227294786644_3906685242662356107_n.jpg'><img loading=\"lazy\" decoding=\"async\" width=\"300\" height=\"212\" src=\"https:\/\/katolicka-gimnazija.hr\/wp-content\/uploads\/2023\/02\/330804814_1225227294786644_3906685242662356107_n-300x212.jpg\" class=\"attachment-medium size-medium\" alt=\"\" srcset=\"https:\/\/katolicka-gimnazija.hr\/wp-content\/uploads\/2023\/02\/330804814_1225227294786644_3906685242662356107_n-300x212.jpg 300w, https:\/\/katolicka-gimnazija.hr\/wp-content\/uploads\/2023\/02\/330804814_1225227294786644_3906685242662356107_n-1024x724.jpg 1024w, https:\/\/katolicka-gimnazija.hr\/wp-content\/uploads\/2023\/02\/330804814_1225227294786644_3906685242662356107_n-768x543.jpg 768w, https:\/\/katolicka-gimnazija.hr\/wp-content\/uploads\/2023\/02\/330804814_1225227294786644_3906685242662356107_n-1536x1086.jpg 1536w, https:\/\/katolicka-gimnazija.hr\/wp-content\/uploads\/2023\/02\/330804814_1225227294786644_3906685242662356107_n-400x283.jpg 400w, https:\/\/katolicka-gimnazija.hr\/wp-content\/uploads\/2023\/02\/330804814_1225227294786644_3906685242662356107_n.jpg 2048w\" sizes=\"auto, (max-width: 300px) 100vw, 300px\" \/><\/a>\n\t\t\t<\/div><\/figure><figure class='gallery-item'>\n\t\t\t<div class='gallery-icon landscape'>\n\t\t\t\t<a href='https:\/\/katolicka-gimnazija.hr\/wp-content\/uploads\/2023\/02\/IMG-20230212-WA0075.jpg'><img loading=\"lazy\" decoding=\"async\" width=\"300\" height=\"169\" src=\"https:\/\/katolicka-gimnazija.hr\/wp-content\/uploads\/2023\/02\/IMG-20230212-WA0075-300x169.jpg\" class=\"attachment-medium size-medium\" alt=\"\" srcset=\"https:\/\/katolicka-gimnazija.hr\/wp-content\/uploads\/2023\/02\/IMG-20230212-WA0075-300x169.jpg 300w, https:\/\/katolicka-gimnazija.hr\/wp-content\/uploads\/2023\/02\/IMG-20230212-WA0075-1024x576.jpg 1024w, https:\/\/katolicka-gimnazija.hr\/wp-content\/uploads\/2023\/02\/IMG-20230212-WA0075-768x432.jpg 768w, https:\/\/katolicka-gimnazija.hr\/wp-content\/uploads\/2023\/02\/IMG-20230212-WA0075-1536x864.jpg 1536w, https:\/\/katolicka-gimnazija.hr\/wp-content\/uploads\/2023\/02\/IMG-20230212-WA0075-400x225.jpg 400w, https:\/\/katolicka-gimnazija.hr\/wp-content\/uploads\/2023\/02\/IMG-20230212-WA0075.jpg 1600w\" sizes=\"auto, (max-width: 300px) 100vw, 300px\" \/><\/a>\n\t\t\t<\/div><\/figure><figure class='gallery-item'>\n\t\t\t<div class='gallery-icon landscape'>\n\t\t\t\t<a href='https:\/\/katolicka-gimnazija.hr\/wp-content\/uploads\/2023\/02\/330785180_1319966931904200_5972438154311153104_n.jpg'><img loading=\"lazy\" decoding=\"async\" width=\"300\" height=\"200\" src=\"https:\/\/katolicka-gimnazija.hr\/wp-content\/uploads\/2023\/02\/330785180_1319966931904200_5972438154311153104_n-300x200.jpg\" class=\"attachment-medium size-medium\" alt=\"\" srcset=\"https:\/\/katolicka-gimnazija.hr\/wp-content\/uploads\/2023\/02\/330785180_1319966931904200_5972438154311153104_n-300x200.jpg 300w, https:\/\/katolicka-gimnazija.hr\/wp-content\/uploads\/2023\/02\/330785180_1319966931904200_5972438154311153104_n-1024x683.jpg 1024w, https:\/\/katolicka-gimnazija.hr\/wp-content\/uploads\/2023\/02\/330785180_1319966931904200_5972438154311153104_n-768x512.jpg 768w, https:\/\/katolicka-gimnazija.hr\/wp-content\/uploads\/2023\/02\/330785180_1319966931904200_5972438154311153104_n-400x267.jpg 400w, https:\/\/katolicka-gimnazija.hr\/wp-content\/uploads\/2023\/02\/330785180_1319966931904200_5972438154311153104_n.jpg 1230w\" sizes=\"auto, (max-width: 300px) 100vw, 300px\" \/><\/a>\n\t\t\t<\/div><\/figure><figure class='gallery-item'>\n\t\t\t<div class='gallery-icon landscape'>\n\t\t\t\t<a href='https:\/\/katolicka-gimnazija.hr\/wp-content\/uploads\/2023\/02\/IMG-20230212-WA0091.jpg'><img loading=\"lazy\" decoding=\"async\" width=\"300\" height=\"169\" src=\"https:\/\/katolicka-gimnazija.hr\/wp-content\/uploads\/2023\/02\/IMG-20230212-WA0091-300x169.jpg\" class=\"attachment-medium size-medium\" alt=\"\" srcset=\"https:\/\/katolicka-gimnazija.hr\/wp-content\/uploads\/2023\/02\/IMG-20230212-WA0091-300x169.jpg 300w, https:\/\/katolicka-gimnazija.hr\/wp-content\/uploads\/2023\/02\/IMG-20230212-WA0091-1024x576.jpg 1024w, https:\/\/katolicka-gimnazija.hr\/wp-content\/uploads\/2023\/02\/IMG-20230212-WA0091-768x432.jpg 768w, https:\/\/katolicka-gimnazija.hr\/wp-content\/uploads\/2023\/02\/IMG-20230212-WA0091-1536x864.jpg 1536w, https:\/\/katolicka-gimnazija.hr\/wp-content\/uploads\/2023\/02\/IMG-20230212-WA0091-400x225.jpg 400w, https:\/\/katolicka-gimnazija.hr\/wp-content\/uploads\/2023\/02\/IMG-20230212-WA0091.jpg 1600w\" sizes=\"auto, (max-width: 300px) 100vw, 300px\" \/><\/a>\n\t\t\t<\/div><\/figure><figure class='gallery-item'>\n\t\t\t<div class='gallery-icon landscape'>\n\t\t\t\t<a href='https:\/\/katolicka-gimnazija.hr\/wp-content\/uploads\/2023\/02\/IMG-20230212-WA0120.jpg'><img loading=\"lazy\" decoding=\"async\" width=\"300\" height=\"231\" src=\"https:\/\/katolicka-gimnazija.hr\/wp-content\/uploads\/2023\/02\/IMG-20230212-WA0120-300x231.jpg\" class=\"attachment-medium size-medium\" alt=\"\" srcset=\"https:\/\/katolicka-gimnazija.hr\/wp-content\/uploads\/2023\/02\/IMG-20230212-WA0120-300x231.jpg 300w, https:\/\/katolicka-gimnazija.hr\/wp-content\/uploads\/2023\/02\/IMG-20230212-WA0120-1024x789.jpg 1024w, https:\/\/katolicka-gimnazija.hr\/wp-content\/uploads\/2023\/02\/IMG-20230212-WA0120-768x592.jpg 768w, https:\/\/katolicka-gimnazija.hr\/wp-content\/uploads\/2023\/02\/IMG-20230212-WA0120-1536x1184.jpg 1536w, https:\/\/katolicka-gimnazija.hr\/wp-content\/uploads\/2023\/02\/IMG-20230212-WA0120-389x300.jpg 389w, https:\/\/katolicka-gimnazija.hr\/wp-content\/uploads\/2023\/02\/IMG-20230212-WA0120.jpg 1600w\" sizes=\"auto, (max-width: 300px) 100vw, 300px\" \/><\/a>\n\t\t\t<\/div><\/figure><figure class='gallery-item'>\n\t\t\t<div class='gallery-icon landscape'>\n\t\t\t\t<a href='https:\/\/katolicka-gimnazija.hr\/wp-content\/uploads\/2023\/02\/IMG-20230207-WA0023.jpg'><img loading=\"lazy\" decoding=\"async\" width=\"300\" height=\"225\" src=\"https:\/\/katolicka-gimnazija.hr\/wp-content\/uploads\/2023\/02\/IMG-20230207-WA0023-300x225.jpg\" class=\"attachment-medium size-medium\" alt=\"\" srcset=\"https:\/\/katolicka-gimnazija.hr\/wp-content\/uploads\/2023\/02\/IMG-20230207-WA0023-300x225.jpg 300w, https:\/\/katolicka-gimnazija.hr\/wp-content\/uploads\/2023\/02\/IMG-20230207-WA0023-1024x768.jpg 1024w, https:\/\/katolicka-gimnazija.hr\/wp-content\/uploads\/2023\/02\/IMG-20230207-WA0023-768x576.jpg 768w, https:\/\/katolicka-gimnazija.hr\/wp-content\/uploads\/2023\/02\/IMG-20230207-WA0023-1536x1152.jpg 1536w, https:\/\/katolicka-gimnazija.hr\/wp-content\/uploads\/2023\/02\/IMG-20230207-WA0023-400x300.jpg 400w, https:\/\/katolicka-gimnazija.hr\/wp-content\/uploads\/2023\/02\/IMG-20230207-WA0023.jpg 2048w\" sizes=\"auto, (max-width: 300px) 100vw, 300px\" \/><\/a>\n\t\t\t<\/div><\/figure><figure class='gallery-item'>\n\t\t\t<div class='gallery-icon landscape'>\n\t\t\t\t<a href='https:\/\/katolicka-gimnazija.hr\/wp-content\/uploads\/2023\/02\/330176395_5875314685915792_8125181127673466853_n.jpg'><img loading=\"lazy\" decoding=\"async\" width=\"300\" height=\"212\" src=\"https:\/\/katolicka-gimnazija.hr\/wp-content\/uploads\/2023\/02\/330176395_5875314685915792_8125181127673466853_n-300x212.jpg\" class=\"attachment-medium size-medium\" alt=\"\" srcset=\"https:\/\/katolicka-gimnazija.hr\/wp-content\/uploads\/2023\/02\/330176395_5875314685915792_8125181127673466853_n-300x212.jpg 300w, https:\/\/katolicka-gimnazija.hr\/wp-content\/uploads\/2023\/02\/330176395_5875314685915792_8125181127673466853_n-1024x724.jpg 1024w, https:\/\/katolicka-gimnazija.hr\/wp-content\/uploads\/2023\/02\/330176395_5875314685915792_8125181127673466853_n-768x543.jpg 768w, https:\/\/katolicka-gimnazija.hr\/wp-content\/uploads\/2023\/02\/330176395_5875314685915792_8125181127673466853_n-1536x1086.jpg 1536w, https:\/\/katolicka-gimnazija.hr\/wp-content\/uploads\/2023\/02\/330176395_5875314685915792_8125181127673466853_n-400x283.jpg 400w, https:\/\/katolicka-gimnazija.hr\/wp-content\/uploads\/2023\/02\/330176395_5875314685915792_8125181127673466853_n.jpg 2048w\" sizes=\"auto, (max-width: 300px) 100vw, 300px\" \/><\/a>\n\t\t\t<\/div><\/figure><figure class='gallery-item'>\n\t\t\t<div class='gallery-icon landscape'>\n\t\t\t\t<a href='https:\/\/katolicka-gimnazija.hr\/wp-content\/uploads\/2023\/02\/330855500_997608071626934_9121361741586561296_n.jpg'><img loading=\"lazy\" decoding=\"async\" width=\"300\" height=\"200\" src=\"https:\/\/katolicka-gimnazija.hr\/wp-content\/uploads\/2023\/02\/330855500_997608071626934_9121361741586561296_n-300x200.jpg\" class=\"attachment-medium size-medium\" alt=\"\" srcset=\"https:\/\/katolicka-gimnazija.hr\/wp-content\/uploads\/2023\/02\/330855500_997608071626934_9121361741586561296_n-300x200.jpg 300w, https:\/\/katolicka-gimnazija.hr\/wp-content\/uploads\/2023\/02\/330855500_997608071626934_9121361741586561296_n-1024x683.jpg 1024w, https:\/\/katolicka-gimnazija.hr\/wp-content\/uploads\/2023\/02\/330855500_997608071626934_9121361741586561296_n-768x512.jpg 768w, https:\/\/katolicka-gimnazija.hr\/wp-content\/uploads\/2023\/02\/330855500_997608071626934_9121361741586561296_n-1536x1024.jpg 1536w, https:\/\/katolicka-gimnazija.hr\/wp-content\/uploads\/2023\/02\/330855500_997608071626934_9121361741586561296_n-400x267.jpg 400w, https:\/\/katolicka-gimnazija.hr\/wp-content\/uploads\/2023\/02\/330855500_997608071626934_9121361741586561296_n.jpg 1620w\" sizes=\"auto, (max-width: 300px) 100vw, 300px\" \/><\/a>\n\t\t\t<\/div><\/figure><figure class='gallery-item'>\n\t\t\t<div class='gallery-icon landscape'>\n\t\t\t\t<a href='https:\/\/katolicka-gimnazija.hr\/wp-content\/uploads\/2023\/02\/IMG-20230212-WA0099.jpg'><img loading=\"lazy\" decoding=\"async\" width=\"300\" height=\"298\" src=\"https:\/\/katolicka-gimnazija.hr\/wp-content\/uploads\/2023\/02\/IMG-20230212-WA0099-300x298.jpg\" class=\"attachment-medium size-medium\" alt=\"\" srcset=\"https:\/\/katolicka-gimnazija.hr\/wp-content\/uploads\/2023\/02\/IMG-20230212-WA0099-300x298.jpg 300w, https:\/\/katolicka-gimnazija.hr\/wp-content\/uploads\/2023\/02\/IMG-20230212-WA0099-1024x1016.jpg 1024w, https:\/\/katolicka-gimnazija.hr\/wp-content\/uploads\/2023\/02\/IMG-20230212-WA0099-150x150.jpg 150w, https:\/\/katolicka-gimnazija.hr\/wp-content\/uploads\/2023\/02\/IMG-20230212-WA0099-768x762.jpg 768w, https:\/\/katolicka-gimnazija.hr\/wp-content\/uploads\/2023\/02\/IMG-20230212-WA0099-1536x1524.jpg 1536w, https:\/\/katolicka-gimnazija.hr\/wp-content\/uploads\/2023\/02\/IMG-20230212-WA0099-302x300.jpg 302w, https:\/\/katolicka-gimnazija.hr\/wp-content\/uploads\/2023\/02\/IMG-20230212-WA0099.jpg 1600w\" sizes=\"auto, (max-width: 300px) 100vw, 300px\" \/><\/a>\n\t\t\t<\/div><\/figure><figure class='gallery-item'>\n\t\t\t<div class='gallery-icon landscape'>\n\t\t\t\t<a href='https:\/\/katolicka-gimnazija.hr\/wp-content\/uploads\/2023\/02\/330759456_493898439600661_6869524274740099226_n.jpg'><img loading=\"lazy\" decoding=\"async\" width=\"300\" height=\"200\" src=\"https:\/\/katolicka-gimnazija.hr\/wp-content\/uploads\/2023\/02\/330759456_493898439600661_6869524274740099226_n-300x200.jpg\" class=\"attachment-medium size-medium\" alt=\"\" srcset=\"https:\/\/katolicka-gimnazija.hr\/wp-content\/uploads\/2023\/02\/330759456_493898439600661_6869524274740099226_n-300x200.jpg 300w, https:\/\/katolicka-gimnazija.hr\/wp-content\/uploads\/2023\/02\/330759456_493898439600661_6869524274740099226_n-1024x683.jpg 1024w, https:\/\/katolicka-gimnazija.hr\/wp-content\/uploads\/2023\/02\/330759456_493898439600661_6869524274740099226_n-768x512.jpg 768w, https:\/\/katolicka-gimnazija.hr\/wp-content\/uploads\/2023\/02\/330759456_493898439600661_6869524274740099226_n-1536x1024.jpg 1536w, https:\/\/katolicka-gimnazija.hr\/wp-content\/uploads\/2023\/02\/330759456_493898439600661_6869524274740099226_n-400x267.jpg 400w, https:\/\/katolicka-gimnazija.hr\/wp-content\/uploads\/2023\/02\/330759456_493898439600661_6869524274740099226_n.jpg 1620w\" sizes=\"auto, (max-width: 300px) 100vw, 300px\" \/><\/a>\n\t\t\t<\/div><\/figure><figure class='gallery-item'>\n\t\t\t<div class='gallery-icon landscape'>\n\t\t\t\t<a href='https:\/\/katolicka-gimnazija.hr\/wp-content\/uploads\/2023\/02\/330769822_552051373558685_4238136922753895268_n.jpg'><img loading=\"lazy\" decoding=\"async\" width=\"300\" height=\"200\" src=\"https:\/\/katolicka-gimnazija.hr\/wp-content\/uploads\/2023\/02\/330769822_552051373558685_4238136922753895268_n-300x200.jpg\" class=\"attachment-medium size-medium\" alt=\"\" srcset=\"https:\/\/katolicka-gimnazija.hr\/wp-content\/uploads\/2023\/02\/330769822_552051373558685_4238136922753895268_n-300x200.jpg 300w, https:\/\/katolicka-gimnazija.hr\/wp-content\/uploads\/2023\/02\/330769822_552051373558685_4238136922753895268_n-1024x683.jpg 1024w, https:\/\/katolicka-gimnazija.hr\/wp-content\/uploads\/2023\/02\/330769822_552051373558685_4238136922753895268_n-768x512.jpg 768w, https:\/\/katolicka-gimnazija.hr\/wp-content\/uploads\/2023\/02\/330769822_552051373558685_4238136922753895268_n-1536x1024.jpg 1536w, https:\/\/katolicka-gimnazija.hr\/wp-content\/uploads\/2023\/02\/330769822_552051373558685_4238136922753895268_n-400x267.jpg 400w, https:\/\/katolicka-gimnazija.hr\/wp-content\/uploads\/2023\/02\/330769822_552051373558685_4238136922753895268_n.jpg 1620w\" sizes=\"auto, (max-width: 300px) 100vw, 300px\" \/><\/a>\n\t\t\t<\/div><\/figure><figure class='gallery-item'>\n\t\t\t<div class='gallery-icon landscape'>\n\t\t\t\t<a href='https:\/\/katolicka-gimnazija.hr\/wp-content\/uploads\/2023\/02\/330831872_691223172731418_5772241685727458058_n.jpg'><img loading=\"lazy\" decoding=\"async\" width=\"300\" height=\"200\" src=\"https:\/\/katolicka-gimnazija.hr\/wp-content\/uploads\/2023\/02\/330831872_691223172731418_5772241685727458058_n-300x200.jpg\" class=\"attachment-medium size-medium\" alt=\"\" srcset=\"https:\/\/katolicka-gimnazija.hr\/wp-content\/uploads\/2023\/02\/330831872_691223172731418_5772241685727458058_n-300x200.jpg 300w, https:\/\/katolicka-gimnazija.hr\/wp-content\/uploads\/2023\/02\/330831872_691223172731418_5772241685727458058_n-1024x683.jpg 1024w, https:\/\/katolicka-gimnazija.hr\/wp-content\/uploads\/2023\/02\/330831872_691223172731418_5772241685727458058_n-768x512.jpg 768w, https:\/\/katolicka-gimnazija.hr\/wp-content\/uploads\/2023\/02\/330831872_691223172731418_5772241685727458058_n-1536x1024.jpg 1536w, https:\/\/katolicka-gimnazija.hr\/wp-content\/uploads\/2023\/02\/330831872_691223172731418_5772241685727458058_n-400x267.jpg 400w, https:\/\/katolicka-gimnazija.hr\/wp-content\/uploads\/2023\/02\/330831872_691223172731418_5772241685727458058_n.jpg 1620w\" sizes=\"auto, (max-width: 300px) 100vw, 300px\" \/><\/a>\n\t\t\t<\/div><\/figure><figure class='gallery-item'>\n\t\t\t<div class='gallery-icon landscape'>\n\t\t\t\t<a href='https:\/\/katolicka-gimnazija.hr\/wp-content\/uploads\/2023\/02\/330776479_3629654293920931_329846625809169426_n.jpg'><img loading=\"lazy\" decoding=\"async\" width=\"300\" height=\"212\" src=\"https:\/\/katolicka-gimnazija.hr\/wp-content\/uploads\/2023\/02\/330776479_3629654293920931_329846625809169426_n-300x212.jpg\" class=\"attachment-medium size-medium\" alt=\"\" srcset=\"https:\/\/katolicka-gimnazija.hr\/wp-content\/uploads\/2023\/02\/330776479_3629654293920931_329846625809169426_n-300x212.jpg 300w, https:\/\/katolicka-gimnazija.hr\/wp-content\/uploads\/2023\/02\/330776479_3629654293920931_329846625809169426_n-1024x724.jpg 1024w, https:\/\/katolicka-gimnazija.hr\/wp-content\/uploads\/2023\/02\/330776479_3629654293920931_329846625809169426_n-768x543.jpg 768w, https:\/\/katolicka-gimnazija.hr\/wp-content\/uploads\/2023\/02\/330776479_3629654293920931_329846625809169426_n-1536x1086.jpg 1536w, https:\/\/katolicka-gimnazija.hr\/wp-content\/uploads\/2023\/02\/330776479_3629654293920931_329846625809169426_n-400x283.jpg 400w, https:\/\/katolicka-gimnazija.hr\/wp-content\/uploads\/2023\/02\/330776479_3629654293920931_329846625809169426_n.jpg 2048w\" sizes=\"auto, (max-width: 300px) 100vw, 300px\" \/><\/a>\n\t\t\t<\/div><\/figure><figure class='gallery-item'>\n\t\t\t<div class='gallery-icon landscape'>\n\t\t\t\t<a href='https:\/\/katolicka-gimnazija.hr\/wp-content\/uploads\/2023\/02\/IMG-20230212-WA0052.jpg'><img loading=\"lazy\" decoding=\"async\" width=\"300\" height=\"282\" src=\"https:\/\/katolicka-gimnazija.hr\/wp-content\/uploads\/2023\/02\/IMG-20230212-WA0052-300x282.jpg\" class=\"attachment-medium size-medium\" alt=\"\" srcset=\"https:\/\/katolicka-gimnazija.hr\/wp-content\/uploads\/2023\/02\/IMG-20230212-WA0052-300x282.jpg 300w, https:\/\/katolicka-gimnazija.hr\/wp-content\/uploads\/2023\/02\/IMG-20230212-WA0052-1024x961.jpg 1024w, https:\/\/katolicka-gimnazija.hr\/wp-content\/uploads\/2023\/02\/IMG-20230212-WA0052-768x721.jpg 768w, https:\/\/katolicka-gimnazija.hr\/wp-content\/uploads\/2023\/02\/IMG-20230212-WA0052-1536x1442.jpg 1536w, https:\/\/katolicka-gimnazija.hr\/wp-content\/uploads\/2023\/02\/IMG-20230212-WA0052-320x300.jpg 320w, https:\/\/katolicka-gimnazija.hr\/wp-content\/uploads\/2023\/02\/IMG-20230212-WA0052.jpg 1600w\" sizes=\"auto, (max-width: 300px) 100vw, 300px\" \/><\/a>\n\t\t\t<\/div><\/figure><figure class='gallery-item'>\n\t\t\t<div class='gallery-icon portrait'>\n\t\t\t\t<a href='https:\/\/katolicka-gimnazija.hr\/wp-content\/uploads\/2023\/02\/IMG-20230207-WA0032.jpg'><img loading=\"lazy\" decoding=\"async\" width=\"225\" height=\"300\" src=\"https:\/\/katolicka-gimnazija.hr\/wp-content\/uploads\/2023\/02\/IMG-20230207-WA0032-225x300.jpg\" class=\"attachment-medium size-medium\" alt=\"\" srcset=\"https:\/\/katolicka-gimnazija.hr\/wp-content\/uploads\/2023\/02\/IMG-20230207-WA0032-225x300.jpg 225w, https:\/\/katolicka-gimnazija.hr\/wp-content\/uploads\/2023\/02\/IMG-20230207-WA0032-768x1024.jpg 768w, https:\/\/katolicka-gimnazija.hr\/wp-content\/uploads\/2023\/02\/IMG-20230207-WA0032-1152x1536.jpg 1152w, https:\/\/katolicka-gimnazija.hr\/wp-content\/uploads\/2023\/02\/IMG-20230207-WA0032.jpg 1536w\" sizes=\"auto, (max-width: 225px) 100vw, 225px\" \/><\/a>\n\t\t\t<\/div><\/figure><figure class='gallery-item'>\n\t\t\t<div class='gallery-icon landscape'>\n\t\t\t\t<a href='https:\/\/katolicka-gimnazija.hr\/wp-content\/uploads\/2023\/02\/330760550_1301091364163605_8086340391633921190_n.jpg'><img loading=\"lazy\" decoding=\"async\" width=\"300\" height=\"212\" src=\"https:\/\/katolicka-gimnazija.hr\/wp-content\/uploads\/2023\/02\/330760550_1301091364163605_8086340391633921190_n-300x212.jpg\" class=\"attachment-medium size-medium\" alt=\"\" srcset=\"https:\/\/katolicka-gimnazija.hr\/wp-content\/uploads\/2023\/02\/330760550_1301091364163605_8086340391633921190_n-300x212.jpg 300w, https:\/\/katolicka-gimnazija.hr\/wp-content\/uploads\/2023\/02\/330760550_1301091364163605_8086340391633921190_n-1024x724.jpg 1024w, https:\/\/katolicka-gimnazija.hr\/wp-content\/uploads\/2023\/02\/330760550_1301091364163605_8086340391633921190_n-768x543.jpg 768w, https:\/\/katolicka-gimnazija.hr\/wp-content\/uploads\/2023\/02\/330760550_1301091364163605_8086340391633921190_n-1536x1086.jpg 1536w, https:\/\/katolicka-gimnazija.hr\/wp-content\/uploads\/2023\/02\/330760550_1301091364163605_8086340391633921190_n-400x283.jpg 400w, https:\/\/katolicka-gimnazija.hr\/wp-content\/uploads\/2023\/02\/330760550_1301091364163605_8086340391633921190_n.jpg 2048w\" sizes=\"auto, (max-width: 300px) 100vw, 300px\" \/><\/a>\n\t\t\t<\/div><\/figure><figure class='gallery-item'>\n\t\t\t<div class='gallery-icon landscape'>\n\t\t\t\t<a href='https:\/\/katolicka-gimnazija.hr\/wp-content\/uploads\/2023\/02\/330904784_3367157093526198_8150219927419093727_n.jpg'><img loading=\"lazy\" decoding=\"async\" width=\"300\" height=\"212\" src=\"https:\/\/katolicka-gimnazija.hr\/wp-content\/uploads\/2023\/02\/330904784_3367157093526198_8150219927419093727_n-300x212.jpg\" class=\"attachment-medium size-medium\" alt=\"\" srcset=\"https:\/\/katolicka-gimnazija.hr\/wp-content\/uploads\/2023\/02\/330904784_3367157093526198_8150219927419093727_n-300x212.jpg 300w, https:\/\/katolicka-gimnazija.hr\/wp-content\/uploads\/2023\/02\/330904784_3367157093526198_8150219927419093727_n-1024x724.jpg 1024w, https:\/\/katolicka-gimnazija.hr\/wp-content\/uploads\/2023\/02\/330904784_3367157093526198_8150219927419093727_n-768x543.jpg 768w, https:\/\/katolicka-gimnazija.hr\/wp-content\/uploads\/2023\/02\/330904784_3367157093526198_8150219927419093727_n-1536x1086.jpg 1536w, https:\/\/katolicka-gimnazija.hr\/wp-content\/uploads\/2023\/02\/330904784_3367157093526198_8150219927419093727_n-400x283.jpg 400w, https:\/\/katolicka-gimnazija.hr\/wp-content\/uploads\/2023\/02\/330904784_3367157093526198_8150219927419093727_n.jpg 2048w\" sizes=\"auto, (max-width: 300px) 100vw, 300px\" \/><\/a>\n\t\t\t<\/div><\/figure><figure class='gallery-item'>\n\t\t\t<div class='gallery-icon landscape'>\n\t\t\t\t<a href='https:\/\/katolicka-gimnazija.hr\/wp-content\/uploads\/2023\/02\/330788405_1253247755301422_6352644042419660491_n.jpg'><img loading=\"lazy\" decoding=\"async\" width=\"300\" height=\"200\" src=\"https:\/\/katolicka-gimnazija.hr\/wp-content\/uploads\/2023\/02\/330788405_1253247755301422_6352644042419660491_n-300x200.jpg\" class=\"attachment-medium size-medium\" alt=\"\" srcset=\"https:\/\/katolicka-gimnazija.hr\/wp-content\/uploads\/2023\/02\/330788405_1253247755301422_6352644042419660491_n-300x200.jpg 300w, https:\/\/katolicka-gimnazija.hr\/wp-content\/uploads\/2023\/02\/330788405_1253247755301422_6352644042419660491_n-1024x683.jpg 1024w, https:\/\/katolicka-gimnazija.hr\/wp-content\/uploads\/2023\/02\/330788405_1253247755301422_6352644042419660491_n-768x512.jpg 768w, https:\/\/katolicka-gimnazija.hr\/wp-content\/uploads\/2023\/02\/330788405_1253247755301422_6352644042419660491_n-1536x1024.jpg 1536w, https:\/\/katolicka-gimnazija.hr\/wp-content\/uploads\/2023\/02\/330788405_1253247755301422_6352644042419660491_n-400x267.jpg 400w, https:\/\/katolicka-gimnazija.hr\/wp-content\/uploads\/2023\/02\/330788405_1253247755301422_6352644042419660491_n.jpg 1620w\" sizes=\"auto, (max-width: 300px) 100vw, 300px\" \/><\/a>\n\t\t\t<\/div><\/figure><figure class='gallery-item'>\n\t\t\t<div class='gallery-icon landscape'>\n\t\t\t\t<a href='https:\/\/katolicka-gimnazija.hr\/wp-content\/uploads\/2023\/02\/330830600_1581973642703436_3460067391397096078_n.jpg'><img loading=\"lazy\" decoding=\"async\" width=\"300\" height=\"200\" src=\"https:\/\/katolicka-gimnazija.hr\/wp-content\/uploads\/2023\/02\/330830600_1581973642703436_3460067391397096078_n-300x200.jpg\" class=\"attachment-medium size-medium\" alt=\"\" srcset=\"https:\/\/katolicka-gimnazija.hr\/wp-content\/uploads\/2023\/02\/330830600_1581973642703436_3460067391397096078_n-300x200.jpg 300w, https:\/\/katolicka-gimnazija.hr\/wp-content\/uploads\/2023\/02\/330830600_1581973642703436_3460067391397096078_n-1024x683.jpg 1024w, https:\/\/katolicka-gimnazija.hr\/wp-content\/uploads\/2023\/02\/330830600_1581973642703436_3460067391397096078_n-768x512.jpg 768w, https:\/\/katolicka-gimnazija.hr\/wp-content\/uploads\/2023\/02\/330830600_1581973642703436_3460067391397096078_n-400x267.jpg 400w, https:\/\/katolicka-gimnazija.hr\/wp-content\/uploads\/2023\/02\/330830600_1581973642703436_3460067391397096078_n.jpg 1429w\" sizes=\"auto, (max-width: 300px) 100vw, 300px\" \/><\/a>\n\t\t\t<\/div><\/figure><figure class='gallery-item'>\n\t\t\t<div class='gallery-icon landscape'>\n\t\t\t\t<a href='https:\/\/katolicka-gimnazija.hr\/wp-content\/uploads\/2023\/02\/IMG-20230208-WA0039.jpg'><img loading=\"lazy\" decoding=\"async\" width=\"300\" height=\"200\" src=\"https:\/\/katolicka-gimnazija.hr\/wp-content\/uploads\/2023\/02\/IMG-20230208-WA0039-300x200.jpg\" class=\"attachment-medium size-medium\" alt=\"\" srcset=\"https:\/\/katolicka-gimnazija.hr\/wp-content\/uploads\/2023\/02\/IMG-20230208-WA0039-300x200.jpg 300w, https:\/\/katolicka-gimnazija.hr\/wp-content\/uploads\/2023\/02\/IMG-20230208-WA0039-1024x683.jpg 1024w, https:\/\/katolicka-gimnazija.hr\/wp-content\/uploads\/2023\/02\/IMG-20230208-WA0039-768x512.jpg 768w, https:\/\/katolicka-gimnazija.hr\/wp-content\/uploads\/2023\/02\/IMG-20230208-WA0039-1536x1024.jpg 1536w, https:\/\/katolicka-gimnazija.hr\/wp-content\/uploads\/2023\/02\/IMG-20230208-WA0039-400x267.jpg 400w, https:\/\/katolicka-gimnazija.hr\/wp-content\/uploads\/2023\/02\/IMG-20230208-WA0039.jpg 1920w\" sizes=\"auto, (max-width: 300px) 100vw, 300px\" \/><\/a>\n\t\t\t<\/div><\/figure><figure class='gallery-item'>\n\t\t\t<div class='gallery-icon landscape'>\n\t\t\t\t<a href='https:\/\/katolicka-gimnazija.hr\/wp-content\/uploads\/2023\/02\/IMG-20230208-WA0000-scaled.jpeg'><img loading=\"lazy\" decoding=\"async\" width=\"300\" height=\"169\" src=\"https:\/\/katolicka-gimnazija.hr\/wp-content\/uploads\/2023\/02\/IMG-20230208-WA0000-300x169.jpeg\" class=\"attachment-medium size-medium\" alt=\"\" srcset=\"https:\/\/katolicka-gimnazija.hr\/wp-content\/uploads\/2023\/02\/IMG-20230208-WA0000-300x169.jpeg 300w, https:\/\/katolicka-gimnazija.hr\/wp-content\/uploads\/2023\/02\/IMG-20230208-WA0000-1024x576.jpeg 1024w, https:\/\/katolicka-gimnazija.hr\/wp-content\/uploads\/2023\/02\/IMG-20230208-WA0000-768x432.jpeg 768w, https:\/\/katolicka-gimnazija.hr\/wp-content\/uploads\/2023\/02\/IMG-20230208-WA0000-1536x864.jpeg 1536w, https:\/\/katolicka-gimnazija.hr\/wp-content\/uploads\/2023\/02\/IMG-20230208-WA0000-2048x1152.jpeg 2048w, https:\/\/katolicka-gimnazija.hr\/wp-content\/uploads\/2023\/02\/IMG-20230208-WA0000-400x225.jpeg 400w\" sizes=\"auto, (max-width: 300px) 100vw, 300px\" \/><\/a>\n\t\t\t<\/div><\/figure><figure class='gallery-item'>\n\t\t\t<div class='gallery-icon portrait'>\n\t\t\t\t<a href='https:\/\/katolicka-gimnazija.hr\/wp-content\/uploads\/2023\/02\/20230207_132803-scaled.jpg'><img loading=\"lazy\" decoding=\"async\" width=\"225\" height=\"300\" src=\"https:\/\/katolicka-gimnazija.hr\/wp-content\/uploads\/2023\/02\/20230207_132803-225x300.jpg\" class=\"attachment-medium size-medium\" alt=\"\" srcset=\"https:\/\/katolicka-gimnazija.hr\/wp-content\/uploads\/2023\/02\/20230207_132803-225x300.jpg 225w, https:\/\/katolicka-gimnazija.hr\/wp-content\/uploads\/2023\/02\/20230207_132803-768x1024.jpg 768w, https:\/\/katolicka-gimnazija.hr\/wp-content\/uploads\/2023\/02\/20230207_132803-1152x1536.jpg 1152w, https:\/\/katolicka-gimnazija.hr\/wp-content\/uploads\/2023\/02\/20230207_132803-1536x2048.jpg 1536w, https:\/\/katolicka-gimnazija.hr\/wp-content\/uploads\/2023\/02\/20230207_132803-scaled.jpg 1920w\" sizes=\"auto, (max-width: 225px) 100vw, 225px\" \/><\/a>\n\t\t\t<\/div><\/figure><figure class='gallery-item'>\n\t\t\t<div class='gallery-icon landscape'>\n\t\t\t\t<a href='https:\/\/katolicka-gimnazija.hr\/wp-content\/uploads\/2023\/02\/IMG-20230212-WA0112.jpg'><img loading=\"lazy\" decoding=\"async\" width=\"300\" height=\"201\" src=\"https:\/\/katolicka-gimnazija.hr\/wp-content\/uploads\/2023\/02\/IMG-20230212-WA0112-300x201.jpg\" class=\"attachment-medium size-medium\" alt=\"\" srcset=\"https:\/\/katolicka-gimnazija.hr\/wp-content\/uploads\/2023\/02\/IMG-20230212-WA0112-300x201.jpg 300w, https:\/\/katolicka-gimnazija.hr\/wp-content\/uploads\/2023\/02\/IMG-20230212-WA0112-1024x685.jpg 1024w, https:\/\/katolicka-gimnazija.hr\/wp-content\/uploads\/2023\/02\/IMG-20230212-WA0112-768x514.jpg 768w, https:\/\/katolicka-gimnazija.hr\/wp-content\/uploads\/2023\/02\/IMG-20230212-WA0112-1536x1028.jpg 1536w, https:\/\/katolicka-gimnazija.hr\/wp-content\/uploads\/2023\/02\/IMG-20230212-WA0112-400x268.jpg 400w, https:\/\/katolicka-gimnazija.hr\/wp-content\/uploads\/2023\/02\/IMG-20230212-WA0112.jpg 1599w\" sizes=\"auto, (max-width: 300px) 100vw, 300px\" \/><\/a>\n\t\t\t<\/div><\/figure><figure class='gallery-item'>\n\t\t\t<div class='gallery-icon landscape'>\n\t\t\t\t<a href='https:\/\/katolicka-gimnazija.hr\/wp-content\/uploads\/2023\/02\/330774231_2542187765983409_5983589472088901276_n.jpg'><img loading=\"lazy\" decoding=\"async\" width=\"300\" height=\"200\" src=\"https:\/\/katolicka-gimnazija.hr\/wp-content\/uploads\/2023\/02\/330774231_2542187765983409_5983589472088901276_n-300x200.jpg\" class=\"attachment-medium size-medium\" alt=\"\" srcset=\"https:\/\/katolicka-gimnazija.hr\/wp-content\/uploads\/2023\/02\/330774231_2542187765983409_5983589472088901276_n-300x200.jpg 300w, https:\/\/katolicka-gimnazija.hr\/wp-content\/uploads\/2023\/02\/330774231_2542187765983409_5983589472088901276_n-1024x683.jpg 1024w, https:\/\/katolicka-gimnazija.hr\/wp-content\/uploads\/2023\/02\/330774231_2542187765983409_5983589472088901276_n-768x512.jpg 768w, https:\/\/katolicka-gimnazija.hr\/wp-content\/uploads\/2023\/02\/330774231_2542187765983409_5983589472088901276_n-1536x1024.jpg 1536w, https:\/\/katolicka-gimnazija.hr\/wp-content\/uploads\/2023\/02\/330774231_2542187765983409_5983589472088901276_n-400x267.jpg 400w, https:\/\/katolicka-gimnazija.hr\/wp-content\/uploads\/2023\/02\/330774231_2542187765983409_5983589472088901276_n.jpg 1620w\" sizes=\"auto, (max-width: 300px) 100vw, 300px\" \/><\/a>\n\t\t\t<\/div><\/figure><figure class='gallery-item'>\n\t\t\t<div class='gallery-icon landscape'>\n\t\t\t\t<a href='https:\/\/katolicka-gimnazija.hr\/wp-content\/uploads\/2023\/02\/IMG-20230210-WA0020.jpg'><img loading=\"lazy\" decoding=\"async\" width=\"300\" height=\"200\" src=\"https:\/\/katolicka-gimnazija.hr\/wp-content\/uploads\/2023\/02\/IMG-20230210-WA0020-300x200.jpg\" class=\"attachment-medium size-medium\" alt=\"\" srcset=\"https:\/\/katolicka-gimnazija.hr\/wp-content\/uploads\/2023\/02\/IMG-20230210-WA0020-300x200.jpg 300w, https:\/\/katolicka-gimnazija.hr\/wp-content\/uploads\/2023\/02\/IMG-20230210-WA0020-1024x683.jpg 1024w, https:\/\/katolicka-gimnazija.hr\/wp-content\/uploads\/2023\/02\/IMG-20230210-WA0020-768x512.jpg 768w, https:\/\/katolicka-gimnazija.hr\/wp-content\/uploads\/2023\/02\/IMG-20230210-WA0020-400x267.jpg 400w, https:\/\/katolicka-gimnazija.hr\/wp-content\/uploads\/2023\/02\/IMG-20230210-WA0020.jpg 1296w\" sizes=\"auto, (max-width: 300px) 100vw, 300px\" \/><\/a>\n\t\t\t<\/div><\/figure><figure class='gallery-item'>\n\t\t\t<div class='gallery-icon landscape'>\n\t\t\t\t<a href='https:\/\/katolicka-gimnazija.hr\/wp-content\/uploads\/2023\/02\/330803781_1583835445363603_2951784440607143749_n.jpg'><img loading=\"lazy\" decoding=\"async\" width=\"300\" height=\"212\" src=\"https:\/\/katolicka-gimnazija.hr\/wp-content\/uploads\/2023\/02\/330803781_1583835445363603_2951784440607143749_n-300x212.jpg\" class=\"attachment-medium size-medium\" alt=\"\" srcset=\"https:\/\/katolicka-gimnazija.hr\/wp-content\/uploads\/2023\/02\/330803781_1583835445363603_2951784440607143749_n-300x212.jpg 300w, https:\/\/katolicka-gimnazija.hr\/wp-content\/uploads\/2023\/02\/330803781_1583835445363603_2951784440607143749_n-1024x724.jpg 1024w, https:\/\/katolicka-gimnazija.hr\/wp-content\/uploads\/2023\/02\/330803781_1583835445363603_2951784440607143749_n-768x543.jpg 768w, https:\/\/katolicka-gimnazija.hr\/wp-content\/uploads\/2023\/02\/330803781_1583835445363603_2951784440607143749_n-1536x1086.jpg 1536w, https:\/\/katolicka-gimnazija.hr\/wp-content\/uploads\/2023\/02\/330803781_1583835445363603_2951784440607143749_n-400x283.jpg 400w, https:\/\/katolicka-gimnazija.hr\/wp-content\/uploads\/2023\/02\/330803781_1583835445363603_2951784440607143749_n.jpg 2048w\" sizes=\"auto, (max-width: 300px) 100vw, 300px\" \/><\/a>\n\t\t\t<\/div><\/figure><figure class='gallery-item'>\n\t\t\t<div class='gallery-icon landscape'>\n\t\t\t\t<a href='https:\/\/katolicka-gimnazija.hr\/wp-content\/uploads\/2023\/02\/IMG-20230212-WA0122.jpg'><img loading=\"lazy\" decoding=\"async\" width=\"300\" height=\"216\" src=\"https:\/\/katolicka-gimnazija.hr\/wp-content\/uploads\/2023\/02\/IMG-20230212-WA0122-300x216.jpg\" class=\"attachment-medium size-medium\" alt=\"\" srcset=\"https:\/\/katolicka-gimnazija.hr\/wp-content\/uploads\/2023\/02\/IMG-20230212-WA0122-300x216.jpg 300w, https:\/\/katolicka-gimnazija.hr\/wp-content\/uploads\/2023\/02\/IMG-20230212-WA0122-1024x736.jpg 1024w, https:\/\/katolicka-gimnazija.hr\/wp-content\/uploads\/2023\/02\/IMG-20230212-WA0122-768x552.jpg 768w, https:\/\/katolicka-gimnazija.hr\/wp-content\/uploads\/2023\/02\/IMG-20230212-WA0122-1536x1104.jpg 1536w, https:\/\/katolicka-gimnazija.hr\/wp-content\/uploads\/2023\/02\/IMG-20230212-WA0122-400x288.jpg 400w, https:\/\/katolicka-gimnazija.hr\/wp-content\/uploads\/2023\/02\/IMG-20230212-WA0122.jpg 1600w\" sizes=\"auto, (max-width: 300px) 100vw, 300px\" \/><\/a>\n\t\t\t<\/div><\/figure><figure class='gallery-item'>\n\t\t\t<div class='gallery-icon landscape'>\n\t\t\t\t<a href='https:\/\/katolicka-gimnazija.hr\/wp-content\/uploads\/2023\/02\/IMG-20230212-WA0109.jpg'><img loading=\"lazy\" decoding=\"async\" width=\"300\" height=\"201\" src=\"https:\/\/katolicka-gimnazija.hr\/wp-content\/uploads\/2023\/02\/IMG-20230212-WA0109-300x201.jpg\" class=\"attachment-medium size-medium\" alt=\"\" srcset=\"https:\/\/katolicka-gimnazija.hr\/wp-content\/uploads\/2023\/02\/IMG-20230212-WA0109-300x201.jpg 300w, https:\/\/katolicka-gimnazija.hr\/wp-content\/uploads\/2023\/02\/IMG-20230212-WA0109-1024x685.jpg 1024w, https:\/\/katolicka-gimnazija.hr\/wp-content\/uploads\/2023\/02\/IMG-20230212-WA0109-768x514.jpg 768w, https:\/\/katolicka-gimnazija.hr\/wp-content\/uploads\/2023\/02\/IMG-20230212-WA0109-1536x1028.jpg 1536w, https:\/\/katolicka-gimnazija.hr\/wp-content\/uploads\/2023\/02\/IMG-20230212-WA0109-400x268.jpg 400w, https:\/\/katolicka-gimnazija.hr\/wp-content\/uploads\/2023\/02\/IMG-20230212-WA0109.jpg 1599w\" sizes=\"auto, (max-width: 300px) 100vw, 300px\" \/><\/a>\n\t\t\t<\/div><\/figure><figure class='gallery-item'>\n\t\t\t<div class='gallery-icon portrait'>\n\t\t\t\t<a href='https:\/\/katolicka-gimnazija.hr\/wp-content\/uploads\/2023\/02\/20230205_195551-scaled.jpg'><img loading=\"lazy\" decoding=\"async\" width=\"225\" height=\"300\" src=\"https:\/\/katolicka-gimnazija.hr\/wp-content\/uploads\/2023\/02\/20230205_195551-225x300.jpg\" class=\"attachment-medium size-medium\" alt=\"\" srcset=\"https:\/\/katolicka-gimnazija.hr\/wp-content\/uploads\/2023\/02\/20230205_195551-225x300.jpg 225w, https:\/\/katolicka-gimnazija.hr\/wp-content\/uploads\/2023\/02\/20230205_195551-768x1024.jpg 768w, https:\/\/katolicka-gimnazija.hr\/wp-content\/uploads\/2023\/02\/20230205_195551-1152x1536.jpg 1152w, https:\/\/katolicka-gimnazija.hr\/wp-content\/uploads\/2023\/02\/20230205_195551-1536x2048.jpg 1536w, https:\/\/katolicka-gimnazija.hr\/wp-content\/uploads\/2023\/02\/20230205_195551-scaled.jpg 1920w\" sizes=\"auto, (max-width: 225px) 100vw, 225px\" \/><\/a>\n\t\t\t<\/div><\/figure><figure class='gallery-item'>\n\t\t\t<div class='gallery-icon landscape'>\n\t\t\t\t<a href='https:\/\/katolicka-gimnazija.hr\/wp-content\/uploads\/2023\/02\/330759325_577517290677149_8611672241100937252_n.jpg'><img loading=\"lazy\" decoding=\"async\" width=\"300\" height=\"200\" src=\"https:\/\/katolicka-gimnazija.hr\/wp-content\/uploads\/2023\/02\/330759325_577517290677149_8611672241100937252_n-300x200.jpg\" class=\"attachment-medium size-medium\" alt=\"\" srcset=\"https:\/\/katolicka-gimnazija.hr\/wp-content\/uploads\/2023\/02\/330759325_577517290677149_8611672241100937252_n-300x200.jpg 300w, https:\/\/katolicka-gimnazija.hr\/wp-content\/uploads\/2023\/02\/330759325_577517290677149_8611672241100937252_n-1024x683.jpg 1024w, https:\/\/katolicka-gimnazija.hr\/wp-content\/uploads\/2023\/02\/330759325_577517290677149_8611672241100937252_n-768x512.jpg 768w, https:\/\/katolicka-gimnazija.hr\/wp-content\/uploads\/2023\/02\/330759325_577517290677149_8611672241100937252_n-1536x1024.jpg 1536w, https:\/\/katolicka-gimnazija.hr\/wp-content\/uploads\/2023\/02\/330759325_577517290677149_8611672241100937252_n-400x267.jpg 400w, https:\/\/katolicka-gimnazija.hr\/wp-content\/uploads\/2023\/02\/330759325_577517290677149_8611672241100937252_n.jpg 1620w\" sizes=\"auto, (max-width: 300px) 100vw, 300px\" \/><\/a>\n\t\t\t<\/div><\/figure><figure class='gallery-item'>\n\t\t\t<div class='gallery-icon landscape'>\n\t\t\t\t<a href='https:\/\/katolicka-gimnazija.hr\/wp-content\/uploads\/2023\/02\/330791208_772832360840296_2574833703342606478_n.jpg'><img loading=\"lazy\" decoding=\"async\" width=\"300\" height=\"212\" src=\"https:\/\/katolicka-gimnazija.hr\/wp-content\/uploads\/2023\/02\/330791208_772832360840296_2574833703342606478_n-300x212.jpg\" class=\"attachment-medium size-medium\" alt=\"\" srcset=\"https:\/\/katolicka-gimnazija.hr\/wp-content\/uploads\/2023\/02\/330791208_772832360840296_2574833703342606478_n-300x212.jpg 300w, https:\/\/katolicka-gimnazija.hr\/wp-content\/uploads\/2023\/02\/330791208_772832360840296_2574833703342606478_n-1024x724.jpg 1024w, https:\/\/katolicka-gimnazija.hr\/wp-content\/uploads\/2023\/02\/330791208_772832360840296_2574833703342606478_n-768x543.jpg 768w, https:\/\/katolicka-gimnazija.hr\/wp-content\/uploads\/2023\/02\/330791208_772832360840296_2574833703342606478_n-1536x1086.jpg 1536w, https:\/\/katolicka-gimnazija.hr\/wp-content\/uploads\/2023\/02\/330791208_772832360840296_2574833703342606478_n-400x283.jpg 400w, https:\/\/katolicka-gimnazija.hr\/wp-content\/uploads\/2023\/02\/330791208_772832360840296_2574833703342606478_n.jpg 2048w\" sizes=\"auto, (max-width: 300px) 100vw, 300px\" \/><\/a>\n\t\t\t<\/div><\/figure>\n\t\t<\/div>\n\n","protected":false},"excerpt":{"rendered":"<p>Novinarski kamp \u201eIgram, pi\u0161em, lajkam\u201c (IPL), u organizaciji Hrvatskog \u0161kolskog sportskog saveza, odr\u017eao se od 5. do 8. velja\u010de u Pore\u010du u hotelu Molindrio. Kamp je okupio 15 u\u010denika novinara iz cijele Hrvatske \u010diji su radovi ocijenjeni najboljima prema trima kriterijima \u2013 ispunjavanje novinarske forme, stil pisanja i op\u0107i dojam. U\u010denica 1.b razreda na\u0161e \u0161kole [&hellip;]<\/p>\n","protected":false},"author":97,"featured_media":28043,"comment_status":"closed","ping_status":"closed","sticky":false,"template":"","format":"standard","meta":{"footnotes":""},"categories":[211,210,2],"tags":[],"class_list":["post-27996","post","type-post","status-publish","format-standard","has-post-thumbnail","hentry","category-predavanja","category-sport","category-vijesti"],"_links":{"self":[{"href":"https:\/\/katolicka-gimnazija.hr\/index.php\/wp-json\/wp\/v2\/posts\/27996","targetHints":{"allow":["GET"]}}],"collection":[{"href":"https:\/\/katolicka-gimnazija.hr\/index.php\/wp-json\/wp\/v2\/posts"}],"about":[{"href":"https:\/\/katolicka-gimnazija.hr\/index.php\/wp-json\/wp\/v2\/types\/post"}],"author":[{"embeddable":true,"href":"https:\/\/katolicka-gimnazija.hr\/index.php\/wp-json\/wp\/v2\/users\/97"}],"replies":[{"embeddable":true,"href":"https:\/\/katolicka-gimnazija.hr\/index.php\/wp-json\/wp\/v2\/comments?post=27996"}],"version-history":[{"count":1,"href":"https:\/\/katolicka-gimnazija.hr\/index.php\/wp-json\/wp\/v2\/posts\/27996\/revisions"}],"predecessor-version":[{"id":28044,"href":"https:\/\/katolicka-gimnazija.hr\/index.php\/wp-json\/wp\/v2\/posts\/27996\/revisions\/28044"}],"wp:featuredmedia":[{"embeddable":true,"href":"https:\/\/katolicka-gimnazija.hr\/index.php\/wp-json\/wp\/v2\/media\/28043"}],"wp:attachment":[{"href":"https:\/\/katolicka-gimnazija.hr\/index.php\/wp-json\/wp\/v2\/media?parent=27996"}],"wp:term":[{"taxonomy":"category","embeddable":true,"href":"https:\/\/katolicka-gimnazija.hr\/index.php\/wp-json\/wp\/v2\/categories?post=27996"},{"taxonomy":"post_tag","embeddable":true,"href":"https:\/\/katolicka-gimnazija.hr\/index.php\/wp-json\/wp\/v2\/tags?post=27996"}],"curies":[{"name":"wp","href":"https:\/\/api.w.org\/{rel}","templated":true}]}}