{"id":28097,"date":"2023-02-26T20:36:13","date_gmt":"2023-02-26T20:36:13","guid":{"rendered":"http:\/\/katolicka-gimnazija.hr\/?p=28097"},"modified":"2023-02-26T20:36:13","modified_gmt":"2023-02-26T20:36:13","slug":"zuji-zveci-zvoni-zvuci-ili-muci","status":"publish","type":"post","link":"https:\/\/katolicka-gimnazija.hr\/index.php\/2023\/02\/26\/zuji-zveci-zvoni-zvuci-ili-muci\/","title":{"rendered":"Zuji, zve\u010di, zvoni, zvu\u010di! Ili mu\u010di?"},"content":{"rendered":"<p>Uz Mjesec hrvatskoga jezika (21. 2. \u2013 17. 3.)<\/p>\n<p><em>\u00a0\u00a0\u00a0\u00a0\u00a0\u00a0\u00a0 Zuji, zve\u010di, zvoni, zvu\u010di\/ \u0161umi, grmi, tutnji, hu\u010di<\/em> jezik na\u0161 hrvatski i svojim konsonantnim i sonantnim orkestriranjem stvara suglasja, utopijska mjesta na\u0161ih srdaca koja ne bi ni smjela druga\u010dije do\u017eivljavati svoj jezik jer jedino se njime mogu oslikati sva blaga du\u0161e, sve bogatstvo obi\u010daja, sve njegove mogu\u0107nosti \u2013 i kulju, i jedinicu, i komad, i kolac, i top, i kec, i as koji je dao profesor, profka, profa, raska, profesorka mo\u017eda matematike ili matke, u odgojno-obrazovnoj ustanovi ili \u0161koli nakon \u010dega je u\u010denik, \u0111ak, \u0111a\u010de oti\u0161ao ku\u0107i i dobio od roditelja ili staraca jezikovu juhu.<\/p>\n<p>Bremenito je doba egzistencijalnih nemira uzburkalo sve istinske bisere na\u0161ega \u017ei\u0107a i poljuljalo vrijednosti, davno postavljene, s velikim pote\u0161ko\u0107ama ostvarene i izborene. Povr\u0161nim odnosima prema obilje\u017ejima svoga identiteta ozbiljno naru\u0161avamo i svoju bit. Klimava su opravdanja kako se ne mo\u017ee (ili ne treba) opirati prilivu anglizama, osaka\u0107enoj komunikaciji digitalnoga doba, koju mnogi ne mogu ni de\u0161ifrirati, ili vulgarizmima koji su u\u0161li u sve sfere me\u0111uljudske komunikacije, pa \u010dak i u kulturne institucije. Tako valjda ponekad (ili sve \u010de\u0161\u0107e) bolje zvu\u010di, ali i dalje ostaje nejasno za\u0161to u tome ustrajemo, za\u0161to ne reagiramo. Kao da ne primje\u0107ujemo da takav izri\u010daj m\u00fa\u010di, onako te\u0161ko, muklo, nelagodno. I m\u0215\u010di, kao krvnik nedu\u017enu \u017ertvu.<\/p>\n<p>Istim slijedom valja spomenuti i pomalo zaboravljeno bogatstvo na\u0161ih narje\u010dja. Za\u0161to se ne bi onda iz pozicije \u010dakavskoga narje\u010dja svim zaga\u0111ivanjima lijepoga i jedinoga na\u0161ega jezika imperativom stalo na kraj i reklo mu\u010di\/\u0161uti? Mu\u010di ako ga gu\u0161i\u0161, mu\u010di ako ga truje\u0161, mu\u010di ako ga prodaje\u0161 zbog krivih pobuda, zbog krivih ljudi, zbog dopadljivosti ili zbog toga \u0161to ga se srami\u0161.<\/p>\n<p>Ako svaki izvorni govornik dopu\u0161ta da ga jezik zbog svojih normi mu\u010di pa ga radije ne\u0107e njegovati, tko \u0107e prenijeti potomcima sve njegove mogu\u0107nosti, sva suglasja, sve boje, mirise i vi\u0161estoljetne trenutke na\u0161e povijesti i na\u0161ega \u017ei\u0107a?<\/p>\n<p>Prva tiskana knjiga na hrvatskome jeziku i glagolji\u010dnom pismu \u2013 Misal po zakonu rimskoga dvora iz 1483. godine bila je povod obilje\u017eavanju Mjeseca hrvatskoga jezika (21. 2. \u2013 17. 3.), manifestaciji koju je 2004. godine pokrenuo Institut za hrvatski jezik i jezikoslovlje kako bi osvijestio potrebu njegovanja jezika kao temelja na\u0161e pismenosti, kulture i identiteta, stoga i nama ne preostaje ni\u0161ta doli njime glagoljati onako kako su to \u010dinili i na\u0161i preci \u2013 glasno, ponosno, zvu\u010dno jer velika je zada\u0107a na ple\u0107ima svakoga od nas ponaosob \u2013 o\u010duvati ga, prenijeti ga potomcima, ne pretvoriti ga u muk. Neka Preradovi\u0107ev stih, ljubav i zanos s nama (i u nama) zuji, zvoni, zve\u010di i zvu\u010di, bez srama, prkose\u0107i svim olujama koje ga uzburkavaju. Neka i m\u0215\u010di, samo neka ne m\u00fa\u010di, neka ne utihne.<\/p>\n","protected":false},"excerpt":{"rendered":"<p>Uz Mjesec hrvatskoga jezika (21. 2. \u2013 17. 3.) \u00a0\u00a0\u00a0\u00a0\u00a0\u00a0\u00a0 Zuji, zve\u010di, zvoni, zvu\u010di\/ \u0161umi, grmi, tutnji, hu\u010di jezik na\u0161 hrvatski i svojim konsonantnim i sonantnim orkestriranjem stvara suglasja, utopijska mjesta na\u0161ih srdaca koja ne bi ni smjela druga\u010dije do\u017eivljavati svoj jezik jer jedino se njime mogu oslikati sva blaga du\u0161e, sve bogatstvo obi\u010daja, sve [&hellip;]<\/p>\n","protected":false},"author":16,"featured_media":28098,"comment_status":"closed","ping_status":"closed","sticky":false,"template":"","format":"standard","meta":{"footnotes":""},"categories":[2],"tags":[],"class_list":["post-28097","post","type-post","status-publish","format-standard","has-post-thumbnail","hentry","category-vijesti"],"_links":{"self":[{"href":"https:\/\/katolicka-gimnazija.hr\/index.php\/wp-json\/wp\/v2\/posts\/28097","targetHints":{"allow":["GET"]}}],"collection":[{"href":"https:\/\/katolicka-gimnazija.hr\/index.php\/wp-json\/wp\/v2\/posts"}],"about":[{"href":"https:\/\/katolicka-gimnazija.hr\/index.php\/wp-json\/wp\/v2\/types\/post"}],"author":[{"embeddable":true,"href":"https:\/\/katolicka-gimnazija.hr\/index.php\/wp-json\/wp\/v2\/users\/16"}],"replies":[{"embeddable":true,"href":"https:\/\/katolicka-gimnazija.hr\/index.php\/wp-json\/wp\/v2\/comments?post=28097"}],"version-history":[{"count":1,"href":"https:\/\/katolicka-gimnazija.hr\/index.php\/wp-json\/wp\/v2\/posts\/28097\/revisions"}],"predecessor-version":[{"id":28099,"href":"https:\/\/katolicka-gimnazija.hr\/index.php\/wp-json\/wp\/v2\/posts\/28097\/revisions\/28099"}],"wp:featuredmedia":[{"embeddable":true,"href":"https:\/\/katolicka-gimnazija.hr\/index.php\/wp-json\/wp\/v2\/media\/28098"}],"wp:attachment":[{"href":"https:\/\/katolicka-gimnazija.hr\/index.php\/wp-json\/wp\/v2\/media?parent=28097"}],"wp:term":[{"taxonomy":"category","embeddable":true,"href":"https:\/\/katolicka-gimnazija.hr\/index.php\/wp-json\/wp\/v2\/categories?post=28097"},{"taxonomy":"post_tag","embeddable":true,"href":"https:\/\/katolicka-gimnazija.hr\/index.php\/wp-json\/wp\/v2\/tags?post=28097"}],"curies":[{"name":"wp","href":"https:\/\/api.w.org\/{rel}","templated":true}]}}