{"id":28596,"date":"2023-04-06T15:46:27","date_gmt":"2023-04-06T15:46:27","guid":{"rendered":"http:\/\/katolicka-gimnazija.hr\/?p=28596"},"modified":"2023-04-18T05:57:04","modified_gmt":"2023-04-18T05:57:04","slug":"zavrsila-statisticka-olimpijada","status":"publish","type":"post","link":"https:\/\/katolicka-gimnazija.hr\/index.php\/2023\/04\/06\/zavrsila-statisticka-olimpijada\/","title":{"rendered":"Zavr\u0161ila Statisti\u010dka olimpijada"},"content":{"rendered":"<p>Zavr\u0161ila je nacionalna faza statisti\u010dke olimpijade koju je provodio Dr\u017eavni zavod za statistiku Republike Hrvatske zajedno sa 18 statisti\u010dkih ureda Europske unije.<br \/>\nNa natjecanju u kategoriji A za u\u010denike 3. i 4. razreda srednje \u0161kole na\u0161u \u0161kolu predstavljala je ekipa NAS\u010cETIRI u sastavu Luka Ad\u017ei\u0107, Kre\u0161imir Dukmeni\u0107 i \u017deljko Gomer\u010di\u0107 pod mentorstvom profesorice Katarine Soldo Obu\u0107ina.<\/p>\n<p>U prvom krugu natjecanja ekipa je uspje\u0161no rije\u0161ila tri ispita (ispit op\u0107eg znanja, ispit iz kori\u0161tenja izvora slu\u017ebenih statisti\u010dkih podataka i ispit razumijevanja statisti\u010dkog teksta) i plasirala se u drugi krug natjecanja u kojem je analizirala podatke statisti\u010dkog istra\u017eivanja o vanjskoj migraciji stanovni\u0161tva Republike Hrvatske od 2017. do 2021. godine i izradila prezentaciju u skladu s definiranim pravilima.<\/p>\n<p>\u010cestitke na\u0161im olimpijcima jer su se pokazali uspje\u0161nima u razumijevanju raspolo\u017eivih statisti\u010dkih podataka i provjeri poznavanja statisti\u010dkih pojmova i izra\u010duna, a pogotovo jer ih je kao takve prepoznao i Dr\u017eavni zavod za statistiku te ih prigodno nagradio.<\/p>\n<p>Olimpijci vam poru\u010duju:<\/p>\n<p><em>Ako misli\u0161 da je statistika dosadna, ima\u0161 krive podatke!<\/em><\/p>\n<p>Prezentaciju na\u0161ih u\u010denika mo\u017eete pogledati u prilogu.<\/p>\n<p><a href=\"http:\/\/katolicka-gimnazija.hr\/wp-content\/uploads\/2023\/04\/Ekipa_NASCETIRI.pdf\">Ekipa_NAS\u010cETIRI<\/a><\/p>\n<div id='gallery-1' class='gallery galleryid-28596 gallery-columns-3 gallery-size-medium'><figure class='gallery-item'>\n\t\t\t<div class='gallery-icon landscape'>\n\t\t\t\t<a href='https:\/\/katolicka-gimnazija.hr\/wp-content\/uploads\/2023\/04\/DSC_9140-scaled.jpg'><img loading=\"lazy\" decoding=\"async\" width=\"300\" height=\"200\" src=\"https:\/\/katolicka-gimnazija.hr\/wp-content\/uploads\/2023\/04\/DSC_9140-300x200.jpg\" class=\"attachment-medium size-medium\" alt=\"\" srcset=\"https:\/\/katolicka-gimnazija.hr\/wp-content\/uploads\/2023\/04\/DSC_9140-300x200.jpg 300w, https:\/\/katolicka-gimnazija.hr\/wp-content\/uploads\/2023\/04\/DSC_9140-1024x683.jpg 1024w, https:\/\/katolicka-gimnazija.hr\/wp-content\/uploads\/2023\/04\/DSC_9140-768x512.jpg 768w, https:\/\/katolicka-gimnazija.hr\/wp-content\/uploads\/2023\/04\/DSC_9140-1536x1024.jpg 1536w, https:\/\/katolicka-gimnazija.hr\/wp-content\/uploads\/2023\/04\/DSC_9140-2048x1365.jpg 2048w, https:\/\/katolicka-gimnazija.hr\/wp-content\/uploads\/2023\/04\/DSC_9140-400x267.jpg 400w\" sizes=\"auto, (max-width: 300px) 100vw, 300px\" \/><\/a>\n\t\t\t<\/div><\/figure><figure class='gallery-item'>\n\t\t\t<div class='gallery-icon landscape'>\n\t\t\t\t<a href='https:\/\/katolicka-gimnazija.hr\/wp-content\/uploads\/2023\/04\/DSC_9142-scaled.jpg'><img loading=\"lazy\" decoding=\"async\" width=\"300\" height=\"200\" src=\"https:\/\/katolicka-gimnazija.hr\/wp-content\/uploads\/2023\/04\/DSC_9142-300x200.jpg\" class=\"attachment-medium size-medium\" alt=\"\" srcset=\"https:\/\/katolicka-gimnazija.hr\/wp-content\/uploads\/2023\/04\/DSC_9142-300x200.jpg 300w, https:\/\/katolicka-gimnazija.hr\/wp-content\/uploads\/2023\/04\/DSC_9142-1024x683.jpg 1024w, https:\/\/katolicka-gimnazija.hr\/wp-content\/uploads\/2023\/04\/DSC_9142-768x512.jpg 768w, https:\/\/katolicka-gimnazija.hr\/wp-content\/uploads\/2023\/04\/DSC_9142-1536x1024.jpg 1536w, https:\/\/katolicka-gimnazija.hr\/wp-content\/uploads\/2023\/04\/DSC_9142-2048x1365.jpg 2048w, https:\/\/katolicka-gimnazija.hr\/wp-content\/uploads\/2023\/04\/DSC_9142-400x267.jpg 400w\" sizes=\"auto, (max-width: 300px) 100vw, 300px\" \/><\/a>\n\t\t\t<\/div><\/figure><figure class='gallery-item'>\n\t\t\t<div class='gallery-icon landscape'>\n\t\t\t\t<a href='https:\/\/katolicka-gimnazija.hr\/wp-content\/uploads\/2023\/04\/DSC_9145-scaled.jpg'><img loading=\"lazy\" decoding=\"async\" width=\"300\" height=\"200\" src=\"https:\/\/katolicka-gimnazija.hr\/wp-content\/uploads\/2023\/04\/DSC_9145-300x200.jpg\" class=\"attachment-medium size-medium\" alt=\"\" srcset=\"https:\/\/katolicka-gimnazija.hr\/wp-content\/uploads\/2023\/04\/DSC_9145-300x200.jpg 300w, https:\/\/katolicka-gimnazija.hr\/wp-content\/uploads\/2023\/04\/DSC_9145-1024x683.jpg 1024w, https:\/\/katolicka-gimnazija.hr\/wp-content\/uploads\/2023\/04\/DSC_9145-768x512.jpg 768w, https:\/\/katolicka-gimnazija.hr\/wp-content\/uploads\/2023\/04\/DSC_9145-1536x1024.jpg 1536w, https:\/\/katolicka-gimnazija.hr\/wp-content\/uploads\/2023\/04\/DSC_9145-2048x1365.jpg 2048w, https:\/\/katolicka-gimnazija.hr\/wp-content\/uploads\/2023\/04\/DSC_9145-400x267.jpg 400w\" sizes=\"auto, (max-width: 300px) 100vw, 300px\" \/><\/a>\n\t\t\t<\/div><\/figure><figure class='gallery-item'>\n\t\t\t<div class='gallery-icon landscape'>\n\t\t\t\t<a href='https:\/\/katolicka-gimnazija.hr\/wp-content\/uploads\/2023\/04\/DSC_9138-scaled.jpg'><img loading=\"lazy\" decoding=\"async\" width=\"300\" height=\"200\" src=\"https:\/\/katolicka-gimnazija.hr\/wp-content\/uploads\/2023\/04\/DSC_9138-300x200.jpg\" class=\"attachment-medium size-medium\" alt=\"\" srcset=\"https:\/\/katolicka-gimnazija.hr\/wp-content\/uploads\/2023\/04\/DSC_9138-300x200.jpg 300w, https:\/\/katolicka-gimnazija.hr\/wp-content\/uploads\/2023\/04\/DSC_9138-1024x683.jpg 1024w, https:\/\/katolicka-gimnazija.hr\/wp-content\/uploads\/2023\/04\/DSC_9138-768x512.jpg 768w, https:\/\/katolicka-gimnazija.hr\/wp-content\/uploads\/2023\/04\/DSC_9138-1536x1024.jpg 1536w, https:\/\/katolicka-gimnazija.hr\/wp-content\/uploads\/2023\/04\/DSC_9138-2048x1365.jpg 2048w, https:\/\/katolicka-gimnazija.hr\/wp-content\/uploads\/2023\/04\/DSC_9138-400x267.jpg 400w\" sizes=\"auto, (max-width: 300px) 100vw, 300px\" \/><\/a>\n\t\t\t<\/div><\/figure>\n\t\t<\/div>\n\n","protected":false},"excerpt":{"rendered":"<p>Zavr\u0161ila je nacionalna faza statisti\u010dke olimpijade koju je provodio Dr\u017eavni zavod za statistiku Republike Hrvatske zajedno sa 18 statisti\u010dkih ureda Europske unije. Na natjecanju u kategoriji A za u\u010denike 3. i 4. razreda srednje \u0161kole na\u0161u \u0161kolu predstavljala je ekipa NAS\u010cETIRI u sastavu Luka Ad\u017ei\u0107, Kre\u0161imir Dukmeni\u0107 i \u017deljko Gomer\u010di\u0107 pod mentorstvom profesorice Katarine Soldo [&hellip;]<\/p>\n","protected":false},"author":5,"featured_media":28567,"comment_status":"closed","ping_status":"closed","sticky":false,"template":"","format":"standard","meta":{"footnotes":""},"categories":[214,2],"tags":[],"class_list":["post-28596","post","type-post","status-publish","format-standard","has-post-thumbnail","hentry","category-natjecanja-2","category-vijesti"],"_links":{"self":[{"href":"https:\/\/katolicka-gimnazija.hr\/index.php\/wp-json\/wp\/v2\/posts\/28596","targetHints":{"allow":["GET"]}}],"collection":[{"href":"https:\/\/katolicka-gimnazija.hr\/index.php\/wp-json\/wp\/v2\/posts"}],"about":[{"href":"https:\/\/katolicka-gimnazija.hr\/index.php\/wp-json\/wp\/v2\/types\/post"}],"author":[{"embeddable":true,"href":"https:\/\/katolicka-gimnazija.hr\/index.php\/wp-json\/wp\/v2\/users\/5"}],"replies":[{"embeddable":true,"href":"https:\/\/katolicka-gimnazija.hr\/index.php\/wp-json\/wp\/v2\/comments?post=28596"}],"version-history":[{"count":1,"href":"https:\/\/katolicka-gimnazija.hr\/index.php\/wp-json\/wp\/v2\/posts\/28596\/revisions"}],"predecessor-version":[{"id":28598,"href":"https:\/\/katolicka-gimnazija.hr\/index.php\/wp-json\/wp\/v2\/posts\/28596\/revisions\/28598"}],"wp:featuredmedia":[{"embeddable":true,"href":"https:\/\/katolicka-gimnazija.hr\/index.php\/wp-json\/wp\/v2\/media\/28567"}],"wp:attachment":[{"href":"https:\/\/katolicka-gimnazija.hr\/index.php\/wp-json\/wp\/v2\/media?parent=28596"}],"wp:term":[{"taxonomy":"category","embeddable":true,"href":"https:\/\/katolicka-gimnazija.hr\/index.php\/wp-json\/wp\/v2\/categories?post=28596"},{"taxonomy":"post_tag","embeddable":true,"href":"https:\/\/katolicka-gimnazija.hr\/index.php\/wp-json\/wp\/v2\/tags?post=28596"}],"curies":[{"name":"wp","href":"https:\/\/api.w.org\/{rel}","templated":true}]}}