{"id":28605,"date":"2023-04-20T09:02:17","date_gmt":"2023-04-20T09:02:17","guid":{"rendered":"http:\/\/katolicka-gimnazija.hr\/?p=28605"},"modified":"2023-04-22T11:33:29","modified_gmt":"2023-04-22T11:33:29","slug":"promocija-vi-broja-skolskog-lista-nautes","status":"publish","type":"post","link":"https:\/\/katolicka-gimnazija.hr\/index.php\/2023\/04\/20\/promocija-vi-broja-skolskog-lista-nautes\/","title":{"rendered":"Promocija VII. broja \u0161kolskog lista Nautes"},"content":{"rendered":"<p>Po\u0161tovani u\u010denici, kolege profesori, ljudi dobre volje, pozivamo vas na kratku promociju sedmoga broja \u0161kolskoga lista Katoli\u010dke gimnazije koja \u0107e se odr\u017eati 24. travnja u 13:20 sati u prostoru \u0161kolske knji\u017enice u Dijecezanskom muzeju.<\/p>\n<p>&nbsp;<\/p>\n","protected":false},"excerpt":{"rendered":"<p>Po\u0161tovani u\u010denici, kolege profesori, ljudi dobre volje, pozivamo vas na kratku promociju sedmoga broja \u0161kolskoga lista Katoli\u010dke gimnazije koja \u0107e se odr\u017eati 24. travnja u 13:20 sati u prostoru \u0161kolske knji\u017enice u Dijecezanskom muzeju. &nbsp;<\/p>\n","protected":false},"author":2,"featured_media":28606,"comment_status":"closed","ping_status":"closed","sticky":false,"template":"","format":"standard","meta":{"footnotes":""},"categories":[3,2],"tags":[],"class_list":["post-28605","post","type-post","status-publish","format-standard","has-post-thumbnail","hentry","category-obavijesti","category-vijesti"],"_links":{"self":[{"href":"https:\/\/katolicka-gimnazija.hr\/index.php\/wp-json\/wp\/v2\/posts\/28605","targetHints":{"allow":["GET"]}}],"collection":[{"href":"https:\/\/katolicka-gimnazija.hr\/index.php\/wp-json\/wp\/v2\/posts"}],"about":[{"href":"https:\/\/katolicka-gimnazija.hr\/index.php\/wp-json\/wp\/v2\/types\/post"}],"author":[{"embeddable":true,"href":"https:\/\/katolicka-gimnazija.hr\/index.php\/wp-json\/wp\/v2\/users\/2"}],"replies":[{"embeddable":true,"href":"https:\/\/katolicka-gimnazija.hr\/index.php\/wp-json\/wp\/v2\/comments?post=28605"}],"version-history":[{"count":2,"href":"https:\/\/katolicka-gimnazija.hr\/index.php\/wp-json\/wp\/v2\/posts\/28605\/revisions"}],"predecessor-version":[{"id":28616,"href":"https:\/\/katolicka-gimnazija.hr\/index.php\/wp-json\/wp\/v2\/posts\/28605\/revisions\/28616"}],"wp:featuredmedia":[{"embeddable":true,"href":"https:\/\/katolicka-gimnazija.hr\/index.php\/wp-json\/wp\/v2\/media\/28606"}],"wp:attachment":[{"href":"https:\/\/katolicka-gimnazija.hr\/index.php\/wp-json\/wp\/v2\/media?parent=28605"}],"wp:term":[{"taxonomy":"category","embeddable":true,"href":"https:\/\/katolicka-gimnazija.hr\/index.php\/wp-json\/wp\/v2\/categories?post=28605"},{"taxonomy":"post_tag","embeddable":true,"href":"https:\/\/katolicka-gimnazija.hr\/index.php\/wp-json\/wp\/v2\/tags?post=28605"}],"curies":[{"name":"wp","href":"https:\/\/api.w.org\/{rel}","templated":true}]}}