{"id":28617,"date":"2023-04-22T16:10:32","date_gmt":"2023-04-22T16:10:32","guid":{"rendered":"http:\/\/katolicka-gimnazija.hr\/?p=28617"},"modified":"2023-04-22T16:10:32","modified_gmt":"2023-04-22T16:10:32","slug":"odrzan-6-kazlado","status":"publish","type":"post","link":"https:\/\/katolicka-gimnazija.hr\/index.php\/2023\/04\/22\/odrzan-6-kazlado\/","title":{"rendered":"Odr\u017ean 6. KaZlaDO"},"content":{"rendered":"<p>21. travnja Dramska dru\u017eina Katoli\u010dke gimnazija sudjelovala je na Susretu kazali\u0161nih skupina Zlatne Doline (KaZlaDo). Susret je zapo\u010deo okupljanjem sudionika pred zgradom po\u017ee\u0161kog gradskog kazali\u0161ta u jutarnjim satima, a program je zapo\u010deo u 9 sati otvorenjem 6. KaZlaDa. 15 minuta nakon otvorenja zapo\u010dele su izvedbe osnovnih \u0161kola u kojima su nas podsjetili na ljubav prema domovini, osnovno\u0161kolsku lektiru Junaci Pavlove ulice i kako je to biti kraljevna zarobljena u dvorcu jer nitko nije sposoban otvoriti vrata. Tako\u0111er, upoznali smo Malog Princa i jo\u0161 nekolicinu knji\u017eevnih likova. Poslije izvedbi osnovne \u0161kole imali smo pauzu od pola sata tijekom koje smo se pripremali za izvedbu skupne predstave pod nazivom (R)evolucija, a na\u0161a Viktorija se pripremala za svoje kazivanje poezije. Dobro odra\u0111enom predstavom zavr\u0161io je skupni izri\u010daj za srednje \u0161kole, a ja sam se oti\u0161la pripremiti za monolog dok je Viktorija publiku zaokupila slatkim zvucima poezije. Zavr\u0161etkom programa razvrstali su nas u grupe za radionice. Srednjo\u0161kolcima, tj. nama, radionicu je dr\u017eala glumica i magistrica glume i lutkarstva te profesorica scenskog govora na Akademiji dramskih umjetnosti u Osijeku Selena Andri\u0107, a mentori su imali radionicu pod vodstvom televizijske, kazali\u0161ne i filmske glumice Ane Vilenice. Nakon radionica, prije odabira najboljih, imali smo slobodnog vremena za popiti kavu u Kazali\u0161noj kavani. Od grupnih izvedbi srednjih \u0161kola na\u0161a predstava je progla\u0161ena najboljom, a od pojedina\u010dnih nastupa najboljom je progla\u0161ena Marta Matokovi\u0107.<\/p>\n<div id='gallery-1' class='gallery galleryid-28617 gallery-columns-3 gallery-size-medium'><figure class='gallery-item'>\n\t\t\t<div class='gallery-icon portrait'>\n\t\t\t\t<a href='https:\/\/katolicka-gimnazija.hr\/wp-content\/uploads\/2023\/04\/342764146_2143487769185000_1332044389917903132_n.jpg'><img loading=\"lazy\" decoding=\"async\" width=\"225\" height=\"300\" src=\"https:\/\/katolicka-gimnazija.hr\/wp-content\/uploads\/2023\/04\/342764146_2143487769185000_1332044389917903132_n-225x300.jpg\" class=\"attachment-medium size-medium\" alt=\"\" srcset=\"https:\/\/katolicka-gimnazija.hr\/wp-content\/uploads\/2023\/04\/342764146_2143487769185000_1332044389917903132_n-225x300.jpg 225w, https:\/\/katolicka-gimnazija.hr\/wp-content\/uploads\/2023\/04\/342764146_2143487769185000_1332044389917903132_n-768x1024.jpg 768w, https:\/\/katolicka-gimnazija.hr\/wp-content\/uploads\/2023\/04\/342764146_2143487769185000_1332044389917903132_n-1152x1536.jpg 1152w, https:\/\/katolicka-gimnazija.hr\/wp-content\/uploads\/2023\/04\/342764146_2143487769185000_1332044389917903132_n.jpg 1536w\" sizes=\"auto, (max-width: 225px) 100vw, 225px\" \/><\/a>\n\t\t\t<\/div><\/figure><figure class='gallery-item'>\n\t\t\t<div class='gallery-icon landscape'>\n\t\t\t\t<a href='https:\/\/katolicka-gimnazija.hr\/wp-content\/uploads\/2023\/04\/342804462_558852909451580_3208879534062382328_n.jpg'><img loading=\"lazy\" decoding=\"async\" width=\"300\" height=\"225\" src=\"https:\/\/katolicka-gimnazija.hr\/wp-content\/uploads\/2023\/04\/342804462_558852909451580_3208879534062382328_n-300x225.jpg\" class=\"attachment-medium size-medium\" alt=\"\" srcset=\"https:\/\/katolicka-gimnazija.hr\/wp-content\/uploads\/2023\/04\/342804462_558852909451580_3208879534062382328_n-300x225.jpg 300w, https:\/\/katolicka-gimnazija.hr\/wp-content\/uploads\/2023\/04\/342804462_558852909451580_3208879534062382328_n-768x576.jpg 768w, https:\/\/katolicka-gimnazija.hr\/wp-content\/uploads\/2023\/04\/342804462_558852909451580_3208879534062382328_n-400x300.jpg 400w, https:\/\/katolicka-gimnazija.hr\/wp-content\/uploads\/2023\/04\/342804462_558852909451580_3208879534062382328_n.jpg 960w\" sizes=\"auto, (max-width: 300px) 100vw, 300px\" \/><\/a>\n\t\t\t<\/div><\/figure><figure class='gallery-item'>\n\t\t\t<div class='gallery-icon landscape'>\n\t\t\t\t<a href='https:\/\/katolicka-gimnazija.hr\/wp-content\/uploads\/2023\/04\/342830274_1938047979882003_3425600714995960592_n.jpg'><img loading=\"lazy\" decoding=\"async\" width=\"300\" height=\"225\" src=\"https:\/\/katolicka-gimnazija.hr\/wp-content\/uploads\/2023\/04\/342830274_1938047979882003_3425600714995960592_n-300x225.jpg\" class=\"attachment-medium size-medium\" alt=\"\" srcset=\"https:\/\/katolicka-gimnazija.hr\/wp-content\/uploads\/2023\/04\/342830274_1938047979882003_3425600714995960592_n-300x225.jpg 300w, https:\/\/katolicka-gimnazija.hr\/wp-content\/uploads\/2023\/04\/342830274_1938047979882003_3425600714995960592_n-1024x768.jpg 1024w, https:\/\/katolicka-gimnazija.hr\/wp-content\/uploads\/2023\/04\/342830274_1938047979882003_3425600714995960592_n-768x576.jpg 768w, https:\/\/katolicka-gimnazija.hr\/wp-content\/uploads\/2023\/04\/342830274_1938047979882003_3425600714995960592_n-1536x1152.jpg 1536w, https:\/\/katolicka-gimnazija.hr\/wp-content\/uploads\/2023\/04\/342830274_1938047979882003_3425600714995960592_n-400x300.jpg 400w, https:\/\/katolicka-gimnazija.hr\/wp-content\/uploads\/2023\/04\/342830274_1938047979882003_3425600714995960592_n.jpg 2048w\" sizes=\"auto, (max-width: 300px) 100vw, 300px\" \/><\/a>\n\t\t\t<\/div><\/figure><figure class='gallery-item'>\n\t\t\t<div class='gallery-icon landscape'>\n\t\t\t\t<a href='https:\/\/katolicka-gimnazija.hr\/wp-content\/uploads\/2023\/04\/342792030_1571470016681204_3701656259847495868_n.jpg'><img loading=\"lazy\" decoding=\"async\" width=\"300\" height=\"200\" src=\"https:\/\/katolicka-gimnazija.hr\/wp-content\/uploads\/2023\/04\/342792030_1571470016681204_3701656259847495868_n-300x200.jpg\" class=\"attachment-medium size-medium\" alt=\"\" srcset=\"https:\/\/katolicka-gimnazija.hr\/wp-content\/uploads\/2023\/04\/342792030_1571470016681204_3701656259847495868_n-300x200.jpg 300w, https:\/\/katolicka-gimnazija.hr\/wp-content\/uploads\/2023\/04\/342792030_1571470016681204_3701656259847495868_n-1024x684.jpg 1024w, https:\/\/katolicka-gimnazija.hr\/wp-content\/uploads\/2023\/04\/342792030_1571470016681204_3701656259847495868_n-768x513.jpg 768w, https:\/\/katolicka-gimnazija.hr\/wp-content\/uploads\/2023\/04\/342792030_1571470016681204_3701656259847495868_n-1536x1025.jpg 1536w, https:\/\/katolicka-gimnazija.hr\/wp-content\/uploads\/2023\/04\/342792030_1571470016681204_3701656259847495868_n-400x267.jpg 400w, https:\/\/katolicka-gimnazija.hr\/wp-content\/uploads\/2023\/04\/342792030_1571470016681204_3701656259847495868_n.jpg 2048w\" sizes=\"auto, (max-width: 300px) 100vw, 300px\" \/><\/a>\n\t\t\t<\/div><\/figure><figure class='gallery-item'>\n\t\t\t<div class='gallery-icon landscape'>\n\t\t\t\t<a href='https:\/\/katolicka-gimnazija.hr\/wp-content\/uploads\/2023\/04\/342804494_143615141840937_4013668250336056099_n.jpg'><img loading=\"lazy\" decoding=\"async\" width=\"300\" height=\"225\" src=\"https:\/\/katolicka-gimnazija.hr\/wp-content\/uploads\/2023\/04\/342804494_143615141840937_4013668250336056099_n-300x225.jpg\" class=\"attachment-medium size-medium\" alt=\"\" srcset=\"https:\/\/katolicka-gimnazija.hr\/wp-content\/uploads\/2023\/04\/342804494_143615141840937_4013668250336056099_n-300x225.jpg 300w, https:\/\/katolicka-gimnazija.hr\/wp-content\/uploads\/2023\/04\/342804494_143615141840937_4013668250336056099_n-1024x768.jpg 1024w, https:\/\/katolicka-gimnazija.hr\/wp-content\/uploads\/2023\/04\/342804494_143615141840937_4013668250336056099_n-768x576.jpg 768w, https:\/\/katolicka-gimnazija.hr\/wp-content\/uploads\/2023\/04\/342804494_143615141840937_4013668250336056099_n-1536x1152.jpg 1536w, https:\/\/katolicka-gimnazija.hr\/wp-content\/uploads\/2023\/04\/342804494_143615141840937_4013668250336056099_n-400x300.jpg 400w, https:\/\/katolicka-gimnazija.hr\/wp-content\/uploads\/2023\/04\/342804494_143615141840937_4013668250336056099_n.jpg 2048w\" sizes=\"auto, (max-width: 300px) 100vw, 300px\" \/><\/a>\n\t\t\t<\/div><\/figure><figure class='gallery-item'>\n\t\t\t<div class='gallery-icon landscape'>\n\t\t\t\t<a href='https:\/\/katolicka-gimnazija.hr\/wp-content\/uploads\/2023\/04\/342814427_1227026998176396_924951979506585538_n.jpg'><img loading=\"lazy\" decoding=\"async\" width=\"300\" height=\"225\" src=\"https:\/\/katolicka-gimnazija.hr\/wp-content\/uploads\/2023\/04\/342814427_1227026998176396_924951979506585538_n-300x225.jpg\" class=\"attachment-medium size-medium\" alt=\"\" srcset=\"https:\/\/katolicka-gimnazija.hr\/wp-content\/uploads\/2023\/04\/342814427_1227026998176396_924951979506585538_n-300x225.jpg 300w, https:\/\/katolicka-gimnazija.hr\/wp-content\/uploads\/2023\/04\/342814427_1227026998176396_924951979506585538_n-768x576.jpg 768w, https:\/\/katolicka-gimnazija.hr\/wp-content\/uploads\/2023\/04\/342814427_1227026998176396_924951979506585538_n-400x300.jpg 400w, https:\/\/katolicka-gimnazija.hr\/wp-content\/uploads\/2023\/04\/342814427_1227026998176396_924951979506585538_n.jpg 800w\" sizes=\"auto, (max-width: 300px) 100vw, 300px\" \/><\/a>\n\t\t\t<\/div><\/figure><figure class='gallery-item'>\n\t\t\t<div class='gallery-icon landscape'>\n\t\t\t\t<a href='https:\/\/katolicka-gimnazija.hr\/wp-content\/uploads\/2023\/04\/342785355_1356421155206446_2757978623037849712_n.jpg'><img loading=\"lazy\" decoding=\"async\" width=\"300\" height=\"200\" src=\"https:\/\/katolicka-gimnazija.hr\/wp-content\/uploads\/2023\/04\/342785355_1356421155206446_2757978623037849712_n-300x200.jpg\" class=\"attachment-medium size-medium\" alt=\"\" srcset=\"https:\/\/katolicka-gimnazija.hr\/wp-content\/uploads\/2023\/04\/342785355_1356421155206446_2757978623037849712_n-300x200.jpg 300w, https:\/\/katolicka-gimnazija.hr\/wp-content\/uploads\/2023\/04\/342785355_1356421155206446_2757978623037849712_n-1024x684.jpg 1024w, https:\/\/katolicka-gimnazija.hr\/wp-content\/uploads\/2023\/04\/342785355_1356421155206446_2757978623037849712_n-768x513.jpg 768w, https:\/\/katolicka-gimnazija.hr\/wp-content\/uploads\/2023\/04\/342785355_1356421155206446_2757978623037849712_n-1536x1025.jpg 1536w, https:\/\/katolicka-gimnazija.hr\/wp-content\/uploads\/2023\/04\/342785355_1356421155206446_2757978623037849712_n-400x267.jpg 400w, https:\/\/katolicka-gimnazija.hr\/wp-content\/uploads\/2023\/04\/342785355_1356421155206446_2757978623037849712_n.jpg 2048w\" sizes=\"auto, (max-width: 300px) 100vw, 300px\" \/><\/a>\n\t\t\t<\/div><\/figure><figure class='gallery-item'>\n\t\t\t<div class='gallery-icon landscape'>\n\t\t\t\t<a href='https:\/\/katolicka-gimnazija.hr\/wp-content\/uploads\/2023\/04\/342807409_610088274375682_2318882997895676391_n.jpg'><img loading=\"lazy\" decoding=\"async\" width=\"300\" height=\"225\" src=\"https:\/\/katolicka-gimnazija.hr\/wp-content\/uploads\/2023\/04\/342807409_610088274375682_2318882997895676391_n-300x225.jpg\" class=\"attachment-medium size-medium\" alt=\"\" srcset=\"https:\/\/katolicka-gimnazija.hr\/wp-content\/uploads\/2023\/04\/342807409_610088274375682_2318882997895676391_n-300x225.jpg 300w, https:\/\/katolicka-gimnazija.hr\/wp-content\/uploads\/2023\/04\/342807409_610088274375682_2318882997895676391_n-768x576.jpg 768w, https:\/\/katolicka-gimnazija.hr\/wp-content\/uploads\/2023\/04\/342807409_610088274375682_2318882997895676391_n-400x300.jpg 400w, https:\/\/katolicka-gimnazija.hr\/wp-content\/uploads\/2023\/04\/342807409_610088274375682_2318882997895676391_n.jpg 800w\" sizes=\"auto, (max-width: 300px) 100vw, 300px\" \/><\/a>\n\t\t\t<\/div><\/figure><figure class='gallery-item'>\n\t\t\t<div class='gallery-icon landscape'>\n\t\t\t\t<a href='https:\/\/katolicka-gimnazija.hr\/wp-content\/uploads\/2023\/04\/342809595_5863347500454807_5141032457627803521_n.jpg'><img loading=\"lazy\" decoding=\"async\" width=\"300\" height=\"200\" src=\"https:\/\/katolicka-gimnazija.hr\/wp-content\/uploads\/2023\/04\/342809595_5863347500454807_5141032457627803521_n-300x200.jpg\" class=\"attachment-medium size-medium\" alt=\"\" srcset=\"https:\/\/katolicka-gimnazija.hr\/wp-content\/uploads\/2023\/04\/342809595_5863347500454807_5141032457627803521_n-300x200.jpg 300w, https:\/\/katolicka-gimnazija.hr\/wp-content\/uploads\/2023\/04\/342809595_5863347500454807_5141032457627803521_n-1024x684.jpg 1024w, https:\/\/katolicka-gimnazija.hr\/wp-content\/uploads\/2023\/04\/342809595_5863347500454807_5141032457627803521_n-768x513.jpg 768w, https:\/\/katolicka-gimnazija.hr\/wp-content\/uploads\/2023\/04\/342809595_5863347500454807_5141032457627803521_n-1536x1025.jpg 1536w, https:\/\/katolicka-gimnazija.hr\/wp-content\/uploads\/2023\/04\/342809595_5863347500454807_5141032457627803521_n-400x267.jpg 400w, https:\/\/katolicka-gimnazija.hr\/wp-content\/uploads\/2023\/04\/342809595_5863347500454807_5141032457627803521_n.jpg 2048w\" sizes=\"auto, (max-width: 300px) 100vw, 300px\" \/><\/a>\n\t\t\t<\/div><\/figure><figure class='gallery-item'>\n\t\t\t<div class='gallery-icon portrait'>\n\t\t\t\t<a href='https:\/\/katolicka-gimnazija.hr\/wp-content\/uploads\/2023\/04\/342798642_1178181092869728_3817200107764482196_n.jpg'><img loading=\"lazy\" decoding=\"async\" width=\"212\" height=\"300\" src=\"https:\/\/katolicka-gimnazija.hr\/wp-content\/uploads\/2023\/04\/342798642_1178181092869728_3817200107764482196_n-212x300.jpg\" class=\"attachment-medium size-medium\" alt=\"\" srcset=\"https:\/\/katolicka-gimnazija.hr\/wp-content\/uploads\/2023\/04\/342798642_1178181092869728_3817200107764482196_n-212x300.jpg 212w, https:\/\/katolicka-gimnazija.hr\/wp-content\/uploads\/2023\/04\/342798642_1178181092869728_3817200107764482196_n-723x1024.jpg 723w, https:\/\/katolicka-gimnazija.hr\/wp-content\/uploads\/2023\/04\/342798642_1178181092869728_3817200107764482196_n-768x1088.jpg 768w, https:\/\/katolicka-gimnazija.hr\/wp-content\/uploads\/2023\/04\/342798642_1178181092869728_3817200107764482196_n-1084x1536.jpg 1084w, https:\/\/katolicka-gimnazija.hr\/wp-content\/uploads\/2023\/04\/342798642_1178181092869728_3817200107764482196_n.jpg 1445w\" sizes=\"auto, (max-width: 212px) 100vw, 212px\" \/><\/a>\n\t\t\t<\/div><\/figure>\n\t\t<\/div>\n\n","protected":false},"excerpt":{"rendered":"<p>21. travnja Dramska dru\u017eina Katoli\u010dke gimnazija sudjelovala je na Susretu kazali\u0161nih skupina Zlatne Doline (KaZlaDo). Susret je zapo\u010deo okupljanjem sudionika pred zgradom po\u017ee\u0161kog gradskog kazali\u0161ta u jutarnjim satima, a program je zapo\u010deo u 9 sati otvorenjem 6. KaZlaDa. 15 minuta nakon otvorenja zapo\u010dele su izvedbe osnovnih \u0161kola u kojima su nas podsjetili na ljubav prema [&hellip;]<\/p>\n","protected":false},"author":98,"featured_media":28619,"comment_status":"closed","ping_status":"closed","sticky":false,"template":"","format":"standard","meta":{"footnotes":""},"categories":[214,2],"tags":[],"class_list":["post-28617","post","type-post","status-publish","format-standard","has-post-thumbnail","hentry","category-natjecanja-2","category-vijesti"],"_links":{"self":[{"href":"https:\/\/katolicka-gimnazija.hr\/index.php\/wp-json\/wp\/v2\/posts\/28617","targetHints":{"allow":["GET"]}}],"collection":[{"href":"https:\/\/katolicka-gimnazija.hr\/index.php\/wp-json\/wp\/v2\/posts"}],"about":[{"href":"https:\/\/katolicka-gimnazija.hr\/index.php\/wp-json\/wp\/v2\/types\/post"}],"author":[{"embeddable":true,"href":"https:\/\/katolicka-gimnazija.hr\/index.php\/wp-json\/wp\/v2\/users\/98"}],"replies":[{"embeddable":true,"href":"https:\/\/katolicka-gimnazija.hr\/index.php\/wp-json\/wp\/v2\/comments?post=28617"}],"version-history":[{"count":1,"href":"https:\/\/katolicka-gimnazija.hr\/index.php\/wp-json\/wp\/v2\/posts\/28617\/revisions"}],"predecessor-version":[{"id":28628,"href":"https:\/\/katolicka-gimnazija.hr\/index.php\/wp-json\/wp\/v2\/posts\/28617\/revisions\/28628"}],"wp:featuredmedia":[{"embeddable":true,"href":"https:\/\/katolicka-gimnazija.hr\/index.php\/wp-json\/wp\/v2\/media\/28619"}],"wp:attachment":[{"href":"https:\/\/katolicka-gimnazija.hr\/index.php\/wp-json\/wp\/v2\/media?parent=28617"}],"wp:term":[{"taxonomy":"category","embeddable":true,"href":"https:\/\/katolicka-gimnazija.hr\/index.php\/wp-json\/wp\/v2\/categories?post=28617"},{"taxonomy":"post_tag","embeddable":true,"href":"https:\/\/katolicka-gimnazija.hr\/index.php\/wp-json\/wp\/v2\/tags?post=28617"}],"curies":[{"name":"wp","href":"https:\/\/api.w.org\/{rel}","templated":true}]}}