{"id":29058,"date":"2023-05-18T09:28:47","date_gmt":"2023-05-18T09:28:47","guid":{"rendered":"http:\/\/katolicka-gimnazija.hr\/?p=29058"},"modified":"2023-05-18T09:28:47","modified_gmt":"2023-05-18T09:28:47","slug":"citanje-je-za-um-ono-sto-je-vjezba-za-tijelo","status":"publish","type":"post","link":"https:\/\/katolicka-gimnazija.hr\/index.php\/2023\/05\/18\/citanje-je-za-um-ono-sto-je-vjezba-za-tijelo\/","title":{"rendered":"\u010citanje je za um ono \u0161to je vje\u017eba za tijelo"},"content":{"rendered":"<p>Tijekom mjeseca travnja i svibnja, u\u010denici 1.a, 1.b, 3.a i 3.b razreda pod vodstvom prof. engleskog jezika, Ivane Zovko, uputili su se u \u0161kolsku knji\u017enicu, te uz pomo\u0107 knji\u017eni\u010darke Manuele Matijevi\u0107 odabrali jednu knjigu na engleskom jeziku u bogatoj ponudi knjiga na engleskom jeziku. Nakon toga, u ne\u0161to druga\u010dijoj atmosferi i okru\u017eenju nego ina\u010de, proveli su jedan \u0161kolski sat u miru i ti\u0161ini, usredoto\u010deni na \u010ditanje odabrane knjige.<\/p>\n<p>Cilj je ove aktivnosti bio potaknuti u\u010denike na \u010ditanje op\u0107enito, potom na \u010ditanje na stranom jeziku, ali i promijeniti ustaljenu rutinu nastave te pobolj\u0161ati koncentraciju u\u010denika. Ishod je, nadamo se, barem nekoliko u\u010denika koji \u0107e razmisliti o \u010ditanju kao aktivnosti vrijednoj njihove pa\u017enje i slobodnog vremena.<\/p>\n<p>Iako su neki u\u010denici bez problema uronili u neki drugi svijet ve\u0107 s prvom pro\u010ditanom re\u010denicom, kod nekih drugih se pokazalo izazovno biti u ti\u0161ini i \u201esamo\u201c \u010ditati. Pokazalo se da nije jednostavno samo sjesti i \u010ditati, kao i u\u010diti, ve\u0107 da moramo smiriti sami sebe, maknuti sve distrakcije i kontrolirati svoje misli te pa\u017enju konstantno vra\u0107ati na ono \u0161to \u010ditamo, a ne ono \u0161to nam se vrti glavom. No, sa svakom novom pro\u010ditanom rije\u010di i re\u010denicom, koncentracija je rasla, kao i broj pro\u010ditanih stranica.<\/p>\n<p>Na kraju sata, u\u010denici su ispunili kratki upitnik o svojim \u010ditateljskim navikama te o \u010ditanju op\u0107enito, \u010dije rezultate donosimo u nastavku, kao i par fotografija.<\/p>\n<p><a href=\"http:\/\/katolicka-gimnazija.hr\/wp-content\/uploads\/2023\/05\/Slika1.png\"><img loading=\"lazy\" decoding=\"async\" class=\"alignnone size-medium wp-image-29059\" src=\"http:\/\/katolicka-gimnazija.hr\/wp-content\/uploads\/2023\/05\/Slika1-300x126.png\" alt=\"\" width=\"300\" height=\"126\" srcset=\"https:\/\/katolicka-gimnazija.hr\/wp-content\/uploads\/2023\/05\/Slika1-300x126.png 300w, https:\/\/katolicka-gimnazija.hr\/wp-content\/uploads\/2023\/05\/Slika1-1024x431.png 1024w, https:\/\/katolicka-gimnazija.hr\/wp-content\/uploads\/2023\/05\/Slika1-768x323.png 768w, https:\/\/katolicka-gimnazija.hr\/wp-content\/uploads\/2023\/05\/Slika1-400x168.png 400w, https:\/\/katolicka-gimnazija.hr\/wp-content\/uploads\/2023\/05\/Slika1.png 1386w\" sizes=\"auto, (max-width: 300px) 100vw, 300px\" \/><\/a><\/p>\n<p>Na pitanje, svi\u0111a li im se dana\u0161nji sat, \u010dak 92% u\u010denika odgovara pozitivno.<\/p>\n<p>Neke od knjiga koji su u\u010denici \u010ditali tijekom sata su:<\/p>\n<ul>\n<li>A Christmas Carol by Charles Dickens<\/li>\n<li>Frankenstein by Mary Shelley<\/li>\n<li>A Diary of a Young Girl by Anne Frank<\/li>\n<li>A Study in Scarlet; The Sign of the Four: The Hound of Baskervilles by Sir Arthur Conan Doyle<\/li>\n<li>Emma; Pride and Prejudice by Jane Austen<\/li>\n<li>Dracula by Bram Stoker<\/li>\n<li>Jane Eyre by Charlotte Bronte<\/li>\n<li>Macbeth; Hamlet; King Lear; The Tempest by William Shakespeare<\/li>\n<li>Paper Towns; The Fault in Our Stars by John Green<\/li>\n<li>The Great Gatsby by F.S.Fitzgerald<\/li>\n<\/ul>\n<p><a href=\"http:\/\/katolicka-gimnazija.hr\/wp-content\/uploads\/2023\/05\/Slika2.png\"><img loading=\"lazy\" decoding=\"async\" class=\"alignnone size-medium wp-image-29060\" src=\"http:\/\/katolicka-gimnazija.hr\/wp-content\/uploads\/2023\/05\/Slika2-300x143.png\" alt=\"\" width=\"300\" height=\"143\" srcset=\"https:\/\/katolicka-gimnazija.hr\/wp-content\/uploads\/2023\/05\/Slika2-300x143.png 300w, https:\/\/katolicka-gimnazija.hr\/wp-content\/uploads\/2023\/05\/Slika2-1024x487.png 1024w, https:\/\/katolicka-gimnazija.hr\/wp-content\/uploads\/2023\/05\/Slika2-768x365.png 768w, https:\/\/katolicka-gimnazija.hr\/wp-content\/uploads\/2023\/05\/Slika2-400x190.png 400w, https:\/\/katolicka-gimnazija.hr\/wp-content\/uploads\/2023\/05\/Slika2.png 1386w\" sizes=\"auto, (max-width: 300px) 100vw, 300px\" \/><\/a><\/p>\n<p>Prikaz ocjena koje su u\u010denici dali knjigama koje su zapo\u010deli \u010ditati tijekom sata.<\/p>\n<p>&nbsp;<\/p>\n<p><a href=\"http:\/\/katolicka-gimnazija.hr\/wp-content\/uploads\/2023\/05\/Slika3.png\"><img loading=\"lazy\" decoding=\"async\" class=\"alignnone size-medium wp-image-29061\" src=\"http:\/\/katolicka-gimnazija.hr\/wp-content\/uploads\/2023\/05\/Slika3-300x126.png\" alt=\"\" width=\"300\" height=\"126\" srcset=\"https:\/\/katolicka-gimnazija.hr\/wp-content\/uploads\/2023\/05\/Slika3-300x126.png 300w, https:\/\/katolicka-gimnazija.hr\/wp-content\/uploads\/2023\/05\/Slika3-1024x431.png 1024w, https:\/\/katolicka-gimnazija.hr\/wp-content\/uploads\/2023\/05\/Slika3-768x323.png 768w, https:\/\/katolicka-gimnazija.hr\/wp-content\/uploads\/2023\/05\/Slika3-400x168.png 400w, https:\/\/katolicka-gimnazija.hr\/wp-content\/uploads\/2023\/05\/Slika3.png 1386w\" sizes=\"auto, (max-width: 300px) 100vw, 300px\" \/><\/a><\/p>\n<p>Vi\u0161e od polovice u\u010denike \u017eeli nastaviti \u010ditati knjigu koju su odabrali.<\/p>\n<p>&nbsp;<\/p>\n<p>Pitanjem <strong><em>Koliko \u010desto \u010dita\u0161 knjige<\/em><\/strong>\u00a0saznali smo da ve\u0107ina u\u010denika ponekad \u010dita knjige, dok samo mali broj u\u010denika ne \u010dita uop\u0107e ili u\u010destalo \u010dita.<\/p>\n<p>&nbsp;<\/p>\n<p><strong><em>U\u010denici su tako\u0111er naveli svoje najdra\u017ee knjige:<\/em><\/strong><\/p>\n<ul>\n<li>Harry Potter<\/li>\n<li>Hopeless<\/li>\n<li>ACOTAR series, Paper Princess series, Fallen series, the Fault in Our Stars<\/li>\n<li>Song of Achilles, Ugly Love, Fine Print<\/li>\n<li>books of Colleen Hoover<\/li>\n<li>Heart Bones, November 9, It Ends with Us<\/li>\n<li>My year of rest and relaxation<\/li>\n<li>Pre\u017eivio sam ov\u010daru i Vukovar<\/li>\n<li>Svjetlo ugaslih o\u010diju<\/li>\n<li>Anne of Green Gables<\/li>\n<li>Charlie u tvornici \u010dokolade<\/li>\n<li>Koko i duhovi<\/li>\n<li>Vlak u snijegu<\/li>\n<li>Emma<\/li>\n<li>1984<\/li>\n<li>The Picture of Dorian Gray<\/li>\n<\/ul>\n<p>&nbsp;<\/p>\n<p><strong><em>Knjige koje bi u\u010denici preporu\u010dili svojim vr\u0161njacima su:<\/em><\/strong><\/p>\n<ul>\n<li>Posljednji Stipan\u010di\u0107i<\/li>\n<li>Knjige Coleen Hover<\/li>\n<li>Knjige Jane Austen<\/li>\n<li>The Fault in Our Stars<\/li>\n<li>All the Bright Places<\/li>\n<li>Lovac u \u017eitu<\/li>\n<li>Prijan Lovro<\/li>\n<\/ul>\n<p>&nbsp;<\/p>\n<p><strong><em>Knjige koje bi u\u010denici preporu\u010dili svojim profesorima su:<\/em><\/strong><\/p>\n<ul>\n<li>Lovac u \u017eitu<\/li>\n<li>Dracula<\/li>\n<li>Izgubljena svjetlost &#8211; Jill Santopolo<\/li>\n<li>A onda je nestala &#8211; Lisa Jewell<\/li>\n<li>Obitelj s gornjeg kata &#8211; Lisa Jewell<\/li>\n<li>Ponekad la\u017eem &#8211; Alice Feeney<\/li>\n<li>My year of rest and relaxation<\/li>\n<li>Jane Eyre<\/li>\n<li>Pre\u017eivio sam Vukovar i Ov\u010daru<\/li>\n<li>Pravila naslje\u0111ivanja<\/li>\n<li>Svijetlo ugaslih o\u010diju<\/li>\n<li>Zlo\u010din i kazna<\/li>\n<li>The Scarlett Letter<\/li>\n<\/ul>\n<p>&nbsp;<\/p>\n<p>S tvrdnjom <strong><em>da je \u010ditanje dosadno<\/em><\/strong> se ve\u0107ina u\u010denika ne sla\u017ee, a o tvrdnji da <strong><em>profesori ne trebaju prisiljavati u\u010denike da \u010ditaju knjige za \u0161kolu <\/em><\/strong>ve\u0107ina u\u010denika nema mi\u0161ljenje, odnosno niti se sla\u017eu niti se ne sla\u017eu. S druge strane, velika ve\u0107ina u\u010denika se sla\u017ee s tvrdnjom da <strong><em>roditelji trebaju \u010ditati svojoj maloj djeci<\/em><\/strong>. U\u010denici tako\u0111er ne vjeruje <strong><em>da je \u010ditanje knjiga u dana\u0161nje vrijeme\u00a0 nepotrebno<\/em><\/strong>.<\/p>\n<p>I u kona\u010dnici, u\u010denici su podijelili svoje misli o \u010ditanju:<\/p>\n<ul>\n<li>I love reading books so much and it makes me escape this world and things around me.<\/li>\n<li>It&#8217;s hard for me to force myself to read it, but I like it afterwards.<\/li>\n<li>Sometimes the books can help but also sometimes books can be boring<\/li>\n<li>It\u2019s fun because you can imagine what you just read in your head<\/li>\n<li>In my opinion, reading books is of great importance.<\/li>\n<li>I think reading books is important for teenagers<\/li>\n<li>I think that is important for our vocabulary.<\/li>\n<li>I love it, it makes me feel free and alive.&#x2764;<\/li>\n<li>I think reading books is fun and relaxing.<\/li>\n<li>I like reading when the book is interesting.<\/li>\n<li>It is fun but it takes a lot of time<\/li>\n<li>I don&#8217;t like reading books.<\/li>\n<li>Sometimes, books are boring.<\/li>\n<li>I think it is useful.<\/li>\n<li>It is boring.<\/li>\n<\/ul>\n<p>&nbsp;<\/p>\n<p>Jane Austen je jednom napisala<strong>: \u201eAko je knjiga dobro napisana, za mene je uvijek prekratka<\/strong>\u201c, a mi mo\u017eemo zaklju\u010diti da je za neke u\u010denike jedan \u0161kolski sat proveden u \u010ditanju bio prekratak, a za druge preduga\u010dak. Svakako se nadamo da je svima bio koristan odmak od \u0161kolske u\u010dionice i uobi\u010dajene nastave.<\/p>\n<p>&nbsp;<\/p>\n<p><a href=\"http:\/\/katolicka-gimnazija.hr\/wp-content\/uploads\/2023\/05\/20230502_115544-scaled.jpg\"><img loading=\"lazy\" decoding=\"async\" class=\"alignnone size-medium wp-image-29062\" src=\"http:\/\/katolicka-gimnazija.hr\/wp-content\/uploads\/2023\/05\/20230502_115544-300x225.jpg\" alt=\"\" width=\"300\" height=\"225\" srcset=\"https:\/\/katolicka-gimnazija.hr\/wp-content\/uploads\/2023\/05\/20230502_115544-300x225.jpg 300w, https:\/\/katolicka-gimnazija.hr\/wp-content\/uploads\/2023\/05\/20230502_115544-1024x768.jpg 1024w, https:\/\/katolicka-gimnazija.hr\/wp-content\/uploads\/2023\/05\/20230502_115544-768x576.jpg 768w, https:\/\/katolicka-gimnazija.hr\/wp-content\/uploads\/2023\/05\/20230502_115544-1536x1152.jpg 1536w, https:\/\/katolicka-gimnazija.hr\/wp-content\/uploads\/2023\/05\/20230502_115544-2048x1536.jpg 2048w, https:\/\/katolicka-gimnazija.hr\/wp-content\/uploads\/2023\/05\/20230502_115544-400x300.jpg 400w\" sizes=\"auto, (max-width: 300px) 100vw, 300px\" \/><\/a> <a href=\"http:\/\/katolicka-gimnazija.hr\/wp-content\/uploads\/2023\/05\/Snimka-zaslona-2023-05-18-112448.png\"><img loading=\"lazy\" decoding=\"async\" class=\"alignnone  wp-image-29063\" src=\"http:\/\/katolicka-gimnazija.hr\/wp-content\/uploads\/2023\/05\/Snimka-zaslona-2023-05-18-112448-277x300.png\" alt=\"\" width=\"209\" height=\"226\" srcset=\"https:\/\/katolicka-gimnazija.hr\/wp-content\/uploads\/2023\/05\/Snimka-zaslona-2023-05-18-112448-277x300.png 277w, https:\/\/katolicka-gimnazija.hr\/wp-content\/uploads\/2023\/05\/Snimka-zaslona-2023-05-18-112448.png 729w\" sizes=\"auto, (max-width: 209px) 100vw, 209px\" \/><\/a> <a href=\"http:\/\/katolicka-gimnazija.hr\/wp-content\/uploads\/2023\/05\/20230420_132536-scaled.jpg\"><img loading=\"lazy\" decoding=\"async\" class=\"alignnone size-medium wp-image-29064\" src=\"http:\/\/katolicka-gimnazija.hr\/wp-content\/uploads\/2023\/05\/20230420_132536-300x225.jpg\" alt=\"\" width=\"300\" height=\"225\" srcset=\"https:\/\/katolicka-gimnazija.hr\/wp-content\/uploads\/2023\/05\/20230420_132536-300x225.jpg 300w, https:\/\/katolicka-gimnazija.hr\/wp-content\/uploads\/2023\/05\/20230420_132536-1024x768.jpg 1024w, https:\/\/katolicka-gimnazija.hr\/wp-content\/uploads\/2023\/05\/20230420_132536-768x576.jpg 768w, https:\/\/katolicka-gimnazija.hr\/wp-content\/uploads\/2023\/05\/20230420_132536-1536x1152.jpg 1536w, https:\/\/katolicka-gimnazija.hr\/wp-content\/uploads\/2023\/05\/20230420_132536-2048x1536.jpg 2048w, https:\/\/katolicka-gimnazija.hr\/wp-content\/uploads\/2023\/05\/20230420_132536-400x300.jpg 400w\" sizes=\"auto, (max-width: 300px) 100vw, 300px\" \/><\/a> <a href=\"http:\/\/katolicka-gimnazija.hr\/wp-content\/uploads\/2023\/05\/20230420_132628-scaled.jpg\"><img loading=\"lazy\" decoding=\"async\" class=\"alignnone size-medium wp-image-29065\" src=\"http:\/\/katolicka-gimnazija.hr\/wp-content\/uploads\/2023\/05\/20230420_132628-300x225.jpg\" alt=\"\" width=\"300\" height=\"225\" srcset=\"https:\/\/katolicka-gimnazija.hr\/wp-content\/uploads\/2023\/05\/20230420_132628-300x225.jpg 300w, https:\/\/katolicka-gimnazija.hr\/wp-content\/uploads\/2023\/05\/20230420_132628-1024x768.jpg 1024w, https:\/\/katolicka-gimnazija.hr\/wp-content\/uploads\/2023\/05\/20230420_132628-768x576.jpg 768w, https:\/\/katolicka-gimnazija.hr\/wp-content\/uploads\/2023\/05\/20230420_132628-1536x1152.jpg 1536w, https:\/\/katolicka-gimnazija.hr\/wp-content\/uploads\/2023\/05\/20230420_132628-2048x1536.jpg 2048w, https:\/\/katolicka-gimnazija.hr\/wp-content\/uploads\/2023\/05\/20230420_132628-400x300.jpg 400w\" sizes=\"auto, (max-width: 300px) 100vw, 300px\" \/><\/a> <a href=\"http:\/\/katolicka-gimnazija.hr\/wp-content\/uploads\/2023\/05\/20230502_115544-1-scaled.jpg\"><img loading=\"lazy\" decoding=\"async\" class=\"alignnone size-medium wp-image-29066\" src=\"http:\/\/katolicka-gimnazija.hr\/wp-content\/uploads\/2023\/05\/20230502_115544-1-300x225.jpg\" alt=\"\" width=\"300\" height=\"225\" srcset=\"https:\/\/katolicka-gimnazija.hr\/wp-content\/uploads\/2023\/05\/20230502_115544-1-300x225.jpg 300w, https:\/\/katolicka-gimnazija.hr\/wp-content\/uploads\/2023\/05\/20230502_115544-1-1024x768.jpg 1024w, https:\/\/katolicka-gimnazija.hr\/wp-content\/uploads\/2023\/05\/20230502_115544-1-768x576.jpg 768w, https:\/\/katolicka-gimnazija.hr\/wp-content\/uploads\/2023\/05\/20230502_115544-1-1536x1152.jpg 1536w, https:\/\/katolicka-gimnazija.hr\/wp-content\/uploads\/2023\/05\/20230502_115544-1-2048x1536.jpg 2048w, https:\/\/katolicka-gimnazija.hr\/wp-content\/uploads\/2023\/05\/20230502_115544-1-400x300.jpg 400w\" sizes=\"auto, (max-width: 300px) 100vw, 300px\" \/><\/a> \u00a0<a href=\"http:\/\/katolicka-gimnazija.hr\/wp-content\/uploads\/2023\/05\/20230420_132402-scaled.jpg\"><img loading=\"lazy\" decoding=\"async\" class=\"alignnone size-medium wp-image-29068\" src=\"http:\/\/katolicka-gimnazija.hr\/wp-content\/uploads\/2023\/05\/20230420_132402-300x225.jpg\" alt=\"\" width=\"300\" height=\"225\" srcset=\"https:\/\/katolicka-gimnazija.hr\/wp-content\/uploads\/2023\/05\/20230420_132402-300x225.jpg 300w, https:\/\/katolicka-gimnazija.hr\/wp-content\/uploads\/2023\/05\/20230420_132402-1024x768.jpg 1024w, https:\/\/katolicka-gimnazija.hr\/wp-content\/uploads\/2023\/05\/20230420_132402-768x576.jpg 768w, https:\/\/katolicka-gimnazija.hr\/wp-content\/uploads\/2023\/05\/20230420_132402-1536x1152.jpg 1536w, https:\/\/katolicka-gimnazija.hr\/wp-content\/uploads\/2023\/05\/20230420_132402-2048x1536.jpg 2048w, https:\/\/katolicka-gimnazija.hr\/wp-content\/uploads\/2023\/05\/20230420_132402-400x300.jpg 400w\" sizes=\"auto, (max-width: 300px) 100vw, 300px\" \/><\/a> <a href=\"http:\/\/katolicka-gimnazija.hr\/wp-content\/uploads\/2023\/05\/20230420_132542-scaled.jpg\"><img loading=\"lazy\" decoding=\"async\" class=\"alignnone size-medium wp-image-29069\" src=\"http:\/\/katolicka-gimnazija.hr\/wp-content\/uploads\/2023\/05\/20230420_132542-300x225.jpg\" alt=\"\" width=\"300\" height=\"225\" srcset=\"https:\/\/katolicka-gimnazija.hr\/wp-content\/uploads\/2023\/05\/20230420_132542-300x225.jpg 300w, https:\/\/katolicka-gimnazija.hr\/wp-content\/uploads\/2023\/05\/20230420_132542-1024x768.jpg 1024w, https:\/\/katolicka-gimnazija.hr\/wp-content\/uploads\/2023\/05\/20230420_132542-768x576.jpg 768w, https:\/\/katolicka-gimnazija.hr\/wp-content\/uploads\/2023\/05\/20230420_132542-1536x1152.jpg 1536w, https:\/\/katolicka-gimnazija.hr\/wp-content\/uploads\/2023\/05\/20230420_132542-2048x1536.jpg 2048w, https:\/\/katolicka-gimnazija.hr\/wp-content\/uploads\/2023\/05\/20230420_132542-400x300.jpg 400w\" sizes=\"auto, (max-width: 300px) 100vw, 300px\" \/><\/a> <a href=\"http:\/\/katolicka-gimnazija.hr\/wp-content\/uploads\/2023\/05\/20230420_132449-scaled.jpg\"><img loading=\"lazy\" decoding=\"async\" class=\"alignnone size-medium wp-image-29070\" src=\"http:\/\/katolicka-gimnazija.hr\/wp-content\/uploads\/2023\/05\/20230420_132449-300x225.jpg\" alt=\"\" width=\"300\" height=\"225\" srcset=\"https:\/\/katolicka-gimnazija.hr\/wp-content\/uploads\/2023\/05\/20230420_132449-300x225.jpg 300w, https:\/\/katolicka-gimnazija.hr\/wp-content\/uploads\/2023\/05\/20230420_132449-1024x768.jpg 1024w, https:\/\/katolicka-gimnazija.hr\/wp-content\/uploads\/2023\/05\/20230420_132449-768x576.jpg 768w, https:\/\/katolicka-gimnazija.hr\/wp-content\/uploads\/2023\/05\/20230420_132449-1536x1152.jpg 1536w, https:\/\/katolicka-gimnazija.hr\/wp-content\/uploads\/2023\/05\/20230420_132449-2048x1536.jpg 2048w, https:\/\/katolicka-gimnazija.hr\/wp-content\/uploads\/2023\/05\/20230420_132449-400x300.jpg 400w\" sizes=\"auto, (max-width: 300px) 100vw, 300px\" \/><\/a> <a href=\"http:\/\/katolicka-gimnazija.hr\/wp-content\/uploads\/2023\/05\/20230420_132333-scaled.jpg\"><img loading=\"lazy\" decoding=\"async\" class=\"alignnone size-medium wp-image-29071\" src=\"http:\/\/katolicka-gimnazija.hr\/wp-content\/uploads\/2023\/05\/20230420_132333-300x225.jpg\" alt=\"\" width=\"300\" height=\"225\" srcset=\"https:\/\/katolicka-gimnazija.hr\/wp-content\/uploads\/2023\/05\/20230420_132333-300x225.jpg 300w, https:\/\/katolicka-gimnazija.hr\/wp-content\/uploads\/2023\/05\/20230420_132333-1024x768.jpg 1024w, https:\/\/katolicka-gimnazija.hr\/wp-content\/uploads\/2023\/05\/20230420_132333-768x576.jpg 768w, https:\/\/katolicka-gimnazija.hr\/wp-content\/uploads\/2023\/05\/20230420_132333-1536x1152.jpg 1536w, https:\/\/katolicka-gimnazija.hr\/wp-content\/uploads\/2023\/05\/20230420_132333-2048x1536.jpg 2048w, https:\/\/katolicka-gimnazija.hr\/wp-content\/uploads\/2023\/05\/20230420_132333-400x300.jpg 400w\" sizes=\"auto, (max-width: 300px) 100vw, 300px\" \/><\/a> <a href=\"http:\/\/katolicka-gimnazija.hr\/wp-content\/uploads\/2023\/05\/20230420_132548-scaled.jpg\"><img loading=\"lazy\" decoding=\"async\" class=\"alignnone size-medium wp-image-29072\" src=\"http:\/\/katolicka-gimnazija.hr\/wp-content\/uploads\/2023\/05\/20230420_132548-300x225.jpg\" alt=\"\" width=\"300\" height=\"225\" srcset=\"https:\/\/katolicka-gimnazija.hr\/wp-content\/uploads\/2023\/05\/20230420_132548-300x225.jpg 300w, https:\/\/katolicka-gimnazija.hr\/wp-content\/uploads\/2023\/05\/20230420_132548-1024x768.jpg 1024w, https:\/\/katolicka-gimnazija.hr\/wp-content\/uploads\/2023\/05\/20230420_132548-768x576.jpg 768w, https:\/\/katolicka-gimnazija.hr\/wp-content\/uploads\/2023\/05\/20230420_132548-1536x1152.jpg 1536w, https:\/\/katolicka-gimnazija.hr\/wp-content\/uploads\/2023\/05\/20230420_132548-2048x1536.jpg 2048w, https:\/\/katolicka-gimnazija.hr\/wp-content\/uploads\/2023\/05\/20230420_132548-400x300.jpg 400w\" sizes=\"auto, (max-width: 300px) 100vw, 300px\" \/><\/a> <a href=\"http:\/\/katolicka-gimnazija.hr\/wp-content\/uploads\/2023\/05\/20230420_132602-scaled.jpg\"><img loading=\"lazy\" decoding=\"async\" class=\"alignnone size-medium wp-image-29074\" src=\"http:\/\/katolicka-gimnazija.hr\/wp-content\/uploads\/2023\/05\/20230420_132602-300x225.jpg\" alt=\"\" width=\"300\" height=\"225\" srcset=\"https:\/\/katolicka-gimnazija.hr\/wp-content\/uploads\/2023\/05\/20230420_132602-300x225.jpg 300w, https:\/\/katolicka-gimnazija.hr\/wp-content\/uploads\/2023\/05\/20230420_132602-1024x768.jpg 1024w, https:\/\/katolicka-gimnazija.hr\/wp-content\/uploads\/2023\/05\/20230420_132602-768x576.jpg 768w, https:\/\/katolicka-gimnazija.hr\/wp-content\/uploads\/2023\/05\/20230420_132602-1536x1152.jpg 1536w, https:\/\/katolicka-gimnazija.hr\/wp-content\/uploads\/2023\/05\/20230420_132602-2048x1536.jpg 2048w, https:\/\/katolicka-gimnazija.hr\/wp-content\/uploads\/2023\/05\/20230420_132602-400x300.jpg 400w\" sizes=\"auto, (max-width: 300px) 100vw, 300px\" \/><\/a> <a href=\"http:\/\/katolicka-gimnazija.hr\/wp-content\/uploads\/2023\/05\/20230420_132619-scaled.jpg\"><img loading=\"lazy\" decoding=\"async\" class=\"alignnone size-medium wp-image-29075\" src=\"http:\/\/katolicka-gimnazija.hr\/wp-content\/uploads\/2023\/05\/20230420_132619-300x225.jpg\" alt=\"\" width=\"300\" height=\"225\" srcset=\"https:\/\/katolicka-gimnazija.hr\/wp-content\/uploads\/2023\/05\/20230420_132619-300x225.jpg 300w, https:\/\/katolicka-gimnazija.hr\/wp-content\/uploads\/2023\/05\/20230420_132619-1024x768.jpg 1024w, https:\/\/katolicka-gimnazija.hr\/wp-content\/uploads\/2023\/05\/20230420_132619-768x576.jpg 768w, https:\/\/katolicka-gimnazija.hr\/wp-content\/uploads\/2023\/05\/20230420_132619-1536x1152.jpg 1536w, https:\/\/katolicka-gimnazija.hr\/wp-content\/uploads\/2023\/05\/20230420_132619-2048x1536.jpg 2048w, https:\/\/katolicka-gimnazija.hr\/wp-content\/uploads\/2023\/05\/20230420_132619-400x300.jpg 400w\" sizes=\"auto, (max-width: 300px) 100vw, 300px\" \/><\/a> <a href=\"http:\/\/katolicka-gimnazija.hr\/wp-content\/uploads\/2023\/05\/20230505_105926-scaled.jpg\"><img loading=\"lazy\" decoding=\"async\" class=\"alignnone size-medium wp-image-29076\" src=\"http:\/\/katolicka-gimnazija.hr\/wp-content\/uploads\/2023\/05\/20230505_105926-300x225.jpg\" alt=\"\" width=\"300\" height=\"225\" srcset=\"https:\/\/katolicka-gimnazija.hr\/wp-content\/uploads\/2023\/05\/20230505_105926-300x225.jpg 300w, https:\/\/katolicka-gimnazija.hr\/wp-content\/uploads\/2023\/05\/20230505_105926-1024x768.jpg 1024w, https:\/\/katolicka-gimnazija.hr\/wp-content\/uploads\/2023\/05\/20230505_105926-768x576.jpg 768w, https:\/\/katolicka-gimnazija.hr\/wp-content\/uploads\/2023\/05\/20230505_105926-1536x1152.jpg 1536w, https:\/\/katolicka-gimnazija.hr\/wp-content\/uploads\/2023\/05\/20230505_105926-2048x1536.jpg 2048w, https:\/\/katolicka-gimnazija.hr\/wp-content\/uploads\/2023\/05\/20230505_105926-400x300.jpg 400w\" sizes=\"auto, (max-width: 300px) 100vw, 300px\" \/><\/a> <a href=\"http:\/\/katolicka-gimnazija.hr\/wp-content\/uploads\/2023\/05\/20230502_115546-scaled.jpg\"><img loading=\"lazy\" decoding=\"async\" class=\"alignnone size-medium wp-image-29077\" src=\"http:\/\/katolicka-gimnazija.hr\/wp-content\/uploads\/2023\/05\/20230502_115546-300x225.jpg\" alt=\"\" width=\"300\" height=\"225\" srcset=\"https:\/\/katolicka-gimnazija.hr\/wp-content\/uploads\/2023\/05\/20230502_115546-300x225.jpg 300w, https:\/\/katolicka-gimnazija.hr\/wp-content\/uploads\/2023\/05\/20230502_115546-1024x768.jpg 1024w, https:\/\/katolicka-gimnazija.hr\/wp-content\/uploads\/2023\/05\/20230502_115546-768x576.jpg 768w, https:\/\/katolicka-gimnazija.hr\/wp-content\/uploads\/2023\/05\/20230502_115546-1536x1152.jpg 1536w, https:\/\/katolicka-gimnazija.hr\/wp-content\/uploads\/2023\/05\/20230502_115546-2048x1536.jpg 2048w, https:\/\/katolicka-gimnazija.hr\/wp-content\/uploads\/2023\/05\/20230502_115546-400x300.jpg 400w\" sizes=\"auto, (max-width: 300px) 100vw, 300px\" \/><\/a> <a href=\"http:\/\/katolicka-gimnazija.hr\/wp-content\/uploads\/2023\/05\/20230502_115520-scaled.jpg\"><img loading=\"lazy\" decoding=\"async\" class=\"alignnone size-medium wp-image-29078\" src=\"http:\/\/katolicka-gimnazija.hr\/wp-content\/uploads\/2023\/05\/20230502_115520-300x225.jpg\" alt=\"\" width=\"300\" height=\"225\" srcset=\"https:\/\/katolicka-gimnazija.hr\/wp-content\/uploads\/2023\/05\/20230502_115520-300x225.jpg 300w, https:\/\/katolicka-gimnazija.hr\/wp-content\/uploads\/2023\/05\/20230502_115520-1024x768.jpg 1024w, https:\/\/katolicka-gimnazija.hr\/wp-content\/uploads\/2023\/05\/20230502_115520-768x576.jpg 768w, https:\/\/katolicka-gimnazija.hr\/wp-content\/uploads\/2023\/05\/20230502_115520-1536x1152.jpg 1536w, https:\/\/katolicka-gimnazija.hr\/wp-content\/uploads\/2023\/05\/20230502_115520-2048x1536.jpg 2048w, https:\/\/katolicka-gimnazija.hr\/wp-content\/uploads\/2023\/05\/20230502_115520-400x300.jpg 400w\" sizes=\"auto, (max-width: 300px) 100vw, 300px\" \/><\/a> <a href=\"http:\/\/katolicka-gimnazija.hr\/wp-content\/uploads\/2023\/05\/20230505_110553-scaled.jpg\"><img loading=\"lazy\" decoding=\"async\" class=\"alignnone size-medium wp-image-29079\" src=\"http:\/\/katolicka-gimnazija.hr\/wp-content\/uploads\/2023\/05\/20230505_110553-225x300.jpg\" alt=\"\" width=\"225\" height=\"300\" srcset=\"https:\/\/katolicka-gimnazija.hr\/wp-content\/uploads\/2023\/05\/20230505_110553-225x300.jpg 225w, https:\/\/katolicka-gimnazija.hr\/wp-content\/uploads\/2023\/05\/20230505_110553-768x1024.jpg 768w, https:\/\/katolicka-gimnazija.hr\/wp-content\/uploads\/2023\/05\/20230505_110553-1152x1536.jpg 1152w, https:\/\/katolicka-gimnazija.hr\/wp-content\/uploads\/2023\/05\/20230505_110553-1536x2048.jpg 1536w, https:\/\/katolicka-gimnazija.hr\/wp-content\/uploads\/2023\/05\/20230505_110553-scaled.jpg 1920w\" sizes=\"auto, (max-width: 225px) 100vw, 225px\" \/><\/a><\/p>\n","protected":false},"excerpt":{"rendered":"<p>Tijekom mjeseca travnja i svibnja, u\u010denici 1.a, 1.b, 3.a i 3.b razreda pod vodstvom prof. engleskog jezika, Ivane Zovko, uputili su se u \u0161kolsku knji\u017enicu, te uz pomo\u0107 knji\u017eni\u010darke Manuele Matijevi\u0107 odabrali jednu knjigu na engleskom jeziku u bogatoj ponudi knjiga na engleskom jeziku. Nakon toga, u ne\u0161to druga\u010dijoj atmosferi i okru\u017eenju nego ina\u010de, proveli [&hellip;]<\/p>\n","protected":false},"author":99,"featured_media":29062,"comment_status":"closed","ping_status":"closed","sticky":false,"template":"","format":"standard","meta":{"footnotes":""},"categories":[2],"tags":[],"class_list":["post-29058","post","type-post","status-publish","format-standard","has-post-thumbnail","hentry","category-vijesti"],"_links":{"self":[{"href":"https:\/\/katolicka-gimnazija.hr\/index.php\/wp-json\/wp\/v2\/posts\/29058","targetHints":{"allow":["GET"]}}],"collection":[{"href":"https:\/\/katolicka-gimnazija.hr\/index.php\/wp-json\/wp\/v2\/posts"}],"about":[{"href":"https:\/\/katolicka-gimnazija.hr\/index.php\/wp-json\/wp\/v2\/types\/post"}],"author":[{"embeddable":true,"href":"https:\/\/katolicka-gimnazija.hr\/index.php\/wp-json\/wp\/v2\/users\/99"}],"replies":[{"embeddable":true,"href":"https:\/\/katolicka-gimnazija.hr\/index.php\/wp-json\/wp\/v2\/comments?post=29058"}],"version-history":[{"count":2,"href":"https:\/\/katolicka-gimnazija.hr\/index.php\/wp-json\/wp\/v2\/posts\/29058\/revisions"}],"predecessor-version":[{"id":29082,"href":"https:\/\/katolicka-gimnazija.hr\/index.php\/wp-json\/wp\/v2\/posts\/29058\/revisions\/29082"}],"wp:featuredmedia":[{"embeddable":true,"href":"https:\/\/katolicka-gimnazija.hr\/index.php\/wp-json\/wp\/v2\/media\/29062"}],"wp:attachment":[{"href":"https:\/\/katolicka-gimnazija.hr\/index.php\/wp-json\/wp\/v2\/media?parent=29058"}],"wp:term":[{"taxonomy":"category","embeddable":true,"href":"https:\/\/katolicka-gimnazija.hr\/index.php\/wp-json\/wp\/v2\/categories?post=29058"},{"taxonomy":"post_tag","embeddable":true,"href":"https:\/\/katolicka-gimnazija.hr\/index.php\/wp-json\/wp\/v2\/tags?post=29058"}],"curies":[{"name":"wp","href":"https:\/\/api.w.org\/{rel}","templated":true}]}}