{"id":29302,"date":"2023-06-02T12:47:58","date_gmt":"2023-06-02T12:47:58","guid":{"rendered":"http:\/\/katolicka-gimnazija.hr\/?p=29302"},"modified":"2023-06-06T08:21:04","modified_gmt":"2023-06-06T08:21:04","slug":"provedena-anketa-o-zadovoljstvu-ucenika-kg-a-uslugama-skolske-knjiznice","status":"publish","type":"post","link":"https:\/\/katolicka-gimnazija.hr\/index.php\/2023\/06\/02\/provedena-anketa-o-zadovoljstvu-ucenika-kg-a-uslugama-skolske-knjiznice\/","title":{"rendered":"Provedena anketa o zadovoljstvu u\u010denika KG-a uslugama \u0161kolske knji\u017enice"},"content":{"rendered":"<p>Kliknite da biste pristupili rezultatima provedene ankete: <strong><a href=\"http:\/\/katolicka-gimnazija.hr\/wp-content\/uploads\/2023\/06\/Za-web-Zadovoljstvo-ucenika-uslugama-skolske-knjiznice-analiza-rezultata.pdf\">Zadovoljstvo u\u010denika uslugama \u0161kolske knji\u017enice-analiza rezultata<\/a><\/strong><\/p>\n","protected":false},"excerpt":{"rendered":"<p>Kliknite da biste pristupili rezultatima provedene ankete: Zadovoljstvo u\u010denika uslugama \u0161kolske knji\u017enice-analiza rezultata<\/p>\n","protected":false},"author":99,"featured_media":29309,"comment_status":"closed","ping_status":"closed","sticky":false,"template":"","format":"standard","meta":{"footnotes":""},"categories":[2],"tags":[],"class_list":["post-29302","post","type-post","status-publish","format-standard","has-post-thumbnail","hentry","category-vijesti"],"_links":{"self":[{"href":"https:\/\/katolicka-gimnazija.hr\/index.php\/wp-json\/wp\/v2\/posts\/29302","targetHints":{"allow":["GET"]}}],"collection":[{"href":"https:\/\/katolicka-gimnazija.hr\/index.php\/wp-json\/wp\/v2\/posts"}],"about":[{"href":"https:\/\/katolicka-gimnazija.hr\/index.php\/wp-json\/wp\/v2\/types\/post"}],"author":[{"embeddable":true,"href":"https:\/\/katolicka-gimnazija.hr\/index.php\/wp-json\/wp\/v2\/users\/99"}],"replies":[{"embeddable":true,"href":"https:\/\/katolicka-gimnazija.hr\/index.php\/wp-json\/wp\/v2\/comments?post=29302"}],"version-history":[{"count":4,"href":"https:\/\/katolicka-gimnazija.hr\/index.php\/wp-json\/wp\/v2\/posts\/29302\/revisions"}],"predecessor-version":[{"id":29308,"href":"https:\/\/katolicka-gimnazija.hr\/index.php\/wp-json\/wp\/v2\/posts\/29302\/revisions\/29308"}],"wp:featuredmedia":[{"embeddable":true,"href":"https:\/\/katolicka-gimnazija.hr\/index.php\/wp-json\/wp\/v2\/media\/29309"}],"wp:attachment":[{"href":"https:\/\/katolicka-gimnazija.hr\/index.php\/wp-json\/wp\/v2\/media?parent=29302"}],"wp:term":[{"taxonomy":"category","embeddable":true,"href":"https:\/\/katolicka-gimnazija.hr\/index.php\/wp-json\/wp\/v2\/categories?post=29302"},{"taxonomy":"post_tag","embeddable":true,"href":"https:\/\/katolicka-gimnazija.hr\/index.php\/wp-json\/wp\/v2\/tags?post=29302"}],"curies":[{"name":"wp","href":"https:\/\/api.w.org\/{rel}","templated":true}]}}