{"id":29424,"date":"2023-06-19T06:44:43","date_gmt":"2023-06-19T06:44:43","guid":{"rendered":"http:\/\/katolicka-gimnazija.hr\/?p=29424"},"modified":"2023-06-27T08:08:18","modified_gmt":"2023-06-27T08:08:18","slug":"upis-u-prvi-razred-u-skolskoj-godini-2023-2024","status":"publish","type":"post","link":"https:\/\/katolicka-gimnazija.hr\/index.php\/2023\/06\/19\/upis-u-prvi-razred-u-skolskoj-godini-2023-2024\/","title":{"rendered":"UPIS U PRVI RAZRED U \u0160KOLSKOJ GODINI 2023.\/2024."},"content":{"rendered":"<p class=\"x_MsoNormal\">Natje\u010daj za upis u\u010denika u I. razred srednje \u0161kole u \u0161kolskoj godini<\/p>\n<p class=\"x_MsoNormal\">Roditelj\/Skrbnik i u\u010denik su obvezni poslati ispunjenu anketu koja je na poveznici (kliknite da biste otvorili vezu)\u00a0<a href=\"https:\/\/forms.gle\/xU65JZL5v4FQwNLU9\" target=\"_blank\" rel=\"noopener noreferrer\" data-auth=\"NotApplicable\" data-linkindex=\"1\">https:\/\/forms.gle\/xU65JZL5v4FQwNLU9<\/a>\u00a0.<\/p>\n<p class=\"x_MsoNormal\">Anketa se ispunjava nakon objave kona\u010dnih ljestvica poretka, odnosno ako se u Katoli\u010dku gimnaziju s pravom javnosti u\u010denik upisao.<\/p>\n<p class=\"x_MsoNormal\">Datum dostavljanja upisnice ako se upisnica dostavlja dolaskom u Katoli\u010dku gimnaziju s pravom javnosti i zaprimanja dokumenata tako\u0111er dolaskom u Katoli\u010dku gimnaziju s pravom javnosti:<\/p>\n<p class=\"x_MsoNormal\">&#8211; u ljetnom upisnom roku 10. i 11. 7. 2023. od 8 do 16 sati;<\/p>\n<p class=\"x_MsoNormal\">&#8211; u jesenskom upisnom roku 26. 8. 2023. od 8 do 16 sati.<\/p>\n<p>&nbsp;<\/p>\n<p>Natje\u010daj:<\/p>\n<p><a href=\"http:\/\/katolicka-gimnazija.hr\/wp-content\/uploads\/2023\/06\/Katolicka-gimnazija-u-Pozegi_natjecaj-za-upis-ucenika-u-I.-razred-u-skolskoj-godini-2023.-2024.docx\">Katoli\u010dka gimnazija u Po\u017eegi_natje\u010daj za upis u\u010denika u I. razred u \u0161kolskoj godini 2023.-2024.<\/a><\/p>\n","protected":false},"excerpt":{"rendered":"<p>Natje\u010daj za upis u\u010denika u I. razred srednje \u0161kole u \u0161kolskoj godini Roditelj\/Skrbnik i u\u010denik su obvezni poslati ispunjenu anketu koja je na poveznici (kliknite da biste otvorili vezu)\u00a0https:\/\/forms.gle\/xU65JZL5v4FQwNLU9\u00a0. Anketa se ispunjava nakon objave kona\u010dnih ljestvica poretka, odnosno ako se u Katoli\u010dku gimnaziju s pravom javnosti u\u010denik upisao. Datum dostavljanja upisnice ako se upisnica dostavlja [&hellip;]<\/p>\n","protected":false},"author":99,"featured_media":29425,"comment_status":"closed","ping_status":"closed","sticky":false,"template":"","format":"standard","meta":{"footnotes":""},"categories":[3,2],"tags":[],"class_list":["post-29424","post","type-post","status-publish","format-standard","has-post-thumbnail","hentry","category-obavijesti","category-vijesti"],"_links":{"self":[{"href":"https:\/\/katolicka-gimnazija.hr\/index.php\/wp-json\/wp\/v2\/posts\/29424","targetHints":{"allow":["GET"]}}],"collection":[{"href":"https:\/\/katolicka-gimnazija.hr\/index.php\/wp-json\/wp\/v2\/posts"}],"about":[{"href":"https:\/\/katolicka-gimnazija.hr\/index.php\/wp-json\/wp\/v2\/types\/post"}],"author":[{"embeddable":true,"href":"https:\/\/katolicka-gimnazija.hr\/index.php\/wp-json\/wp\/v2\/users\/99"}],"replies":[{"embeddable":true,"href":"https:\/\/katolicka-gimnazija.hr\/index.php\/wp-json\/wp\/v2\/comments?post=29424"}],"version-history":[{"count":4,"href":"https:\/\/katolicka-gimnazija.hr\/index.php\/wp-json\/wp\/v2\/posts\/29424\/revisions"}],"predecessor-version":[{"id":29464,"href":"https:\/\/katolicka-gimnazija.hr\/index.php\/wp-json\/wp\/v2\/posts\/29424\/revisions\/29464"}],"wp:featuredmedia":[{"embeddable":true,"href":"https:\/\/katolicka-gimnazija.hr\/index.php\/wp-json\/wp\/v2\/media\/29425"}],"wp:attachment":[{"href":"https:\/\/katolicka-gimnazija.hr\/index.php\/wp-json\/wp\/v2\/media?parent=29424"}],"wp:term":[{"taxonomy":"category","embeddable":true,"href":"https:\/\/katolicka-gimnazija.hr\/index.php\/wp-json\/wp\/v2\/categories?post=29424"},{"taxonomy":"post_tag","embeddable":true,"href":"https:\/\/katolicka-gimnazija.hr\/index.php\/wp-json\/wp\/v2\/tags?post=29424"}],"curies":[{"name":"wp","href":"https:\/\/api.w.org\/{rel}","templated":true}]}}