{"id":29452,"date":"2023-06-21T11:41:08","date_gmt":"2023-06-21T11:41:08","guid":{"rendered":"http:\/\/katolicka-gimnazija.hr\/?p=29452"},"modified":"2023-06-21T11:41:08","modified_gmt":"2023-06-21T11:41:08","slug":"najava-promjena-u-radu-i-organizaciji-tijekom-ljetnog-odmora-za-ucenike-za-skolsku-godinu-2022-2023","status":"publish","type":"post","link":"https:\/\/katolicka-gimnazija.hr\/index.php\/2023\/06\/21\/najava-promjena-u-radu-i-organizaciji-tijekom-ljetnog-odmora-za-ucenike-za-skolsku-godinu-2022-2023\/","title":{"rendered":"Najava promjena u radu i organizaciji tijekom ljetnog odmora za u\u010denike za \u0161kolsku godinu 2022.\/2023."},"content":{"rendered":"<p class=\"x_MsoNormal\">Ljetni odmor za u\u010denike za \u0161kolsku godinu 2022.\/2023. po\u010det \u0107e 23. lipnja 2023.,\u00a0osim za u\u010denike koji imaju dopunski nastavni rad,\u00a0i zavr\u0161it \u0107e 31. kolovoza 2023., dok \u0107e nastavna godina u sljede\u0107oj \u0161kolskoj godini 2023.\/2024. po\u010deti 4. rujna 2023.<\/p>\n<p class=\"x_MsoNormal\">\n<p class=\"x_MsoNormal\">Najavljujemo roditeljima i u\u010denicima promjene u radu i organizaciji zaposlenih u \u0161kolskoj slu\u017ebi koji \u0107e zbog ljetnog odmora za u\u010denike i godi\u0161njeg odmora radnika promijeniti radno vrijeme sa strankama.<\/p>\n<p class=\"x_MsoNormal\" aria-hidden=\"true\">\n<p class=\"x_MsoNormal\">Tijekom najavljenog ljetnog odmora za u\u010denike za \u0161kolsku godinu 2022.\/2023. sa strankama Tajnica \u0161kole \u0107e raditi prema rasporedu radnog vremena:<\/p>\n<p class=\"x_MsoNormal\">od 23. 6. do 14. 7. 2023. od 08:00 do 14:00 sati,<\/p>\n<p class=\"x_MsoNormal\">od 17. 7. do 21. 7. 2023. od 08:00 do 12:00 sati i<\/p>\n<p class=\"x_MsoNormal\">od 21. do 31. 8. 2023. od 08:00 do 14:00 sati.<\/p>\n<p class=\"x_MsoNormal\" aria-hidden=\"true\">\n<p class=\"x_MsoNormal\">Ostale informacije:<\/p>\n<p class=\"x_MsoNormal\"><b>\u00a0<\/b><\/p>\n<p class=\"x_MsoListParagraph\">Trajanje\u00a0<b>dopunskog nastavnog rada<\/b>\u00a0po nastavnim predmetima bit \u0107e objavljeno na ovim mre\u017enim stranicama i oglasnoj plo\u010di na\u0161e \u0161kole na ulazu u zgradu.<\/p>\n<p class=\"x_MsoNormal\"><b>\u00a0<\/b><\/p>\n<p class=\"x_MsoListParagraph\">U slu\u010daju\u00a0<b>popravnog ispita<\/b>\u00a0termini \u0107e tako\u0111er biti objavljeni na ovim mre\u017enim stranicama i oglasnoj plo\u010di na\u0161e \u0161kole na ulazu u zgradu, a\u00a0polaganje se mo\u017ee prijaviti iznimno i na dan polaganja.<\/p>\n<p class=\"x_MsoNormal\" aria-hidden=\"true\">\n<p class=\"x_MsoNormal\">Ugovor o\u00a0<b>povremenom radu redovitog u\u010denika<\/b>\u00a0mo\u017eemo sklopiti ako nam do 19. 7. 2023. u\u010denik na\u0161e \u0161kole po\u0161alje zahtjev za<b>\u00a0<\/b>posredovanje za povremeni rad i dostavi fotografiju za \u010dlansku iskaznicu te ako za maloljetnog u\u010denika supotpi\u0161e roditelj ili skrbnik, dok sklapanje za u\u010denika mla\u0111eg od 15 godina ovisi o pisanoj suglasnosti nadle\u017enog inspektora.<\/p>\n<p class=\"x_MsoNormal\"><b>\u00a0<\/b><\/p>\n<p class=\"x_MsoNormal\"><b>Obrazac za prijavu u studentski dom<\/b>\u00a0ovjeravamo i prije objave rezultata ispita dr\u017eavne mature i obrasce za vi\u0161e studentskih domova, bez naplate.<\/p>\n<p class=\"x_MsoNormal\" aria-hidden=\"true\">\n<p class=\"x_MsoListParagraph\">Slaganje<b>\u00a0preslike svjedod\u017ebe\u00a0<\/b>s njezinim izvornikom<b>\u00a0<\/b>ovla\u0161ten je<b>\u00a0<\/b>potvrditi javni bilje\u017enik.<\/p>\n<p class=\"x_MsoNormal\" aria-hidden=\"true\">\n<p class=\"x_MsoNormal\">Ispis\u00a0<b>potvrda<\/b>\u00a0o statusu u\u010denika omogu\u0107en je u e-Dnevniku za u\u010denike i roditelje, a elektroni\u010dki zapis potvrde valjan je bez potpisa i \u017eiga.<\/p>\n<p class=\"x_MsoListParagraphCxSpFirst\">\n<p class=\"x_MsoListParagraphCxSpLast\">Popis\u00a0<b>ud\u017ebenika i komercijalnih drugih obrazovnih materijala<\/b>\u00a0objavljen je na ovim mre\u017enim stranicama. O ud\u017ebenicima i komercijalnim drugim obrazovnim materijalima u\u010denike \u0107e informirati i nastavnici na prvom nastavnom satu u sljede\u0107oj nastavnoj godini 2023.\/2024.<\/p>\n<p class=\"x_MsoNormal\" aria-hidden=\"true\">\n<p class=\"x_MsoListParagraph\">O dostavi\u00a0<b>zahtjeva roditelja i u\u010denika\u00a0<\/b>koji su u vezi njihovog pravnog interesa<b>\u00a0<\/b>preporu\u010damo informirati se kod Tajnice \u0161kole ili zahtjeve<b>\u00a0<\/b>dostavljati od 21. 8. 2023. jer zahtjevi u odre\u0111enom razdoblju ne mogu biti rije\u0161eni zbog godi\u0161njeg odmora.<\/p>\n<p class=\"x_MsoNormal\" aria-hidden=\"true\">\n<p class=\"x_MsoNormal\">Od 1. rujna 2023. zaposleni u \u0161kolskoj slu\u017ebi radit \u0107e prema redovitom rasporedu radnog vremena.<\/p>\n<p class=\"x_MsoNormal\" aria-hidden=\"true\">\n<p class=\"x_MsoNormal\">Tajnica \u0161kole<\/p>\n","protected":false},"excerpt":{"rendered":"<p>Ljetni odmor za u\u010denike za \u0161kolsku godinu 2022.\/2023. po\u010det \u0107e 23. lipnja 2023.,\u00a0osim za u\u010denike koji imaju dopunski nastavni rad,\u00a0i zavr\u0161it \u0107e 31. kolovoza 2023., dok \u0107e nastavna godina u sljede\u0107oj \u0161kolskoj godini 2023.\/2024. po\u010deti 4. rujna 2023. Najavljujemo roditeljima i u\u010denicima promjene u radu i organizaciji zaposlenih u \u0161kolskoj slu\u017ebi koji \u0107e zbog ljetnog [&hellip;]<\/p>\n","protected":false},"author":99,"featured_media":29425,"comment_status":"closed","ping_status":"closed","sticky":false,"template":"","format":"standard","meta":{"footnotes":""},"categories":[2],"tags":[],"class_list":["post-29452","post","type-post","status-publish","format-standard","has-post-thumbnail","hentry","category-vijesti"],"_links":{"self":[{"href":"https:\/\/katolicka-gimnazija.hr\/index.php\/wp-json\/wp\/v2\/posts\/29452","targetHints":{"allow":["GET"]}}],"collection":[{"href":"https:\/\/katolicka-gimnazija.hr\/index.php\/wp-json\/wp\/v2\/posts"}],"about":[{"href":"https:\/\/katolicka-gimnazija.hr\/index.php\/wp-json\/wp\/v2\/types\/post"}],"author":[{"embeddable":true,"href":"https:\/\/katolicka-gimnazija.hr\/index.php\/wp-json\/wp\/v2\/users\/99"}],"replies":[{"embeddable":true,"href":"https:\/\/katolicka-gimnazija.hr\/index.php\/wp-json\/wp\/v2\/comments?post=29452"}],"version-history":[{"count":1,"href":"https:\/\/katolicka-gimnazija.hr\/index.php\/wp-json\/wp\/v2\/posts\/29452\/revisions"}],"predecessor-version":[{"id":29453,"href":"https:\/\/katolicka-gimnazija.hr\/index.php\/wp-json\/wp\/v2\/posts\/29452\/revisions\/29453"}],"wp:featuredmedia":[{"embeddable":true,"href":"https:\/\/katolicka-gimnazija.hr\/index.php\/wp-json\/wp\/v2\/media\/29425"}],"wp:attachment":[{"href":"https:\/\/katolicka-gimnazija.hr\/index.php\/wp-json\/wp\/v2\/media?parent=29452"}],"wp:term":[{"taxonomy":"category","embeddable":true,"href":"https:\/\/katolicka-gimnazija.hr\/index.php\/wp-json\/wp\/v2\/categories?post=29452"},{"taxonomy":"post_tag","embeddable":true,"href":"https:\/\/katolicka-gimnazija.hr\/index.php\/wp-json\/wp\/v2\/tags?post=29452"}],"curies":[{"name":"wp","href":"https:\/\/api.w.org\/{rel}","templated":true}]}}