{"id":29530,"date":"2023-08-09T07:21:26","date_gmt":"2023-08-09T07:21:26","guid":{"rendered":"http:\/\/katolicka-gimnazija.hr\/?p=29530"},"modified":"2023-08-09T07:22:15","modified_gmt":"2023-08-09T07:22:15","slug":"ljetna-skola-latinskoga-jezika","status":"publish","type":"post","link":"https:\/\/katolicka-gimnazija.hr\/index.php\/2023\/08\/09\/ljetna-skola-latinskoga-jezika\/","title":{"rendered":"Ljetna \u0161kola latinskoga jezika"},"content":{"rendered":"<div class=\"xdj266r x11i5rnm xat24cr x1mh8g0r x1vvkbs x126k92a\">Tempus Fugit! Vrijeme je doista letjelo na ovogodi\u0161njem 3. kampu latinskog jezika. Ovogodi\u0161nji kamp latinskog jezika odr\u017eao se u \u0160ibeniku od 17. do 30. srpnja. U\u010denici su imali predavanja i radionice koje su imale tematike anti\u010dkog doba u vrijeme Rima. Kamp je ugodno primio 20 u\u010denika i studenata iz Hrvatske i iz Bosne i Hercegovine. Predavanja su imala zanimljive sadr\u017eaje koje smo pratili i komunicirali na latinskom jeziku. Predavanja smo pratili uz knjigu Familia Romana u kojoj smo pro\u0161li 6 poglavlja u 2 tjedna. Kroz poglavlja smo u\u010dili nove rije\u010di, re\u010denice za komunikaciju u dru\u0161tvu i gramatiku. Prva radionica bila je na temu izreka i poslovica koje smo upisivali na glinene plo\u010dice i koje smo mogli ukra\u0161avati. Druga se radionica ticala rimskog nakita koji smo izra\u0111ivali, od bro\u0161eva pa do ogrlica. Jedna od zanimljivih to\u010daka bila je terenska nastava na otok Prvi\u0107 i razgledavanje muzeja Fausta Vran\u010di\u0107a. Na drugoj terenskoj nastavi razgledali smo grad \u0160ibenik i njegov stari grad, posjetili muzej Civitas Sacra te slu\u0161ali o izgradnji katedrale sv. Jakova apostola. Jedna od kra\u0107ih to\u010daka bila je Carmina Latina u sklopu koje smo recitirali poeziju, pjevali rimske pjesme i upoznali koliko je Rim u to vrijeme imao veliki utjecaj i u glazbenoj kulturi. Zadnjeg smo dana svi dobili diplome i uspje\u0161no zavr\u0161ili ovogodi\u0161nji kamp latinskog jezika. Zahvaljujemo se svim profesorima koji su nam dr\u017eala predavanja u ova dva tjedna a pogotovo mag. Ji\u0159\u00edju A. \u010cepel\u00e1ku, mag. Petru U\u0161kovi\u0107u Croati i mag. Marijanu Vodopiji. Do sljede\u0107e godine, vale!<\/div>\n<div class=\"x11i5rnm xat24cr x1mh8g0r x1vvkbs xtlvy1s x126k92a\">\n<div dir=\"auto\">\n<div class=\"xdj266r x11i5rnm xat24cr x1mh8g0r x1vvkbs x126k92a\">\n<div dir=\"auto\"><\/div>\n<\/div>\n<div class=\"x11i5rnm xat24cr x1mh8g0r x1vvkbs xtlvy1s x126k92a\">\n<div dir=\"auto\">Foto: Ljetna \u0161kola latinskoga jezika i kulture (za vi\u0161e fotografija posjetiti stranicu)<\/div>\n<div dir=\"auto\">\n<div id='gallery-1' class='gallery galleryid-29530 gallery-columns-3 gallery-size-medium'><figure class='gallery-item'>\n\t\t\t<div class='gallery-icon landscape'>\n\t\t\t\t<a href='https:\/\/katolicka-gimnazija.hr\/wp-content\/uploads\/2023\/08\/366018982_787179820075425_1406877576098009453_n.jpg'><img loading=\"lazy\" decoding=\"async\" width=\"300\" height=\"200\" src=\"https:\/\/katolicka-gimnazija.hr\/wp-content\/uploads\/2023\/08\/366018982_787179820075425_1406877576098009453_n-300x200.jpg\" class=\"attachment-medium size-medium\" alt=\"\" srcset=\"https:\/\/katolicka-gimnazija.hr\/wp-content\/uploads\/2023\/08\/366018982_787179820075425_1406877576098009453_n-300x200.jpg 300w, https:\/\/katolicka-gimnazija.hr\/wp-content\/uploads\/2023\/08\/366018982_787179820075425_1406877576098009453_n-1024x683.jpg 1024w, https:\/\/katolicka-gimnazija.hr\/wp-content\/uploads\/2023\/08\/366018982_787179820075425_1406877576098009453_n-768x512.jpg 768w, https:\/\/katolicka-gimnazija.hr\/wp-content\/uploads\/2023\/08\/366018982_787179820075425_1406877576098009453_n-1536x1024.jpg 1536w, https:\/\/katolicka-gimnazija.hr\/wp-content\/uploads\/2023\/08\/366018982_787179820075425_1406877576098009453_n-400x267.jpg 400w, https:\/\/katolicka-gimnazija.hr\/wp-content\/uploads\/2023\/08\/366018982_787179820075425_1406877576098009453_n.jpg 2048w\" sizes=\"auto, (max-width: 300px) 100vw, 300px\" \/><\/a>\n\t\t\t<\/div><\/figure><figure class='gallery-item'>\n\t\t\t<div class='gallery-icon landscape'>\n\t\t\t\t<a href='https:\/\/katolicka-gimnazija.hr\/wp-content\/uploads\/2023\/08\/365689335_787179993408741_7793754671796701171_n.jpg'><img loading=\"lazy\" decoding=\"async\" width=\"300\" height=\"225\" src=\"https:\/\/katolicka-gimnazija.hr\/wp-content\/uploads\/2023\/08\/365689335_787179993408741_7793754671796701171_n-300x225.jpg\" class=\"attachment-medium size-medium\" alt=\"\" srcset=\"https:\/\/katolicka-gimnazija.hr\/wp-content\/uploads\/2023\/08\/365689335_787179993408741_7793754671796701171_n-300x225.jpg 300w, https:\/\/katolicka-gimnazija.hr\/wp-content\/uploads\/2023\/08\/365689335_787179993408741_7793754671796701171_n-1024x768.jpg 1024w, https:\/\/katolicka-gimnazija.hr\/wp-content\/uploads\/2023\/08\/365689335_787179993408741_7793754671796701171_n-768x576.jpg 768w, https:\/\/katolicka-gimnazija.hr\/wp-content\/uploads\/2023\/08\/365689335_787179993408741_7793754671796701171_n-1536x1152.jpg 1536w, https:\/\/katolicka-gimnazija.hr\/wp-content\/uploads\/2023\/08\/365689335_787179993408741_7793754671796701171_n-400x300.jpg 400w, https:\/\/katolicka-gimnazija.hr\/wp-content\/uploads\/2023\/08\/365689335_787179993408741_7793754671796701171_n.jpg 2048w\" sizes=\"auto, (max-width: 300px) 100vw, 300px\" \/><\/a>\n\t\t\t<\/div><\/figure><figure class='gallery-item'>\n\t\t\t<div class='gallery-icon landscape'>\n\t\t\t\t<a href='https:\/\/katolicka-gimnazija.hr\/wp-content\/uploads\/2023\/08\/365673190_787179943408746_7227196077282407133_n.jpg'><img loading=\"lazy\" decoding=\"async\" width=\"300\" height=\"225\" src=\"https:\/\/katolicka-gimnazija.hr\/wp-content\/uploads\/2023\/08\/365673190_787179943408746_7227196077282407133_n-300x225.jpg\" class=\"attachment-medium size-medium\" alt=\"\" srcset=\"https:\/\/katolicka-gimnazija.hr\/wp-content\/uploads\/2023\/08\/365673190_787179943408746_7227196077282407133_n-300x225.jpg 300w, https:\/\/katolicka-gimnazija.hr\/wp-content\/uploads\/2023\/08\/365673190_787179943408746_7227196077282407133_n-1024x768.jpg 1024w, https:\/\/katolicka-gimnazija.hr\/wp-content\/uploads\/2023\/08\/365673190_787179943408746_7227196077282407133_n-768x576.jpg 768w, https:\/\/katolicka-gimnazija.hr\/wp-content\/uploads\/2023\/08\/365673190_787179943408746_7227196077282407133_n-1536x1152.jpg 1536w, https:\/\/katolicka-gimnazija.hr\/wp-content\/uploads\/2023\/08\/365673190_787179943408746_7227196077282407133_n-400x300.jpg 400w, https:\/\/katolicka-gimnazija.hr\/wp-content\/uploads\/2023\/08\/365673190_787179943408746_7227196077282407133_n.jpg 2048w\" sizes=\"auto, (max-width: 300px) 100vw, 300px\" \/><\/a>\n\t\t\t<\/div><\/figure><figure class='gallery-item'>\n\t\t\t<div class='gallery-icon landscape'>\n\t\t\t\t<a href='https:\/\/katolicka-gimnazija.hr\/wp-content\/uploads\/2023\/08\/365759385_787180116742062_4793977996837354526_n.jpg'><img loading=\"lazy\" decoding=\"async\" width=\"300\" height=\"200\" src=\"https:\/\/katolicka-gimnazija.hr\/wp-content\/uploads\/2023\/08\/365759385_787180116742062_4793977996837354526_n-300x200.jpg\" class=\"attachment-medium size-medium\" alt=\"\" srcset=\"https:\/\/katolicka-gimnazija.hr\/wp-content\/uploads\/2023\/08\/365759385_787180116742062_4793977996837354526_n-300x200.jpg 300w, https:\/\/katolicka-gimnazija.hr\/wp-content\/uploads\/2023\/08\/365759385_787180116742062_4793977996837354526_n-1024x683.jpg 1024w, https:\/\/katolicka-gimnazija.hr\/wp-content\/uploads\/2023\/08\/365759385_787180116742062_4793977996837354526_n-768x512.jpg 768w, https:\/\/katolicka-gimnazija.hr\/wp-content\/uploads\/2023\/08\/365759385_787180116742062_4793977996837354526_n-1536x1024.jpg 1536w, https:\/\/katolicka-gimnazija.hr\/wp-content\/uploads\/2023\/08\/365759385_787180116742062_4793977996837354526_n-400x267.jpg 400w, https:\/\/katolicka-gimnazija.hr\/wp-content\/uploads\/2023\/08\/365759385_787180116742062_4793977996837354526_n.jpg 2048w\" sizes=\"auto, (max-width: 300px) 100vw, 300px\" \/><\/a>\n\t\t\t<\/div><\/figure><figure class='gallery-item'>\n\t\t\t<div class='gallery-icon landscape'>\n\t\t\t\t<a href='https:\/\/katolicka-gimnazija.hr\/wp-content\/uploads\/2023\/08\/365724184_787180326742041_8278449187901852584_n.jpg'><img loading=\"lazy\" decoding=\"async\" width=\"300\" height=\"225\" src=\"https:\/\/katolicka-gimnazija.hr\/wp-content\/uploads\/2023\/08\/365724184_787180326742041_8278449187901852584_n-300x225.jpg\" class=\"attachment-medium size-medium\" alt=\"\" srcset=\"https:\/\/katolicka-gimnazija.hr\/wp-content\/uploads\/2023\/08\/365724184_787180326742041_8278449187901852584_n-300x225.jpg 300w, https:\/\/katolicka-gimnazija.hr\/wp-content\/uploads\/2023\/08\/365724184_787180326742041_8278449187901852584_n-1024x768.jpg 1024w, https:\/\/katolicka-gimnazija.hr\/wp-content\/uploads\/2023\/08\/365724184_787180326742041_8278449187901852584_n-768x576.jpg 768w, https:\/\/katolicka-gimnazija.hr\/wp-content\/uploads\/2023\/08\/365724184_787180326742041_8278449187901852584_n-1536x1152.jpg 1536w, https:\/\/katolicka-gimnazija.hr\/wp-content\/uploads\/2023\/08\/365724184_787180326742041_8278449187901852584_n-400x300.jpg 400w, https:\/\/katolicka-gimnazija.hr\/wp-content\/uploads\/2023\/08\/365724184_787180326742041_8278449187901852584_n.jpg 2048w\" sizes=\"auto, (max-width: 300px) 100vw, 300px\" \/><\/a>\n\t\t\t<\/div><\/figure><figure class='gallery-item'>\n\t\t\t<div class='gallery-icon landscape'>\n\t\t\t\t<a href='https:\/\/katolicka-gimnazija.hr\/wp-content\/uploads\/2023\/08\/365722889_787180213408719_6955996747078205417_n.jpg'><img loading=\"lazy\" decoding=\"async\" width=\"300\" height=\"225\" src=\"https:\/\/katolicka-gimnazija.hr\/wp-content\/uploads\/2023\/08\/365722889_787180213408719_6955996747078205417_n-300x225.jpg\" class=\"attachment-medium size-medium\" alt=\"\" srcset=\"https:\/\/katolicka-gimnazija.hr\/wp-content\/uploads\/2023\/08\/365722889_787180213408719_6955996747078205417_n-300x225.jpg 300w, https:\/\/katolicka-gimnazija.hr\/wp-content\/uploads\/2023\/08\/365722889_787180213408719_6955996747078205417_n-1024x768.jpg 1024w, https:\/\/katolicka-gimnazija.hr\/wp-content\/uploads\/2023\/08\/365722889_787180213408719_6955996747078205417_n-768x576.jpg 768w, https:\/\/katolicka-gimnazija.hr\/wp-content\/uploads\/2023\/08\/365722889_787180213408719_6955996747078205417_n-1536x1152.jpg 1536w, https:\/\/katolicka-gimnazija.hr\/wp-content\/uploads\/2023\/08\/365722889_787180213408719_6955996747078205417_n-400x300.jpg 400w, https:\/\/katolicka-gimnazija.hr\/wp-content\/uploads\/2023\/08\/365722889_787180213408719_6955996747078205417_n.jpg 2048w\" sizes=\"auto, (max-width: 300px) 100vw, 300px\" \/><\/a>\n\t\t\t<\/div><\/figure><figure class='gallery-item'>\n\t\t\t<div class='gallery-icon landscape'>\n\t\t\t\t<a href='https:\/\/katolicka-gimnazija.hr\/wp-content\/uploads\/2023\/08\/365699470_787180266742047_1552632482490991130_n.jpg'><img loading=\"lazy\" decoding=\"async\" width=\"300\" height=\"225\" src=\"https:\/\/katolicka-gimnazija.hr\/wp-content\/uploads\/2023\/08\/365699470_787180266742047_1552632482490991130_n-300x225.jpg\" class=\"attachment-medium size-medium\" alt=\"\" srcset=\"https:\/\/katolicka-gimnazija.hr\/wp-content\/uploads\/2023\/08\/365699470_787180266742047_1552632482490991130_n-300x225.jpg 300w, https:\/\/katolicka-gimnazija.hr\/wp-content\/uploads\/2023\/08\/365699470_787180266742047_1552632482490991130_n-1024x768.jpg 1024w, https:\/\/katolicka-gimnazija.hr\/wp-content\/uploads\/2023\/08\/365699470_787180266742047_1552632482490991130_n-768x576.jpg 768w, https:\/\/katolicka-gimnazija.hr\/wp-content\/uploads\/2023\/08\/365699470_787180266742047_1552632482490991130_n-1536x1152.jpg 1536w, https:\/\/katolicka-gimnazija.hr\/wp-content\/uploads\/2023\/08\/365699470_787180266742047_1552632482490991130_n-400x300.jpg 400w, https:\/\/katolicka-gimnazija.hr\/wp-content\/uploads\/2023\/08\/365699470_787180266742047_1552632482490991130_n.jpg 2048w\" sizes=\"auto, (max-width: 300px) 100vw, 300px\" \/><\/a>\n\t\t\t<\/div><\/figure><figure class='gallery-item'>\n\t\t\t<div class='gallery-icon landscape'>\n\t\t\t\t<a href='https:\/\/katolicka-gimnazija.hr\/wp-content\/uploads\/2023\/08\/365707606_787179693408771_803098449344021964_n.jpg'><img loading=\"lazy\" decoding=\"async\" width=\"300\" height=\"200\" src=\"https:\/\/katolicka-gimnazija.hr\/wp-content\/uploads\/2023\/08\/365707606_787179693408771_803098449344021964_n-300x200.jpg\" class=\"attachment-medium size-medium\" alt=\"\" srcset=\"https:\/\/katolicka-gimnazija.hr\/wp-content\/uploads\/2023\/08\/365707606_787179693408771_803098449344021964_n-300x200.jpg 300w, https:\/\/katolicka-gimnazija.hr\/wp-content\/uploads\/2023\/08\/365707606_787179693408771_803098449344021964_n-1024x683.jpg 1024w, https:\/\/katolicka-gimnazija.hr\/wp-content\/uploads\/2023\/08\/365707606_787179693408771_803098449344021964_n-768x512.jpg 768w, https:\/\/katolicka-gimnazija.hr\/wp-content\/uploads\/2023\/08\/365707606_787179693408771_803098449344021964_n-1536x1024.jpg 1536w, https:\/\/katolicka-gimnazija.hr\/wp-content\/uploads\/2023\/08\/365707606_787179693408771_803098449344021964_n-400x267.jpg 400w, https:\/\/katolicka-gimnazija.hr\/wp-content\/uploads\/2023\/08\/365707606_787179693408771_803098449344021964_n.jpg 2048w\" sizes=\"auto, (max-width: 300px) 100vw, 300px\" \/><\/a>\n\t\t\t<\/div><\/figure><figure class='gallery-item'>\n\t\t\t<div class='gallery-icon landscape'>\n\t\t\t\t<a href='https:\/\/katolicka-gimnazija.hr\/wp-content\/uploads\/2023\/08\/365729453_787179726742101_3114111290773199324_n.jpg'><img loading=\"lazy\" decoding=\"async\" width=\"300\" height=\"225\" src=\"https:\/\/katolicka-gimnazija.hr\/wp-content\/uploads\/2023\/08\/365729453_787179726742101_3114111290773199324_n-300x225.jpg\" class=\"attachment-medium size-medium\" alt=\"\" srcset=\"https:\/\/katolicka-gimnazija.hr\/wp-content\/uploads\/2023\/08\/365729453_787179726742101_3114111290773199324_n-300x225.jpg 300w, https:\/\/katolicka-gimnazija.hr\/wp-content\/uploads\/2023\/08\/365729453_787179726742101_3114111290773199324_n-1024x768.jpg 1024w, https:\/\/katolicka-gimnazija.hr\/wp-content\/uploads\/2023\/08\/365729453_787179726742101_3114111290773199324_n-768x576.jpg 768w, https:\/\/katolicka-gimnazija.hr\/wp-content\/uploads\/2023\/08\/365729453_787179726742101_3114111290773199324_n-1536x1152.jpg 1536w, https:\/\/katolicka-gimnazija.hr\/wp-content\/uploads\/2023\/08\/365729453_787179726742101_3114111290773199324_n-400x300.jpg 400w, https:\/\/katolicka-gimnazija.hr\/wp-content\/uploads\/2023\/08\/365729453_787179726742101_3114111290773199324_n.jpg 2048w\" sizes=\"auto, (max-width: 300px) 100vw, 300px\" \/><\/a>\n\t\t\t<\/div><\/figure><figure class='gallery-item'>\n\t\t\t<div class='gallery-icon landscape'>\n\t\t\t\t<a href='https:\/\/katolicka-gimnazija.hr\/wp-content\/uploads\/2023\/08\/365718861_787179626742111_4005611990359421201_n.jpg'><img loading=\"lazy\" decoding=\"async\" width=\"300\" height=\"225\" src=\"https:\/\/katolicka-gimnazija.hr\/wp-content\/uploads\/2023\/08\/365718861_787179626742111_4005611990359421201_n-300x225.jpg\" class=\"attachment-medium size-medium\" alt=\"\" srcset=\"https:\/\/katolicka-gimnazija.hr\/wp-content\/uploads\/2023\/08\/365718861_787179626742111_4005611990359421201_n-300x225.jpg 300w, https:\/\/katolicka-gimnazija.hr\/wp-content\/uploads\/2023\/08\/365718861_787179626742111_4005611990359421201_n-1024x768.jpg 1024w, https:\/\/katolicka-gimnazija.hr\/wp-content\/uploads\/2023\/08\/365718861_787179626742111_4005611990359421201_n-768x576.jpg 768w, https:\/\/katolicka-gimnazija.hr\/wp-content\/uploads\/2023\/08\/365718861_787179626742111_4005611990359421201_n-400x300.jpg 400w, https:\/\/katolicka-gimnazija.hr\/wp-content\/uploads\/2023\/08\/365718861_787179626742111_4005611990359421201_n.jpg 1440w\" sizes=\"auto, (max-width: 300px) 100vw, 300px\" \/><\/a>\n\t\t\t<\/div><\/figure><figure class='gallery-item'>\n\t\t\t<div class='gallery-icon landscape'>\n\t\t\t\t<a href='https:\/\/katolicka-gimnazija.hr\/wp-content\/uploads\/2023\/08\/365711222_787180126742061_7749817781824987971_n.jpg'><img loading=\"lazy\" decoding=\"async\" width=\"300\" height=\"225\" src=\"https:\/\/katolicka-gimnazija.hr\/wp-content\/uploads\/2023\/08\/365711222_787180126742061_7749817781824987971_n-300x225.jpg\" class=\"attachment-medium size-medium\" alt=\"\" srcset=\"https:\/\/katolicka-gimnazija.hr\/wp-content\/uploads\/2023\/08\/365711222_787180126742061_7749817781824987971_n-300x225.jpg 300w, https:\/\/katolicka-gimnazija.hr\/wp-content\/uploads\/2023\/08\/365711222_787180126742061_7749817781824987971_n-1024x768.jpg 1024w, https:\/\/katolicka-gimnazija.hr\/wp-content\/uploads\/2023\/08\/365711222_787180126742061_7749817781824987971_n-768x576.jpg 768w, https:\/\/katolicka-gimnazija.hr\/wp-content\/uploads\/2023\/08\/365711222_787180126742061_7749817781824987971_n-1536x1152.jpg 1536w, https:\/\/katolicka-gimnazija.hr\/wp-content\/uploads\/2023\/08\/365711222_787180126742061_7749817781824987971_n-400x300.jpg 400w, https:\/\/katolicka-gimnazija.hr\/wp-content\/uploads\/2023\/08\/365711222_787180126742061_7749817781824987971_n.jpg 2048w\" sizes=\"auto, (max-width: 300px) 100vw, 300px\" \/><\/a>\n\t\t\t<\/div><\/figure><figure class='gallery-item'>\n\t\t\t<div class='gallery-icon landscape'>\n\t\t\t\t<a href='https:\/\/katolicka-gimnazija.hr\/wp-content\/uploads\/2023\/08\/365712110_787180073408733_5406551198403842334_n.jpg'><img loading=\"lazy\" decoding=\"async\" width=\"300\" height=\"225\" src=\"https:\/\/katolicka-gimnazija.hr\/wp-content\/uploads\/2023\/08\/365712110_787180073408733_5406551198403842334_n-300x225.jpg\" class=\"attachment-medium size-medium\" alt=\"\" srcset=\"https:\/\/katolicka-gimnazija.hr\/wp-content\/uploads\/2023\/08\/365712110_787180073408733_5406551198403842334_n-300x225.jpg 300w, https:\/\/katolicka-gimnazija.hr\/wp-content\/uploads\/2023\/08\/365712110_787180073408733_5406551198403842334_n-1024x768.jpg 1024w, https:\/\/katolicka-gimnazija.hr\/wp-content\/uploads\/2023\/08\/365712110_787180073408733_5406551198403842334_n-768x576.jpg 768w, https:\/\/katolicka-gimnazija.hr\/wp-content\/uploads\/2023\/08\/365712110_787180073408733_5406551198403842334_n-1536x1152.jpg 1536w, https:\/\/katolicka-gimnazija.hr\/wp-content\/uploads\/2023\/08\/365712110_787180073408733_5406551198403842334_n-400x300.jpg 400w, https:\/\/katolicka-gimnazija.hr\/wp-content\/uploads\/2023\/08\/365712110_787180073408733_5406551198403842334_n.jpg 2048w\" sizes=\"auto, (max-width: 300px) 100vw, 300px\" \/><\/a>\n\t\t\t<\/div><\/figure><figure class='gallery-item'>\n\t\t\t<div class='gallery-icon landscape'>\n\t\t\t\t<a href='https:\/\/katolicka-gimnazija.hr\/wp-content\/uploads\/2023\/08\/365683646_787179660075441_5644494580879344705_n.jpg'><img loading=\"lazy\" decoding=\"async\" width=\"300\" height=\"200\" src=\"https:\/\/katolicka-gimnazija.hr\/wp-content\/uploads\/2023\/08\/365683646_787179660075441_5644494580879344705_n-300x200.jpg\" class=\"attachment-medium size-medium\" alt=\"\" srcset=\"https:\/\/katolicka-gimnazija.hr\/wp-content\/uploads\/2023\/08\/365683646_787179660075441_5644494580879344705_n-300x200.jpg 300w, https:\/\/katolicka-gimnazija.hr\/wp-content\/uploads\/2023\/08\/365683646_787179660075441_5644494580879344705_n-1024x683.jpg 1024w, https:\/\/katolicka-gimnazija.hr\/wp-content\/uploads\/2023\/08\/365683646_787179660075441_5644494580879344705_n-768x512.jpg 768w, https:\/\/katolicka-gimnazija.hr\/wp-content\/uploads\/2023\/08\/365683646_787179660075441_5644494580879344705_n-1536x1024.jpg 1536w, https:\/\/katolicka-gimnazija.hr\/wp-content\/uploads\/2023\/08\/365683646_787179660075441_5644494580879344705_n-400x267.jpg 400w, https:\/\/katolicka-gimnazija.hr\/wp-content\/uploads\/2023\/08\/365683646_787179660075441_5644494580879344705_n.jpg 2048w\" sizes=\"auto, (max-width: 300px) 100vw, 300px\" \/><\/a>\n\t\t\t<\/div><\/figure><figure class='gallery-item'>\n\t\t\t<div class='gallery-icon landscape'>\n\t\t\t\t<a href='https:\/\/katolicka-gimnazija.hr\/wp-content\/uploads\/2023\/08\/365771353_787180070075400_3774988068134183362_n.jpg'><img loading=\"lazy\" decoding=\"async\" width=\"300\" height=\"225\" src=\"https:\/\/katolicka-gimnazija.hr\/wp-content\/uploads\/2023\/08\/365771353_787180070075400_3774988068134183362_n-300x225.jpg\" class=\"attachment-medium size-medium\" alt=\"\" srcset=\"https:\/\/katolicka-gimnazija.hr\/wp-content\/uploads\/2023\/08\/365771353_787180070075400_3774988068134183362_n-300x225.jpg 300w, https:\/\/katolicka-gimnazija.hr\/wp-content\/uploads\/2023\/08\/365771353_787180070075400_3774988068134183362_n-1024x768.jpg 1024w, https:\/\/katolicka-gimnazija.hr\/wp-content\/uploads\/2023\/08\/365771353_787180070075400_3774988068134183362_n-768x576.jpg 768w, https:\/\/katolicka-gimnazija.hr\/wp-content\/uploads\/2023\/08\/365771353_787180070075400_3774988068134183362_n-1536x1152.jpg 1536w, https:\/\/katolicka-gimnazija.hr\/wp-content\/uploads\/2023\/08\/365771353_787180070075400_3774988068134183362_n-400x300.jpg 400w, https:\/\/katolicka-gimnazija.hr\/wp-content\/uploads\/2023\/08\/365771353_787180070075400_3774988068134183362_n.jpg 2048w\" sizes=\"auto, (max-width: 300px) 100vw, 300px\" \/><\/a>\n\t\t\t<\/div><\/figure><figure class='gallery-item'>\n\t\t\t<div class='gallery-icon landscape'>\n\t\t\t\t<a href='https:\/\/katolicka-gimnazija.hr\/wp-content\/uploads\/2023\/08\/365701443_787179766742097_6379064467085665940_n.jpg'><img loading=\"lazy\" decoding=\"async\" width=\"300\" height=\"225\" src=\"https:\/\/katolicka-gimnazija.hr\/wp-content\/uploads\/2023\/08\/365701443_787179766742097_6379064467085665940_n-300x225.jpg\" class=\"attachment-medium size-medium\" alt=\"\" srcset=\"https:\/\/katolicka-gimnazija.hr\/wp-content\/uploads\/2023\/08\/365701443_787179766742097_6379064467085665940_n-300x225.jpg 300w, https:\/\/katolicka-gimnazija.hr\/wp-content\/uploads\/2023\/08\/365701443_787179766742097_6379064467085665940_n-1024x768.jpg 1024w, https:\/\/katolicka-gimnazija.hr\/wp-content\/uploads\/2023\/08\/365701443_787179766742097_6379064467085665940_n-768x576.jpg 768w, https:\/\/katolicka-gimnazija.hr\/wp-content\/uploads\/2023\/08\/365701443_787179766742097_6379064467085665940_n-1536x1152.jpg 1536w, https:\/\/katolicka-gimnazija.hr\/wp-content\/uploads\/2023\/08\/365701443_787179766742097_6379064467085665940_n-400x300.jpg 400w, https:\/\/katolicka-gimnazija.hr\/wp-content\/uploads\/2023\/08\/365701443_787179766742097_6379064467085665940_n.jpg 2048w\" sizes=\"auto, (max-width: 300px) 100vw, 300px\" \/><\/a>\n\t\t\t<\/div><\/figure><figure class='gallery-item'>\n\t\t\t<div class='gallery-icon landscape'>\n\t\t\t\t<a href='https:\/\/katolicka-gimnazija.hr\/wp-content\/uploads\/2023\/08\/365744866_787179703408770_3463350076732215051_n.jpg'><img loading=\"lazy\" decoding=\"async\" width=\"300\" height=\"200\" src=\"https:\/\/katolicka-gimnazija.hr\/wp-content\/uploads\/2023\/08\/365744866_787179703408770_3463350076732215051_n-300x200.jpg\" class=\"attachment-medium size-medium\" alt=\"\" srcset=\"https:\/\/katolicka-gimnazija.hr\/wp-content\/uploads\/2023\/08\/365744866_787179703408770_3463350076732215051_n-300x200.jpg 300w, https:\/\/katolicka-gimnazija.hr\/wp-content\/uploads\/2023\/08\/365744866_787179703408770_3463350076732215051_n-1024x683.jpg 1024w, https:\/\/katolicka-gimnazija.hr\/wp-content\/uploads\/2023\/08\/365744866_787179703408770_3463350076732215051_n-768x512.jpg 768w, https:\/\/katolicka-gimnazija.hr\/wp-content\/uploads\/2023\/08\/365744866_787179703408770_3463350076732215051_n-1536x1024.jpg 1536w, https:\/\/katolicka-gimnazija.hr\/wp-content\/uploads\/2023\/08\/365744866_787179703408770_3463350076732215051_n-400x267.jpg 400w, https:\/\/katolicka-gimnazija.hr\/wp-content\/uploads\/2023\/08\/365744866_787179703408770_3463350076732215051_n.jpg 2048w\" sizes=\"auto, (max-width: 300px) 100vw, 300px\" \/><\/a>\n\t\t\t<\/div><\/figure>\n\t\t<\/div>\n\n<\/div>\n<\/div>\n<\/div>\n<\/div>\n","protected":false},"excerpt":{"rendered":"<p>Tempus Fugit! Vrijeme je doista letjelo na ovogodi\u0161njem 3. kampu latinskog jezika. Ovogodi\u0161nji kamp latinskog jezika odr\u017eao se u \u0160ibeniku od 17. do 30. srpnja. U\u010denici su imali predavanja i radionice koje su imale tematike anti\u010dkog doba u vrijeme Rima. Kamp je ugodno primio 20 u\u010denika i studenata iz Hrvatske i iz Bosne i Hercegovine. [&hellip;]<\/p>\n","protected":false},"author":93,"featured_media":29541,"comment_status":"closed","ping_status":"closed","sticky":false,"template":"","format":"standard","meta":{"footnotes":""},"categories":[211,213,2],"tags":[],"class_list":["post-29530","post","type-post","status-publish","format-standard","has-post-thumbnail","hentry","category-predavanja","category-putovanja","category-vijesti"],"_links":{"self":[{"href":"https:\/\/katolicka-gimnazija.hr\/index.php\/wp-json\/wp\/v2\/posts\/29530","targetHints":{"allow":["GET"]}}],"collection":[{"href":"https:\/\/katolicka-gimnazija.hr\/index.php\/wp-json\/wp\/v2\/posts"}],"about":[{"href":"https:\/\/katolicka-gimnazija.hr\/index.php\/wp-json\/wp\/v2\/types\/post"}],"author":[{"embeddable":true,"href":"https:\/\/katolicka-gimnazija.hr\/index.php\/wp-json\/wp\/v2\/users\/93"}],"replies":[{"embeddable":true,"href":"https:\/\/katolicka-gimnazija.hr\/index.php\/wp-json\/wp\/v2\/comments?post=29530"}],"version-history":[{"count":2,"href":"https:\/\/katolicka-gimnazija.hr\/index.php\/wp-json\/wp\/v2\/posts\/29530\/revisions"}],"predecessor-version":[{"id":29548,"href":"https:\/\/katolicka-gimnazija.hr\/index.php\/wp-json\/wp\/v2\/posts\/29530\/revisions\/29548"}],"wp:featuredmedia":[{"embeddable":true,"href":"https:\/\/katolicka-gimnazija.hr\/index.php\/wp-json\/wp\/v2\/media\/29541"}],"wp:attachment":[{"href":"https:\/\/katolicka-gimnazija.hr\/index.php\/wp-json\/wp\/v2\/media?parent=29530"}],"wp:term":[{"taxonomy":"category","embeddable":true,"href":"https:\/\/katolicka-gimnazija.hr\/index.php\/wp-json\/wp\/v2\/categories?post=29530"},{"taxonomy":"post_tag","embeddable":true,"href":"https:\/\/katolicka-gimnazija.hr\/index.php\/wp-json\/wp\/v2\/tags?post=29530"}],"curies":[{"name":"wp","href":"https:\/\/api.w.org\/{rel}","templated":true}]}}