{"id":29591,"date":"2023-09-01T12:05:18","date_gmt":"2023-09-01T12:05:18","guid":{"rendered":"https:\/\/katolicka-gimnazija.hr\/?p=29591"},"modified":"2023-09-02T09:21:16","modified_gmt":"2023-09-02T09:21:16","slug":"zasto-sam-i-dalje-katolkinja-unatoc-svemu","status":"publish","type":"post","link":"https:\/\/katolicka-gimnazija.hr\/index.php\/2023\/09\/01\/zasto-sam-i-dalje-katolkinja-unatoc-svemu\/","title":{"rendered":"Za\u0161to sam i dalje katolkinja, unato\u010d svemu"},"content":{"rendered":"<p>Nedavno je na portalu Hrvatske katoli\u010dke mre\u017ee objavljen \u010dlanak, kako ka\u017eu, mlade hrvatske znanstvenice koja je htjela ostati anonimna, a na\u0161oj je redakciji poznato da se radi o biv\u0161oj u\u010denici na\u0161e \u0161kole. U vremenima kakva jesu, u kojima je otvorena javna hajka na sve \u0161to je katoli\u010dko, kada se sve \u0161to je katoli\u010dko smatra nazadnim \u010dak i opasnim, ova se djevojka usudila progovoriti o tome koliko je zahtjevno, ali i potrebno ostati svoj, biti ono \u0161to jesmo, \u0161to smo namrijeli od na\u0161ih starih i \u0161to sve dobivamo ako ostanemo dosljedni.<\/p>\n<p>Cijeli \u010dlanak mo\u017eete pro\u010ditati na sljede\u0107oj poveznici: <strong><a href=\"https:\/\/hkm.hr\/mladi\/mlada-hrvatska-znanstvenica-zasto-sam-i-dalje-katolkinja-unatoc-svemu\/?fbclid=IwAR1mBxdxPNlwo3seg3KFA4dwAzwEDLzxdaKvjJVsqJvNt6a1J9GL_5gEn_M\">Za\u0161to sam i dalje katolkinja unato\u010d svemu<\/a><\/strong><\/p>\n<p><em>Naslovna fotografija: Po\u017ee\u0161ka biskupija, Svjetski susret mladih u Lisabonu (fotografija je ilustrativna i nije vezana uz sadr\u017eaj ovoga teksta i njegovu autoricu).<\/em><\/p>\n","protected":false},"excerpt":{"rendered":"<p>Nedavno je na portalu Hrvatske katoli\u010dke mre\u017ee objavljen \u010dlanak, kako ka\u017eu, mlade hrvatske znanstvenice koja je htjela ostati anonimna, a na\u0161oj je redakciji poznato da se radi o biv\u0161oj u\u010denici na\u0161e \u0161kole. U vremenima kakva jesu, u kojima je otvorena javna hajka na sve \u0161to je katoli\u010dko, kada se sve \u0161to je katoli\u010dko smatra nazadnim [&hellip;]<\/p>\n","protected":false},"author":2,"featured_media":29593,"comment_status":"closed","ping_status":"closed","sticky":false,"template":"","format":"standard","meta":{"footnotes":""},"categories":[207,213,2],"tags":[],"class_list":["post-29591","post","type-post","status-publish","format-standard","has-post-thumbnail","hentry","category-duhovno","category-putovanja","category-vijesti"],"_links":{"self":[{"href":"https:\/\/katolicka-gimnazija.hr\/index.php\/wp-json\/wp\/v2\/posts\/29591","targetHints":{"allow":["GET"]}}],"collection":[{"href":"https:\/\/katolicka-gimnazija.hr\/index.php\/wp-json\/wp\/v2\/posts"}],"about":[{"href":"https:\/\/katolicka-gimnazija.hr\/index.php\/wp-json\/wp\/v2\/types\/post"}],"author":[{"embeddable":true,"href":"https:\/\/katolicka-gimnazija.hr\/index.php\/wp-json\/wp\/v2\/users\/2"}],"replies":[{"embeddable":true,"href":"https:\/\/katolicka-gimnazija.hr\/index.php\/wp-json\/wp\/v2\/comments?post=29591"}],"version-history":[{"count":6,"href":"https:\/\/katolicka-gimnazija.hr\/index.php\/wp-json\/wp\/v2\/posts\/29591\/revisions"}],"predecessor-version":[{"id":29602,"href":"https:\/\/katolicka-gimnazija.hr\/index.php\/wp-json\/wp\/v2\/posts\/29591\/revisions\/29602"}],"wp:featuredmedia":[{"embeddable":true,"href":"https:\/\/katolicka-gimnazija.hr\/index.php\/wp-json\/wp\/v2\/media\/29593"}],"wp:attachment":[{"href":"https:\/\/katolicka-gimnazija.hr\/index.php\/wp-json\/wp\/v2\/media?parent=29591"}],"wp:term":[{"taxonomy":"category","embeddable":true,"href":"https:\/\/katolicka-gimnazija.hr\/index.php\/wp-json\/wp\/v2\/categories?post=29591"},{"taxonomy":"post_tag","embeddable":true,"href":"https:\/\/katolicka-gimnazija.hr\/index.php\/wp-json\/wp\/v2\/tags?post=29591"}],"curies":[{"name":"wp","href":"https:\/\/api.w.org\/{rel}","templated":true}]}}