{"id":29821,"date":"2023-09-20T08:41:12","date_gmt":"2023-09-20T08:41:12","guid":{"rendered":"http:\/\/katolicka-gimnazija.hr\/?p=29821"},"modified":"2023-09-21T09:06:25","modified_gmt":"2023-09-21T09:06:25","slug":"dramskoj-druzini-od-zupanice-zahvalnica","status":"publish","type":"post","link":"https:\/\/katolicka-gimnazija.hr\/index.php\/2023\/09\/20\/dramskoj-druzini-od-zupanice-zahvalnica\/","title":{"rendered":"Dramskoj dru\u017eini od \u017eupanice &#8211; zahvalnica"},"content":{"rendered":"<p>Ovoga ponedjeljka, skoro na samom po\u010detku nove \u0161kolske godine \u017dupanija je odlu\u010dila nagraditi u\u010denike koji su na dr\u017eavnoj razini ostvarili jedno od prva tri mjesta ili su sudjelovali na dr\u017eavnoj smotri LiDraNo te ih na taj na\u010din ohrabriti i potaknuti na nove uspjehe i u privatnom i u \u0161kolskom \u017eivotu. Ove su godine tako \u010dlanovi na\u0161e dramske dru\u017eine, po tko zna koji put, sa svojom mentoricom prisustvovali ovom prijemu budu\u0107i da su na\u0161u \u017eupaniju predstavljali na dr\u017eavnoj smotri LiDraNo 2023. Kao \u0161to su i sami organizatori naveli, svi su ovi zaslu\u017eni u\u010denici predstavljali na\u0161u \u017eupaniju \u010dime se svi mi moramo ponositi, zbog toga su, kona\u010dno, i nagra\u0111eni.<br \/>\nIpak, ostaje gorak okus nakon ovoga prijema jer se pokazalo da su ipak neki u\u010denici i mentori (orvelovski) zaslu\u017eniji od drugih, da su neke kategorije vrjednije od drugih. Tako su nov\u010dano nagra\u0111eni, i to kao nikada do sada (\u0161to svakako zaslu\u017euje svaku pohvalu), samo oni u\u010denici koji su se natjecali pojedina\u010dno i njihovi mentori koji su samo njih pripremali. \u010covjek se s pravom tada zapita \u0161to su to onda radili mentori koji su pripremali \u010ditavu ekipu, \u010ditav tim, \u010ditav orkestar? Jedna recitacija i jedna predstava, jedan glazbeni nastup i nastup jednog orkestra? Je li doista lak\u0161e bilo pripremati jednoga u\u010denika ili \u010ditav tim koji treba funkcionirati &#8211; kao jedan?<br \/>\nZamislite, na primjer, da dr\u017eava odlu\u010di nagraditi svoje najizvrsnije sporta\u0161e ali samo tako da nov\u010danom nagradom nagradi samo Tina Srbi\u0107a ili Sandru Perkovi\u0107 dok bi \u010dlanove ekipa poput VK Juga ili OK Mladosti nagradila samo zahvalnicom. Mislim da ne bi i\u0161lo&#8230;<br \/>\nSvi mi ve\u0107 dugo \u017eivimo u dru\u0161tvu u kojemu su neki jednakiji od drugih, u kojima se sla\u017eu kriteriji koji pravedni za sve nisu, u kojem u djecu usa\u0111ujemo osje\u0107aj gor\u010dine zbog nepravde od najmla\u0111ih dana&#8230;tako da, zapravo, nekih ve\u0107ih iznena\u0111enja u ponedjeljak i nije bilo.<\/p>\n","protected":false},"excerpt":{"rendered":"<p>Ovoga ponedjeljka, skoro na samom po\u010detku nove \u0161kolske godine \u017dupanija je odlu\u010dila nagraditi u\u010denike koji su na dr\u017eavnoj razini ostvarili jedno od prva tri mjesta ili su sudjelovali na dr\u017eavnoj smotri LiDraNo te ih na taj na\u010din ohrabriti i potaknuti na nove uspjehe i u privatnom i u \u0161kolskom \u017eivotu. Ove su godine tako \u010dlanovi [&hellip;]<\/p>\n","protected":false},"author":2,"featured_media":29822,"comment_status":"closed","ping_status":"closed","sticky":false,"template":"","format":"standard","meta":{"footnotes":""},"categories":[209,2],"tags":[],"class_list":["post-29821","post","type-post","status-publish","format-standard","has-post-thumbnail","hentry","category-natjecanja","category-vijesti"],"_links":{"self":[{"href":"https:\/\/katolicka-gimnazija.hr\/index.php\/wp-json\/wp\/v2\/posts\/29821","targetHints":{"allow":["GET"]}}],"collection":[{"href":"https:\/\/katolicka-gimnazija.hr\/index.php\/wp-json\/wp\/v2\/posts"}],"about":[{"href":"https:\/\/katolicka-gimnazija.hr\/index.php\/wp-json\/wp\/v2\/types\/post"}],"author":[{"embeddable":true,"href":"https:\/\/katolicka-gimnazija.hr\/index.php\/wp-json\/wp\/v2\/users\/2"}],"replies":[{"embeddable":true,"href":"https:\/\/katolicka-gimnazija.hr\/index.php\/wp-json\/wp\/v2\/comments?post=29821"}],"version-history":[{"count":2,"href":"https:\/\/katolicka-gimnazija.hr\/index.php\/wp-json\/wp\/v2\/posts\/29821\/revisions"}],"predecessor-version":[{"id":29824,"href":"https:\/\/katolicka-gimnazija.hr\/index.php\/wp-json\/wp\/v2\/posts\/29821\/revisions\/29824"}],"wp:featuredmedia":[{"embeddable":true,"href":"https:\/\/katolicka-gimnazija.hr\/index.php\/wp-json\/wp\/v2\/media\/29822"}],"wp:attachment":[{"href":"https:\/\/katolicka-gimnazija.hr\/index.php\/wp-json\/wp\/v2\/media?parent=29821"}],"wp:term":[{"taxonomy":"category","embeddable":true,"href":"https:\/\/katolicka-gimnazija.hr\/index.php\/wp-json\/wp\/v2\/categories?post=29821"},{"taxonomy":"post_tag","embeddable":true,"href":"https:\/\/katolicka-gimnazija.hr\/index.php\/wp-json\/wp\/v2\/tags?post=29821"}],"curies":[{"name":"wp","href":"https:\/\/api.w.org\/{rel}","templated":true}]}}