{"id":3002,"date":"2016-01-31T08:17:58","date_gmt":"2016-01-31T08:17:58","guid":{"rendered":"http:\/\/katolicka-gimnazija.hr\/?p=3002"},"modified":"2018-12-28T14:43:27","modified_gmt":"2018-12-28T14:43:27","slug":"rezultati-do-sada-odrzanih-skolskih-natjecanja","status":"publish","type":"post","link":"https:\/\/katolicka-gimnazija.hr\/index.php\/2016\/01\/31\/rezultati-do-sada-odrzanih-skolskih-natjecanja\/","title":{"rendered":"REZULTATI DO SADA ODR\u017dANIH \u0160KOLSKIH NATJECANJA"},"content":{"rendered":"<p><a href=\"http:\/\/katolicka-gimnazija.hr\/wp-content\/uploads\/2016\/01\/12650539_1072177862832275_569664235_n.jpg\"><img loading=\"lazy\" decoding=\"async\" class=\"size-medium wp-image-3003 alignright\" src=\"http:\/\/katolicka-gimnazija.hr\/wp-content\/uploads\/2016\/01\/12650539_1072177862832275_569664235_n-300x200.jpg\" alt=\"12650539_1072177862832275_569664235_n\" width=\"300\" height=\"200\" srcset=\"https:\/\/katolicka-gimnazija.hr\/wp-content\/uploads\/2016\/01\/12650539_1072177862832275_569664235_n-300x200.jpg 300w, https:\/\/katolicka-gimnazija.hr\/wp-content\/uploads\/2016\/01\/12650539_1072177862832275_569664235_n-360x240.jpg 360w, https:\/\/katolicka-gimnazija.hr\/wp-content\/uploads\/2016\/01\/12650539_1072177862832275_569664235_n-750x500.jpg 750w, https:\/\/katolicka-gimnazija.hr\/wp-content\/uploads\/2016\/01\/12650539_1072177862832275_569664235_n-400x267.jpg 400w, https:\/\/katolicka-gimnazija.hr\/wp-content\/uploads\/2016\/01\/12650539_1072177862832275_569664235_n-430x287.jpg 430w, https:\/\/katolicka-gimnazija.hr\/wp-content\/uploads\/2016\/01\/12650539_1072177862832275_569664235_n-150x100.jpg 150w, https:\/\/katolicka-gimnazija.hr\/wp-content\/uploads\/2016\/01\/12650539_1072177862832275_569664235_n-100x67.jpg 100w, https:\/\/katolicka-gimnazija.hr\/wp-content\/uploads\/2016\/01\/12650539_1072177862832275_569664235_n.jpg 960w\" sizes=\"auto, (max-width: 300px) 100vw, 300px\" \/><\/a>Nakon prvog dijela \u0161kolskih natjecanja, ako to tako smijemo re\u0107i, donosimo imena prvih troje ili \u010detvero najboljih u\u010denika iz pojedinog predmeta za pojedine razrede.<\/p>\n<p><strong>GEOGRAFIJA<\/p>\n<p><\/strong><\/p>\n<p>1.RAZRED<\/p>\n<ol>\n<li>Karlo Potnik<\/li>\n<li>Ivana Lu\u0161\u010di\u0107<\/li>\n<li>Ivana Budimir<\/li>\n<\/ol>\n<p>2.RAZRED<\/p>\n<ol>\n<li>Mario Jankovi\u0107<\/li>\n<li>Domagoj Zubovi\u0107<\/li>\n<li>Dora Vukovi\u0107<\/li>\n<\/ol>\n<p>3.RAZRED<\/p>\n<ol>\n<li>David Matijevi\u0107<\/li>\n<li>Jana Julari\u0107<\/li>\n<li>Monika Kova\u010devi\u0107<\/li>\n<\/ol>\n<p>4.RAZRED<\/p>\n<ol>\n<li>Marija Prpi\u0107<\/li>\n<li>Barbara \u0160ebalj<\/li>\n<li>Klara Sablji\u0107<\/li>\n<\/ol>\n<p><a href=\"http:\/\/katolicka-gimnazija.hr\/wp-content\/uploads\/2016\/01\/12650587_1072177866165608_1626751115_n.jpg\"><img loading=\"lazy\" decoding=\"async\" class=\"size-medium wp-image-3005 alignright\" src=\"http:\/\/katolicka-gimnazija.hr\/wp-content\/uploads\/2016\/01\/12650587_1072177866165608_1626751115_n-300x200.jpg\" alt=\"12650587_1072177866165608_1626751115_n\" width=\"300\" height=\"200\" srcset=\"https:\/\/katolicka-gimnazija.hr\/wp-content\/uploads\/2016\/01\/12650587_1072177866165608_1626751115_n-300x200.jpg 300w, https:\/\/katolicka-gimnazija.hr\/wp-content\/uploads\/2016\/01\/12650587_1072177866165608_1626751115_n-360x240.jpg 360w, https:\/\/katolicka-gimnazija.hr\/wp-content\/uploads\/2016\/01\/12650587_1072177866165608_1626751115_n-750x500.jpg 750w, https:\/\/katolicka-gimnazija.hr\/wp-content\/uploads\/2016\/01\/12650587_1072177866165608_1626751115_n-400x267.jpg 400w, https:\/\/katolicka-gimnazija.hr\/wp-content\/uploads\/2016\/01\/12650587_1072177866165608_1626751115_n-430x287.jpg 430w, https:\/\/katolicka-gimnazija.hr\/wp-content\/uploads\/2016\/01\/12650587_1072177866165608_1626751115_n-150x100.jpg 150w, https:\/\/katolicka-gimnazija.hr\/wp-content\/uploads\/2016\/01\/12650587_1072177866165608_1626751115_n-100x67.jpg 100w, https:\/\/katolicka-gimnazija.hr\/wp-content\/uploads\/2016\/01\/12650587_1072177866165608_1626751115_n.jpg 960w\" sizes=\"auto, (max-width: 300px) 100vw, 300px\" \/><\/a><\/p>\n<p><strong>VJERONAU\u010cNA OLIMPIJADA<\/strong><\/p>\n<ol>\n<li>Marija Prpi\u0107<\/li>\n<li>Maria Franji\u0107<\/li>\n<li>Jelena Dori\u0107<\/li>\n<li>Ru\u017eica Antolovi\u0107<\/li>\n<\/ol>\n<p><strong>\u00a0<\/strong><\/p>\n<p><strong>MATEMATIKA<\/strong><\/p>\n<p>1.RAZRED<\/p>\n<ol>\n<li>Ivana Bulaja<\/li>\n<li>Matea Paukovi\u0107<\/li>\n<li>Marko Lagund\u017eija, Filip Petrovi\u0107 i Ru\u017eica Bo\u0161njak<\/li>\n<\/ol>\n<p>2.RAZRED<\/p>\n<ol>\n<li>Anita Rotar<\/li>\n<li>Dora Vukovi\u0107<\/li>\n<li>Bruno Razumovi\u0107<\/li>\n<\/ol>\n<p>3.RAZRED<\/p>\n<ol>\n<li>Valentina Pavli\u010devi\u0107<\/li>\n<\/ol>\n<p>4.RAZRED<\/p>\n<ol>\n<li>Marija Prpi\u0107<\/li>\n<li>Natalija Babi\u0107<\/li>\n<li>Karla \u010cmelar<\/li>\n<\/ol>\n<p><a href=\"http:\/\/katolicka-gimnazija.hr\/wp-content\/uploads\/2016\/01\/12650743_1072177869498941_645656855_n.jpg\"><img loading=\"lazy\" decoding=\"async\" class=\"size-medium wp-image-3004 alignright\" src=\"http:\/\/katolicka-gimnazija.hr\/wp-content\/uploads\/2016\/01\/12650743_1072177869498941_645656855_n-300x200.jpg\" alt=\"12650743_1072177869498941_645656855_n\" width=\"300\" height=\"200\" srcset=\"https:\/\/katolicka-gimnazija.hr\/wp-content\/uploads\/2016\/01\/12650743_1072177869498941_645656855_n-300x200.jpg 300w, https:\/\/katolicka-gimnazija.hr\/wp-content\/uploads\/2016\/01\/12650743_1072177869498941_645656855_n-360x240.jpg 360w, https:\/\/katolicka-gimnazija.hr\/wp-content\/uploads\/2016\/01\/12650743_1072177869498941_645656855_n-750x500.jpg 750w, https:\/\/katolicka-gimnazija.hr\/wp-content\/uploads\/2016\/01\/12650743_1072177869498941_645656855_n-400x267.jpg 400w, https:\/\/katolicka-gimnazija.hr\/wp-content\/uploads\/2016\/01\/12650743_1072177869498941_645656855_n-430x287.jpg 430w, https:\/\/katolicka-gimnazija.hr\/wp-content\/uploads\/2016\/01\/12650743_1072177869498941_645656855_n-150x100.jpg 150w, https:\/\/katolicka-gimnazija.hr\/wp-content\/uploads\/2016\/01\/12650743_1072177869498941_645656855_n-100x67.jpg 100w, https:\/\/katolicka-gimnazija.hr\/wp-content\/uploads\/2016\/01\/12650743_1072177869498941_645656855_n.jpg 960w\" sizes=\"auto, (max-width: 300px) 100vw, 300px\" \/><\/a><\/p>\n<p><strong>\u00a0<\/strong><strong>ENGLESKI JEZIK<\/strong><\/p>\n<p>2.RAZRED<\/p>\n<ol>\n<li>Maja Grgi\u0107<\/li>\n<li>Anita Rotar<\/li>\n<li>Patricija \u0106orluka<\/li>\n<\/ol>\n<p>4.RAZRED<\/p>\n<ol>\n<li>Mislav Kosti\u0107<\/li>\n<li>Dominik Josi\u0107<\/li>\n<li>Mihaela Rotim<\/li>\n<\/ol>\n<p>&nbsp;<\/p>\n<p><strong>FIZIKA<\/strong><\/p>\n<p>1.RAZRED<\/p>\n<ol>\n<li>Dino Gaji\u0107<\/li>\n<li>Antonio Lipovac<\/li>\n<li>Marko Lagund\u017eija<\/li>\n<\/ol>\n<p>4.RAZRED<\/p>\n<ol>\n<li>Karla \u010cmelar<\/li>\n<li>Mislav Kosti\u0107<\/li>\n<li>Ivan Dokozi\u0107<\/li>\n<\/ol>\n<p>&nbsp;<\/p>\n<p>&nbsp;<\/p>\n<p>&nbsp;<\/p>\n<p>&nbsp; <\/p>\n","protected":false},"excerpt":{"rendered":"<p>Nakon prvog dijela \u0161kolskih natjecanja, ako to tako smijemo re\u0107i, donosimo imena prvih troje ili \u010detvero najboljih u\u010denika iz pojedinog predmeta za pojedine razrede. GEOGRAFIJA 1.RAZRED Karlo Potnik Ivana Lu\u0161\u010di\u0107 Ivana Budimir 2.RAZRED Mario Jankovi\u0107 Domagoj Zubovi\u0107 Dora Vukovi\u0107 3.RAZRED David Matijevi\u0107 Jana Julari\u0107 Monika Kova\u010devi\u0107 4.RAZRED Marija Prpi\u0107 Barbara \u0160ebalj Klara Sablji\u0107 VJERONAU\u010cNA OLIMPIJADA [&hellip;]<\/p>\n","protected":false},"author":2,"featured_media":3003,"comment_status":"closed","ping_status":"closed","sticky":false,"template":"","format":"standard","meta":{"footnotes":""},"categories":[2],"tags":[],"class_list":["post-3002","post","type-post","status-publish","format-standard","has-post-thumbnail","hentry","category-vijesti"],"_links":{"self":[{"href":"https:\/\/katolicka-gimnazija.hr\/index.php\/wp-json\/wp\/v2\/posts\/3002","targetHints":{"allow":["GET"]}}],"collection":[{"href":"https:\/\/katolicka-gimnazija.hr\/index.php\/wp-json\/wp\/v2\/posts"}],"about":[{"href":"https:\/\/katolicka-gimnazija.hr\/index.php\/wp-json\/wp\/v2\/types\/post"}],"author":[{"embeddable":true,"href":"https:\/\/katolicka-gimnazija.hr\/index.php\/wp-json\/wp\/v2\/users\/2"}],"replies":[{"embeddable":true,"href":"https:\/\/katolicka-gimnazija.hr\/index.php\/wp-json\/wp\/v2\/comments?post=3002"}],"version-history":[{"count":2,"href":"https:\/\/katolicka-gimnazija.hr\/index.php\/wp-json\/wp\/v2\/posts\/3002\/revisions"}],"predecessor-version":[{"id":15135,"href":"https:\/\/katolicka-gimnazija.hr\/index.php\/wp-json\/wp\/v2\/posts\/3002\/revisions\/15135"}],"wp:featuredmedia":[{"embeddable":true,"href":"https:\/\/katolicka-gimnazija.hr\/index.php\/wp-json\/wp\/v2\/media\/3003"}],"wp:attachment":[{"href":"https:\/\/katolicka-gimnazija.hr\/index.php\/wp-json\/wp\/v2\/media?parent=3002"}],"wp:term":[{"taxonomy":"category","embeddable":true,"href":"https:\/\/katolicka-gimnazija.hr\/index.php\/wp-json\/wp\/v2\/categories?post=3002"},{"taxonomy":"post_tag","embeddable":true,"href":"https:\/\/katolicka-gimnazija.hr\/index.php\/wp-json\/wp\/v2\/tags?post=3002"}],"curies":[{"name":"wp","href":"https:\/\/api.w.org\/{rel}","templated":true}]}}