{"id":30159,"date":"2023-10-24T07:34:53","date_gmt":"2023-10-24T07:34:53","guid":{"rendered":"http:\/\/katolicka-gimnazija.hr\/?p=30159"},"modified":"2023-10-24T07:49:14","modified_gmt":"2023-10-24T07:49:14","slug":"gostionicarka-za-sve-uzraste","status":"publish","type":"post","link":"https:\/\/katolicka-gimnazija.hr\/index.php\/2023\/10\/24\/gostionicarka-za-sve-uzraste\/","title":{"rendered":"Gostioni\u010darka za sve uzraste"},"content":{"rendered":"<p>U Po\u017eegi se ovih dana, sasvim nevjerojatno, ali sasvim zgodno i potrebno, manje pri\u010dalo o politici, a vi\u0161e \u0161u\u0161kalo o \u0161armantnoj i zabavnoj Gostioni\u010darki koju svi (ili barem mnogi) \u017eele pogledati. Naravno da se radi o novoj predstavi Gradskoga kazali\u0161ta Po\u017eega koje je unaprijed rasprodalo prve tri izvedbe, a u narednim danima predstavu ponudilo po\u017ee\u0161koj srednjoj\u0161kolskoj dru\u017eini. Redatelj Davor Svedru\u017ei\u0107 pripremio je simpati\u010dnu, humoristi\u010dnu i pitku predstavu za sve generacije a koju je odigrala i, vjerujemo, odigrat \u0107e jo\u0161 puno puta mlada ali ve\u0107 iskusna kazali\u0161na ekipa koju predvode mlade po\u017ee\u0161ke snage me\u0111u kojima i na\u0161 biv\u0161i u\u010denik Matko Trna\u010di\u0107. Tako su na\u0161i u\u010denici mogli upoznati Goldonijevu Gostioni\u010darku Mirandolinu u slavonskoj verziji onih vremena, kao i \u010ditav spektar simpati\u010dnih i onih manje simpati\u010dnih ljudskih karaktera. Ponosni na na\u0161e Po\u017ee\u017eane i njihov entuzijazam kao i \u010dinjenicu da na\u0161e kazali\u0161te do\u017eivljava malu renesansu preporu\u010dujemo se novim poslasticama iz njihove kuhinje.<\/p>\n<p>Foto: Dora Gaji\u0107 i Nikolina Toli\u0107, 4.b<\/p>\n<div id='gallery-1' class='gallery galleryid-30159 gallery-columns-3 gallery-size-medium'><figure class='gallery-item'>\n\t\t\t<div class='gallery-icon landscape'>\n\t\t\t\t<a href='https:\/\/katolicka-gimnazija.hr\/wp-content\/uploads\/2023\/10\/P1222127.jpg'><img loading=\"lazy\" decoding=\"async\" width=\"300\" height=\"169\" src=\"https:\/\/katolicka-gimnazija.hr\/wp-content\/uploads\/2023\/10\/P1222127-300x169.jpg\" class=\"attachment-medium size-medium\" alt=\"\" srcset=\"https:\/\/katolicka-gimnazija.hr\/wp-content\/uploads\/2023\/10\/P1222127-300x169.jpg 300w, https:\/\/katolicka-gimnazija.hr\/wp-content\/uploads\/2023\/10\/P1222127-1024x576.jpg 1024w, https:\/\/katolicka-gimnazija.hr\/wp-content\/uploads\/2023\/10\/P1222127-768x432.jpg 768w, https:\/\/katolicka-gimnazija.hr\/wp-content\/uploads\/2023\/10\/P1222127-1536x864.jpg 1536w, https:\/\/katolicka-gimnazija.hr\/wp-content\/uploads\/2023\/10\/P1222127-400x225.jpg 400w, https:\/\/katolicka-gimnazija.hr\/wp-content\/uploads\/2023\/10\/P1222127.jpg 1920w\" sizes=\"auto, (max-width: 300px) 100vw, 300px\" \/><\/a>\n\t\t\t<\/div><\/figure><figure class='gallery-item'>\n\t\t\t<div class='gallery-icon landscape'>\n\t\t\t\t<a href='https:\/\/katolicka-gimnazija.hr\/wp-content\/uploads\/2023\/10\/P1222070.jpg'><img loading=\"lazy\" decoding=\"async\" width=\"300\" height=\"154\" src=\"https:\/\/katolicka-gimnazija.hr\/wp-content\/uploads\/2023\/10\/P1222070-300x154.jpg\" class=\"attachment-medium size-medium\" alt=\"\" srcset=\"https:\/\/katolicka-gimnazija.hr\/wp-content\/uploads\/2023\/10\/P1222070-300x154.jpg 300w, https:\/\/katolicka-gimnazija.hr\/wp-content\/uploads\/2023\/10\/P1222070-1024x526.jpg 1024w, https:\/\/katolicka-gimnazija.hr\/wp-content\/uploads\/2023\/10\/P1222070-768x395.jpg 768w, https:\/\/katolicka-gimnazija.hr\/wp-content\/uploads\/2023\/10\/P1222070-1536x789.jpg 1536w, https:\/\/katolicka-gimnazija.hr\/wp-content\/uploads\/2023\/10\/P1222070-400x206.jpg 400w, https:\/\/katolicka-gimnazija.hr\/wp-content\/uploads\/2023\/10\/P1222070.jpg 1716w\" sizes=\"auto, (max-width: 300px) 100vw, 300px\" \/><\/a>\n\t\t\t<\/div><\/figure><figure class='gallery-item'>\n\t\t\t<div class='gallery-icon landscape'>\n\t\t\t\t<a href='https:\/\/katolicka-gimnazija.hr\/wp-content\/uploads\/2023\/10\/P1222149.jpg'><img loading=\"lazy\" decoding=\"async\" width=\"300\" height=\"169\" src=\"https:\/\/katolicka-gimnazija.hr\/wp-content\/uploads\/2023\/10\/P1222149-300x169.jpg\" class=\"attachment-medium size-medium\" alt=\"\" srcset=\"https:\/\/katolicka-gimnazija.hr\/wp-content\/uploads\/2023\/10\/P1222149-300x169.jpg 300w, https:\/\/katolicka-gimnazija.hr\/wp-content\/uploads\/2023\/10\/P1222149-1024x576.jpg 1024w, https:\/\/katolicka-gimnazija.hr\/wp-content\/uploads\/2023\/10\/P1222149-768x432.jpg 768w, https:\/\/katolicka-gimnazija.hr\/wp-content\/uploads\/2023\/10\/P1222149-1536x864.jpg 1536w, https:\/\/katolicka-gimnazija.hr\/wp-content\/uploads\/2023\/10\/P1222149-400x225.jpg 400w, https:\/\/katolicka-gimnazija.hr\/wp-content\/uploads\/2023\/10\/P1222149.jpg 1920w\" sizes=\"auto, (max-width: 300px) 100vw, 300px\" \/><\/a>\n\t\t\t<\/div><\/figure><figure class='gallery-item'>\n\t\t\t<div class='gallery-icon landscape'>\n\t\t\t\t<a href='https:\/\/katolicka-gimnazija.hr\/wp-content\/uploads\/2023\/10\/P1222110.jpg'><img loading=\"lazy\" decoding=\"async\" width=\"300\" height=\"169\" src=\"https:\/\/katolicka-gimnazija.hr\/wp-content\/uploads\/2023\/10\/P1222110-300x169.jpg\" class=\"attachment-medium size-medium\" alt=\"\" srcset=\"https:\/\/katolicka-gimnazija.hr\/wp-content\/uploads\/2023\/10\/P1222110-300x169.jpg 300w, https:\/\/katolicka-gimnazija.hr\/wp-content\/uploads\/2023\/10\/P1222110-1024x576.jpg 1024w, https:\/\/katolicka-gimnazija.hr\/wp-content\/uploads\/2023\/10\/P1222110-768x432.jpg 768w, https:\/\/katolicka-gimnazija.hr\/wp-content\/uploads\/2023\/10\/P1222110-1536x864.jpg 1536w, https:\/\/katolicka-gimnazija.hr\/wp-content\/uploads\/2023\/10\/P1222110-400x225.jpg 400w, https:\/\/katolicka-gimnazija.hr\/wp-content\/uploads\/2023\/10\/P1222110.jpg 1920w\" sizes=\"auto, (max-width: 300px) 100vw, 300px\" \/><\/a>\n\t\t\t<\/div><\/figure><figure class='gallery-item'>\n\t\t\t<div class='gallery-icon landscape'>\n\t\t\t\t<a href='https:\/\/katolicka-gimnazija.hr\/wp-content\/uploads\/2023\/10\/P1222142.jpg'><img loading=\"lazy\" decoding=\"async\" width=\"300\" height=\"169\" src=\"https:\/\/katolicka-gimnazija.hr\/wp-content\/uploads\/2023\/10\/P1222142-300x169.jpg\" class=\"attachment-medium size-medium\" alt=\"\" srcset=\"https:\/\/katolicka-gimnazija.hr\/wp-content\/uploads\/2023\/10\/P1222142-300x169.jpg 300w, https:\/\/katolicka-gimnazija.hr\/wp-content\/uploads\/2023\/10\/P1222142-1024x576.jpg 1024w, https:\/\/katolicka-gimnazija.hr\/wp-content\/uploads\/2023\/10\/P1222142-768x432.jpg 768w, https:\/\/katolicka-gimnazija.hr\/wp-content\/uploads\/2023\/10\/P1222142-1536x864.jpg 1536w, https:\/\/katolicka-gimnazija.hr\/wp-content\/uploads\/2023\/10\/P1222142-400x225.jpg 400w, https:\/\/katolicka-gimnazija.hr\/wp-content\/uploads\/2023\/10\/P1222142.jpg 1920w\" sizes=\"auto, (max-width: 300px) 100vw, 300px\" \/><\/a>\n\t\t\t<\/div><\/figure><figure class='gallery-item'>\n\t\t\t<div class='gallery-icon landscape'>\n\t\t\t\t<a href='https:\/\/katolicka-gimnazija.hr\/wp-content\/uploads\/2023\/10\/P1222108.jpg'><img loading=\"lazy\" decoding=\"async\" width=\"300\" height=\"169\" src=\"https:\/\/katolicka-gimnazija.hr\/wp-content\/uploads\/2023\/10\/P1222108-300x169.jpg\" class=\"attachment-medium size-medium\" alt=\"\" srcset=\"https:\/\/katolicka-gimnazija.hr\/wp-content\/uploads\/2023\/10\/P1222108-300x169.jpg 300w, https:\/\/katolicka-gimnazija.hr\/wp-content\/uploads\/2023\/10\/P1222108-1024x576.jpg 1024w, https:\/\/katolicka-gimnazija.hr\/wp-content\/uploads\/2023\/10\/P1222108-768x432.jpg 768w, https:\/\/katolicka-gimnazija.hr\/wp-content\/uploads\/2023\/10\/P1222108-1536x864.jpg 1536w, https:\/\/katolicka-gimnazija.hr\/wp-content\/uploads\/2023\/10\/P1222108-400x225.jpg 400w, https:\/\/katolicka-gimnazija.hr\/wp-content\/uploads\/2023\/10\/P1222108.jpg 1920w\" sizes=\"auto, (max-width: 300px) 100vw, 300px\" \/><\/a>\n\t\t\t<\/div><\/figure><figure class='gallery-item'>\n\t\t\t<div class='gallery-icon landscape'>\n\t\t\t\t<a href='https:\/\/katolicka-gimnazija.hr\/wp-content\/uploads\/2023\/10\/P1222143.jpg'><img loading=\"lazy\" decoding=\"async\" width=\"300\" height=\"169\" src=\"https:\/\/katolicka-gimnazija.hr\/wp-content\/uploads\/2023\/10\/P1222143-300x169.jpg\" class=\"attachment-medium size-medium\" alt=\"\" srcset=\"https:\/\/katolicka-gimnazija.hr\/wp-content\/uploads\/2023\/10\/P1222143-300x169.jpg 300w, https:\/\/katolicka-gimnazija.hr\/wp-content\/uploads\/2023\/10\/P1222143-1024x576.jpg 1024w, https:\/\/katolicka-gimnazija.hr\/wp-content\/uploads\/2023\/10\/P1222143-768x432.jpg 768w, https:\/\/katolicka-gimnazija.hr\/wp-content\/uploads\/2023\/10\/P1222143-1536x864.jpg 1536w, https:\/\/katolicka-gimnazija.hr\/wp-content\/uploads\/2023\/10\/P1222143-400x225.jpg 400w, https:\/\/katolicka-gimnazija.hr\/wp-content\/uploads\/2023\/10\/P1222143.jpg 1920w\" sizes=\"auto, (max-width: 300px) 100vw, 300px\" \/><\/a>\n\t\t\t<\/div><\/figure><figure class='gallery-item'>\n\t\t\t<div class='gallery-icon landscape'>\n\t\t\t\t<a href='https:\/\/katolicka-gimnazija.hr\/wp-content\/uploads\/2023\/10\/P1222122.jpg'><img loading=\"lazy\" decoding=\"async\" width=\"300\" height=\"169\" src=\"https:\/\/katolicka-gimnazija.hr\/wp-content\/uploads\/2023\/10\/P1222122-300x169.jpg\" class=\"attachment-medium size-medium\" alt=\"\" srcset=\"https:\/\/katolicka-gimnazija.hr\/wp-content\/uploads\/2023\/10\/P1222122-300x169.jpg 300w, https:\/\/katolicka-gimnazija.hr\/wp-content\/uploads\/2023\/10\/P1222122-1024x576.jpg 1024w, https:\/\/katolicka-gimnazija.hr\/wp-content\/uploads\/2023\/10\/P1222122-768x432.jpg 768w, https:\/\/katolicka-gimnazija.hr\/wp-content\/uploads\/2023\/10\/P1222122-1536x864.jpg 1536w, https:\/\/katolicka-gimnazija.hr\/wp-content\/uploads\/2023\/10\/P1222122-400x225.jpg 400w, https:\/\/katolicka-gimnazija.hr\/wp-content\/uploads\/2023\/10\/P1222122.jpg 1920w\" sizes=\"auto, (max-width: 300px) 100vw, 300px\" \/><\/a>\n\t\t\t<\/div><\/figure><figure class='gallery-item'>\n\t\t\t<div class='gallery-icon landscape'>\n\t\t\t\t<a href='https:\/\/katolicka-gimnazija.hr\/wp-content\/uploads\/2023\/10\/P1222121.jpg'><img loading=\"lazy\" decoding=\"async\" width=\"300\" height=\"169\" src=\"https:\/\/katolicka-gimnazija.hr\/wp-content\/uploads\/2023\/10\/P1222121-300x169.jpg\" class=\"attachment-medium size-medium\" alt=\"\" srcset=\"https:\/\/katolicka-gimnazija.hr\/wp-content\/uploads\/2023\/10\/P1222121-300x169.jpg 300w, https:\/\/katolicka-gimnazija.hr\/wp-content\/uploads\/2023\/10\/P1222121-1024x576.jpg 1024w, https:\/\/katolicka-gimnazija.hr\/wp-content\/uploads\/2023\/10\/P1222121-768x432.jpg 768w, https:\/\/katolicka-gimnazija.hr\/wp-content\/uploads\/2023\/10\/P1222121-1536x864.jpg 1536w, https:\/\/katolicka-gimnazija.hr\/wp-content\/uploads\/2023\/10\/P1222121-400x225.jpg 400w, https:\/\/katolicka-gimnazija.hr\/wp-content\/uploads\/2023\/10\/P1222121.jpg 1920w\" sizes=\"auto, (max-width: 300px) 100vw, 300px\" \/><\/a>\n\t\t\t<\/div><\/figure><figure class='gallery-item'>\n\t\t\t<div class='gallery-icon landscape'>\n\t\t\t\t<a href='https:\/\/katolicka-gimnazija.hr\/wp-content\/uploads\/2023\/10\/P1222077.jpg'><img loading=\"lazy\" decoding=\"async\" width=\"300\" height=\"169\" src=\"https:\/\/katolicka-gimnazija.hr\/wp-content\/uploads\/2023\/10\/P1222077-300x169.jpg\" class=\"attachment-medium size-medium\" alt=\"\" srcset=\"https:\/\/katolicka-gimnazija.hr\/wp-content\/uploads\/2023\/10\/P1222077-300x169.jpg 300w, https:\/\/katolicka-gimnazija.hr\/wp-content\/uploads\/2023\/10\/P1222077-1024x576.jpg 1024w, https:\/\/katolicka-gimnazija.hr\/wp-content\/uploads\/2023\/10\/P1222077-768x432.jpg 768w, https:\/\/katolicka-gimnazija.hr\/wp-content\/uploads\/2023\/10\/P1222077-1536x864.jpg 1536w, https:\/\/katolicka-gimnazija.hr\/wp-content\/uploads\/2023\/10\/P1222077-400x225.jpg 400w, https:\/\/katolicka-gimnazija.hr\/wp-content\/uploads\/2023\/10\/P1222077.jpg 1920w\" sizes=\"auto, (max-width: 300px) 100vw, 300px\" \/><\/a>\n\t\t\t<\/div><\/figure><figure class='gallery-item'>\n\t\t\t<div class='gallery-icon landscape'>\n\t\t\t\t<a href='https:\/\/katolicka-gimnazija.hr\/wp-content\/uploads\/2023\/10\/P1222139.jpg'><img loading=\"lazy\" decoding=\"async\" width=\"300\" height=\"169\" src=\"https:\/\/katolicka-gimnazija.hr\/wp-content\/uploads\/2023\/10\/P1222139-300x169.jpg\" class=\"attachment-medium size-medium\" alt=\"\" srcset=\"https:\/\/katolicka-gimnazija.hr\/wp-content\/uploads\/2023\/10\/P1222139-300x169.jpg 300w, https:\/\/katolicka-gimnazija.hr\/wp-content\/uploads\/2023\/10\/P1222139-1024x576.jpg 1024w, https:\/\/katolicka-gimnazija.hr\/wp-content\/uploads\/2023\/10\/P1222139-768x432.jpg 768w, https:\/\/katolicka-gimnazija.hr\/wp-content\/uploads\/2023\/10\/P1222139-1536x864.jpg 1536w, https:\/\/katolicka-gimnazija.hr\/wp-content\/uploads\/2023\/10\/P1222139-400x225.jpg 400w, https:\/\/katolicka-gimnazija.hr\/wp-content\/uploads\/2023\/10\/P1222139.jpg 1920w\" sizes=\"auto, (max-width: 300px) 100vw, 300px\" \/><\/a>\n\t\t\t<\/div><\/figure><figure class='gallery-item'>\n\t\t\t<div class='gallery-icon landscape'>\n\t\t\t\t<a href='https:\/\/katolicka-gimnazija.hr\/wp-content\/uploads\/2023\/10\/P1222096.jpg'><img loading=\"lazy\" decoding=\"async\" width=\"300\" height=\"169\" src=\"https:\/\/katolicka-gimnazija.hr\/wp-content\/uploads\/2023\/10\/P1222096-300x169.jpg\" class=\"attachment-medium size-medium\" alt=\"\" srcset=\"https:\/\/katolicka-gimnazija.hr\/wp-content\/uploads\/2023\/10\/P1222096-300x169.jpg 300w, https:\/\/katolicka-gimnazija.hr\/wp-content\/uploads\/2023\/10\/P1222096-1024x576.jpg 1024w, https:\/\/katolicka-gimnazija.hr\/wp-content\/uploads\/2023\/10\/P1222096-768x432.jpg 768w, https:\/\/katolicka-gimnazija.hr\/wp-content\/uploads\/2023\/10\/P1222096-1536x864.jpg 1536w, https:\/\/katolicka-gimnazija.hr\/wp-content\/uploads\/2023\/10\/P1222096-400x225.jpg 400w, https:\/\/katolicka-gimnazija.hr\/wp-content\/uploads\/2023\/10\/P1222096.jpg 1920w\" sizes=\"auto, (max-width: 300px) 100vw, 300px\" \/><\/a>\n\t\t\t<\/div><\/figure><figure class='gallery-item'>\n\t\t\t<div class='gallery-icon landscape'>\n\t\t\t\t<a href='https:\/\/katolicka-gimnazija.hr\/wp-content\/uploads\/2023\/10\/P1222112.jpg'><img loading=\"lazy\" decoding=\"async\" width=\"300\" height=\"169\" src=\"https:\/\/katolicka-gimnazija.hr\/wp-content\/uploads\/2023\/10\/P1222112-300x169.jpg\" class=\"attachment-medium size-medium\" alt=\"\" srcset=\"https:\/\/katolicka-gimnazija.hr\/wp-content\/uploads\/2023\/10\/P1222112-300x169.jpg 300w, https:\/\/katolicka-gimnazija.hr\/wp-content\/uploads\/2023\/10\/P1222112-1024x576.jpg 1024w, https:\/\/katolicka-gimnazija.hr\/wp-content\/uploads\/2023\/10\/P1222112-768x432.jpg 768w, https:\/\/katolicka-gimnazija.hr\/wp-content\/uploads\/2023\/10\/P1222112-1536x864.jpg 1536w, https:\/\/katolicka-gimnazija.hr\/wp-content\/uploads\/2023\/10\/P1222112-400x225.jpg 400w, https:\/\/katolicka-gimnazija.hr\/wp-content\/uploads\/2023\/10\/P1222112.jpg 1920w\" sizes=\"auto, (max-width: 300px) 100vw, 300px\" \/><\/a>\n\t\t\t<\/div><\/figure><figure class='gallery-item'>\n\t\t\t<div class='gallery-icon landscape'>\n\t\t\t\t<a href='https:\/\/katolicka-gimnazija.hr\/wp-content\/uploads\/2023\/10\/P1222066.jpg'><img loading=\"lazy\" decoding=\"async\" width=\"300\" height=\"164\" src=\"https:\/\/katolicka-gimnazija.hr\/wp-content\/uploads\/2023\/10\/P1222066-300x164.jpg\" class=\"attachment-medium size-medium\" alt=\"\" srcset=\"https:\/\/katolicka-gimnazija.hr\/wp-content\/uploads\/2023\/10\/P1222066-300x164.jpg 300w, https:\/\/katolicka-gimnazija.hr\/wp-content\/uploads\/2023\/10\/P1222066-1024x561.jpg 1024w, https:\/\/katolicka-gimnazija.hr\/wp-content\/uploads\/2023\/10\/P1222066-768x421.jpg 768w, https:\/\/katolicka-gimnazija.hr\/wp-content\/uploads\/2023\/10\/P1222066-400x219.jpg 400w, https:\/\/katolicka-gimnazija.hr\/wp-content\/uploads\/2023\/10\/P1222066.jpg 1434w\" sizes=\"auto, (max-width: 300px) 100vw, 300px\" \/><\/a>\n\t\t\t<\/div><\/figure><figure class='gallery-item'>\n\t\t\t<div class='gallery-icon landscape'>\n\t\t\t\t<a href='https:\/\/katolicka-gimnazija.hr\/wp-content\/uploads\/2023\/10\/P1222095.jpg'><img loading=\"lazy\" decoding=\"async\" width=\"300\" height=\"169\" src=\"https:\/\/katolicka-gimnazija.hr\/wp-content\/uploads\/2023\/10\/P1222095-300x169.jpg\" class=\"attachment-medium size-medium\" alt=\"\" srcset=\"https:\/\/katolicka-gimnazija.hr\/wp-content\/uploads\/2023\/10\/P1222095-300x169.jpg 300w, https:\/\/katolicka-gimnazija.hr\/wp-content\/uploads\/2023\/10\/P1222095-1024x576.jpg 1024w, https:\/\/katolicka-gimnazija.hr\/wp-content\/uploads\/2023\/10\/P1222095-768x432.jpg 768w, https:\/\/katolicka-gimnazija.hr\/wp-content\/uploads\/2023\/10\/P1222095-1536x864.jpg 1536w, https:\/\/katolicka-gimnazija.hr\/wp-content\/uploads\/2023\/10\/P1222095-400x225.jpg 400w, https:\/\/katolicka-gimnazija.hr\/wp-content\/uploads\/2023\/10\/P1222095.jpg 1920w\" sizes=\"auto, (max-width: 300px) 100vw, 300px\" \/><\/a>\n\t\t\t<\/div><\/figure><figure class='gallery-item'>\n\t\t\t<div class='gallery-icon landscape'>\n\t\t\t\t<a href='https:\/\/katolicka-gimnazija.hr\/wp-content\/uploads\/2023\/10\/P1222124.jpg'><img loading=\"lazy\" decoding=\"async\" width=\"300\" height=\"169\" src=\"https:\/\/katolicka-gimnazija.hr\/wp-content\/uploads\/2023\/10\/P1222124-300x169.jpg\" class=\"attachment-medium size-medium\" alt=\"\" srcset=\"https:\/\/katolicka-gimnazija.hr\/wp-content\/uploads\/2023\/10\/P1222124-300x169.jpg 300w, https:\/\/katolicka-gimnazija.hr\/wp-content\/uploads\/2023\/10\/P1222124-1024x576.jpg 1024w, https:\/\/katolicka-gimnazija.hr\/wp-content\/uploads\/2023\/10\/P1222124-768x432.jpg 768w, https:\/\/katolicka-gimnazija.hr\/wp-content\/uploads\/2023\/10\/P1222124-1536x864.jpg 1536w, https:\/\/katolicka-gimnazija.hr\/wp-content\/uploads\/2023\/10\/P1222124-400x225.jpg 400w, https:\/\/katolicka-gimnazija.hr\/wp-content\/uploads\/2023\/10\/P1222124.jpg 1920w\" sizes=\"auto, (max-width: 300px) 100vw, 300px\" \/><\/a>\n\t\t\t<\/div><\/figure><figure class='gallery-item'>\n\t\t\t<div class='gallery-icon landscape'>\n\t\t\t\t<a href='https:\/\/katolicka-gimnazija.hr\/wp-content\/uploads\/2023\/10\/P1222145.jpg'><img loading=\"lazy\" decoding=\"async\" width=\"300\" height=\"169\" src=\"https:\/\/katolicka-gimnazija.hr\/wp-content\/uploads\/2023\/10\/P1222145-300x169.jpg\" class=\"attachment-medium size-medium\" alt=\"\" srcset=\"https:\/\/katolicka-gimnazija.hr\/wp-content\/uploads\/2023\/10\/P1222145-300x169.jpg 300w, https:\/\/katolicka-gimnazija.hr\/wp-content\/uploads\/2023\/10\/P1222145-1024x576.jpg 1024w, https:\/\/katolicka-gimnazija.hr\/wp-content\/uploads\/2023\/10\/P1222145-768x432.jpg 768w, https:\/\/katolicka-gimnazija.hr\/wp-content\/uploads\/2023\/10\/P1222145-1536x864.jpg 1536w, https:\/\/katolicka-gimnazija.hr\/wp-content\/uploads\/2023\/10\/P1222145-400x225.jpg 400w, https:\/\/katolicka-gimnazija.hr\/wp-content\/uploads\/2023\/10\/P1222145.jpg 1920w\" sizes=\"auto, (max-width: 300px) 100vw, 300px\" \/><\/a>\n\t\t\t<\/div><\/figure><figure class='gallery-item'>\n\t\t\t<div class='gallery-icon landscape'>\n\t\t\t\t<a href='https:\/\/katolicka-gimnazija.hr\/wp-content\/uploads\/2023\/10\/P1222119.jpg'><img loading=\"lazy\" decoding=\"async\" width=\"300\" height=\"169\" src=\"https:\/\/katolicka-gimnazija.hr\/wp-content\/uploads\/2023\/10\/P1222119-300x169.jpg\" class=\"attachment-medium size-medium\" alt=\"\" srcset=\"https:\/\/katolicka-gimnazija.hr\/wp-content\/uploads\/2023\/10\/P1222119-300x169.jpg 300w, https:\/\/katolicka-gimnazija.hr\/wp-content\/uploads\/2023\/10\/P1222119-1024x576.jpg 1024w, https:\/\/katolicka-gimnazija.hr\/wp-content\/uploads\/2023\/10\/P1222119-768x432.jpg 768w, https:\/\/katolicka-gimnazija.hr\/wp-content\/uploads\/2023\/10\/P1222119-1536x864.jpg 1536w, https:\/\/katolicka-gimnazija.hr\/wp-content\/uploads\/2023\/10\/P1222119-400x225.jpg 400w, https:\/\/katolicka-gimnazija.hr\/wp-content\/uploads\/2023\/10\/P1222119.jpg 1920w\" sizes=\"auto, (max-width: 300px) 100vw, 300px\" \/><\/a>\n\t\t\t<\/div><\/figure><figure class='gallery-item'>\n\t\t\t<div class='gallery-icon landscape'>\n\t\t\t\t<a href='https:\/\/katolicka-gimnazija.hr\/wp-content\/uploads\/2023\/10\/P1222113.jpg'><img loading=\"lazy\" decoding=\"async\" width=\"300\" height=\"169\" src=\"https:\/\/katolicka-gimnazija.hr\/wp-content\/uploads\/2023\/10\/P1222113-300x169.jpg\" class=\"attachment-medium size-medium\" alt=\"\" srcset=\"https:\/\/katolicka-gimnazija.hr\/wp-content\/uploads\/2023\/10\/P1222113-300x169.jpg 300w, https:\/\/katolicka-gimnazija.hr\/wp-content\/uploads\/2023\/10\/P1222113-1024x576.jpg 1024w, https:\/\/katolicka-gimnazija.hr\/wp-content\/uploads\/2023\/10\/P1222113-768x432.jpg 768w, https:\/\/katolicka-gimnazija.hr\/wp-content\/uploads\/2023\/10\/P1222113-1536x864.jpg 1536w, https:\/\/katolicka-gimnazija.hr\/wp-content\/uploads\/2023\/10\/P1222113-400x225.jpg 400w, https:\/\/katolicka-gimnazija.hr\/wp-content\/uploads\/2023\/10\/P1222113.jpg 1920w\" sizes=\"auto, (max-width: 300px) 100vw, 300px\" \/><\/a>\n\t\t\t<\/div><\/figure><figure class='gallery-item'>\n\t\t\t<div class='gallery-icon landscape'>\n\t\t\t\t<a href='https:\/\/katolicka-gimnazija.hr\/wp-content\/uploads\/2023\/10\/P1222134.jpg'><img loading=\"lazy\" decoding=\"async\" width=\"300\" height=\"169\" src=\"https:\/\/katolicka-gimnazija.hr\/wp-content\/uploads\/2023\/10\/P1222134-300x169.jpg\" class=\"attachment-medium size-medium\" alt=\"\" srcset=\"https:\/\/katolicka-gimnazija.hr\/wp-content\/uploads\/2023\/10\/P1222134-300x169.jpg 300w, https:\/\/katolicka-gimnazija.hr\/wp-content\/uploads\/2023\/10\/P1222134-1024x576.jpg 1024w, https:\/\/katolicka-gimnazija.hr\/wp-content\/uploads\/2023\/10\/P1222134-768x432.jpg 768w, https:\/\/katolicka-gimnazija.hr\/wp-content\/uploads\/2023\/10\/P1222134-1536x864.jpg 1536w, https:\/\/katolicka-gimnazija.hr\/wp-content\/uploads\/2023\/10\/P1222134-400x225.jpg 400w, https:\/\/katolicka-gimnazija.hr\/wp-content\/uploads\/2023\/10\/P1222134.jpg 1920w\" sizes=\"auto, (max-width: 300px) 100vw, 300px\" \/><\/a>\n\t\t\t<\/div><\/figure><figure class='gallery-item'>\n\t\t\t<div class='gallery-icon landscape'>\n\t\t\t\t<a href='https:\/\/katolicka-gimnazija.hr\/wp-content\/uploads\/2023\/10\/P1222105.jpg'><img loading=\"lazy\" decoding=\"async\" width=\"300\" height=\"169\" src=\"https:\/\/katolicka-gimnazija.hr\/wp-content\/uploads\/2023\/10\/P1222105-300x169.jpg\" class=\"attachment-medium size-medium\" alt=\"\" srcset=\"https:\/\/katolicka-gimnazija.hr\/wp-content\/uploads\/2023\/10\/P1222105-300x169.jpg 300w, https:\/\/katolicka-gimnazija.hr\/wp-content\/uploads\/2023\/10\/P1222105-1024x576.jpg 1024w, https:\/\/katolicka-gimnazija.hr\/wp-content\/uploads\/2023\/10\/P1222105-768x432.jpg 768w, https:\/\/katolicka-gimnazija.hr\/wp-content\/uploads\/2023\/10\/P1222105-1536x864.jpg 1536w, https:\/\/katolicka-gimnazija.hr\/wp-content\/uploads\/2023\/10\/P1222105-400x225.jpg 400w, https:\/\/katolicka-gimnazija.hr\/wp-content\/uploads\/2023\/10\/P1222105.jpg 1920w\" sizes=\"auto, (max-width: 300px) 100vw, 300px\" \/><\/a>\n\t\t\t<\/div><\/figure><figure class='gallery-item'>\n\t\t\t<div class='gallery-icon landscape'>\n\t\t\t\t<a href='https:\/\/katolicka-gimnazija.hr\/wp-content\/uploads\/2023\/10\/P1222088.jpg'><img loading=\"lazy\" decoding=\"async\" width=\"300\" height=\"169\" src=\"https:\/\/katolicka-gimnazija.hr\/wp-content\/uploads\/2023\/10\/P1222088-300x169.jpg\" class=\"attachment-medium size-medium\" alt=\"\" srcset=\"https:\/\/katolicka-gimnazija.hr\/wp-content\/uploads\/2023\/10\/P1222088-300x169.jpg 300w, https:\/\/katolicka-gimnazija.hr\/wp-content\/uploads\/2023\/10\/P1222088-1024x576.jpg 1024w, https:\/\/katolicka-gimnazija.hr\/wp-content\/uploads\/2023\/10\/P1222088-768x432.jpg 768w, https:\/\/katolicka-gimnazija.hr\/wp-content\/uploads\/2023\/10\/P1222088-1536x864.jpg 1536w, https:\/\/katolicka-gimnazija.hr\/wp-content\/uploads\/2023\/10\/P1222088-400x225.jpg 400w, https:\/\/katolicka-gimnazija.hr\/wp-content\/uploads\/2023\/10\/P1222088.jpg 1920w\" sizes=\"auto, (max-width: 300px) 100vw, 300px\" \/><\/a>\n\t\t\t<\/div><\/figure><figure class='gallery-item'>\n\t\t\t<div class='gallery-icon landscape'>\n\t\t\t\t<a href='https:\/\/katolicka-gimnazija.hr\/wp-content\/uploads\/2023\/10\/P1222140.jpg'><img loading=\"lazy\" decoding=\"async\" width=\"300\" height=\"169\" src=\"https:\/\/katolicka-gimnazija.hr\/wp-content\/uploads\/2023\/10\/P1222140-300x169.jpg\" class=\"attachment-medium size-medium\" alt=\"\" srcset=\"https:\/\/katolicka-gimnazija.hr\/wp-content\/uploads\/2023\/10\/P1222140-300x169.jpg 300w, https:\/\/katolicka-gimnazija.hr\/wp-content\/uploads\/2023\/10\/P1222140-1024x576.jpg 1024w, https:\/\/katolicka-gimnazija.hr\/wp-content\/uploads\/2023\/10\/P1222140-768x432.jpg 768w, https:\/\/katolicka-gimnazija.hr\/wp-content\/uploads\/2023\/10\/P1222140-1536x864.jpg 1536w, https:\/\/katolicka-gimnazija.hr\/wp-content\/uploads\/2023\/10\/P1222140-400x225.jpg 400w, https:\/\/katolicka-gimnazija.hr\/wp-content\/uploads\/2023\/10\/P1222140.jpg 1920w\" sizes=\"auto, (max-width: 300px) 100vw, 300px\" \/><\/a>\n\t\t\t<\/div><\/figure>\n\t\t<\/div>\n\n<p>&nbsp;<\/p>\n","protected":false},"excerpt":{"rendered":"<p>U Po\u017eegi se ovih dana, sasvim nevjerojatno, ali sasvim zgodno i potrebno, manje pri\u010dalo o politici, a vi\u0161e \u0161u\u0161kalo o \u0161armantnoj i zabavnoj Gostioni\u010darki koju svi (ili barem mnogi) \u017eele pogledati. Naravno da se radi o novoj predstavi Gradskoga kazali\u0161ta Po\u017eega koje je unaprijed rasprodalo prve tri izvedbe, a u narednim danima predstavu ponudilo po\u017ee\u0161koj [&hellip;]<\/p>\n","protected":false},"author":2,"featured_media":30164,"comment_status":"closed","ping_status":"closed","sticky":false,"template":"","format":"standard","meta":{"footnotes":""},"categories":[4,2],"tags":[],"class_list":["post-30159","post","type-post","status-publish","format-standard","has-post-thumbnail","hentry","category-fotogalerije","category-vijesti"],"_links":{"self":[{"href":"https:\/\/katolicka-gimnazija.hr\/index.php\/wp-json\/wp\/v2\/posts\/30159","targetHints":{"allow":["GET"]}}],"collection":[{"href":"https:\/\/katolicka-gimnazija.hr\/index.php\/wp-json\/wp\/v2\/posts"}],"about":[{"href":"https:\/\/katolicka-gimnazija.hr\/index.php\/wp-json\/wp\/v2\/types\/post"}],"author":[{"embeddable":true,"href":"https:\/\/katolicka-gimnazija.hr\/index.php\/wp-json\/wp\/v2\/users\/2"}],"replies":[{"embeddable":true,"href":"https:\/\/katolicka-gimnazija.hr\/index.php\/wp-json\/wp\/v2\/comments?post=30159"}],"version-history":[{"count":3,"href":"https:\/\/katolicka-gimnazija.hr\/index.php\/wp-json\/wp\/v2\/posts\/30159\/revisions"}],"predecessor-version":[{"id":30187,"href":"https:\/\/katolicka-gimnazija.hr\/index.php\/wp-json\/wp\/v2\/posts\/30159\/revisions\/30187"}],"wp:featuredmedia":[{"embeddable":true,"href":"https:\/\/katolicka-gimnazija.hr\/index.php\/wp-json\/wp\/v2\/media\/30164"}],"wp:attachment":[{"href":"https:\/\/katolicka-gimnazija.hr\/index.php\/wp-json\/wp\/v2\/media?parent=30159"}],"wp:term":[{"taxonomy":"category","embeddable":true,"href":"https:\/\/katolicka-gimnazija.hr\/index.php\/wp-json\/wp\/v2\/categories?post=30159"},{"taxonomy":"post_tag","embeddable":true,"href":"https:\/\/katolicka-gimnazija.hr\/index.php\/wp-json\/wp\/v2\/tags?post=30159"}],"curies":[{"name":"wp","href":"https:\/\/api.w.org\/{rel}","templated":true}]}}