{"id":30415,"date":"2023-12-02T10:00:26","date_gmt":"2023-12-02T10:00:26","guid":{"rendered":"http:\/\/katolicka-gimnazija.hr\/?p=30415"},"modified":"2023-12-02T10:00:26","modified_gmt":"2023-12-02T10:00:26","slug":"bakin-i-didin-bozicni-dar-2","status":"publish","type":"post","link":"https:\/\/katolicka-gimnazija.hr\/index.php\/2023\/12\/02\/bakin-i-didin-bozicni-dar-2\/","title":{"rendered":"BAKIN I DIDIN BO\u017dI\u0106NI DAR"},"content":{"rendered":"<p>Volonterski klub Katoli\u010dke gimnazije provodi adventsku humanitarnu akciju <strong>Bakin i didin bo\u017ei\u0107ni dar <\/strong>namijenjenu humanitarnoj udruzi Duga Vukovar koja kroz svoju socijalnu samoposlugu svakodnevno skrbi za oko 200 korisnika. Na\u0161a ideja je prikupljanjem slatki\u0161a i grickalica napuniti bo\u017ei\u0107ne poklon\u010di\u0107e za male Vukovarce &#8211; djecu i unu\u010dad korisnika udruge kako bi mogli dostojanstveno ostvarivati svoju obiteljsku ulogu i razveseliti svoje najmla\u0111e za najradosniji kr\u0161\u0107anski blagdan.<\/p>\n<p>Tijekom adventa, <strong>do 15.12.,<\/strong> pozivamo sve u\u010denike, roditelje, djelatnike i prijatelje \u0160kole da svojim darom slatki\u0161a i grickalica pomognu provesti ovu plemenitu akciju!<\/p>\n","protected":false},"excerpt":{"rendered":"<p>Volonterski klub Katoli\u010dke gimnazije provodi adventsku humanitarnu akciju Bakin i didin bo\u017ei\u0107ni dar namijenjenu humanitarnoj udruzi Duga Vukovar koja kroz svoju socijalnu samoposlugu svakodnevno skrbi za oko 200 korisnika. Na\u0161a ideja je prikupljanjem slatki\u0161a i grickalica napuniti bo\u017ei\u0107ne poklon\u010di\u0107e za male Vukovarce &#8211; djecu i unu\u010dad korisnika udruge kako bi mogli dostojanstveno ostvarivati svoju obiteljsku [&hellip;]<\/p>\n","protected":false},"author":13,"featured_media":0,"comment_status":"closed","ping_status":"closed","sticky":false,"template":"","format":"standard","meta":{"footnotes":""},"categories":[3],"tags":[],"class_list":["post-30415","post","type-post","status-publish","format-standard","hentry","category-obavijesti"],"_links":{"self":[{"href":"https:\/\/katolicka-gimnazija.hr\/index.php\/wp-json\/wp\/v2\/posts\/30415","targetHints":{"allow":["GET"]}}],"collection":[{"href":"https:\/\/katolicka-gimnazija.hr\/index.php\/wp-json\/wp\/v2\/posts"}],"about":[{"href":"https:\/\/katolicka-gimnazija.hr\/index.php\/wp-json\/wp\/v2\/types\/post"}],"author":[{"embeddable":true,"href":"https:\/\/katolicka-gimnazija.hr\/index.php\/wp-json\/wp\/v2\/users\/13"}],"replies":[{"embeddable":true,"href":"https:\/\/katolicka-gimnazija.hr\/index.php\/wp-json\/wp\/v2\/comments?post=30415"}],"version-history":[{"count":1,"href":"https:\/\/katolicka-gimnazija.hr\/index.php\/wp-json\/wp\/v2\/posts\/30415\/revisions"}],"predecessor-version":[{"id":30416,"href":"https:\/\/katolicka-gimnazija.hr\/index.php\/wp-json\/wp\/v2\/posts\/30415\/revisions\/30416"}],"wp:attachment":[{"href":"https:\/\/katolicka-gimnazija.hr\/index.php\/wp-json\/wp\/v2\/media?parent=30415"}],"wp:term":[{"taxonomy":"category","embeddable":true,"href":"https:\/\/katolicka-gimnazija.hr\/index.php\/wp-json\/wp\/v2\/categories?post=30415"},{"taxonomy":"post_tag","embeddable":true,"href":"https:\/\/katolicka-gimnazija.hr\/index.php\/wp-json\/wp\/v2\/tags?post=30415"}],"curies":[{"name":"wp","href":"https:\/\/api.w.org\/{rel}","templated":true}]}}