{"id":30641,"date":"2024-01-25T14:17:31","date_gmt":"2024-01-25T14:17:31","guid":{"rendered":"http:\/\/katolicka-gimnazija.hr\/?p=30641"},"modified":"2024-01-25T14:33:58","modified_gmt":"2024-01-25T14:33:58","slug":"matija-horvat-i-ljubav-prema-konjima","status":"publish","type":"post","link":"https:\/\/katolicka-gimnazija.hr\/index.php\/2024\/01\/25\/matija-horvat-i-ljubav-prema-konjima\/","title":{"rendered":"Matija Horvat i ljubav prema konjima"},"content":{"rendered":"<p style=\"text-align: center;\"><strong>To nije bilo gazda i sluga, to je bilo prijateljstvo iskreno\u2026<\/strong><\/p>\n<p style=\"text-align: center;\"><em>\u201eIma ne\u0161to u vanj\u0161tini konja \u0161to \u010dini dobro nutrini \u010dovjeka.\u201c <\/em>poslovica<\/p>\n<p><em>Projekt novinarske dru\u017eine Nautes Zlato Zlatne doline u svojoj je prvoj fazi obuhvatio teme koje se i same name\u0107u kao temeljne \u2013 ratarstvo, sto\u010darstvo, mljekarstvo, vinogradarstvo i vinarstvo, p\u010delarstvo i proizvodnja meda. Nakon toga je uslijedilo istra\u017eivanje nematerijalnog bogatstva u ljubavi prema folkloru, knji\u017eevnosti i jeziku, ali i ljubavi prema najplemenitijim slavonskim \u017eivotinjama \u2013 konjima.<\/em><br \/>\nVjerujemo da su ve\u0107 stari Rimljani u ove krajeve do\u0161li na konjima ba\u0161 kao \u0161to su konji donijeli i Slavene u ove krajeve. Konj je bio \u017eivotinja koja je Zlatnodolina\u0161u pomogla u njegovim svakodnevnim poslovima, ali i drugim \u017eivotnim potrebama dok ga nisu zamijenili mehanizirani strojevi. Dvije na\u0161e sugovornice, biv\u0161e KG-ovke, Matija i Petra, od malena razvijaju ljubav prema konjima \u0161to je do izra\u017eaja posebno do\u0161lo kako u njihovim srednjo\u0161kolskim danima tako i danas. Prva je na\u0161a sugovornica Matija Horvat, Po\u017ee\u017eanka s novom adresom u osje\u010dkom Antunovcu.<\/p>\n<p><strong>Koje je danas mjesto konjima u Zlatnoj dolini?<\/strong><\/p>\n<p>Ako usporedimo dana\u0161nje konje s onima od prije 50, 100 i vi\u0161e godina mogu re\u0107i da su im se mjesto i svrha uvelike promijenili. Svrha konja u pro\u0161losti prvenstveno je bila rad, a Zlatna dolina je kraj poznat po ,,kirija\u0161ima&#8221;. U Po\u017eegi i okolici bilo je dvadesetak kirija\u0161kih obitelji, a moja obitelj je bila jedna od njih. Kirija\u0161i su s konjima vadili pijesak iz Orljave, izvla\u010dili trupce iz \u0161ume te prevozili razni teret. To su neki od poslova koje su konji u pro\u0161losti odra\u0111ivali, a danas se time malo tko bavi. Danas ljudi u Zlatnoj dolini konje dr\u017ee iz ljubavi i hobija, s njima rekreativno u\u017eivaju i idu na manifestacije.<\/p>\n<p><strong>Jesu li oni zlato Zlatne doline?<\/strong><\/p>\n<p>Na le\u0111ima konja ispisana je povijest \u010dovje\u010danstva i oni su duboko utkani u na\u0161u pro\u0161lost i tradiciju. Sa sigurno\u0161\u0107u mogu re\u0107i da su konji zlato koje treba njegovati i voljeti te prenositi tu ljubav na mla\u0111e generacije.<\/p>\n<p><strong>Kako se i kada razvila ljubav prema ovoj prekrasnoj i mo\u0107noj plemenitoj \u017eivotinji?<\/strong><\/p>\n<p><a href=\"http:\/\/katolicka-gimnazija.hr\/wp-content\/uploads\/2024\/01\/image0-1-e1706193153829.jpeg\"><img loading=\"lazy\" decoding=\"async\" class=\"size-medium wp-image-30656 alignright\" src=\"http:\/\/katolicka-gimnazija.hr\/wp-content\/uploads\/2024\/01\/image0-1-e1706193153829-237x300.jpeg\" alt=\"\" width=\"237\" height=\"300\" srcset=\"https:\/\/katolicka-gimnazija.hr\/wp-content\/uploads\/2024\/01\/image0-1-e1706193153829-237x300.jpeg 237w, https:\/\/katolicka-gimnazija.hr\/wp-content\/uploads\/2024\/01\/image0-1-e1706193153829-810x1024.jpeg 810w, https:\/\/katolicka-gimnazija.hr\/wp-content\/uploads\/2024\/01\/image0-1-e1706193153829-768x970.jpeg 768w, https:\/\/katolicka-gimnazija.hr\/wp-content\/uploads\/2024\/01\/image0-1-e1706193153829-1216x1536.jpeg 1216w, https:\/\/katolicka-gimnazija.hr\/wp-content\/uploads\/2024\/01\/image0-1-e1706193153829.jpeg 1438w\" sizes=\"auto, (max-width: 237px) 100vw, 237px\" \/><\/a>Na prenesenoj ljubavi prema konjima i gutanju konjske dlake kao malenoj najvi\u0161e mogu zahvaliti tati. Konji su u na\u0161oj obitelji preko 60 godina, od pradjeda pa sad do mene. Najranije uspomene s konjima imam otkad sam prohodala i najzanimljivije mi je da ve\u0107inu uspomena kojih se sje\u0107am od malena imam s konjima. Ponajvi\u0161e tati mogu zahvaliti \u0161to je uvijek podupirao tu moju zalu\u0111enost, od financijskog aspekta pa sve do brige o konjima dok sam studirala.<\/p>\n<p><strong>Danas si odrasla osoba, no jesi li se ikada kao mala bojala tako velike \u017eivotinje? Ima li razloga strahu od konja? <\/strong><\/p>\n<p>Konja se nisam nikad bojala pa ni kao mala. Kroz godine sam nau\u010dila \u010ditati govor tijela konja &#8211; konj prije nekakve reakcije uvijek upozori svojim govorom tijela. Konji su velike \u017eivotinje i normalno je da kod nekih ljudi izazivaju strahopo\u0161tovanje, ali sam strah ne. Tako\u0111er su po prirodi vrlo nje\u017ene \u017eivotinje i mislim da ih se ne treba bojati. Konji tako\u0111er osjete ako ih se ljudi boje, stoga smatram da ljudi koji se boje konja ne bi niti trebali imati veze s njima. Unato\u010d tome, biti na oprezu nije na odmet jer su konji ipak \u017eiva bi\u0107a koja razmi\u0161ljaju svojim mozgom. Ne\u0161to \u0161to nama nije opasno ili zastra\u0161uju\u0107e njima mo\u017eda jest. Nikad ne znamo kad se konj mo\u017ee ne\u010dega upla\u0161iti i burno reagirati. Tako\u0111er je potrebno znati da je konj u \u017eivotinjskom carstvu plijen, a ne predator. To zna\u010di da \u0107e on, na\u0111e li se u opasnosti, pobje\u0107i. Nije mu u prirodi napasti ono ili onoga tko mu izaziva nezadovoljstvo.<\/p>\n<p><strong>\u0160to tebi predstavljaju konji, mo\u017ee\u0161 li opisati svoju vezu s tom \u017eivotinjom, koja je njihova uloga u tvom \u017eivotu?<\/strong><\/p>\n<p><a href=\"http:\/\/katolicka-gimnazija.hr\/wp-content\/uploads\/2024\/01\/Slika1.jpg\"><img loading=\"lazy\" decoding=\"async\" class=\"size-medium wp-image-30645 alignleft\" src=\"http:\/\/katolicka-gimnazija.hr\/wp-content\/uploads\/2024\/01\/Slika1-240x300.jpg\" alt=\"\" width=\"240\" height=\"300\" srcset=\"https:\/\/katolicka-gimnazija.hr\/wp-content\/uploads\/2024\/01\/Slika1-240x300.jpg 240w, https:\/\/katolicka-gimnazija.hr\/wp-content\/uploads\/2024\/01\/Slika1.jpg 685w\" sizes=\"auto, (max-width: 240px) 100vw, 240px\" \/><\/a>Kada bih morala odabrati nekoliko rije\u010di koje me asociraju na moju vezu s konjima to bi bile rije\u010di mir, strast, u\u017eivanje i sre\u0107a. Cijeli svoj \u017eivot posvetila sam konjima, \u010dak do te mjere da sam zbog njih i upisala fakultet u Osijeku. Nikad mi niti jedan drugi grad nije dolazio u obzir \u0161to se ti\u010de studiranja jer sam znala da \u017eelim biti \u0161to bli\u017ee Po\u017eegi s mogu\u0107no\u0161\u0107u dolazaka svaki vikend ku\u0107i zbog \u017eivotinja. \u0160to se ti\u010de veze s konjima krivo je gledati na konja kao na svog slugu koji &#8221;slu\u017ei&#8221; za jahanje, vo\u017enju ili rad. S konjima je potrebno razviti prijateljski odnos pun uzajamnog i obostranog po\u0161tovanja. Uloga mojih konja u mom \u017eivotu je jednostavna \u2013 to je da se me\u0111usobno usre\u0107ujemo. Nekad mislim da me usre\u0107uju samo svojim postojanjem. Obo\u017eavam biti u njihovom dru\u0161tvu, obo\u017eavam se brinuti za njih i ne uzimam zdravo za gotovo tu privilegiju \u0161to mi dopu\u0161taju da sjedim na njihovim le\u0111ima te da zajedno kroz jahanja u\u017eivamo u prekrasnoj prirodi kojom smo okru\u017eeni. Zauzvrat ja njih usre\u0107ujem mrkvicama, jabukama, \u010de\u0161kanjem i timarenjem.<\/p>\n<p>&nbsp;<\/p>\n<p><strong>Mo\u017ee\u0161 li (malo romanti\u010darski) opisati osje\u0107aje koje u tebi izaziva susret s konjima.<\/strong><\/p>\n<p>Konji u meni bude mnogo razli\u010ditih osje\u0107aja, najvi\u0161e prema njima osje\u0107am ljubav i potrebu da se brinem za njih i omogu\u0107im im najbolje mogu\u0107e \u017eivotne uvjete. Po\u0161to radim uredski posao, konji mi predstavljaju svakodnevni bijeg od gledanja u kompjuter, tipkanja i sjedenja. Ako sam ljuta ili tu\u017ena, oni \u0107e me uvijek na neki na\u010din razveseliti. Mislim da provo\u0111enje vremena sa \u017eivotinjama u prirodi stvarno lije\u010di du\u0161u. Dru\u0161tvo konja uvijek bih odabrala prije nego dru\u0161tvo ljudi.<\/p>\n<p><strong>Je li istina da je ljubav prema konjima terapijska?<\/strong><\/p>\n<p>Ljubav i provo\u0111enje vremena s konjima definitivno je neka vrsta terapije! Tako\u0111er je znanstveno dokazano da konji pozitivno utje\u010du na npr. djecu s pote\u0161ko\u0107ama u razvoju. Izjava ,,Ima ne\u0161to u vanj\u0161tini konja \u0161to \u010dini dobro nutrini \u010dovjeka\u201c ne postoji bez razloga.<\/p>\n<p><strong>Mo\u017ee\u0161 i predstaviti koje su tvoje obveze prema njima, kako se zovu, koje su pasmine\u2026<\/strong><\/p>\n<p>Moji konji su lipicanci i trenutno ih imamo 5, uskoro 6. Zovu se Favory, Canissa, Batosta, Rajna i Lela. Mnogo ljudi misli da je imati konja lako i da je lijepo jahati, ali tu ima puno vi\u0161e obaveza i posla. Kako bismo konjima pobolj\u0161ali \u017eivotne <a href=\"http:\/\/katolicka-gimnazija.hr\/wp-content\/uploads\/2024\/01\/image1-scaled.jpeg\"><img loading=\"lazy\" decoding=\"async\" class=\"size-medium wp-image-30643 alignright\" src=\"http:\/\/katolicka-gimnazija.hr\/wp-content\/uploads\/2024\/01\/image1-300x225.jpeg\" alt=\"\" width=\"300\" height=\"225\" srcset=\"https:\/\/katolicka-gimnazija.hr\/wp-content\/uploads\/2024\/01\/image1-300x225.jpeg 300w, https:\/\/katolicka-gimnazija.hr\/wp-content\/uploads\/2024\/01\/image1-1024x768.jpeg 1024w, https:\/\/katolicka-gimnazija.hr\/wp-content\/uploads\/2024\/01\/image1-768x576.jpeg 768w, https:\/\/katolicka-gimnazija.hr\/wp-content\/uploads\/2024\/01\/image1-1536x1152.jpeg 1536w, https:\/\/katolicka-gimnazija.hr\/wp-content\/uploads\/2024\/01\/image1-2048x1536.jpeg 2048w, https:\/\/katolicka-gimnazija.hr\/wp-content\/uploads\/2024\/01\/image1-400x300.jpeg 400w\" sizes=\"auto, (max-width: 300px) 100vw, 300px\" \/><\/a>uvjete, a i sebi maksimalno olak\u0161ali koli\u010dinu posla oko njih, napravili smo im uvjete \u017eivota \u0161to smo sli\u010dnije mogli napraviti divljim konjima. Na\u0161i konji \u017eive u jako velikome koralu (ispustu) \u0161to im omogu\u0107uje puno kretanja kroz dan, a i no\u0107. U tom prostoru imaju nadstre\u0161nicu u koju mogu u\u0107i, kako bi se sklonili od padalina i vjetra i iz koje mogu iza\u0107i kada god \u017eele. Sijena i vode imaju po volji, mogu jesti, piti i socijalizirati se s drugim konjima 24\/7. Takav na\u010din dr\u017eanja konja je i nama uvelike smanjio posao oko njih, a njima pove\u0107ao kvalitetu \u017eivota. Trenutne obveze koje prema njima imamo je kontrolirati imaju li dovoljno hrane i vode, uz neograni\u010deno sijeno nadohranjivati ih zrnom, jednom u dva mjeseca zvati potkiva\u010da kako bi im orezao kopita te po potrebi veterinara.<\/p>\n<p><strong>Je li to bolno za konje? Zna\u010di, prije svega njima je potreban pediker?<\/strong><\/p>\n<p>Da, konjima je potreban pediker odnosno potkiva\u010d kako bi im orezao kopita svakih 45 dana do 2 mjeseca. Orezivanje kopita nimalo ne boli jer dio koji se orezuje nije prokrvljen i nema \u017eivaca. To je doslovno identi\u010dno kao rezanje noktiju kod ljudi.<\/p>\n<p><strong>Za\u0161to konjima uvijek dajete strana imena? Je li to neko pravilo ili ne\u0161to drugo? Konjima jo\u0161 ne dodjeljuju imena ljudi kao \u0161to danas daju psima i ma\u010dkama?<\/strong><\/p>\n<p>Svaka pasmina konja ima pravilo po kojemu se imenuju novoro\u0111ena \u017edrebad. Konji sa pedigreom moraju se imenovati po pravilu koje je vezano za tu pasminu. Kod lipicanaca je slu\u010daj da \u017edrijebe naslje\u0111uje ime od svojih roditelja, koje mora biti upisano u papirima tog \u017edrijebeta, ali vlasnik sam bira ho\u0107e li se koristiti tim imenom kad radi s konjem ili \u0107e odabrati neko drugo &#8221;radno&#8221; ime koje mu se svi\u0111a. Na primjer na\u0161a kobila Batosta ima dva \u017eenska potomka i njih se obje u svojim papirima zovu Batosta, ali mi da ne bismo zvali 3 konja istim imenom odabrali smo im &#8221;radna&#8221; imena Rajna i Lela. Postoje i konji s ljudskim imenima naravno. Kod hladnokrvnih pasmina konja nerijetko sam \u010dula da se zovu Olga, Dunja, Mara itd.<\/p>\n<p><strong>Gdje si se sve pojavljivala sa svojim konjima, je li te netko na to potaknuo, \u0161to tebi predstavlja sudjelovanje u javnim doga\u0111ajima sa svojim konjima?<\/strong><\/p>\n<p><a href=\"http:\/\/katolicka-gimnazija.hr\/wp-content\/uploads\/2024\/01\/Slika5.jpg\"><img loading=\"lazy\" decoding=\"async\" class=\"size-medium wp-image-30648 alignleft\" src=\"http:\/\/katolicka-gimnazija.hr\/wp-content\/uploads\/2024\/01\/Slika5-200x300.jpg\" alt=\"\" width=\"200\" height=\"300\" srcset=\"https:\/\/katolicka-gimnazija.hr\/wp-content\/uploads\/2024\/01\/Slika5-200x300.jpg 200w, https:\/\/katolicka-gimnazija.hr\/wp-content\/uploads\/2024\/01\/Slika5-682x1024.jpg 682w, https:\/\/katolicka-gimnazija.hr\/wp-content\/uploads\/2024\/01\/Slika5-768x1152.jpg 768w, https:\/\/katolicka-gimnazija.hr\/wp-content\/uploads\/2024\/01\/Slika5.jpg 779w\" sizes=\"auto, (max-width: 200px) 100vw, 200px\" \/><\/a>Od nekakvih manifestacija s konjima naj\u010de\u0161\u0107e sam znala sudjelovati na na\u0161em festivalu Zlatne \u017eice Slavonije. Tako\u0111er sam sudjelovala na nekoliko pokladnih jahanja koja su karakteristi\u010dna za ovaj zimski dio godine. Na odlaske na tradicijska jahanja najvi\u0161e me poticao tata i skoro uvijek smo i\u0161li zajedno. Na javnim sudjelovanjima najbolje se mo\u017ee vidjeti kako tko brine o svojim konjima, \u010diji su konji njegovani, okupani te imaju odgovaraju\u0107u opremu. Mislim da je svim sudionicima u cilju pokazati se u \u0161to boljem svjetlu. Meni sudjelovanje na manifestacijama s konjima predstavlja ljubav prema na\u0161oj prelijepoj tradiciji i Slavoniji. <strong>\u00a0<\/strong><\/p>\n<p><strong>Ima li po tebi konjogojstvo budu\u0107nost u Zlatnoj dolini, Hrvatskoj\u2026?<\/strong><\/p>\n<p>Sve je vi\u0161e i vi\u0161e mladih u Po\u017eegi i okolici zainteresirano za konje u zadnje vrijeme pa sam uvjerena da konjogojstvo ima budu\u0107nost u Zlatnoj dolini. Na\u017ealost, to su sve privatni vlasnici konja koji imaju tu sre\u0107u i privilegiju da imaju konje. Jedna stvar koja Po\u017eegi jako nedostaje je nekakva \u0161kola jahanja ili udruga za terapijsko jahanje. Djeci u Po\u017eegi nije lako do\u0107i do konja, a najbli\u017ei slu\u017ebeni klub je tek 60-ak kilometara udaljen. Mislim da je to ne\u0161to na \u010demu bi grad morao poraditi i probati ne\u0161to osnovati.<\/p>\n<p><strong>Matija, bila si na\u0161a u\u010denica, \u010dime se bavi\u0161 danas i ima li to nekakve veze s tvojom ljubavi prema konjima?<\/strong><\/p>\n<p>Posao koji radim je uredski i, na\u017ealost, nema veze s konjima, ali to me ne sprje\u010dava da sve svoje slobodno vrijeme provodim s njima. Ba\u0161 oni mi i slu\u017ee kao bijeg od problema i odmor.<\/p>\n<p><strong>Kako vidi\u0161 sebe u budu\u0107nosti u odnosu na ljubav prema konjima, ho\u0107e\u0161 imati farmu, svoju miniergelu?<\/strong><\/p>\n<p>Pa mogu re\u0107i da svoju farmu ve\u0107 imam i da \u017eivim svoj dje\u010dji san! Broj\u010dano stanje konja nam je ve\u0107 poprili\u010dno veliko i nadam se da ne\u0107emo prije\u0107i dvoznamenkasti broj J. \u0160to se ti\u010de \u0161irenja farme to \u0107e vjerojatno biti u smislu nabavljanja kokica, mo\u017eda nekakve mini gice ili koze za ukras jer konja imamo stvarno dovoljno.<\/p>\n<p><strong>Vjeruje\u0161 li da \u0107e\u0161 uspjeti prenijeti tu ljubav na obitelj koju \u0107e\u0161 sama osnovati?<\/strong><\/p>\n<p>U to ni najmanje ne sumnjam! Ako budem imala dijete planiram s njime raditi sve \u0161to je moj tata radio sa mnom, \u0161to je i dovelo do ove opsesije konjima.<\/p>\n<p>&nbsp;<\/p>\n<p><strong>MINIPOJMOVNIK<\/strong><\/p>\n<p><strong>UZENGIJE<\/strong> \u2013 dio sedla koji slu\u017ei za pridr\u017eavanje stopala jaha\u010da<\/p>\n<p><strong>STREMEN <\/strong>\u2013 ko\u017eni remen koji pri\u010dvr\u0161\u0107uje uzengiju za sedlo<\/p>\n<p><strong>SAPI<\/strong> \u2013 zadnji dio trupa konja<\/p>\n<p><strong>ULAR<\/strong> \u2013 dio opreme za konje koji se nalazi na glavi, a pomo\u0107u njega se konj vodi<\/p>\n<p><strong>KORBA\u010c<\/strong> \u2013 bi\u010d<\/p>\n<p><strong>KENTER<\/strong> \u2013 malo sporiji galop ili galop pod kontrolom. Prosje\u010dna brzina kentera je 20 km\/h<\/p>\n<p><strong>PONJAVAC<\/strong> \u2013 prostirka ru\u010dne izrade koja se naj\u010de\u0161\u0107e izra\u0111uje od vune, a njezina osnovna namjena je pokrivanje. (jaha\u010di ga koriste na manifestacijama ispod sedla)<\/p>\n<p><strong>OMAK\/OMICA<\/strong> \u2013 mu\u0161ki i \u017eenski konj mla\u0111i od 3 godine<\/p>\n<p><strong>KO\u017dU\u0160AK <\/strong>\u2013 prsluk izra\u0111en od tanke ko\u017ee, sastavni dio no\u0161nje i jaha\u010dica na manifestacijama<\/p>\n<p><strong>REKLJA<\/strong> \u2013 \u0161oka\u010dka jakna, tako\u0111er \u010desto no\u0161ena na zimskim manifestacijama<\/p>\n<p>&nbsp;<\/p>\n<p><strong>Blitz pitanja:<\/strong><\/p>\n<p>Dorat ili vranac? \u00a0\u00a0\u00a0\u00a0\u00a0\u00a0\u00a0\u00a0\u00a0\u00a0\u00a0\u00a0\u00a0\u00a0\u00a0\u00a0\u00a0\u00a0 <strong>vranac<\/strong><\/p>\n<p>Kas ili galop? \u00a0\u00a0\u00a0\u00a0\u00a0\u00a0\u00a0\u00a0\u00a0\u00a0\u00a0 \u00a0\u00a0\u00a0\u00a0\u00a0\u00a0\u00a0\u00a0\u00a0\u00a0\u00a0 <strong>galop<\/strong><\/p>\n<p>Kobila, pastuh ili kastrat?\u00a0 \u00a0<strong>kastrat<\/strong><\/p>\n<p>Lipicanac ili posavac? \u00a0\u00a0\u00a0\u00a0\u00a0\u00a0\u00a0\u00a0 <strong>lipicanac<\/strong><\/p>\n<p>Po\u017eega ili Antunovac?\u00a0 \u00a0 \u00a0 \u00a0 \u00a0<strong>Po\u017eega \u0107e uvijek imati posebno mjesto u mome srcu, ali novi \u017eivot zasnivam u Antunovcu pa \u0107u re\u0107i Antunovac<\/strong>.<\/p>\n<p>Selo ili grad? \u00a0\u00a0\u00a0\u00a0\u00a0\u00a0\u00a0\u00a0\u00a0\u00a0\u00a0\u00a0\u00a0\u00a0\u00a0\u00a0\u00a0\u00a0\u00a0\u00a0\u00a0\u00a0\u00a0\u00a0 <strong>selo<\/strong><\/p>\n<p>Konj ili \u010dovjek? \u00a0\u00a0\u00a0\u00a0\u00a0\u00a0\u00a0\u00a0\u00a0\u00a0\u00a0\u00a0\u00a0\u00a0\u00a0\u00a0\u00a0\u00a0\u00a0 <strong>Definitivno konj!<\/strong><\/p>\n<p>Kauboj ili Indijanac?\u00a0 \u00a0 \u00a0 \u00a0 \u00a0 \u00a0<strong>Indijanac <\/strong><\/p>\n<p>NajKnjiga?\u00a0\u00a0\u00a0\u00a0\u00a0\u00a0\u00a0\u00a0\u00a0\u00a0\u00a0\u00a0\u00a0\u00a0\u00a0\u00a0\u00a0\u00a0\u00a0\u00a0\u00a0\u00a0\u00a0\u00a0\u00a0\u00a0\u00a0\u00a0 <strong><em>Put rata<\/em> i <em>Smisao \u017eivota jednog psa<\/em><\/strong><\/p>\n<p>NajFilm? \u00a0\u00a0\u00a0\u00a0\u00a0\u00a0\u00a0\u00a0\u00a0\u00a0\u00a0\u00a0\u00a0\u00a0\u00a0\u00a0\u00a0\u00a0\u00a0\u00a0\u00a0\u00a0\u00a0\u00a0\u00a0\u00a0\u00a0\u00a0\u00a0\u00a0 <strong>A svi o konjima, naravno.<\/strong> J<\/p>\n<div id='gallery-1' class='gallery galleryid-30641 gallery-columns-3 gallery-size-medium'><figure class='gallery-item'>\n\t\t\t<div class='gallery-icon landscape'>\n\t\t\t\t<a href='https:\/\/katolicka-gimnazija.hr\/wp-content\/uploads\/2024\/01\/Slika2.jpg'><img loading=\"lazy\" decoding=\"async\" width=\"300\" height=\"200\" src=\"https:\/\/katolicka-gimnazija.hr\/wp-content\/uploads\/2024\/01\/Slika2-300x200.jpg\" class=\"attachment-medium size-medium\" alt=\"\" srcset=\"https:\/\/katolicka-gimnazija.hr\/wp-content\/uploads\/2024\/01\/Slika2-300x200.jpg 300w, https:\/\/katolicka-gimnazija.hr\/wp-content\/uploads\/2024\/01\/Slika2-1024x682.jpg 1024w, https:\/\/katolicka-gimnazija.hr\/wp-content\/uploads\/2024\/01\/Slika2-768x512.jpg 768w, https:\/\/katolicka-gimnazija.hr\/wp-content\/uploads\/2024\/01\/Slika2-400x267.jpg 400w, https:\/\/katolicka-gimnazija.hr\/wp-content\/uploads\/2024\/01\/Slika2.jpg 1331w\" sizes=\"auto, (max-width: 300px) 100vw, 300px\" \/><\/a>\n\t\t\t<\/div><\/figure><figure class='gallery-item'>\n\t\t\t<div class='gallery-icon portrait'>\n\t\t\t\t<a href='https:\/\/katolicka-gimnazija.hr\/wp-content\/uploads\/2024\/01\/image0-scaled.jpeg'><img loading=\"lazy\" decoding=\"async\" width=\"200\" height=\"300\" src=\"https:\/\/katolicka-gimnazija.hr\/wp-content\/uploads\/2024\/01\/image0-200x300.jpeg\" class=\"attachment-medium size-medium\" alt=\"\" srcset=\"https:\/\/katolicka-gimnazija.hr\/wp-content\/uploads\/2024\/01\/image0-200x300.jpeg 200w, https:\/\/katolicka-gimnazija.hr\/wp-content\/uploads\/2024\/01\/image0-683x1024.jpeg 683w, https:\/\/katolicka-gimnazija.hr\/wp-content\/uploads\/2024\/01\/image0-768x1152.jpeg 768w, https:\/\/katolicka-gimnazija.hr\/wp-content\/uploads\/2024\/01\/image0-1024x1536.jpeg 1024w, https:\/\/katolicka-gimnazija.hr\/wp-content\/uploads\/2024\/01\/image0-1365x2048.jpeg 1365w, https:\/\/katolicka-gimnazija.hr\/wp-content\/uploads\/2024\/01\/image0-scaled.jpeg 1706w\" sizes=\"auto, (max-width: 200px) 100vw, 200px\" \/><\/a>\n\t\t\t<\/div><\/figure><figure class='gallery-item'>\n\t\t\t<div class='gallery-icon portrait'>\n\t\t\t\t<a href='https:\/\/katolicka-gimnazija.hr\/wp-content\/uploads\/2024\/01\/Slika5.jpg'><img loading=\"lazy\" decoding=\"async\" width=\"200\" height=\"300\" src=\"https:\/\/katolicka-gimnazija.hr\/wp-content\/uploads\/2024\/01\/Slika5-200x300.jpg\" class=\"attachment-medium size-medium\" alt=\"\" srcset=\"https:\/\/katolicka-gimnazija.hr\/wp-content\/uploads\/2024\/01\/Slika5-200x300.jpg 200w, https:\/\/katolicka-gimnazija.hr\/wp-content\/uploads\/2024\/01\/Slika5-682x1024.jpg 682w, https:\/\/katolicka-gimnazija.hr\/wp-content\/uploads\/2024\/01\/Slika5-768x1152.jpg 768w, https:\/\/katolicka-gimnazija.hr\/wp-content\/uploads\/2024\/01\/Slika5.jpg 779w\" sizes=\"auto, (max-width: 200px) 100vw, 200px\" \/><\/a>\n\t\t\t<\/div><\/figure><figure class='gallery-item'>\n\t\t\t<div class='gallery-icon landscape'>\n\t\t\t\t<a href='https:\/\/katolicka-gimnazija.hr\/wp-content\/uploads\/2024\/01\/image1-scaled.jpeg'><img loading=\"lazy\" decoding=\"async\" width=\"300\" height=\"225\" src=\"https:\/\/katolicka-gimnazija.hr\/wp-content\/uploads\/2024\/01\/image1-300x225.jpeg\" class=\"attachment-medium size-medium\" alt=\"\" srcset=\"https:\/\/katolicka-gimnazija.hr\/wp-content\/uploads\/2024\/01\/image1-300x225.jpeg 300w, https:\/\/katolicka-gimnazija.hr\/wp-content\/uploads\/2024\/01\/image1-1024x768.jpeg 1024w, https:\/\/katolicka-gimnazija.hr\/wp-content\/uploads\/2024\/01\/image1-768x576.jpeg 768w, https:\/\/katolicka-gimnazija.hr\/wp-content\/uploads\/2024\/01\/image1-1536x1152.jpeg 1536w, https:\/\/katolicka-gimnazija.hr\/wp-content\/uploads\/2024\/01\/image1-2048x1536.jpeg 2048w, https:\/\/katolicka-gimnazija.hr\/wp-content\/uploads\/2024\/01\/image1-400x300.jpeg 400w\" sizes=\"auto, (max-width: 300px) 100vw, 300px\" \/><\/a>\n\t\t\t<\/div><\/figure><figure class='gallery-item'>\n\t\t\t<div class='gallery-icon portrait'>\n\t\t\t\t<a href='https:\/\/katolicka-gimnazija.hr\/wp-content\/uploads\/2024\/01\/image5.jpeg'><img loading=\"lazy\" decoding=\"async\" width=\"240\" height=\"300\" src=\"https:\/\/katolicka-gimnazija.hr\/wp-content\/uploads\/2024\/01\/image5-240x300.jpeg\" class=\"attachment-medium size-medium\" alt=\"\" srcset=\"https:\/\/katolicka-gimnazija.hr\/wp-content\/uploads\/2024\/01\/image5-240x300.jpeg 240w, https:\/\/katolicka-gimnazija.hr\/wp-content\/uploads\/2024\/01\/image5-819x1024.jpeg 819w, https:\/\/katolicka-gimnazija.hr\/wp-content\/uploads\/2024\/01\/image5-768x960.jpeg 768w, https:\/\/katolicka-gimnazija.hr\/wp-content\/uploads\/2024\/01\/image5-1229x1536.jpeg 1229w, https:\/\/katolicka-gimnazija.hr\/wp-content\/uploads\/2024\/01\/image5.jpeg 1440w\" sizes=\"auto, (max-width: 240px) 100vw, 240px\" \/><\/a>\n\t\t\t<\/div><\/figure><figure class='gallery-item'>\n\t\t\t<div class='gallery-icon landscape'>\n\t\t\t\t<a href='https:\/\/katolicka-gimnazija.hr\/wp-content\/uploads\/2024\/01\/Slika3.jpg'><img loading=\"lazy\" decoding=\"async\" width=\"300\" height=\"264\" src=\"https:\/\/katolicka-gimnazija.hr\/wp-content\/uploads\/2024\/01\/Slika3-300x264.jpg\" class=\"attachment-medium size-medium\" alt=\"\" srcset=\"https:\/\/katolicka-gimnazija.hr\/wp-content\/uploads\/2024\/01\/Slika3-300x264.jpg 300w, https:\/\/katolicka-gimnazija.hr\/wp-content\/uploads\/2024\/01\/Slika3-768x675.jpg 768w, https:\/\/katolicka-gimnazija.hr\/wp-content\/uploads\/2024\/01\/Slika3-341x300.jpg 341w, https:\/\/katolicka-gimnazija.hr\/wp-content\/uploads\/2024\/01\/Slika3.jpg 824w\" sizes=\"auto, (max-width: 300px) 100vw, 300px\" \/><\/a>\n\t\t\t<\/div><\/figure><figure class='gallery-item'>\n\t\t\t<div class='gallery-icon portrait'>\n\t\t\t\t<a href='https:\/\/katolicka-gimnazija.hr\/wp-content\/uploads\/2024\/01\/Slika1.jpg'><img loading=\"lazy\" decoding=\"async\" width=\"240\" height=\"300\" src=\"https:\/\/katolicka-gimnazija.hr\/wp-content\/uploads\/2024\/01\/Slika1-240x300.jpg\" class=\"attachment-medium size-medium\" alt=\"\" srcset=\"https:\/\/katolicka-gimnazija.hr\/wp-content\/uploads\/2024\/01\/Slika1-240x300.jpg 240w, https:\/\/katolicka-gimnazija.hr\/wp-content\/uploads\/2024\/01\/Slika1.jpg 685w\" sizes=\"auto, (max-width: 240px) 100vw, 240px\" \/><\/a>\n\t\t\t<\/div><\/figure><figure class='gallery-item'>\n\t\t\t<div class='gallery-icon portrait'>\n\t\t\t\t<a href='https:\/\/katolicka-gimnazija.hr\/wp-content\/uploads\/2024\/01\/image3-scaled.jpeg'><img loading=\"lazy\" decoding=\"async\" width=\"200\" height=\"300\" src=\"https:\/\/katolicka-gimnazija.hr\/wp-content\/uploads\/2024\/01\/image3-200x300.jpeg\" class=\"attachment-medium size-medium\" alt=\"\" aria-describedby=\"gallery-1-30650\" srcset=\"https:\/\/katolicka-gimnazija.hr\/wp-content\/uploads\/2024\/01\/image3-200x300.jpeg 200w, https:\/\/katolicka-gimnazija.hr\/wp-content\/uploads\/2024\/01\/image3-681x1024.jpeg 681w, https:\/\/katolicka-gimnazija.hr\/wp-content\/uploads\/2024\/01\/image3-768x1154.jpeg 768w, https:\/\/katolicka-gimnazija.hr\/wp-content\/uploads\/2024\/01\/image3-1022x1536.jpeg 1022w, https:\/\/katolicka-gimnazija.hr\/wp-content\/uploads\/2024\/01\/image3-1363x2048.jpeg 1363w, https:\/\/katolicka-gimnazija.hr\/wp-content\/uploads\/2024\/01\/image3-scaled.jpeg 1704w\" sizes=\"auto, (max-width: 200px) 100vw, 200px\" \/><\/a>\n\t\t\t<\/div>\n\t\t\t\t<figcaption class='wp-caption-text gallery-caption' id='gallery-1-30650'>\n\t\t\t\tSONY DSC\n\t\t\t\t<\/figcaption><\/figure><figure class='gallery-item'>\n\t\t\t<div class='gallery-icon portrait'>\n\t\t\t\t<a href='https:\/\/katolicka-gimnazija.hr\/wp-content\/uploads\/2024\/01\/image2.jpeg'><img loading=\"lazy\" decoding=\"async\" width=\"200\" height=\"300\" src=\"https:\/\/katolicka-gimnazija.hr\/wp-content\/uploads\/2024\/01\/image2-200x300.jpeg\" class=\"attachment-medium size-medium\" alt=\"\" srcset=\"https:\/\/katolicka-gimnazija.hr\/wp-content\/uploads\/2024\/01\/image2-200x300.jpeg 200w, https:\/\/katolicka-gimnazija.hr\/wp-content\/uploads\/2024\/01\/image2-683x1024.jpeg 683w, https:\/\/katolicka-gimnazija.hr\/wp-content\/uploads\/2024\/01\/image2-768x1152.jpeg 768w, https:\/\/katolicka-gimnazija.hr\/wp-content\/uploads\/2024\/01\/image2-1024x1536.jpeg 1024w, https:\/\/katolicka-gimnazija.hr\/wp-content\/uploads\/2024\/01\/image2.jpeg 1365w\" sizes=\"auto, (max-width: 200px) 100vw, 200px\" \/><\/a>\n\t\t\t<\/div><\/figure>\n\t\t<\/div>\n\n","protected":false},"excerpt":{"rendered":"<p>To nije bilo gazda i sluga, to je bilo prijateljstvo iskreno\u2026 \u201eIma ne\u0161to u vanj\u0161tini konja \u0161to \u010dini dobro nutrini \u010dovjeka.\u201c poslovica Projekt novinarske dru\u017eine Nautes Zlato Zlatne doline u svojoj je prvoj fazi obuhvatio teme koje se i same name\u0107u kao temeljne \u2013 ratarstvo, sto\u010darstvo, mljekarstvo, vinogradarstvo i vinarstvo, p\u010delarstvo i proizvodnja meda. Nakon [&hellip;]<\/p>\n","protected":false},"author":2,"featured_media":30646,"comment_status":"closed","ping_status":"closed","sticky":false,"template":"","format":"standard","meta":{"footnotes":""},"categories":[4,212,2],"tags":[],"class_list":["post-30641","post","type-post","status-publish","format-standard","has-post-thumbnail","hentry","category-fotogalerije","category-intervjui","category-vijesti"],"_links":{"self":[{"href":"https:\/\/katolicka-gimnazija.hr\/index.php\/wp-json\/wp\/v2\/posts\/30641","targetHints":{"allow":["GET"]}}],"collection":[{"href":"https:\/\/katolicka-gimnazija.hr\/index.php\/wp-json\/wp\/v2\/posts"}],"about":[{"href":"https:\/\/katolicka-gimnazija.hr\/index.php\/wp-json\/wp\/v2\/types\/post"}],"author":[{"embeddable":true,"href":"https:\/\/katolicka-gimnazija.hr\/index.php\/wp-json\/wp\/v2\/users\/2"}],"replies":[{"embeddable":true,"href":"https:\/\/katolicka-gimnazija.hr\/index.php\/wp-json\/wp\/v2\/comments?post=30641"}],"version-history":[{"count":7,"href":"https:\/\/katolicka-gimnazija.hr\/index.php\/wp-json\/wp\/v2\/posts\/30641\/revisions"}],"predecessor-version":[{"id":30658,"href":"https:\/\/katolicka-gimnazija.hr\/index.php\/wp-json\/wp\/v2\/posts\/30641\/revisions\/30658"}],"wp:featuredmedia":[{"embeddable":true,"href":"https:\/\/katolicka-gimnazija.hr\/index.php\/wp-json\/wp\/v2\/media\/30646"}],"wp:attachment":[{"href":"https:\/\/katolicka-gimnazija.hr\/index.php\/wp-json\/wp\/v2\/media?parent=30641"}],"wp:term":[{"taxonomy":"category","embeddable":true,"href":"https:\/\/katolicka-gimnazija.hr\/index.php\/wp-json\/wp\/v2\/categories?post=30641"},{"taxonomy":"post_tag","embeddable":true,"href":"https:\/\/katolicka-gimnazija.hr\/index.php\/wp-json\/wp\/v2\/tags?post=30641"}],"curies":[{"name":"wp","href":"https:\/\/api.w.org\/{rel}","templated":true}]}}