{"id":30759,"date":"2024-02-10T09:08:35","date_gmt":"2024-02-10T09:08:35","guid":{"rendered":"http:\/\/katolicka-gimnazija.hr\/?p=30759"},"modified":"2024-02-12T09:11:47","modified_gmt":"2024-02-12T09:11:47","slug":"mathos","status":"publish","type":"post","link":"https:\/\/katolicka-gimnazija.hr\/index.php\/2024\/02\/10\/mathos\/","title":{"rendered":"MathOS"},"content":{"rendered":"<p>U na\u0161oj je \u0161koli odr\u017eano i timsko natjecanje iz matematike &#8211; MathOS. Natjecanje je organizirano u dva kruga od kojih se u prvom zadatci rje\u0161avaju online, dok drugi rje\u0161avaju samo oni najuspje\u0161niji u\u017eivo u \u0160koli primijenjene matematike i informatike Sveu\u010dili\u0161ta u Osijeku. U\u010denike prvih i tre\u0107ih razreda pripremila je mentorica Sanja Pr\u0161a, a u\u010denike drugih i \u010detvrtih razreda mentorica Katarina Soldo Obu\u0107ina. Na\u0161i natjecatelji su An\u0111ela Bogadi, Lucija Kesi\u0107, \u0160imun Obu\u0107ina, Bruno Brekalo, David Kova\u010devi\u0107, Ljubica Markovi\u0107, Klara Pehal, Laura Pastierik, Ignacija Rotim te maturanti Matko Bulf, Petra Pranji\u0107 i Nika Gogi\u0107. Zahvaljujemo im na sudjelovanju.<\/p>\n","protected":false},"excerpt":{"rendered":"<p>U na\u0161oj je \u0161koli odr\u017eano i timsko natjecanje iz matematike &#8211; MathOS. Natjecanje je organizirano u dva kruga od kojih se u prvom zadatci rje\u0161avaju online, dok drugi rje\u0161avaju samo oni najuspje\u0161niji u\u017eivo u \u0160koli primijenjene matematike i informatike Sveu\u010dili\u0161ta u Osijeku. U\u010denike prvih i tre\u0107ih razreda pripremila je mentorica Sanja Pr\u0161a, a u\u010denike drugih [&hellip;]<\/p>\n","protected":false},"author":102,"featured_media":0,"comment_status":"closed","ping_status":"closed","sticky":false,"template":"","format":"standard","meta":{"footnotes":""},"categories":[209,214,2],"tags":[],"class_list":["post-30759","post","type-post","status-publish","format-standard","hentry","category-natjecanja","category-natjecanja-2","category-vijesti"],"_links":{"self":[{"href":"https:\/\/katolicka-gimnazija.hr\/index.php\/wp-json\/wp\/v2\/posts\/30759","targetHints":{"allow":["GET"]}}],"collection":[{"href":"https:\/\/katolicka-gimnazija.hr\/index.php\/wp-json\/wp\/v2\/posts"}],"about":[{"href":"https:\/\/katolicka-gimnazija.hr\/index.php\/wp-json\/wp\/v2\/types\/post"}],"author":[{"embeddable":true,"href":"https:\/\/katolicka-gimnazija.hr\/index.php\/wp-json\/wp\/v2\/users\/102"}],"replies":[{"embeddable":true,"href":"https:\/\/katolicka-gimnazija.hr\/index.php\/wp-json\/wp\/v2\/comments?post=30759"}],"version-history":[{"count":1,"href":"https:\/\/katolicka-gimnazija.hr\/index.php\/wp-json\/wp\/v2\/posts\/30759\/revisions"}],"predecessor-version":[{"id":30761,"href":"https:\/\/katolicka-gimnazija.hr\/index.php\/wp-json\/wp\/v2\/posts\/30759\/revisions\/30761"}],"wp:attachment":[{"href":"https:\/\/katolicka-gimnazija.hr\/index.php\/wp-json\/wp\/v2\/media?parent=30759"}],"wp:term":[{"taxonomy":"category","embeddable":true,"href":"https:\/\/katolicka-gimnazija.hr\/index.php\/wp-json\/wp\/v2\/categories?post=30759"},{"taxonomy":"post_tag","embeddable":true,"href":"https:\/\/katolicka-gimnazija.hr\/index.php\/wp-json\/wp\/v2\/tags?post=30759"}],"curies":[{"name":"wp","href":"https:\/\/api.w.org\/{rel}","templated":true}]}}