{"id":3091,"date":"2016-02-03T10:56:43","date_gmt":"2016-02-03T10:56:43","guid":{"rendered":"http:\/\/katolicka-gimnazija.hr\/?p=3091"},"modified":"2018-12-28T14:42:54","modified_gmt":"2018-12-28T14:42:54","slug":"kriva-je-trema","status":"publish","type":"post","link":"https:\/\/katolicka-gimnazija.hr\/index.php\/2016\/02\/03\/kriva-je-trema\/","title":{"rendered":"Kriva je trema"},"content":{"rendered":"<p>Kako bismo vam do\u010darali kako je izgledao ju\u010dera\u0161nji \u0161kolski LiDraNo iz perspektive onih koji su stajali pred povjerenstvom, razgovarali smo s onima koji su ostavili najbolji dojam, a koji su se natjecali za samo jedno mjesto predstavnika na\u0161e Gimnazije na ovogodi\u0161njem \u017eupanijskom LiDraNu. Je li lako biti \u010dlan dramske skupine i baviti se umjetno\u0161\u0107u, i je li se lako natjecati protiv svojih kolega, pitali smo nekoliko tzv. Charlijevih an\u0111ela. Me\u0111u njima je bio i ovogodi\u0161nji apsolutni pobjednik, Petar Petrovi\u0107, ali i Mia Bo\u0161njak, Mirko Filipovi\u0107 te Romana Ronta. Za sve njih je ovo velik uspjeh jer su se samostalno pripremali, bez pomo\u0107i svoje mentorice, prof. \u0106orluke, a konkurencija je, kako smo ve\u0107 rekli, bila izrazito jaka.<\/p>\n<figure id=\"attachment_3077\" aria-describedby=\"caption-attachment-3077\" style=\"width: 300px\" class=\"wp-caption alignleft\"><a href=\"http:\/\/katolicka-gimnazija.hr\/wp-content\/uploads\/2016\/02\/DSC_0061.jpg\"><img loading=\"lazy\" decoding=\"async\" class=\"wp-image-3077 size-medium\" src=\"http:\/\/katolicka-gimnazija.hr\/wp-content\/uploads\/2016\/02\/DSC_0061-300x200.jpg\" alt=\"DSC_0061\" width=\"300\" height=\"200\" srcset=\"https:\/\/katolicka-gimnazija.hr\/wp-content\/uploads\/2016\/02\/DSC_0061-300x200.jpg 300w, https:\/\/katolicka-gimnazija.hr\/wp-content\/uploads\/2016\/02\/DSC_0061-1024x683.jpg 1024w, https:\/\/katolicka-gimnazija.hr\/wp-content\/uploads\/2016\/02\/DSC_0061-360x240.jpg 360w, https:\/\/katolicka-gimnazija.hr\/wp-content\/uploads\/2016\/02\/DSC_0061-750x500.jpg 750w, https:\/\/katolicka-gimnazija.hr\/wp-content\/uploads\/2016\/02\/DSC_0061-400x267.jpg 400w, https:\/\/katolicka-gimnazija.hr\/wp-content\/uploads\/2016\/02\/DSC_0061-430x287.jpg 430w, https:\/\/katolicka-gimnazija.hr\/wp-content\/uploads\/2016\/02\/DSC_0061-150x100.jpg 150w, https:\/\/katolicka-gimnazija.hr\/wp-content\/uploads\/2016\/02\/DSC_0061-100x67.jpg 100w, https:\/\/katolicka-gimnazija.hr\/wp-content\/uploads\/2016\/02\/DSC_0061.jpg 1500w\" sizes=\"auto, (max-width: 300px) 100vw, 300px\" \/><\/a><figcaption id=\"caption-attachment-3077\" class=\"wp-caption-text\">Petar Petrovi\u0107 kao Maestro<\/figcaption><\/figure>\n<p>Petar Petrovi\u0107, kao najpri\u010dljiviji, opisao nam je svoje pripreme, samu izvedbu te do\u017eivljaje nakon iste. On se pripremao gotovo dva tjedna za ulogu Maestra, razo\u010daranog intelektualca, veselog hedonista i pijanca iz romana Kiklop Ranka Marinkovi\u0107a. Kako ka\u017ee, lik mu je ba\u0161 \u201elegao\u201c, iako se bojao da ne bi pretjerao u tom \u201epijanstvu\u201c te se njegova uloga mogla povjerenstvu u\u010diniti trivijalnom. Dodaje kako je zadovoljan nastupom posebno zbog \u010dinjenice da je po prvi puta bio potpuno opu\u0161ten i neoptere\u0107en, a ova uloga ga je promijenila kao glumca, naravno u pozitivnom smislu. Pobjedu nije o\u010dekivao zbog jake konkurencije, no dodaje kako je istoj najvjerojatnije doprinijelo njegovo iskustvo budu\u0107i da je \u010dlan dramske ve\u0107 \u010detiri godine.<\/p>\n<figure id=\"attachment_3072\" aria-describedby=\"caption-attachment-3072\" style=\"width: 300px\" class=\"wp-caption alignright\"><a href=\"http:\/\/katolicka-gimnazija.hr\/wp-content\/uploads\/2016\/02\/DSC_0046.jpg\"><img loading=\"lazy\" decoding=\"async\" class=\"wp-image-3072 size-medium\" src=\"http:\/\/katolicka-gimnazija.hr\/wp-content\/uploads\/2016\/02\/DSC_0046-300x200.jpg\" alt=\"DSC_0046\" width=\"300\" height=\"200\" srcset=\"https:\/\/katolicka-gimnazija.hr\/wp-content\/uploads\/2016\/02\/DSC_0046-300x200.jpg 300w, https:\/\/katolicka-gimnazija.hr\/wp-content\/uploads\/2016\/02\/DSC_0046-1024x683.jpg 1024w, https:\/\/katolicka-gimnazija.hr\/wp-content\/uploads\/2016\/02\/DSC_0046-360x240.jpg 360w, https:\/\/katolicka-gimnazija.hr\/wp-content\/uploads\/2016\/02\/DSC_0046-750x500.jpg 750w, https:\/\/katolicka-gimnazija.hr\/wp-content\/uploads\/2016\/02\/DSC_0046-400x267.jpg 400w, https:\/\/katolicka-gimnazija.hr\/wp-content\/uploads\/2016\/02\/DSC_0046-430x287.jpg 430w, https:\/\/katolicka-gimnazija.hr\/wp-content\/uploads\/2016\/02\/DSC_0046-150x100.jpg 150w, https:\/\/katolicka-gimnazija.hr\/wp-content\/uploads\/2016\/02\/DSC_0046-100x67.jpg 100w, https:\/\/katolicka-gimnazija.hr\/wp-content\/uploads\/2016\/02\/DSC_0046.jpg 1500w\" sizes=\"auto, (max-width: 300px) 100vw, 300px\" \/><\/a><figcaption id=\"caption-attachment-3072\" class=\"wp-caption-text\">Mia Bo\u0161njak kao Optu\u017eena<\/figcaption><\/figure>\n<p>Mia Bo\u0161njak, koja se tako\u0111er predstavila monologom, ka\u017ee kako nije u potpunosti zadovoljna ovogodi\u0161njim nastupom jer ju je trema \u201epojela\u201c posebno jer je ona bila ta koja je probijala led. Dodala je kako nije kao Petar u\u017eivala u svojoj izvedbi te da je tijekom priprema bila puno zadovoljnija svojom izvedbom. Istaknula je da joj je sam nastup prebrzo pro\u0161ao, br\u017ee nego \u0161to je o\u010dekivala. Sa sigurno\u0161\u0107u tvrdi kako je pro\u0161logodi\u0161njom izvedbom bila zadovoljnija, dok pobjedu nije o\u010dekivala jer je pretpostavljala da \u0107e Petar biti taj koji \u0107e i ovaj put i\u0107i dalje zbog svoje, kako ona ka\u017ee \u2013 predanosti.<\/p>\n<figure id=\"attachment_3073\" aria-describedby=\"caption-attachment-3073\" style=\"width: 300px\" class=\"wp-caption alignleft\"><a href=\"http:\/\/katolicka-gimnazija.hr\/wp-content\/uploads\/2016\/02\/DSC_0050.jpg\"><img loading=\"lazy\" decoding=\"async\" class=\"wp-image-3073 size-medium\" src=\"http:\/\/katolicka-gimnazija.hr\/wp-content\/uploads\/2016\/02\/DSC_0050-300x200.jpg\" alt=\"DSC_0050\" width=\"300\" height=\"200\" srcset=\"https:\/\/katolicka-gimnazija.hr\/wp-content\/uploads\/2016\/02\/DSC_0050-300x200.jpg 300w, https:\/\/katolicka-gimnazija.hr\/wp-content\/uploads\/2016\/02\/DSC_0050-1024x683.jpg 1024w, https:\/\/katolicka-gimnazija.hr\/wp-content\/uploads\/2016\/02\/DSC_0050-360x240.jpg 360w, https:\/\/katolicka-gimnazija.hr\/wp-content\/uploads\/2016\/02\/DSC_0050-750x500.jpg 750w, https:\/\/katolicka-gimnazija.hr\/wp-content\/uploads\/2016\/02\/DSC_0050-400x267.jpg 400w, https:\/\/katolicka-gimnazija.hr\/wp-content\/uploads\/2016\/02\/DSC_0050-430x287.jpg 430w, https:\/\/katolicka-gimnazija.hr\/wp-content\/uploads\/2016\/02\/DSC_0050-150x100.jpg 150w, https:\/\/katolicka-gimnazija.hr\/wp-content\/uploads\/2016\/02\/DSC_0050-100x67.jpg 100w, https:\/\/katolicka-gimnazija.hr\/wp-content\/uploads\/2016\/02\/DSC_0050.jpg 1500w\" sizes=\"auto, (max-width: 300px) 100vw, 300px\" \/><\/a><figcaption id=\"caption-attachment-3073\" class=\"wp-caption-text\">Mirko Filipovi\u0107 kao Mladi\u0107<\/figcaption><\/figure>\n<p>Dojmovi novog \u010dlana dramske skupine, Mirka Filipovi\u0107a, jesu da, unato\u010d brojnim pohvalama povjerenstva, tako\u0111er nije zadovoljan svojim kazivanjem \u0160imi\u0107eve poezije jer je, ka\u017ee, zahvaljuju\u0107i velikoj tremi, brzao u svom nastupu. Za sljede\u0107i nastup razmi\u0161lja o predstavljanju monologom jer se \u017eeli oku\u0161ati u ne\u0161to zahtjevnijem zadatku i sam sebi pokazati da to mo\u017ee. Mirko, ba\u0161 kao i Mia, smatra da mu se nastup \u010dinio boljim unutar \u010detiri zida vlastite sobe. Dodaje da jako \u017eali \u0161to otpo\u010detka nije \u010dlan Charlijevih an\u0111ela, ali da ima jo\u0161 jednu godinu priliku pokazati \u0161to sve zna i usavr\u0161iti se.<\/p>\n<figure id=\"attachment_3092\" aria-describedby=\"caption-attachment-3092\" style=\"width: 231px\" class=\"wp-caption alignright\"><a href=\"http:\/\/katolicka-gimnazija.hr\/wp-content\/uploads\/2016\/02\/CSC_01111.jpg\"><img loading=\"lazy\" decoding=\"async\" class=\"wp-image-3092 size-medium\" src=\"http:\/\/katolicka-gimnazija.hr\/wp-content\/uploads\/2016\/02\/CSC_01111-231x300.jpg\" alt=\"CSC_0111\" width=\"231\" height=\"300\" srcset=\"https:\/\/katolicka-gimnazija.hr\/wp-content\/uploads\/2016\/02\/CSC_01111-231x300.jpg 231w, https:\/\/katolicka-gimnazija.hr\/wp-content\/uploads\/2016\/02\/CSC_01111-360x468.jpg 360w, https:\/\/katolicka-gimnazija.hr\/wp-content\/uploads\/2016\/02\/CSC_01111-750x974.jpg 750w, https:\/\/katolicka-gimnazija.hr\/wp-content\/uploads\/2016\/02\/CSC_01111-400x519.jpg 400w, https:\/\/katolicka-gimnazija.hr\/wp-content\/uploads\/2016\/02\/CSC_01111-430x558.jpg 430w, https:\/\/katolicka-gimnazija.hr\/wp-content\/uploads\/2016\/02\/CSC_01111-150x195.jpg 150w, https:\/\/katolicka-gimnazija.hr\/wp-content\/uploads\/2016\/02\/CSC_01111-100x130.jpg 100w, https:\/\/katolicka-gimnazija.hr\/wp-content\/uploads\/2016\/02\/CSC_01111.jpg 770w\" sizes=\"auto, (max-width: 231px) 100vw, 231px\" \/><\/a><figcaption id=\"caption-attachment-3092\" class=\"wp-caption-text\">Romana Ronta kao Gavranova Judita<\/figcaption><\/figure>\n<p>Povjerenstvo je posebno odu\u0161evila Romana Ronta svojim monologom Gavranove <em>Judite<\/em>. Ina\u010de samozatajna, tiha i skromna Romana ka\u017ee kako je zadovoljan svojom izvedbom, iako je trema i nju dr\u017eala, ali i da je znala da \u0107e povjerenstvo odabrati Petra zbog njegovog iskustva i konstantnosti. \u0160to se ti\u010de priprema, ka\u017ee kako se nije pretjerano pripremala i da joj nije bio problem nau\u010diti tekst.<\/p>\n<p>Za kraj na\u0161e mlade gluma\u010dke nade poru\u010duju kako se nadaju da \u0107e se nastaviti baviti glumom i u tome se usavr\u0161avati. Trenutno se pripremaju za nastup na LiDraNu gdje \u0107e dramska skupina zajedni\u010dki izvesti predstavu o kojoj nam nisu htjeli ni\u0161ta otkriti. Cilj im je plasirati se na dr\u017eavno natjecanje, a mi im u tome \u017eelimo puno sre\u0107e. <\/p>\n","protected":false},"excerpt":{"rendered":"<p>Kako bismo vam do\u010darali kako je izgledao ju\u010dera\u0161nji \u0161kolski LiDraNo iz perspektive onih koji su stajali pred povjerenstvom, razgovarali smo s onima koji su ostavili najbolji dojam, a koji su se natjecali za samo jedno mjesto predstavnika na\u0161e Gimnazije na ovogodi\u0161njem \u017eupanijskom LiDraNu. Je li lako biti \u010dlan dramske skupine i baviti se umjetno\u0161\u0107u, i [&hellip;]<\/p>\n","protected":false},"author":1,"featured_media":3097,"comment_status":"closed","ping_status":"closed","sticky":false,"template":"","format":"standard","meta":{"footnotes":""},"categories":[2],"tags":[],"class_list":["post-3091","post","type-post","status-publish","format-standard","has-post-thumbnail","hentry","category-vijesti"],"_links":{"self":[{"href":"https:\/\/katolicka-gimnazija.hr\/index.php\/wp-json\/wp\/v2\/posts\/3091","targetHints":{"allow":["GET"]}}],"collection":[{"href":"https:\/\/katolicka-gimnazija.hr\/index.php\/wp-json\/wp\/v2\/posts"}],"about":[{"href":"https:\/\/katolicka-gimnazija.hr\/index.php\/wp-json\/wp\/v2\/types\/post"}],"author":[{"embeddable":true,"href":"https:\/\/katolicka-gimnazija.hr\/index.php\/wp-json\/wp\/v2\/users\/1"}],"replies":[{"embeddable":true,"href":"https:\/\/katolicka-gimnazija.hr\/index.php\/wp-json\/wp\/v2\/comments?post=3091"}],"version-history":[{"count":4,"href":"https:\/\/katolicka-gimnazija.hr\/index.php\/wp-json\/wp\/v2\/posts\/3091\/revisions"}],"predecessor-version":[{"id":15131,"href":"https:\/\/katolicka-gimnazija.hr\/index.php\/wp-json\/wp\/v2\/posts\/3091\/revisions\/15131"}],"wp:featuredmedia":[{"embeddable":true,"href":"https:\/\/katolicka-gimnazija.hr\/index.php\/wp-json\/wp\/v2\/media\/3097"}],"wp:attachment":[{"href":"https:\/\/katolicka-gimnazija.hr\/index.php\/wp-json\/wp\/v2\/media?parent=3091"}],"wp:term":[{"taxonomy":"category","embeddable":true,"href":"https:\/\/katolicka-gimnazija.hr\/index.php\/wp-json\/wp\/v2\/categories?post=3091"},{"taxonomy":"post_tag","embeddable":true,"href":"https:\/\/katolicka-gimnazija.hr\/index.php\/wp-json\/wp\/v2\/tags?post=3091"}],"curies":[{"name":"wp","href":"https:\/\/api.w.org\/{rel}","templated":true}]}}