{"id":30958,"date":"2024-03-25T10:15:21","date_gmt":"2024-03-25T10:15:21","guid":{"rendered":"https:\/\/katolicka-gimnazija.hr\/?p=30958"},"modified":"2024-03-25T10:15:21","modified_gmt":"2024-03-25T10:15:21","slug":"izvrsni-kg-geografi","status":"publish","type":"post","link":"https:\/\/katolicka-gimnazija.hr\/index.php\/2024\/03\/25\/izvrsni-kg-geografi\/","title":{"rendered":"IZVRSNI KG-GEOGRAFI!"},"content":{"rendered":"<div class=\"xdj266r x11i5rnm xat24cr x1mh8g0r x1vvkbs x126k92a\">\n<div dir=\"auto\">\u00a0\u017dupanijsko natjecanje iz geografije odr\u017eano je 22. o\u017eujka u Ekonomskoj \u0161koli u Po\u017eegi. Na\u0161u \u0161kolu predstavljalo je osam u\u010denika koji su pokazali odli\u010dno znanje i osvojili sljede\u0107a mjesta:<\/div>\n<\/div>\n<div class=\"x11i5rnm xat24cr x1mh8g0r x1vvkbs xtlvy1s x126k92a\">\n<ul>\n<li dir=\"auto\">u kategoriji prvih razreda <strong>Katja Ko\u017ei\u0107<\/strong> prvo mjesto, <strong>Luka Gabrek<\/strong> drugo, a <strong>Karlo Pranji\u0107<\/strong> tre\u0107e mjesto<\/li>\n<li dir=\"auto\">u kategoriji drugih razreda tre\u0107e mjesto <strong>Ljubica Markovi\u0107<\/strong><\/li>\n<li dir=\"auto\">u kategoriji tre\u0107ih razreda drugo mjesto <strong>Ivan Ili\u010di\u0107<\/strong>, a tre\u0107e <strong>Mihael Pojer<\/strong><\/li>\n<li dir=\"auto\">u kategoriji \u010detvrtih razreda drugo mjesto <strong>Petra Pranji\u0107<\/strong>, a <strong>Ivan \u010cernu\u0161ak<\/strong> peto.<\/li>\n<\/ul>\n<\/div>\n<div class=\"x11i5rnm xat24cr x1mh8g0r x1vvkbs xtlvy1s x126k92a\">\n<div dir=\"auto\">U\u010denike su za natjecanje pripremali mentori <strong>prof. Milena \u0160koda<\/strong> i <strong>prof. Josip Alaber<\/strong>.<\/div>\n<div dir=\"auto\"><\/div>\n<div dir=\"auto\">\u010cestitke na\u0161im mladim geografima!<\/div>\n<\/div>\n","protected":false},"excerpt":{"rendered":"<p>\u00a0\u017dupanijsko natjecanje iz geografije odr\u017eano je 22. o\u017eujka u Ekonomskoj \u0161koli u Po\u017eegi. Na\u0161u \u0161kolu predstavljalo je osam u\u010denika koji su pokazali odli\u010dno znanje i osvojili sljede\u0107a mjesta: u kategoriji prvih razreda Katja Ko\u017ei\u0107 prvo mjesto, Luka Gabrek drugo, a Karlo Pranji\u0107 tre\u0107e mjesto u kategoriji drugih razreda tre\u0107e mjesto Ljubica Markovi\u0107 u kategoriji tre\u0107ih [&hellip;]<\/p>\n","protected":false},"author":2,"featured_media":30955,"comment_status":"closed","ping_status":"closed","sticky":false,"template":"","format":"standard","meta":{"footnotes":""},"categories":[209,2],"tags":[],"class_list":["post-30958","post","type-post","status-publish","format-standard","has-post-thumbnail","hentry","category-natjecanja","category-vijesti"],"_links":{"self":[{"href":"https:\/\/katolicka-gimnazija.hr\/index.php\/wp-json\/wp\/v2\/posts\/30958","targetHints":{"allow":["GET"]}}],"collection":[{"href":"https:\/\/katolicka-gimnazija.hr\/index.php\/wp-json\/wp\/v2\/posts"}],"about":[{"href":"https:\/\/katolicka-gimnazija.hr\/index.php\/wp-json\/wp\/v2\/types\/post"}],"author":[{"embeddable":true,"href":"https:\/\/katolicka-gimnazija.hr\/index.php\/wp-json\/wp\/v2\/users\/2"}],"replies":[{"embeddable":true,"href":"https:\/\/katolicka-gimnazija.hr\/index.php\/wp-json\/wp\/v2\/comments?post=30958"}],"version-history":[{"count":1,"href":"https:\/\/katolicka-gimnazija.hr\/index.php\/wp-json\/wp\/v2\/posts\/30958\/revisions"}],"predecessor-version":[{"id":30959,"href":"https:\/\/katolicka-gimnazija.hr\/index.php\/wp-json\/wp\/v2\/posts\/30958\/revisions\/30959"}],"wp:featuredmedia":[{"embeddable":true,"href":"https:\/\/katolicka-gimnazija.hr\/index.php\/wp-json\/wp\/v2\/media\/30955"}],"wp:attachment":[{"href":"https:\/\/katolicka-gimnazija.hr\/index.php\/wp-json\/wp\/v2\/media?parent=30958"}],"wp:term":[{"taxonomy":"category","embeddable":true,"href":"https:\/\/katolicka-gimnazija.hr\/index.php\/wp-json\/wp\/v2\/categories?post=30958"},{"taxonomy":"post_tag","embeddable":true,"href":"https:\/\/katolicka-gimnazija.hr\/index.php\/wp-json\/wp\/v2\/tags?post=30958"}],"curies":[{"name":"wp","href":"https:\/\/api.w.org\/{rel}","templated":true}]}}