{"id":31057,"date":"2024-04-25T07:32:19","date_gmt":"2024-04-25T07:32:19","guid":{"rendered":"http:\/\/katolicka-gimnazija.hr\/?p=31057"},"modified":"2024-04-25T07:32:19","modified_gmt":"2024-04-25T07:32:19","slug":"ucenici-katolicke-gimnazije-posjetili-dom-za-starije-i-nemocne-osobe-u-velikoj-i-obiljezili-svjetski-dan-dobrih-djela","status":"publish","type":"post","link":"https:\/\/katolicka-gimnazija.hr\/index.php\/2024\/04\/25\/ucenici-katolicke-gimnazije-posjetili-dom-za-starije-i-nemocne-osobe-u-velikoj-i-obiljezili-svjetski-dan-dobrih-djela\/","title":{"rendered":"U\u010denici Katoli\u010dke gimnazije posjetili Dom za starije i nemo\u0107ne osobe u Velikoj i obilje\u017eili Svjetski dan dobrih djela"},"content":{"rendered":"<p>U srijedu 24. travnja u\u010denici okupljeni u Volonterski klub Katoli\u010dke gimnazije nastavili su ve\u0107 tradicionalno obilje\u017eavanje Svjetskog dana dobrih djela. Ovaj put osmislili su za tu prigodu aktivnost <strong>Neka bude susret<\/strong> kao posjet na\u0161ih volontera starijim i nemo\u0107nim osobama u Domu u Velikoj.<\/p>\n<p>Ideja koordinatorice volontera prof. Nikoline Bodolovi\u0107 je bila realizirati susret osoba mla\u0111e i starije \u017eivotne dobi, ali ne samo na razini da budemo u isto vrijeme na istom mjestu, nego istinski susret osoba na emocionalnoj i duhovnoj razini. Zato su koordinirani profesoricom Marijom Tonkovi\u0107 svojom glazbom, pjevanjem i sviranjem, doprinijeli zajedni\u0161tvu sa osobama Doma najprije u misnom slavlju koje je predvodio vl\u010d. Tomislav Dokoza. Lijepom propovijedi vele\u010dasni je potaknuo mlade da budu Svjetlo i donose Svjetlo, a starije da primaju Svjetlo. Program dru\u017eenja nakon svete mise vodila je psihologinja Nikolina Bodolovi\u0107. U\u010denici su \u010duli od starijih osoba kakvu su glazbu oni slu\u0161ali u vrijeme kada su bili mladi, koje su pjeva\u010de voljeli, kakvu su odje\u0107u nosili i \u0161to je bilo u modi, kako su izgledali njihovi izlasci i dru\u017eenja, kada su im se dogodile prve ljubavi i stupanje u bra\u010dne zajednice. Mladi su starijima ispri\u010dali o svojim sada\u0161njim navikama i trendovima. Zaklju\u010dili smo da su se dogodile zna\u010dajne dru\u0161tvene promjene i shva\u0107anja u posljednjih 50, 60 ili \u010dak i vi\u0161e godina, no neke stvari i vrijednosti poput vjere, ljubavi, humanosti, dobrote, \u010dovje\u010dnosti, prijateljstva uvijek su iste i nepromjenljive. Zapjevali smo zajedno <em>Stojim na kantunu\u2026, Ne dirajte mi ravnicu\u2026 , Vesela je \u0161okadija<\/em>. Red pjesme, red razgovora i red smijeha. Razveselili su nas stanari Doma koji su nas iznenadili svojim \u0161irokim i bogatim talentima, kreativno\u0161\u0107u i otvoreno\u0161\u0107u duha koji su za nas recitirali iz du\u0161e, pjevali svoje drage pjesme, glumili u humoristi\u010dnom scenskom prikazu, podijelili s nama svoje \u017eivotne\u00a0 uspomene i iskustva. Cilj ove aktivnosti bio je senzibilizirati mlade za starije osobe i me\u0111ugeneracijsku solidarnost, ali i potaknuti osje\u0107aj zahvalnosti kod mladih za pozitivne dru\u0161tvene pomake i blagodati dana\u0161njeg trenutka. Od ravnateljice Doma gospo\u0111e Mirjane Novak u\u010denici su saznali o povijesti ustanove te \u0161irini i odgovornosti rada sa korisnicima. Bili smo srda\u010dno i toplo do\u010dekani od djelatnika Doma za starije i nemo\u0107ne, ponu\u0111eni prigodnim \u010da\u0161\u0107enjem i ugodnim dru\u017eenjem. Kako to obi\u010dno biva, kada se ide u goste, ponijeli smo simboli\u010dan poklon \u2013 drvce ginka, jer ispred na\u0161e lijepe \u0161kole i jo\u0161 ljep\u0161e po\u017ee\u0161ke katedrale raste jedno takvo staro drvo ginka. Mi smo ponijeli i zajedni\u010dki zasadili mladicu ginka da raste, krasi okoli\u0161 i raduje srca svih koji \u0107e ga promatrati kao uspomenu na ovaj uistinu oboga\u0107uju\u0107i susret osoba.<\/p>\n<p>Svjetski dan dobrih djela obilje\u017eava se svake godine 14. travnja. Svaki dan je dan za \u010dinjenje dobra.<\/p>\n<div id='gallery-1' class='gallery galleryid-31057 gallery-columns-3 gallery-size-medium'><figure class='gallery-item'>\n\t\t\t<div class='gallery-icon landscape'>\n\t\t\t\t<a href='https:\/\/katolicka-gimnazija.hr\/wp-content\/uploads\/2024\/04\/IMG_8292-scaled.jpg'><img loading=\"lazy\" decoding=\"async\" width=\"300\" height=\"200\" src=\"https:\/\/katolicka-gimnazija.hr\/wp-content\/uploads\/2024\/04\/IMG_8292-300x200.jpg\" class=\"attachment-medium size-medium\" alt=\"\" srcset=\"https:\/\/katolicka-gimnazija.hr\/wp-content\/uploads\/2024\/04\/IMG_8292-300x200.jpg 300w, https:\/\/katolicka-gimnazija.hr\/wp-content\/uploads\/2024\/04\/IMG_8292-1024x683.jpg 1024w, https:\/\/katolicka-gimnazija.hr\/wp-content\/uploads\/2024\/04\/IMG_8292-768x512.jpg 768w, https:\/\/katolicka-gimnazija.hr\/wp-content\/uploads\/2024\/04\/IMG_8292-1536x1024.jpg 1536w, https:\/\/katolicka-gimnazija.hr\/wp-content\/uploads\/2024\/04\/IMG_8292-2048x1365.jpg 2048w, https:\/\/katolicka-gimnazija.hr\/wp-content\/uploads\/2024\/04\/IMG_8292-400x267.jpg 400w\" sizes=\"auto, (max-width: 300px) 100vw, 300px\" \/><\/a>\n\t\t\t<\/div><\/figure><figure class='gallery-item'>\n\t\t\t<div class='gallery-icon landscape'>\n\t\t\t\t<a href='https:\/\/katolicka-gimnazija.hr\/wp-content\/uploads\/2024\/04\/IMG_8343-scaled.jpg'><img loading=\"lazy\" decoding=\"async\" width=\"300\" height=\"200\" src=\"https:\/\/katolicka-gimnazija.hr\/wp-content\/uploads\/2024\/04\/IMG_8343-300x200.jpg\" class=\"attachment-medium size-medium\" alt=\"\" srcset=\"https:\/\/katolicka-gimnazija.hr\/wp-content\/uploads\/2024\/04\/IMG_8343-300x200.jpg 300w, https:\/\/katolicka-gimnazija.hr\/wp-content\/uploads\/2024\/04\/IMG_8343-1024x683.jpg 1024w, https:\/\/katolicka-gimnazija.hr\/wp-content\/uploads\/2024\/04\/IMG_8343-768x512.jpg 768w, https:\/\/katolicka-gimnazija.hr\/wp-content\/uploads\/2024\/04\/IMG_8343-1536x1024.jpg 1536w, https:\/\/katolicka-gimnazija.hr\/wp-content\/uploads\/2024\/04\/IMG_8343-2048x1365.jpg 2048w, https:\/\/katolicka-gimnazija.hr\/wp-content\/uploads\/2024\/04\/IMG_8343-400x267.jpg 400w\" sizes=\"auto, (max-width: 300px) 100vw, 300px\" \/><\/a>\n\t\t\t<\/div><\/figure><figure class='gallery-item'>\n\t\t\t<div class='gallery-icon landscape'>\n\t\t\t\t<a href='https:\/\/katolicka-gimnazija.hr\/wp-content\/uploads\/2024\/04\/IMG_8333-scaled.jpg'><img loading=\"lazy\" decoding=\"async\" width=\"300\" height=\"200\" src=\"https:\/\/katolicka-gimnazija.hr\/wp-content\/uploads\/2024\/04\/IMG_8333-300x200.jpg\" class=\"attachment-medium size-medium\" alt=\"\" srcset=\"https:\/\/katolicka-gimnazija.hr\/wp-content\/uploads\/2024\/04\/IMG_8333-300x200.jpg 300w, https:\/\/katolicka-gimnazija.hr\/wp-content\/uploads\/2024\/04\/IMG_8333-1024x683.jpg 1024w, https:\/\/katolicka-gimnazija.hr\/wp-content\/uploads\/2024\/04\/IMG_8333-768x512.jpg 768w, https:\/\/katolicka-gimnazija.hr\/wp-content\/uploads\/2024\/04\/IMG_8333-1536x1024.jpg 1536w, https:\/\/katolicka-gimnazija.hr\/wp-content\/uploads\/2024\/04\/IMG_8333-2048x1365.jpg 2048w, https:\/\/katolicka-gimnazija.hr\/wp-content\/uploads\/2024\/04\/IMG_8333-400x267.jpg 400w\" sizes=\"auto, (max-width: 300px) 100vw, 300px\" \/><\/a>\n\t\t\t<\/div><\/figure><figure class='gallery-item'>\n\t\t\t<div class='gallery-icon landscape'>\n\t\t\t\t<a href='https:\/\/katolicka-gimnazija.hr\/wp-content\/uploads\/2024\/04\/IMG_8387-scaled.jpg'><img loading=\"lazy\" decoding=\"async\" width=\"300\" height=\"200\" src=\"https:\/\/katolicka-gimnazija.hr\/wp-content\/uploads\/2024\/04\/IMG_8387-300x200.jpg\" class=\"attachment-medium size-medium\" alt=\"\" srcset=\"https:\/\/katolicka-gimnazija.hr\/wp-content\/uploads\/2024\/04\/IMG_8387-300x200.jpg 300w, https:\/\/katolicka-gimnazija.hr\/wp-content\/uploads\/2024\/04\/IMG_8387-1024x683.jpg 1024w, https:\/\/katolicka-gimnazija.hr\/wp-content\/uploads\/2024\/04\/IMG_8387-768x512.jpg 768w, https:\/\/katolicka-gimnazija.hr\/wp-content\/uploads\/2024\/04\/IMG_8387-1536x1024.jpg 1536w, https:\/\/katolicka-gimnazija.hr\/wp-content\/uploads\/2024\/04\/IMG_8387-2048x1365.jpg 2048w, https:\/\/katolicka-gimnazija.hr\/wp-content\/uploads\/2024\/04\/IMG_8387-400x267.jpg 400w\" sizes=\"auto, (max-width: 300px) 100vw, 300px\" \/><\/a>\n\t\t\t<\/div><\/figure><figure class='gallery-item'>\n\t\t\t<div class='gallery-icon landscape'>\n\t\t\t\t<a href='https:\/\/katolicka-gimnazija.hr\/wp-content\/uploads\/2024\/04\/IMG_8237-scaled.jpg'><img loading=\"lazy\" decoding=\"async\" width=\"300\" height=\"200\" src=\"https:\/\/katolicka-gimnazija.hr\/wp-content\/uploads\/2024\/04\/IMG_8237-300x200.jpg\" class=\"attachment-medium size-medium\" alt=\"\" srcset=\"https:\/\/katolicka-gimnazija.hr\/wp-content\/uploads\/2024\/04\/IMG_8237-300x200.jpg 300w, https:\/\/katolicka-gimnazija.hr\/wp-content\/uploads\/2024\/04\/IMG_8237-1024x683.jpg 1024w, https:\/\/katolicka-gimnazija.hr\/wp-content\/uploads\/2024\/04\/IMG_8237-768x512.jpg 768w, https:\/\/katolicka-gimnazija.hr\/wp-content\/uploads\/2024\/04\/IMG_8237-1536x1024.jpg 1536w, https:\/\/katolicka-gimnazija.hr\/wp-content\/uploads\/2024\/04\/IMG_8237-2048x1365.jpg 2048w, https:\/\/katolicka-gimnazija.hr\/wp-content\/uploads\/2024\/04\/IMG_8237-400x267.jpg 400w\" sizes=\"auto, (max-width: 300px) 100vw, 300px\" \/><\/a>\n\t\t\t<\/div><\/figure><figure class='gallery-item'>\n\t\t\t<div class='gallery-icon landscape'>\n\t\t\t\t<a href='https:\/\/katolicka-gimnazija.hr\/wp-content\/uploads\/2024\/04\/IMG_8249-scaled.jpg'><img loading=\"lazy\" decoding=\"async\" width=\"300\" height=\"200\" src=\"https:\/\/katolicka-gimnazija.hr\/wp-content\/uploads\/2024\/04\/IMG_8249-300x200.jpg\" class=\"attachment-medium size-medium\" alt=\"\" srcset=\"https:\/\/katolicka-gimnazija.hr\/wp-content\/uploads\/2024\/04\/IMG_8249-300x200.jpg 300w, https:\/\/katolicka-gimnazija.hr\/wp-content\/uploads\/2024\/04\/IMG_8249-1024x683.jpg 1024w, https:\/\/katolicka-gimnazija.hr\/wp-content\/uploads\/2024\/04\/IMG_8249-768x512.jpg 768w, https:\/\/katolicka-gimnazija.hr\/wp-content\/uploads\/2024\/04\/IMG_8249-1536x1024.jpg 1536w, https:\/\/katolicka-gimnazija.hr\/wp-content\/uploads\/2024\/04\/IMG_8249-2048x1365.jpg 2048w, https:\/\/katolicka-gimnazija.hr\/wp-content\/uploads\/2024\/04\/IMG_8249-400x267.jpg 400w\" sizes=\"auto, (max-width: 300px) 100vw, 300px\" \/><\/a>\n\t\t\t<\/div><\/figure><figure class='gallery-item'>\n\t\t\t<div class='gallery-icon landscape'>\n\t\t\t\t<a href='https:\/\/katolicka-gimnazija.hr\/wp-content\/uploads\/2024\/04\/IMG_8303-scaled.jpg'><img loading=\"lazy\" decoding=\"async\" width=\"300\" height=\"200\" src=\"https:\/\/katolicka-gimnazija.hr\/wp-content\/uploads\/2024\/04\/IMG_8303-300x200.jpg\" class=\"attachment-medium size-medium\" alt=\"\" srcset=\"https:\/\/katolicka-gimnazija.hr\/wp-content\/uploads\/2024\/04\/IMG_8303-300x200.jpg 300w, https:\/\/katolicka-gimnazija.hr\/wp-content\/uploads\/2024\/04\/IMG_8303-1024x683.jpg 1024w, https:\/\/katolicka-gimnazija.hr\/wp-content\/uploads\/2024\/04\/IMG_8303-768x512.jpg 768w, https:\/\/katolicka-gimnazija.hr\/wp-content\/uploads\/2024\/04\/IMG_8303-1536x1024.jpg 1536w, https:\/\/katolicka-gimnazija.hr\/wp-content\/uploads\/2024\/04\/IMG_8303-2048x1365.jpg 2048w, https:\/\/katolicka-gimnazija.hr\/wp-content\/uploads\/2024\/04\/IMG_8303-400x267.jpg 400w\" sizes=\"auto, (max-width: 300px) 100vw, 300px\" \/><\/a>\n\t\t\t<\/div><\/figure>\n\t\t<\/div>\n\n","protected":false},"excerpt":{"rendered":"<p>U srijedu 24. travnja u\u010denici okupljeni u Volonterski klub Katoli\u010dke gimnazije nastavili su ve\u0107 tradicionalno obilje\u017eavanje Svjetskog dana dobrih djela. Ovaj put osmislili su za tu prigodu aktivnost Neka bude susret kao posjet na\u0161ih volontera starijim i nemo\u0107nim osobama u Domu u Velikoj. Ideja koordinatorice volontera prof. Nikoline Bodolovi\u0107 je bila realizirati susret osoba mla\u0111e [&hellip;]<\/p>\n","protected":false},"author":13,"featured_media":31059,"comment_status":"closed","ping_status":"closed","sticky":false,"template":"","format":"standard","meta":{"footnotes":""},"categories":[207,208,2],"tags":[],"class_list":["post-31057","post","type-post","status-publish","format-standard","has-post-thumbnail","hentry","category-duhovno","category-humanitarno","category-vijesti"],"_links":{"self":[{"href":"https:\/\/katolicka-gimnazija.hr\/index.php\/wp-json\/wp\/v2\/posts\/31057","targetHints":{"allow":["GET"]}}],"collection":[{"href":"https:\/\/katolicka-gimnazija.hr\/index.php\/wp-json\/wp\/v2\/posts"}],"about":[{"href":"https:\/\/katolicka-gimnazija.hr\/index.php\/wp-json\/wp\/v2\/types\/post"}],"author":[{"embeddable":true,"href":"https:\/\/katolicka-gimnazija.hr\/index.php\/wp-json\/wp\/v2\/users\/13"}],"replies":[{"embeddable":true,"href":"https:\/\/katolicka-gimnazija.hr\/index.php\/wp-json\/wp\/v2\/comments?post=31057"}],"version-history":[{"count":1,"href":"https:\/\/katolicka-gimnazija.hr\/index.php\/wp-json\/wp\/v2\/posts\/31057\/revisions"}],"predecessor-version":[{"id":31065,"href":"https:\/\/katolicka-gimnazija.hr\/index.php\/wp-json\/wp\/v2\/posts\/31057\/revisions\/31065"}],"wp:featuredmedia":[{"embeddable":true,"href":"https:\/\/katolicka-gimnazija.hr\/index.php\/wp-json\/wp\/v2\/media\/31059"}],"wp:attachment":[{"href":"https:\/\/katolicka-gimnazija.hr\/index.php\/wp-json\/wp\/v2\/media?parent=31057"}],"wp:term":[{"taxonomy":"category","embeddable":true,"href":"https:\/\/katolicka-gimnazija.hr\/index.php\/wp-json\/wp\/v2\/categories?post=31057"},{"taxonomy":"post_tag","embeddable":true,"href":"https:\/\/katolicka-gimnazija.hr\/index.php\/wp-json\/wp\/v2\/tags?post=31057"}],"curies":[{"name":"wp","href":"https:\/\/api.w.org\/{rel}","templated":true}]}}