{"id":3116,"date":"2015-11-19T13:47:39","date_gmt":"2015-11-19T13:47:39","guid":{"rendered":"http:\/\/katolicka-gimnazija.hr\/?p=3116"},"modified":"2018-12-28T14:51:16","modified_gmt":"2018-12-28T14:51:16","slug":"informacije-o-radu-3-sjednice-nastavnickog-vijeca","status":"publish","type":"post","link":"https:\/\/katolicka-gimnazija.hr\/index.php\/2015\/11\/19\/informacije-o-radu-3-sjednice-nastavnickog-vijeca\/","title":{"rendered":"Informacije o radu 3. sjednice Nastavni\u010dkog vije\u0107a"},"content":{"rendered":"<p>3. sjednica Nastavni\u010dkog vije\u0107a Katoli\u010dke gimnazije s pravom javnosti u \u0161kolskoj godini 2015.\/2016. dana 19. studenoga 2015. godine s po\u010detkom u 14:30 sati<\/p>\n<p><strong>Dnevni red:<\/strong><\/p>\n<ol>\n<li>Usvajanje Zapisnika s prethodne sjednice Nastavni\u010dkog vije\u0107a Katoli\u010dke gimnazije s pravom javnosti<\/li>\n<li>Rje\u0161avanje zahtjeva za promjenu upisanog obrazovnog programa u istoj i drugoj \u0161koli<\/li>\n<li>Rje\u0161avanje zahtjeva za osloba\u0111anje u\u010denika od poha\u0111anja nastave nastavnog predmeta<\/li>\n<li>Izricanje pedago\u0161ke mjere u\u010deniku<\/li>\n<li>Razno.<\/li>\n<\/ol>\n","protected":false},"excerpt":{"rendered":"<p>3. sjednica Nastavni\u010dkog vije\u0107a Katoli\u010dke gimnazije s pravom javnosti u \u0161kolskoj godini 2015.\/2016. dana 19. studenoga 2015. godine s po\u010detkom u 14:30 sati Dnevni red: Usvajanje Zapisnika s prethodne sjednice Nastavni\u010dkog vije\u0107a Katoli\u010dke gimnazije s pravom javnosti Rje\u0161avanje zahtjeva za promjenu upisanog obrazovnog programa u istoj i drugoj \u0161koli Rje\u0161avanje zahtjeva za osloba\u0111anje u\u010denika od [&hellip;]<\/p>\n","protected":false},"author":39,"featured_media":0,"comment_status":"closed","ping_status":"closed","sticky":false,"template":"","format":"standard","meta":{"footnotes":""},"categories":[2],"tags":[],"class_list":["post-3116","post","type-post","status-publish","format-standard","hentry","category-vijesti"],"_links":{"self":[{"href":"https:\/\/katolicka-gimnazija.hr\/index.php\/wp-json\/wp\/v2\/posts\/3116","targetHints":{"allow":["GET"]}}],"collection":[{"href":"https:\/\/katolicka-gimnazija.hr\/index.php\/wp-json\/wp\/v2\/posts"}],"about":[{"href":"https:\/\/katolicka-gimnazija.hr\/index.php\/wp-json\/wp\/v2\/types\/post"}],"author":[{"embeddable":true,"href":"https:\/\/katolicka-gimnazija.hr\/index.php\/wp-json\/wp\/v2\/users\/39"}],"replies":[{"embeddable":true,"href":"https:\/\/katolicka-gimnazija.hr\/index.php\/wp-json\/wp\/v2\/comments?post=3116"}],"version-history":[{"count":2,"href":"https:\/\/katolicka-gimnazija.hr\/index.php\/wp-json\/wp\/v2\/posts\/3116\/revisions"}],"predecessor-version":[{"id":15182,"href":"https:\/\/katolicka-gimnazija.hr\/index.php\/wp-json\/wp\/v2\/posts\/3116\/revisions\/15182"}],"wp:attachment":[{"href":"https:\/\/katolicka-gimnazija.hr\/index.php\/wp-json\/wp\/v2\/media?parent=3116"}],"wp:term":[{"taxonomy":"category","embeddable":true,"href":"https:\/\/katolicka-gimnazija.hr\/index.php\/wp-json\/wp\/v2\/categories?post=3116"},{"taxonomy":"post_tag","embeddable":true,"href":"https:\/\/katolicka-gimnazija.hr\/index.php\/wp-json\/wp\/v2\/tags?post=3116"}],"curies":[{"name":"wp","href":"https:\/\/api.w.org\/{rel}","templated":true}]}}