{"id":31172,"date":"2024-05-14T08:01:18","date_gmt":"2024-05-14T08:01:18","guid":{"rendered":"https:\/\/katolicka-gimnazija.hr\/?p=31172"},"modified":"2024-05-14T08:01:18","modified_gmt":"2024-05-14T08:01:18","slug":"ucenici-katolicke-gimnazije-organizirali-humanitarni-stand-sajam-igracaka-srce-za-luku","status":"publish","type":"post","link":"https:\/\/katolicka-gimnazija.hr\/index.php\/2024\/05\/14\/ucenici-katolicke-gimnazije-organizirali-humanitarni-stand-sajam-igracaka-srce-za-luku\/","title":{"rendered":"U\u010denici Katoli\u010dke gimnazije organizirali humanitarni \u0161tand Sajam igra\u010daka Srce za Luku"},"content":{"rendered":"<p>U petak, 10. svibnja u \u0161kolskom dvori\u0161tu Katoli\u010dke gimnazije vrvjelo je od \u017eivota, pjesme, svirke, glume, igara, smijeha, dru\u017eenja, razgovora, zafrkancije i nadasve plemenitih namjera.<\/p>\n<p>U okviru Dana otvorenih vrata \u0161kole na inicijativu u\u010denika Volonterski klub organizirao je humanitarnu akciju dobrovoljnog prikupljanja financijskih sredstava za oporavak te\u0161ko ozlije\u0111enog mladi\u0107a Luke Kerep\u010di\u0107a. Zanimljivo je kako namjere i interesi udru\u017euju i povezuju ljude. U ovom slu\u010daju dobre su namjere s nama povezale mnoge, ponajprije u\u010denike i roditelje na\u0161e sestrinske Katoli\u010dke osnovne \u0161kole koji su sr\u010dano i zna\u010dajno doprinijeli prikupljanju igra\u010daka za humanitarni \u0161tand, ali i kasnije doniranjem za iste. A potom na\u0161e prijatelje iz ostalih po\u017ee\u0161kih osnovnih \u0161kola O\u0160 Julija Kempfa, O\u0160 Antuna Kani\u017eli\u0107a i O\u0160 Dobri\u0161e Cesari\u0107a, ali i osnovnih \u0161kola iz na\u0161e okolice: Kutjeva, Pleternice, Jak\u0161i\u0107a, Kaptola, Brestovca, Trenkova te vjerske dru\u017eine mladih na\u0161eg grada frama\u0161e i kri\u017eare. Podr\u0161ku su nam do\u0161li dati prijatelji iz gradske Gimnazije Po\u017eega i brojni slu\u010dajni prolaznici. Veliko hvala svima koji su doprinijeli provedbi ove plemenite akcije.<\/p>\n<p><a href=\"http:\/\/katolicka-gimnazija.hr\/wp-content\/uploads\/2024\/05\/442442647_972388331554572_8756592614282362869_n.jpg\"><img loading=\"lazy\" decoding=\"async\" class=\"size-medium wp-image-31175 alignleft\" src=\"http:\/\/katolicka-gimnazija.hr\/wp-content\/uploads\/2024\/05\/442442647_972388331554572_8756592614282362869_n-300x169.jpg\" alt=\"\" width=\"300\" height=\"169\" srcset=\"https:\/\/katolicka-gimnazija.hr\/wp-content\/uploads\/2024\/05\/442442647_972388331554572_8756592614282362869_n-300x169.jpg 300w, https:\/\/katolicka-gimnazija.hr\/wp-content\/uploads\/2024\/05\/442442647_972388331554572_8756592614282362869_n-1024x577.jpg 1024w, https:\/\/katolicka-gimnazija.hr\/wp-content\/uploads\/2024\/05\/442442647_972388331554572_8756592614282362869_n-768x433.jpg 768w, https:\/\/katolicka-gimnazija.hr\/wp-content\/uploads\/2024\/05\/442442647_972388331554572_8756592614282362869_n-1536x866.jpg 1536w, https:\/\/katolicka-gimnazija.hr\/wp-content\/uploads\/2024\/05\/442442647_972388331554572_8756592614282362869_n-400x225.jpg 400w, https:\/\/katolicka-gimnazija.hr\/wp-content\/uploads\/2024\/05\/442442647_972388331554572_8756592614282362869_n.jpg 2048w\" sizes=\"auto, (max-width: 300px) 100vw, 300px\" \/><\/a>Moglo se prona\u0107i uistinu svega, mnogobrojne raznolikosti kako je bila i tema ovogodi\u0161njeg Dana <em>Varietas<\/em>: od pli\u0161anaca svih veli\u010dina, boja i vrsta, auti\u0107a, lutaka, \u017eivotinja, slikovnica i knjiga do slagalica, rola i dru\u0161tvenih igara, i oti\u0107i doma s novom zanimacijom. Moglo se sudjelovati u zanimljivom STEM Escape Roomu, zaigrati zabavne englesko-njema\u010dko-gr\u010dko-latinske jezi\u010dne igrice, prepoznavati remek-djela arhitekture, oku\u0161ati se u tipkanju na pisa\u0107oj ma\u0161ini kao i u suvremenim digitalnim alatima, zaigrati u na\u0161oj sportskoj dvorani, pogledati hvaljeni monolog na\u0161eg Kre\u0161e koji pita <em>Kako si?<\/em> i humoristi\u010dnu lutkarsku predstavu koja zabavno interpretira dru\u0161tvenu zbilju iz perspektive pribora za jelo, te obi\u0107i na\u0161u \u0161kolu, do\u017eivjeti na\u0161u \u0161kolsku kapelicu, \u0161kolski dnevni boravak za u\u010denike, \u0161kolsku teretanu, terasu i drugo.<\/p>\n<p><a href=\"http:\/\/katolicka-gimnazija.hr\/wp-content\/uploads\/2024\/05\/441544908_972387654887973_3948188658285691312_n.jpg\"><img loading=\"lazy\" decoding=\"async\" class=\"size-medium wp-image-31173 alignright\" src=\"http:\/\/katolicka-gimnazija.hr\/wp-content\/uploads\/2024\/05\/441544908_972387654887973_3948188658285691312_n-300x169.jpg\" alt=\"\" width=\"300\" height=\"169\" srcset=\"https:\/\/katolicka-gimnazija.hr\/wp-content\/uploads\/2024\/05\/441544908_972387654887973_3948188658285691312_n-300x169.jpg 300w, https:\/\/katolicka-gimnazija.hr\/wp-content\/uploads\/2024\/05\/441544908_972387654887973_3948188658285691312_n-1024x577.jpg 1024w, https:\/\/katolicka-gimnazija.hr\/wp-content\/uploads\/2024\/05\/441544908_972387654887973_3948188658285691312_n-768x433.jpg 768w, https:\/\/katolicka-gimnazija.hr\/wp-content\/uploads\/2024\/05\/441544908_972387654887973_3948188658285691312_n-1536x866.jpg 1536w, https:\/\/katolicka-gimnazija.hr\/wp-content\/uploads\/2024\/05\/441544908_972387654887973_3948188658285691312_n-400x225.jpg 400w, https:\/\/katolicka-gimnazija.hr\/wp-content\/uploads\/2024\/05\/441544908_972387654887973_3948188658285691312_n.jpg 2048w\" sizes=\"auto, (max-width: 300px) 100vw, 300px\" \/><\/a>Prethodni dan uprili\u010dili smo sve\u010dani program u dvorani Svete Terezije Avilske za na\u0161e u\u010denike, njihove obitelji i sve drage goste, koji je bio tako\u0111er humanitarnog karaktera \u2013 prikupljali su se dobrovoljni prilozi za Luku. Doprinijele su sve izvannastavne aktivnosti na\u0161e \u0161kole: dramska dru\u017eina predvo\u0111ena prof. savjetnicom Marijanom \u0106orlukom, novinarska dru\u017eina Nautes predvo\u0111ena prof. mentorom Miroslavom Pauli\u0107em, TV sekcija predvo\u0111ena prof. Dominikom Paveli\u0107em, \u0161kolski zbor i \u0161kolski bend predvo\u0111eni prof. Marijom Tonkovi\u0107, sportska dru\u017eina predvo\u0111ena prof. Marijem Ragu\u017eem, kreativna radionica u\u010denika gimnazije KRUG predvo\u0111ena prof. izvrsnom savjetnicom Verom \u0106u\u017ee \u2013 Abramovi\u0107 te volonterski klub KG predvo\u0111en \u0161kolskom psihologinjom Nikolinom Bodolovi\u0107 i vl\u010d. Tomislavom Dokozom. Kroz humanitarni \u0161tand i sve\u010dani program prikupljena financijska sredstva od srca \u0107e uru\u010diti Luki ravnatelj \u0161kole prof. Ivan Bedeni\u010di\u0107.<\/p>\n<p><a href=\"http:\/\/katolicka-gimnazija.hr\/wp-content\/uploads\/2024\/05\/442407373_972387848221287_7720511124369668048_n.jpg\"><img loading=\"lazy\" decoding=\"async\" class=\"size-medium wp-image-31176 alignleft\" src=\"http:\/\/katolicka-gimnazija.hr\/wp-content\/uploads\/2024\/05\/442407373_972387848221287_7720511124369668048_n-300x169.jpg\" alt=\"\" width=\"300\" height=\"169\" srcset=\"https:\/\/katolicka-gimnazija.hr\/wp-content\/uploads\/2024\/05\/442407373_972387848221287_7720511124369668048_n-300x169.jpg 300w, https:\/\/katolicka-gimnazija.hr\/wp-content\/uploads\/2024\/05\/442407373_972387848221287_7720511124369668048_n-1024x577.jpg 1024w, https:\/\/katolicka-gimnazija.hr\/wp-content\/uploads\/2024\/05\/442407373_972387848221287_7720511124369668048_n-768x433.jpg 768w, https:\/\/katolicka-gimnazija.hr\/wp-content\/uploads\/2024\/05\/442407373_972387848221287_7720511124369668048_n-1536x866.jpg 1536w, https:\/\/katolicka-gimnazija.hr\/wp-content\/uploads\/2024\/05\/442407373_972387848221287_7720511124369668048_n-400x225.jpg 400w, https:\/\/katolicka-gimnazija.hr\/wp-content\/uploads\/2024\/05\/442407373_972387848221287_7720511124369668048_n.jpg 2048w\" sizes=\"auto, (max-width: 300px) 100vw, 300px\" \/><\/a>Dobro uistinu povezuje &#8211; u\u010denike i u\u010denike, u\u010denike i profesore, profesore i profesore, \u0161kolu i roditelje, \u0161kolu i \u0161kolu, \u010dovjeka s \u010dovjekom, \u010dovjeka sa svojim Stvoriteljem. Iako je Dan otvorenih vrata prvenstveno zami\u0161ljen kao promocija \u0161kole u\u010denicima 8. razreda gdje nastojimo prezentirati \u0161iroku lepezu svojih izvannastavnih i duhovnih aktivnosti koje oboga\u0107uju kvalitetan gimnazijski program, nama je bilo izuzetno drago vidjeti u na\u0161em \u0161kolskom dvori\u0161tu i oko na\u0161eg humanitarnog \u0161tanda Srce za Luku sve uzraste i razrede u veselom i prpo\u0161nom \u017eamoru koji pametnome zvoni i zve\u010di: ova su djeca i mladi ono najvrjednije \u0161to imamo &#8211; <em>zlato zlatne doline<\/em> kako ka\u017ee jedan na\u0161 \u0161kolski projekt.<\/p>\n<p>&nbsp;<\/p>\n","protected":false},"excerpt":{"rendered":"<p>U petak, 10. svibnja u \u0161kolskom dvori\u0161tu Katoli\u010dke gimnazije vrvjelo je od \u017eivota, pjesme, svirke, glume, igara, smijeha, dru\u017eenja, razgovora, zafrkancije i nadasve plemenitih namjera. U okviru Dana otvorenih vrata \u0161kole na inicijativu u\u010denika Volonterski klub organizirao je humanitarnu akciju dobrovoljnog prikupljanja financijskih sredstava za oporavak te\u0161ko ozlije\u0111enog mladi\u0107a Luke Kerep\u010di\u0107a. Zanimljivo je kako namjere [&hellip;]<\/p>\n","protected":false},"author":13,"featured_media":31163,"comment_status":"closed","ping_status":"closed","sticky":false,"template":"","format":"standard","meta":{"footnotes":""},"categories":[2],"tags":[],"class_list":["post-31172","post","type-post","status-publish","format-standard","has-post-thumbnail","hentry","category-vijesti"],"_links":{"self":[{"href":"https:\/\/katolicka-gimnazija.hr\/index.php\/wp-json\/wp\/v2\/posts\/31172","targetHints":{"allow":["GET"]}}],"collection":[{"href":"https:\/\/katolicka-gimnazija.hr\/index.php\/wp-json\/wp\/v2\/posts"}],"about":[{"href":"https:\/\/katolicka-gimnazija.hr\/index.php\/wp-json\/wp\/v2\/types\/post"}],"author":[{"embeddable":true,"href":"https:\/\/katolicka-gimnazija.hr\/index.php\/wp-json\/wp\/v2\/users\/13"}],"replies":[{"embeddable":true,"href":"https:\/\/katolicka-gimnazija.hr\/index.php\/wp-json\/wp\/v2\/comments?post=31172"}],"version-history":[{"count":1,"href":"https:\/\/katolicka-gimnazija.hr\/index.php\/wp-json\/wp\/v2\/posts\/31172\/revisions"}],"predecessor-version":[{"id":31177,"href":"https:\/\/katolicka-gimnazija.hr\/index.php\/wp-json\/wp\/v2\/posts\/31172\/revisions\/31177"}],"wp:featuredmedia":[{"embeddable":true,"href":"https:\/\/katolicka-gimnazija.hr\/index.php\/wp-json\/wp\/v2\/media\/31163"}],"wp:attachment":[{"href":"https:\/\/katolicka-gimnazija.hr\/index.php\/wp-json\/wp\/v2\/media?parent=31172"}],"wp:term":[{"taxonomy":"category","embeddable":true,"href":"https:\/\/katolicka-gimnazija.hr\/index.php\/wp-json\/wp\/v2\/categories?post=31172"},{"taxonomy":"post_tag","embeddable":true,"href":"https:\/\/katolicka-gimnazija.hr\/index.php\/wp-json\/wp\/v2\/tags?post=31172"}],"curies":[{"name":"wp","href":"https:\/\/api.w.org\/{rel}","templated":true}]}}