{"id":31192,"date":"2024-05-29T08:42:12","date_gmt":"2024-05-29T06:42:12","guid":{"rendered":"http:\/\/katolicka-gimnazija.hr\/?p=31192"},"modified":"2024-05-29T09:38:28","modified_gmt":"2024-05-29T07:38:28","slug":"eko-kamp-belli-2024","status":"publish","type":"post","link":"https:\/\/katolicka-gimnazija.hr\/index.php\/2024\/05\/29\/eko-kamp-belli-2024\/","title":{"rendered":"Eko kamp &#8220;Belli&#8221; 2024."},"content":{"rendered":"<p><span class=\"ui-provider a b c d e f g h i j k l m n o p q r s t u v w x y z ab ac ae af ag ah ai aj ak\" dir=\"ltr\">\u201eSvijetu je potrebno da se oni koji se posvete rastu u kreposti\u00a0ujedine u jednom svetom prijateljstvu, da se poti\u010du na djelovanje i da se odr\u017ee u ovim svetim vje\u017ebama. \u201c sv. Franjo Sale\u0161ki<\/span><\/p>\n<p>Tekst: Pavle Peri\u0107, 3.a<\/p>\n<p><span class=\"ui-provider a b c d e f g h i j k l m n o p q r s t u v w x y z ab ac ae af ag ah ai aj ak\" dir=\"ltr\">Ovogodi\u0161nji Eko kamp \u201eBelli\u201c zapo\u010deo je u petak 24. svibnja, na posljednji nastavni dan maturanata. I ove su godine na\u0161i gosti bili u\u010denici iz KKG-a u Virovitici, SPOG-a u Zagrebu, K\u0160C-a Petar Barbari\u0107 iz Travnika, K\u0160C-a Don Bosco iz \u017dep\u010da te \u0160kofijske gimnazije iz Vipave.<br \/>\nPrvi gosti stigli su nam u petak u popodnevnim satima, a okupljanje je zapo\u010delo u Katoli\u010dkoj gimnaziji nakon \u010dega smo prvo obi\u0161li na\u0161u \u0161kolu pa grad Po\u017eegu s njenim znamenitostima: Dijecezanski muzej, katedralu i trg sv. Terezije Avilske i crkvu sv. Lovre kroz koje nas je provela prof. Vera \u0106u\u017ee-Abramovi\u0107. Na kraju smo posjetili i Po\u017ee\u0161ku gradsku ku\u0107u koja je u sastavu Gradskog muzeja. Nakon obilaska grada svi smo se zaputili u Veliku, u Dom sv. Augustina gdje smo se smjestili u svoje sobe. Poslije ve\u010dere u\u010denici pojedinih \u0161kola predstavili su se jedni drugima prezentacijama koje su unaprijed pripremili za tu prigodu. Ovogodi\u0161nji je kamp proveden s naglaskom na ekumenizam te su za svaki dan pripremljene aktivnosti za rad u grupama religijske tematike. Tako su prvi dan u\u010denici govorili o sli\u010dnostima i razlikama izme\u0111u religijskih pozadina svojih \u0161kola koju je vodila organizatorica i prof. Milena \u0160koda.<\/span><\/p>\n<p><a href=\"http:\/\/katolicka-gimnazija.hr\/wp-content\/uploads\/2024\/05\/444991174_983227520470653_1910520328653190295_n.jpg\"><img loading=\"lazy\" decoding=\"async\" class=\"size-medium wp-image-31222 alignright\" src=\"http:\/\/katolicka-gimnazija.hr\/wp-content\/uploads\/2024\/05\/444991174_983227520470653_1910520328653190295_n-300x169.jpg\" alt=\"\" width=\"300\" height=\"169\" srcset=\"https:\/\/katolicka-gimnazija.hr\/wp-content\/uploads\/2024\/05\/444991174_983227520470653_1910520328653190295_n-300x169.jpg 300w, https:\/\/katolicka-gimnazija.hr\/wp-content\/uploads\/2024\/05\/444991174_983227520470653_1910520328653190295_n-1024x576.jpg 1024w, https:\/\/katolicka-gimnazija.hr\/wp-content\/uploads\/2024\/05\/444991174_983227520470653_1910520328653190295_n-768x432.jpg 768w, https:\/\/katolicka-gimnazija.hr\/wp-content\/uploads\/2024\/05\/444991174_983227520470653_1910520328653190295_n-1536x864.jpg 1536w, https:\/\/katolicka-gimnazija.hr\/wp-content\/uploads\/2024\/05\/444991174_983227520470653_1910520328653190295_n-400x225.jpg 400w, https:\/\/katolicka-gimnazija.hr\/wp-content\/uploads\/2024\/05\/444991174_983227520470653_1910520328653190295_n.jpg 1920w\" sizes=\"auto, (max-width: 300px) 100vw, 300px\" \/><\/a>Drugi dan, u subotu ujutro zapo\u010deli smo s obilaskom Parka prirode Papuk. Obi\u0161li smo stani\u0161te ivanjskog rova\u0161a kroz koje nas je provela na\u0161a biv\u0161a u\u010denica i djelatnica adrenalinskog parka Ana uz pratnju profesora Josipa Alabera i Martine Franji\u0107. Nakon ru\u010dka u prirodi spustili smo se prema Kampu Duboka gdje smo planirali smjestiti se u \u0161atore, no lo\u0161e nas je vrijeme sprije\u010dilo te smo se vratili u Dom. Unato\u010d tomu, zabavili smo se uz sportske i dru\u0161tvene igre te pjevanjem uz logorsku vatru. Subotnja tema radionice bila je \u201eBriga za zajedni\u010dki dom\u201c a koju je predvodila prof. Katarina Soldo Obu\u0107ina.<\/p>\n<p>U nedjelju, tre\u0107i dan, zaputili smo se na veli\u010dki Stari grad o kojem su nam na\u0161e u\u010denice Dina Podobnik i An\u0111ela Bogadi rekle nekoliko zanimljivosti, a na povratku smo se zabavili u Adrenalinskom parku Duboka. Zatim nam je do\u0161ao vjerou\u010ditelj vl\u010d. Tomislav Dokoza te smo s njim imali raspravu na temu \u201eZajedni\u010dko progla\u0161enje bratstva svih ljudi\u201c. Dan smo zavr\u0161ili svetom misom u crkvi sv. Augustina.<\/p>\n<p>U ponedjeljak, predzadnji dan, posjetili smo Kutjevo gdje smo obi\u0161li crkvu Ro\u0111enja BDM, a o povijesti crkve govorio je <a href=\"http:\/\/katolicka-gimnazija.hr\/wp-content\/uploads\/2024\/05\/446865090_984573640336041_2528815155240019062_n.jpg\"><img loading=\"lazy\" decoding=\"async\" class=\"size-medium wp-image-31200 alignleft\" src=\"http:\/\/katolicka-gimnazija.hr\/wp-content\/uploads\/2024\/05\/446865090_984573640336041_2528815155240019062_n-300x169.jpg\" alt=\"\" width=\"300\" height=\"169\" srcset=\"https:\/\/katolicka-gimnazija.hr\/wp-content\/uploads\/2024\/05\/446865090_984573640336041_2528815155240019062_n-300x169.jpg 300w, https:\/\/katolicka-gimnazija.hr\/wp-content\/uploads\/2024\/05\/446865090_984573640336041_2528815155240019062_n-1024x576.jpg 1024w, https:\/\/katolicka-gimnazija.hr\/wp-content\/uploads\/2024\/05\/446865090_984573640336041_2528815155240019062_n-768x432.jpg 768w, https:\/\/katolicka-gimnazija.hr\/wp-content\/uploads\/2024\/05\/446865090_984573640336041_2528815155240019062_n-1536x864.jpg 1536w, https:\/\/katolicka-gimnazija.hr\/wp-content\/uploads\/2024\/05\/446865090_984573640336041_2528815155240019062_n-400x225.jpg 400w, https:\/\/katolicka-gimnazija.hr\/wp-content\/uploads\/2024\/05\/446865090_984573640336041_2528815155240019062_n.jpg 1920w\" sizes=\"auto, (max-width: 300px) 100vw, 300px\" \/><\/a>vl\u010d. Karlo Topalovi\u0107. Kasnije nam je o svom rodnom gradu Kutjevu govorio i prof. Miroslav Pauli\u0107 koji je i predvodio radionicu \u201eHrana i pi\u0107e u slu\u017ebi razli\u010ditih religija\u201c. Obi\u0161li smo zatim Kutjeva\u010dke podrume i isprobali nekoliko razli\u010ditih vrsta vina. Nakon toga posjetili smo kutjeva\u010dki dvorac grofa Turkovi\u0107a, a kasnije i vinograd Fakulteta turizma i ruralnog razvoja gdje su nas njihovi djelatnici srda\u010dno primili i spremno odgovorili na sva na\u0161a pitanja. Pri povratku u Veliku zaputili smo se u Aquapark Shhhuma gdje smo sun\u010dano popodne proveli u sportskim nadmetanjima i kupanju. Dan smo zavr\u0161ili raspravom na temu \u201eOdje\u0107a u slu\u017ebi razli\u010ditih religija\u201c koju su vodili u\u010denici Ena Podobnik i Noa Serti\u0107 uz pomo\u0107 prof. Stefana Bunjevca, a ve\u010der smo proveli u igri i dru\u017eenju u kojem smo se svi me\u0111usobno jo\u0161 bolje upoznali.<\/p>\n<p>U utorak, posljednji dan, nakon doru\u010dka krenuli smo prema Virovitici, a usput smo svratili u manastir sv. Nikole o kojemu nam je vi\u0161e progovorio isku\u0161enik Dimitrije, a potom smo imali i kratku okrjepu. Nakon posjeta manastiru nastavili smo prema Virovitici gdje smo imali misu u baroknoj crkvi sv. Roka koju su predvodili vl\u010d. Krunoslav Siroglavi\u0107 i vl\u010d. Karlo Topalovi\u0107. Zatim smo obi\u0161li dvorac obitelji Peja\u010devi\u0107 i viroviti\u010dki KKG gdje smo imali ru\u010dak i okrjepu. Ovih pet dana zavr\u0161ili smo prezentacijom u\u010denice Klare Mato\u0161evi\u0107 na temu \u201eVjernici u politici\u201c te kratkim video prilogom koji su pripremili u\u010denici TV Sekcije kao i rije\u010dima zahvale organizatorice prof. Milene \u0160kode.<\/p>\n<p>Fotografije: An\u0111ela, Dina, Klara i Pavle<\/p>\n<div id='gallery-1' class='gallery galleryid-31192 gallery-columns-3 gallery-size-medium'><figure class='gallery-item'>\n\t\t\t<div class='gallery-icon landscape'>\n\t\t\t\t<a href='https:\/\/katolicka-gimnazija.hr\/wp-content\/uploads\/2024\/05\/444990644_984573327002739_6598078516603530126_n.jpg'><img loading=\"lazy\" decoding=\"async\" width=\"300\" height=\"169\" src=\"https:\/\/katolicka-gimnazija.hr\/wp-content\/uploads\/2024\/05\/444990644_984573327002739_6598078516603530126_n-300x169.jpg\" class=\"attachment-medium size-medium\" alt=\"\" srcset=\"https:\/\/katolicka-gimnazija.hr\/wp-content\/uploads\/2024\/05\/444990644_984573327002739_6598078516603530126_n-300x169.jpg 300w, https:\/\/katolicka-gimnazija.hr\/wp-content\/uploads\/2024\/05\/444990644_984573327002739_6598078516603530126_n-1024x576.jpg 1024w, https:\/\/katolicka-gimnazija.hr\/wp-content\/uploads\/2024\/05\/444990644_984573327002739_6598078516603530126_n-768x432.jpg 768w, https:\/\/katolicka-gimnazija.hr\/wp-content\/uploads\/2024\/05\/444990644_984573327002739_6598078516603530126_n-1536x864.jpg 1536w, https:\/\/katolicka-gimnazija.hr\/wp-content\/uploads\/2024\/05\/444990644_984573327002739_6598078516603530126_n-400x225.jpg 400w, https:\/\/katolicka-gimnazija.hr\/wp-content\/uploads\/2024\/05\/444990644_984573327002739_6598078516603530126_n.jpg 1920w\" sizes=\"auto, (max-width: 300px) 100vw, 300px\" \/><\/a>\n\t\t\t<\/div><\/figure><figure class='gallery-item'>\n\t\t\t<div class='gallery-icon landscape'>\n\t\t\t\t<a href='https:\/\/katolicka-gimnazija.hr\/wp-content\/uploads\/2024\/05\/446798522_984567960336609_8511228239026840859_n.jpg'><img loading=\"lazy\" decoding=\"async\" width=\"300\" height=\"169\" src=\"https:\/\/katolicka-gimnazija.hr\/wp-content\/uploads\/2024\/05\/446798522_984567960336609_8511228239026840859_n-300x169.jpg\" class=\"attachment-medium size-medium\" alt=\"\" srcset=\"https:\/\/katolicka-gimnazija.hr\/wp-content\/uploads\/2024\/05\/446798522_984567960336609_8511228239026840859_n-300x169.jpg 300w, https:\/\/katolicka-gimnazija.hr\/wp-content\/uploads\/2024\/05\/446798522_984567960336609_8511228239026840859_n-1024x576.jpg 1024w, https:\/\/katolicka-gimnazija.hr\/wp-content\/uploads\/2024\/05\/446798522_984567960336609_8511228239026840859_n-768x432.jpg 768w, https:\/\/katolicka-gimnazija.hr\/wp-content\/uploads\/2024\/05\/446798522_984567960336609_8511228239026840859_n-1536x864.jpg 1536w, https:\/\/katolicka-gimnazija.hr\/wp-content\/uploads\/2024\/05\/446798522_984567960336609_8511228239026840859_n-400x225.jpg 400w, https:\/\/katolicka-gimnazija.hr\/wp-content\/uploads\/2024\/05\/446798522_984567960336609_8511228239026840859_n.jpg 1920w\" sizes=\"auto, (max-width: 300px) 100vw, 300px\" \/><\/a>\n\t\t\t<\/div><\/figure><figure class='gallery-item'>\n\t\t\t<div class='gallery-icon landscape'>\n\t\t\t\t<a href='https:\/\/katolicka-gimnazija.hr\/wp-content\/uploads\/2024\/05\/446907296_984573297002742_5754566935830148117_n.jpg'><img loading=\"lazy\" decoding=\"async\" width=\"300\" height=\"169\" src=\"https:\/\/katolicka-gimnazija.hr\/wp-content\/uploads\/2024\/05\/446907296_984573297002742_5754566935830148117_n-300x169.jpg\" class=\"attachment-medium size-medium\" alt=\"\" srcset=\"https:\/\/katolicka-gimnazija.hr\/wp-content\/uploads\/2024\/05\/446907296_984573297002742_5754566935830148117_n-300x169.jpg 300w, https:\/\/katolicka-gimnazija.hr\/wp-content\/uploads\/2024\/05\/446907296_984573297002742_5754566935830148117_n-1024x576.jpg 1024w, https:\/\/katolicka-gimnazija.hr\/wp-content\/uploads\/2024\/05\/446907296_984573297002742_5754566935830148117_n-768x432.jpg 768w, https:\/\/katolicka-gimnazija.hr\/wp-content\/uploads\/2024\/05\/446907296_984573297002742_5754566935830148117_n-1536x864.jpg 1536w, https:\/\/katolicka-gimnazija.hr\/wp-content\/uploads\/2024\/05\/446907296_984573297002742_5754566935830148117_n-400x225.jpg 400w, https:\/\/katolicka-gimnazija.hr\/wp-content\/uploads\/2024\/05\/446907296_984573297002742_5754566935830148117_n.jpg 1920w\" sizes=\"auto, (max-width: 300px) 100vw, 300px\" \/><\/a>\n\t\t\t<\/div><\/figure><figure class='gallery-item'>\n\t\t\t<div class='gallery-icon landscape'>\n\t\t\t\t<a href='https:\/\/katolicka-gimnazija.hr\/wp-content\/uploads\/2024\/05\/445608373_984574970335908_1178890318720982271_n.jpg'><img loading=\"lazy\" decoding=\"async\" width=\"300\" height=\"169\" src=\"https:\/\/katolicka-gimnazija.hr\/wp-content\/uploads\/2024\/05\/445608373_984574970335908_1178890318720982271_n-300x169.jpg\" class=\"attachment-medium size-medium\" alt=\"\" srcset=\"https:\/\/katolicka-gimnazija.hr\/wp-content\/uploads\/2024\/05\/445608373_984574970335908_1178890318720982271_n-300x169.jpg 300w, https:\/\/katolicka-gimnazija.hr\/wp-content\/uploads\/2024\/05\/445608373_984574970335908_1178890318720982271_n-1024x576.jpg 1024w, https:\/\/katolicka-gimnazija.hr\/wp-content\/uploads\/2024\/05\/445608373_984574970335908_1178890318720982271_n-768x432.jpg 768w, https:\/\/katolicka-gimnazija.hr\/wp-content\/uploads\/2024\/05\/445608373_984574970335908_1178890318720982271_n-1536x864.jpg 1536w, https:\/\/katolicka-gimnazija.hr\/wp-content\/uploads\/2024\/05\/445608373_984574970335908_1178890318720982271_n-400x225.jpg 400w, https:\/\/katolicka-gimnazija.hr\/wp-content\/uploads\/2024\/05\/445608373_984574970335908_1178890318720982271_n.jpg 1920w\" sizes=\"auto, (max-width: 300px) 100vw, 300px\" \/><\/a>\n\t\t\t<\/div><\/figure><figure class='gallery-item'>\n\t\t\t<div class='gallery-icon landscape'>\n\t\t\t\t<a href='https:\/\/katolicka-gimnazija.hr\/wp-content\/uploads\/2024\/05\/445180620_984574010336004_8368897114141310163_n.jpg'><img loading=\"lazy\" decoding=\"async\" width=\"300\" height=\"169\" src=\"https:\/\/katolicka-gimnazija.hr\/wp-content\/uploads\/2024\/05\/445180620_984574010336004_8368897114141310163_n-300x169.jpg\" class=\"attachment-medium size-medium\" alt=\"\" srcset=\"https:\/\/katolicka-gimnazija.hr\/wp-content\/uploads\/2024\/05\/445180620_984574010336004_8368897114141310163_n-300x169.jpg 300w, https:\/\/katolicka-gimnazija.hr\/wp-content\/uploads\/2024\/05\/445180620_984574010336004_8368897114141310163_n-1024x576.jpg 1024w, https:\/\/katolicka-gimnazija.hr\/wp-content\/uploads\/2024\/05\/445180620_984574010336004_8368897114141310163_n-768x432.jpg 768w, https:\/\/katolicka-gimnazija.hr\/wp-content\/uploads\/2024\/05\/445180620_984574010336004_8368897114141310163_n-1536x864.jpg 1536w, https:\/\/katolicka-gimnazija.hr\/wp-content\/uploads\/2024\/05\/445180620_984574010336004_8368897114141310163_n-400x225.jpg 400w, https:\/\/katolicka-gimnazija.hr\/wp-content\/uploads\/2024\/05\/445180620_984574010336004_8368897114141310163_n.jpg 1920w\" sizes=\"auto, (max-width: 300px) 100vw, 300px\" \/><\/a>\n\t\t\t<\/div><\/figure><figure class='gallery-item'>\n\t\t\t<div class='gallery-icon landscape'>\n\t\t\t\t<a href='https:\/\/katolicka-gimnazija.hr\/wp-content\/uploads\/2024\/05\/441896900_983224040471001_3390104665377530244_n.jpg'><img loading=\"lazy\" decoding=\"async\" width=\"300\" height=\"169\" src=\"https:\/\/katolicka-gimnazija.hr\/wp-content\/uploads\/2024\/05\/441896900_983224040471001_3390104665377530244_n-300x169.jpg\" class=\"attachment-medium size-medium\" alt=\"\" srcset=\"https:\/\/katolicka-gimnazija.hr\/wp-content\/uploads\/2024\/05\/441896900_983224040471001_3390104665377530244_n-300x169.jpg 300w, https:\/\/katolicka-gimnazija.hr\/wp-content\/uploads\/2024\/05\/441896900_983224040471001_3390104665377530244_n-1024x576.jpg 1024w, https:\/\/katolicka-gimnazija.hr\/wp-content\/uploads\/2024\/05\/441896900_983224040471001_3390104665377530244_n-768x432.jpg 768w, https:\/\/katolicka-gimnazija.hr\/wp-content\/uploads\/2024\/05\/441896900_983224040471001_3390104665377530244_n-1536x864.jpg 1536w, https:\/\/katolicka-gimnazija.hr\/wp-content\/uploads\/2024\/05\/441896900_983224040471001_3390104665377530244_n-400x225.jpg 400w, https:\/\/katolicka-gimnazija.hr\/wp-content\/uploads\/2024\/05\/441896900_983224040471001_3390104665377530244_n.jpg 1920w\" sizes=\"auto, (max-width: 300px) 100vw, 300px\" \/><\/a>\n\t\t\t<\/div><\/figure><figure class='gallery-item'>\n\t\t\t<div class='gallery-icon landscape'>\n\t\t\t\t<a href='https:\/\/katolicka-gimnazija.hr\/wp-content\/uploads\/2024\/05\/446863783_984574397002632_8161405506334073349_n.jpg'><img loading=\"lazy\" decoding=\"async\" width=\"300\" height=\"169\" src=\"https:\/\/katolicka-gimnazija.hr\/wp-content\/uploads\/2024\/05\/446863783_984574397002632_8161405506334073349_n-300x169.jpg\" class=\"attachment-medium size-medium\" alt=\"\" srcset=\"https:\/\/katolicka-gimnazija.hr\/wp-content\/uploads\/2024\/05\/446863783_984574397002632_8161405506334073349_n-300x169.jpg 300w, https:\/\/katolicka-gimnazija.hr\/wp-content\/uploads\/2024\/05\/446863783_984574397002632_8161405506334073349_n-1024x576.jpg 1024w, https:\/\/katolicka-gimnazija.hr\/wp-content\/uploads\/2024\/05\/446863783_984574397002632_8161405506334073349_n-768x432.jpg 768w, https:\/\/katolicka-gimnazija.hr\/wp-content\/uploads\/2024\/05\/446863783_984574397002632_8161405506334073349_n-1536x864.jpg 1536w, https:\/\/katolicka-gimnazija.hr\/wp-content\/uploads\/2024\/05\/446863783_984574397002632_8161405506334073349_n-400x225.jpg 400w, https:\/\/katolicka-gimnazija.hr\/wp-content\/uploads\/2024\/05\/446863783_984574397002632_8161405506334073349_n.jpg 1920w\" sizes=\"auto, (max-width: 300px) 100vw, 300px\" \/><\/a>\n\t\t\t<\/div><\/figure><figure class='gallery-item'>\n\t\t\t<div class='gallery-icon landscape'>\n\t\t\t\t<a href='https:\/\/katolicka-gimnazija.hr\/wp-content\/uploads\/2024\/05\/446968548_984574170335988_7121698492284640072_n.jpg'><img loading=\"lazy\" decoding=\"async\" width=\"300\" height=\"169\" src=\"https:\/\/katolicka-gimnazija.hr\/wp-content\/uploads\/2024\/05\/446968548_984574170335988_7121698492284640072_n-300x169.jpg\" class=\"attachment-medium size-medium\" alt=\"\" srcset=\"https:\/\/katolicka-gimnazija.hr\/wp-content\/uploads\/2024\/05\/446968548_984574170335988_7121698492284640072_n-300x169.jpg 300w, https:\/\/katolicka-gimnazija.hr\/wp-content\/uploads\/2024\/05\/446968548_984574170335988_7121698492284640072_n-1024x576.jpg 1024w, https:\/\/katolicka-gimnazija.hr\/wp-content\/uploads\/2024\/05\/446968548_984574170335988_7121698492284640072_n-768x432.jpg 768w, https:\/\/katolicka-gimnazija.hr\/wp-content\/uploads\/2024\/05\/446968548_984574170335988_7121698492284640072_n-1536x864.jpg 1536w, https:\/\/katolicka-gimnazija.hr\/wp-content\/uploads\/2024\/05\/446968548_984574170335988_7121698492284640072_n-400x225.jpg 400w, https:\/\/katolicka-gimnazija.hr\/wp-content\/uploads\/2024\/05\/446968548_984574170335988_7121698492284640072_n.jpg 1920w\" sizes=\"auto, (max-width: 300px) 100vw, 300px\" \/><\/a>\n\t\t\t<\/div><\/figure><figure class='gallery-item'>\n\t\t\t<div class='gallery-icon landscape'>\n\t\t\t\t<a href='https:\/\/katolicka-gimnazija.hr\/wp-content\/uploads\/2024\/05\/446865090_984573640336041_2528815155240019062_n.jpg'><img loading=\"lazy\" decoding=\"async\" width=\"300\" height=\"169\" src=\"https:\/\/katolicka-gimnazija.hr\/wp-content\/uploads\/2024\/05\/446865090_984573640336041_2528815155240019062_n-300x169.jpg\" class=\"attachment-medium size-medium\" alt=\"\" srcset=\"https:\/\/katolicka-gimnazija.hr\/wp-content\/uploads\/2024\/05\/446865090_984573640336041_2528815155240019062_n-300x169.jpg 300w, https:\/\/katolicka-gimnazija.hr\/wp-content\/uploads\/2024\/05\/446865090_984573640336041_2528815155240019062_n-1024x576.jpg 1024w, https:\/\/katolicka-gimnazija.hr\/wp-content\/uploads\/2024\/05\/446865090_984573640336041_2528815155240019062_n-768x432.jpg 768w, https:\/\/katolicka-gimnazija.hr\/wp-content\/uploads\/2024\/05\/446865090_984573640336041_2528815155240019062_n-1536x864.jpg 1536w, https:\/\/katolicka-gimnazija.hr\/wp-content\/uploads\/2024\/05\/446865090_984573640336041_2528815155240019062_n-400x225.jpg 400w, https:\/\/katolicka-gimnazija.hr\/wp-content\/uploads\/2024\/05\/446865090_984573640336041_2528815155240019062_n.jpg 1920w\" sizes=\"auto, (max-width: 300px) 100vw, 300px\" \/><\/a>\n\t\t\t<\/div><\/figure><figure class='gallery-item'>\n\t\t\t<div class='gallery-icon landscape'>\n\t\t\t\t<a href='https:\/\/katolicka-gimnazija.hr\/wp-content\/uploads\/2024\/05\/445558125_984573100336095_4450777520436538945_n.jpg'><img loading=\"lazy\" decoding=\"async\" width=\"300\" height=\"169\" src=\"https:\/\/katolicka-gimnazija.hr\/wp-content\/uploads\/2024\/05\/445558125_984573100336095_4450777520436538945_n-300x169.jpg\" class=\"attachment-medium size-medium\" alt=\"\" srcset=\"https:\/\/katolicka-gimnazija.hr\/wp-content\/uploads\/2024\/05\/445558125_984573100336095_4450777520436538945_n-300x169.jpg 300w, https:\/\/katolicka-gimnazija.hr\/wp-content\/uploads\/2024\/05\/445558125_984573100336095_4450777520436538945_n-1024x576.jpg 1024w, https:\/\/katolicka-gimnazija.hr\/wp-content\/uploads\/2024\/05\/445558125_984573100336095_4450777520436538945_n-768x432.jpg 768w, https:\/\/katolicka-gimnazija.hr\/wp-content\/uploads\/2024\/05\/445558125_984573100336095_4450777520436538945_n-1536x864.jpg 1536w, https:\/\/katolicka-gimnazija.hr\/wp-content\/uploads\/2024\/05\/445558125_984573100336095_4450777520436538945_n-400x225.jpg 400w, https:\/\/katolicka-gimnazija.hr\/wp-content\/uploads\/2024\/05\/445558125_984573100336095_4450777520436538945_n.jpg 1920w\" sizes=\"auto, (max-width: 300px) 100vw, 300px\" \/><\/a>\n\t\t\t<\/div><\/figure><figure class='gallery-item'>\n\t\t\t<div class='gallery-icon landscape'>\n\t\t\t\t<a href='https:\/\/katolicka-gimnazija.hr\/wp-content\/uploads\/2024\/05\/446975267_984574513669287_3488155018948479160_n.jpg'><img loading=\"lazy\" decoding=\"async\" width=\"300\" height=\"169\" src=\"https:\/\/katolicka-gimnazija.hr\/wp-content\/uploads\/2024\/05\/446975267_984574513669287_3488155018948479160_n-300x169.jpg\" class=\"attachment-medium size-medium\" alt=\"\" srcset=\"https:\/\/katolicka-gimnazija.hr\/wp-content\/uploads\/2024\/05\/446975267_984574513669287_3488155018948479160_n-300x169.jpg 300w, https:\/\/katolicka-gimnazija.hr\/wp-content\/uploads\/2024\/05\/446975267_984574513669287_3488155018948479160_n-1024x576.jpg 1024w, https:\/\/katolicka-gimnazija.hr\/wp-content\/uploads\/2024\/05\/446975267_984574513669287_3488155018948479160_n-768x432.jpg 768w, https:\/\/katolicka-gimnazija.hr\/wp-content\/uploads\/2024\/05\/446975267_984574513669287_3488155018948479160_n-1536x864.jpg 1536w, https:\/\/katolicka-gimnazija.hr\/wp-content\/uploads\/2024\/05\/446975267_984574513669287_3488155018948479160_n-400x225.jpg 400w, https:\/\/katolicka-gimnazija.hr\/wp-content\/uploads\/2024\/05\/446975267_984574513669287_3488155018948479160_n.jpg 1920w\" sizes=\"auto, (max-width: 300px) 100vw, 300px\" \/><\/a>\n\t\t\t<\/div><\/figure><figure class='gallery-item'>\n\t\t\t<div class='gallery-icon landscape'>\n\t\t\t\t<a href='https:\/\/katolicka-gimnazija.hr\/wp-content\/uploads\/2024\/05\/445436755_984568390336566_6679146657495810451_n.jpg'><img loading=\"lazy\" decoding=\"async\" width=\"300\" height=\"169\" src=\"https:\/\/katolicka-gimnazija.hr\/wp-content\/uploads\/2024\/05\/445436755_984568390336566_6679146657495810451_n-300x169.jpg\" class=\"attachment-medium size-medium\" alt=\"\" srcset=\"https:\/\/katolicka-gimnazija.hr\/wp-content\/uploads\/2024\/05\/445436755_984568390336566_6679146657495810451_n-300x169.jpg 300w, https:\/\/katolicka-gimnazija.hr\/wp-content\/uploads\/2024\/05\/445436755_984568390336566_6679146657495810451_n-1024x576.jpg 1024w, https:\/\/katolicka-gimnazija.hr\/wp-content\/uploads\/2024\/05\/445436755_984568390336566_6679146657495810451_n-768x432.jpg 768w, https:\/\/katolicka-gimnazija.hr\/wp-content\/uploads\/2024\/05\/445436755_984568390336566_6679146657495810451_n-1536x864.jpg 1536w, https:\/\/katolicka-gimnazija.hr\/wp-content\/uploads\/2024\/05\/445436755_984568390336566_6679146657495810451_n-400x225.jpg 400w, https:\/\/katolicka-gimnazija.hr\/wp-content\/uploads\/2024\/05\/445436755_984568390336566_6679146657495810451_n.jpg 1920w\" sizes=\"auto, (max-width: 300px) 100vw, 300px\" \/><\/a>\n\t\t\t<\/div><\/figure><figure class='gallery-item'>\n\t\t\t<div class='gallery-icon landscape'>\n\t\t\t\t<a href='https:\/\/katolicka-gimnazija.hr\/wp-content\/uploads\/2024\/05\/447009258_984573170336088_1422952389867741878_n.jpg'><img loading=\"lazy\" decoding=\"async\" width=\"300\" height=\"169\" src=\"https:\/\/katolicka-gimnazija.hr\/wp-content\/uploads\/2024\/05\/447009258_984573170336088_1422952389867741878_n-300x169.jpg\" class=\"attachment-medium size-medium\" alt=\"\" srcset=\"https:\/\/katolicka-gimnazija.hr\/wp-content\/uploads\/2024\/05\/447009258_984573170336088_1422952389867741878_n-300x169.jpg 300w, https:\/\/katolicka-gimnazija.hr\/wp-content\/uploads\/2024\/05\/447009258_984573170336088_1422952389867741878_n-1024x576.jpg 1024w, https:\/\/katolicka-gimnazija.hr\/wp-content\/uploads\/2024\/05\/447009258_984573170336088_1422952389867741878_n-768x432.jpg 768w, https:\/\/katolicka-gimnazija.hr\/wp-content\/uploads\/2024\/05\/447009258_984573170336088_1422952389867741878_n-1536x864.jpg 1536w, https:\/\/katolicka-gimnazija.hr\/wp-content\/uploads\/2024\/05\/447009258_984573170336088_1422952389867741878_n-400x225.jpg 400w, https:\/\/katolicka-gimnazija.hr\/wp-content\/uploads\/2024\/05\/447009258_984573170336088_1422952389867741878_n.jpg 1920w\" sizes=\"auto, (max-width: 300px) 100vw, 300px\" \/><\/a>\n\t\t\t<\/div><\/figure><figure class='gallery-item'>\n\t\t\t<div class='gallery-icon landscape'>\n\t\t\t\t<a href='https:\/\/katolicka-gimnazija.hr\/wp-content\/uploads\/2024\/05\/446889807_984567613669977_5432529459390151516_n.jpg'><img loading=\"lazy\" decoding=\"async\" width=\"300\" height=\"169\" src=\"https:\/\/katolicka-gimnazija.hr\/wp-content\/uploads\/2024\/05\/446889807_984567613669977_5432529459390151516_n-300x169.jpg\" class=\"attachment-medium size-medium\" alt=\"\" srcset=\"https:\/\/katolicka-gimnazija.hr\/wp-content\/uploads\/2024\/05\/446889807_984567613669977_5432529459390151516_n-300x169.jpg 300w, https:\/\/katolicka-gimnazija.hr\/wp-content\/uploads\/2024\/05\/446889807_984567613669977_5432529459390151516_n-1024x576.jpg 1024w, https:\/\/katolicka-gimnazija.hr\/wp-content\/uploads\/2024\/05\/446889807_984567613669977_5432529459390151516_n-768x432.jpg 768w, https:\/\/katolicka-gimnazija.hr\/wp-content\/uploads\/2024\/05\/446889807_984567613669977_5432529459390151516_n-1536x864.jpg 1536w, https:\/\/katolicka-gimnazija.hr\/wp-content\/uploads\/2024\/05\/446889807_984567613669977_5432529459390151516_n-400x225.jpg 400w, https:\/\/katolicka-gimnazija.hr\/wp-content\/uploads\/2024\/05\/446889807_984567613669977_5432529459390151516_n.jpg 1920w\" sizes=\"auto, (max-width: 300px) 100vw, 300px\" \/><\/a>\n\t\t\t<\/div><\/figure><figure class='gallery-item'>\n\t\t\t<div class='gallery-icon landscape'>\n\t\t\t\t<a href='https:\/\/katolicka-gimnazija.hr\/wp-content\/uploads\/2024\/05\/445668072_984573780336027_121381454021395786_n.jpg'><img loading=\"lazy\" decoding=\"async\" width=\"300\" height=\"169\" src=\"https:\/\/katolicka-gimnazija.hr\/wp-content\/uploads\/2024\/05\/445668072_984573780336027_121381454021395786_n-300x169.jpg\" class=\"attachment-medium size-medium\" alt=\"\" srcset=\"https:\/\/katolicka-gimnazija.hr\/wp-content\/uploads\/2024\/05\/445668072_984573780336027_121381454021395786_n-300x169.jpg 300w, https:\/\/katolicka-gimnazija.hr\/wp-content\/uploads\/2024\/05\/445668072_984573780336027_121381454021395786_n-1024x576.jpg 1024w, https:\/\/katolicka-gimnazija.hr\/wp-content\/uploads\/2024\/05\/445668072_984573780336027_121381454021395786_n-768x432.jpg 768w, https:\/\/katolicka-gimnazija.hr\/wp-content\/uploads\/2024\/05\/445668072_984573780336027_121381454021395786_n-1536x864.jpg 1536w, https:\/\/katolicka-gimnazija.hr\/wp-content\/uploads\/2024\/05\/445668072_984573780336027_121381454021395786_n-400x225.jpg 400w, https:\/\/katolicka-gimnazija.hr\/wp-content\/uploads\/2024\/05\/445668072_984573780336027_121381454021395786_n.jpg 1920w\" sizes=\"auto, (max-width: 300px) 100vw, 300px\" \/><\/a>\n\t\t\t<\/div><\/figure><figure class='gallery-item'>\n\t\t\t<div class='gallery-icon landscape'>\n\t\t\t\t<a href='https:\/\/katolicka-gimnazija.hr\/wp-content\/uploads\/2024\/05\/444782325_983224650470940_5928836017200402110_n.jpg'><img loading=\"lazy\" decoding=\"async\" width=\"300\" height=\"169\" src=\"https:\/\/katolicka-gimnazija.hr\/wp-content\/uploads\/2024\/05\/444782325_983224650470940_5928836017200402110_n-300x169.jpg\" class=\"attachment-medium size-medium\" alt=\"\" srcset=\"https:\/\/katolicka-gimnazija.hr\/wp-content\/uploads\/2024\/05\/444782325_983224650470940_5928836017200402110_n-300x169.jpg 300w, https:\/\/katolicka-gimnazija.hr\/wp-content\/uploads\/2024\/05\/444782325_983224650470940_5928836017200402110_n-1024x576.jpg 1024w, https:\/\/katolicka-gimnazija.hr\/wp-content\/uploads\/2024\/05\/444782325_983224650470940_5928836017200402110_n-768x432.jpg 768w, https:\/\/katolicka-gimnazija.hr\/wp-content\/uploads\/2024\/05\/444782325_983224650470940_5928836017200402110_n-1536x864.jpg 1536w, https:\/\/katolicka-gimnazija.hr\/wp-content\/uploads\/2024\/05\/444782325_983224650470940_5928836017200402110_n-400x225.jpg 400w, https:\/\/katolicka-gimnazija.hr\/wp-content\/uploads\/2024\/05\/444782325_983224650470940_5928836017200402110_n.jpg 1920w\" sizes=\"auto, (max-width: 300px) 100vw, 300px\" \/><\/a>\n\t\t\t<\/div><\/figure><figure class='gallery-item'>\n\t\t\t<div class='gallery-icon landscape'>\n\t\t\t\t<a href='https:\/\/katolicka-gimnazija.hr\/wp-content\/uploads\/2024\/05\/444487301_984573847002687_3613094791287605357_n.jpg'><img loading=\"lazy\" decoding=\"async\" width=\"300\" height=\"169\" src=\"https:\/\/katolicka-gimnazija.hr\/wp-content\/uploads\/2024\/05\/444487301_984573847002687_3613094791287605357_n-300x169.jpg\" class=\"attachment-medium size-medium\" alt=\"\" srcset=\"https:\/\/katolicka-gimnazija.hr\/wp-content\/uploads\/2024\/05\/444487301_984573847002687_3613094791287605357_n-300x169.jpg 300w, https:\/\/katolicka-gimnazija.hr\/wp-content\/uploads\/2024\/05\/444487301_984573847002687_3613094791287605357_n-1024x576.jpg 1024w, https:\/\/katolicka-gimnazija.hr\/wp-content\/uploads\/2024\/05\/444487301_984573847002687_3613094791287605357_n-768x432.jpg 768w, https:\/\/katolicka-gimnazija.hr\/wp-content\/uploads\/2024\/05\/444487301_984573847002687_3613094791287605357_n-1536x864.jpg 1536w, https:\/\/katolicka-gimnazija.hr\/wp-content\/uploads\/2024\/05\/444487301_984573847002687_3613094791287605357_n-400x225.jpg 400w, https:\/\/katolicka-gimnazija.hr\/wp-content\/uploads\/2024\/05\/444487301_984573847002687_3613094791287605357_n.jpg 1920w\" sizes=\"auto, (max-width: 300px) 100vw, 300px\" \/><\/a>\n\t\t\t<\/div><\/figure><figure class='gallery-item'>\n\t\t\t<div class='gallery-icon landscape'>\n\t\t\t\t<a href='https:\/\/katolicka-gimnazija.hr\/wp-content\/uploads\/2024\/05\/446907286_984574260335979_453552564632035450_n.jpg'><img loading=\"lazy\" decoding=\"async\" width=\"300\" height=\"169\" src=\"https:\/\/katolicka-gimnazija.hr\/wp-content\/uploads\/2024\/05\/446907286_984574260335979_453552564632035450_n-300x169.jpg\" class=\"attachment-medium size-medium\" alt=\"\" srcset=\"https:\/\/katolicka-gimnazija.hr\/wp-content\/uploads\/2024\/05\/446907286_984574260335979_453552564632035450_n-300x169.jpg 300w, https:\/\/katolicka-gimnazija.hr\/wp-content\/uploads\/2024\/05\/446907286_984574260335979_453552564632035450_n-1024x576.jpg 1024w, https:\/\/katolicka-gimnazija.hr\/wp-content\/uploads\/2024\/05\/446907286_984574260335979_453552564632035450_n-768x432.jpg 768w, https:\/\/katolicka-gimnazija.hr\/wp-content\/uploads\/2024\/05\/446907286_984574260335979_453552564632035450_n-1536x864.jpg 1536w, https:\/\/katolicka-gimnazija.hr\/wp-content\/uploads\/2024\/05\/446907286_984574260335979_453552564632035450_n-400x225.jpg 400w, https:\/\/katolicka-gimnazija.hr\/wp-content\/uploads\/2024\/05\/446907286_984574260335979_453552564632035450_n.jpg 1920w\" sizes=\"auto, (max-width: 300px) 100vw, 300px\" \/><\/a>\n\t\t\t<\/div><\/figure><figure class='gallery-item'>\n\t\t\t<div class='gallery-icon landscape'>\n\t\t\t\t<a href='https:\/\/katolicka-gimnazija.hr\/wp-content\/uploads\/2024\/05\/444781162_983223990471006_6692872949729156036_n.jpg'><img loading=\"lazy\" decoding=\"async\" width=\"300\" height=\"169\" src=\"https:\/\/katolicka-gimnazija.hr\/wp-content\/uploads\/2024\/05\/444781162_983223990471006_6692872949729156036_n-300x169.jpg\" class=\"attachment-medium size-medium\" alt=\"\" srcset=\"https:\/\/katolicka-gimnazija.hr\/wp-content\/uploads\/2024\/05\/444781162_983223990471006_6692872949729156036_n-300x169.jpg 300w, https:\/\/katolicka-gimnazija.hr\/wp-content\/uploads\/2024\/05\/444781162_983223990471006_6692872949729156036_n-1024x576.jpg 1024w, https:\/\/katolicka-gimnazija.hr\/wp-content\/uploads\/2024\/05\/444781162_983223990471006_6692872949729156036_n-768x432.jpg 768w, https:\/\/katolicka-gimnazija.hr\/wp-content\/uploads\/2024\/05\/444781162_983223990471006_6692872949729156036_n-1536x864.jpg 1536w, https:\/\/katolicka-gimnazija.hr\/wp-content\/uploads\/2024\/05\/444781162_983223990471006_6692872949729156036_n-400x225.jpg 400w, https:\/\/katolicka-gimnazija.hr\/wp-content\/uploads\/2024\/05\/444781162_983223990471006_6692872949729156036_n.jpg 1920w\" sizes=\"auto, (max-width: 300px) 100vw, 300px\" \/><\/a>\n\t\t\t<\/div><\/figure><figure class='gallery-item'>\n\t\t\t<div class='gallery-icon landscape'>\n\t\t\t\t<a href='https:\/\/katolicka-gimnazija.hr\/wp-content\/uploads\/2024\/05\/445378306_983227183804020_5345306558547987504_n.jpg'><img loading=\"lazy\" decoding=\"async\" width=\"300\" height=\"169\" src=\"https:\/\/katolicka-gimnazija.hr\/wp-content\/uploads\/2024\/05\/445378306_983227183804020_5345306558547987504_n-300x169.jpg\" class=\"attachment-medium size-medium\" alt=\"\" srcset=\"https:\/\/katolicka-gimnazija.hr\/wp-content\/uploads\/2024\/05\/445378306_983227183804020_5345306558547987504_n-300x169.jpg 300w, https:\/\/katolicka-gimnazija.hr\/wp-content\/uploads\/2024\/05\/445378306_983227183804020_5345306558547987504_n-1024x576.jpg 1024w, https:\/\/katolicka-gimnazija.hr\/wp-content\/uploads\/2024\/05\/445378306_983227183804020_5345306558547987504_n-768x432.jpg 768w, https:\/\/katolicka-gimnazija.hr\/wp-content\/uploads\/2024\/05\/445378306_983227183804020_5345306558547987504_n-1536x864.jpg 1536w, https:\/\/katolicka-gimnazija.hr\/wp-content\/uploads\/2024\/05\/445378306_983227183804020_5345306558547987504_n-400x225.jpg 400w, https:\/\/katolicka-gimnazija.hr\/wp-content\/uploads\/2024\/05\/445378306_983227183804020_5345306558547987504_n.jpg 1920w\" sizes=\"auto, (max-width: 300px) 100vw, 300px\" \/><\/a>\n\t\t\t<\/div><\/figure><figure class='gallery-item'>\n\t\t\t<div class='gallery-icon landscape'>\n\t\t\t\t<a href='https:\/\/katolicka-gimnazija.hr\/wp-content\/uploads\/2024\/05\/446967387_984575150335890_7347661576894696277_n.jpg'><img loading=\"lazy\" decoding=\"async\" width=\"300\" height=\"169\" src=\"https:\/\/katolicka-gimnazija.hr\/wp-content\/uploads\/2024\/05\/446967387_984575150335890_7347661576894696277_n-300x169.jpg\" class=\"attachment-medium size-medium\" alt=\"\" srcset=\"https:\/\/katolicka-gimnazija.hr\/wp-content\/uploads\/2024\/05\/446967387_984575150335890_7347661576894696277_n-300x169.jpg 300w, https:\/\/katolicka-gimnazija.hr\/wp-content\/uploads\/2024\/05\/446967387_984575150335890_7347661576894696277_n-1024x576.jpg 1024w, https:\/\/katolicka-gimnazija.hr\/wp-content\/uploads\/2024\/05\/446967387_984575150335890_7347661576894696277_n-768x432.jpg 768w, https:\/\/katolicka-gimnazija.hr\/wp-content\/uploads\/2024\/05\/446967387_984575150335890_7347661576894696277_n-1536x864.jpg 1536w, https:\/\/katolicka-gimnazija.hr\/wp-content\/uploads\/2024\/05\/446967387_984575150335890_7347661576894696277_n-400x225.jpg 400w, https:\/\/katolicka-gimnazija.hr\/wp-content\/uploads\/2024\/05\/446967387_984575150335890_7347661576894696277_n.jpg 1920w\" sizes=\"auto, (max-width: 300px) 100vw, 300px\" \/><\/a>\n\t\t\t<\/div><\/figure><figure class='gallery-item'>\n\t\t\t<div class='gallery-icon landscape'>\n\t\t\t\t<a href='https:\/\/katolicka-gimnazija.hr\/wp-content\/uploads\/2024\/05\/445558162_984574843669254_3464749560404937410_n.jpg'><img loading=\"lazy\" decoding=\"async\" width=\"300\" height=\"169\" src=\"https:\/\/katolicka-gimnazija.hr\/wp-content\/uploads\/2024\/05\/445558162_984574843669254_3464749560404937410_n-300x169.jpg\" class=\"attachment-medium size-medium\" alt=\"\" srcset=\"https:\/\/katolicka-gimnazija.hr\/wp-content\/uploads\/2024\/05\/445558162_984574843669254_3464749560404937410_n-300x169.jpg 300w, https:\/\/katolicka-gimnazija.hr\/wp-content\/uploads\/2024\/05\/445558162_984574843669254_3464749560404937410_n-1024x576.jpg 1024w, https:\/\/katolicka-gimnazija.hr\/wp-content\/uploads\/2024\/05\/445558162_984574843669254_3464749560404937410_n-768x432.jpg 768w, https:\/\/katolicka-gimnazija.hr\/wp-content\/uploads\/2024\/05\/445558162_984574843669254_3464749560404937410_n-1536x864.jpg 1536w, https:\/\/katolicka-gimnazija.hr\/wp-content\/uploads\/2024\/05\/445558162_984574843669254_3464749560404937410_n-400x225.jpg 400w, https:\/\/katolicka-gimnazija.hr\/wp-content\/uploads\/2024\/05\/445558162_984574843669254_3464749560404937410_n.jpg 1920w\" sizes=\"auto, (max-width: 300px) 100vw, 300px\" \/><\/a>\n\t\t\t<\/div><\/figure><figure class='gallery-item'>\n\t\t\t<div class='gallery-icon landscape'>\n\t\t\t\t<a href='https:\/\/katolicka-gimnazija.hr\/wp-content\/uploads\/2024\/05\/444784738_983226910470714_4474971176627009753_n.jpg'><img loading=\"lazy\" decoding=\"async\" width=\"300\" height=\"169\" src=\"https:\/\/katolicka-gimnazija.hr\/wp-content\/uploads\/2024\/05\/444784738_983226910470714_4474971176627009753_n-300x169.jpg\" class=\"attachment-medium size-medium\" alt=\"\" srcset=\"https:\/\/katolicka-gimnazija.hr\/wp-content\/uploads\/2024\/05\/444784738_983226910470714_4474971176627009753_n-300x169.jpg 300w, https:\/\/katolicka-gimnazija.hr\/wp-content\/uploads\/2024\/05\/444784738_983226910470714_4474971176627009753_n-1024x576.jpg 1024w, https:\/\/katolicka-gimnazija.hr\/wp-content\/uploads\/2024\/05\/444784738_983226910470714_4474971176627009753_n-768x432.jpg 768w, https:\/\/katolicka-gimnazija.hr\/wp-content\/uploads\/2024\/05\/444784738_983226910470714_4474971176627009753_n-1536x864.jpg 1536w, https:\/\/katolicka-gimnazija.hr\/wp-content\/uploads\/2024\/05\/444784738_983226910470714_4474971176627009753_n-400x225.jpg 400w, https:\/\/katolicka-gimnazija.hr\/wp-content\/uploads\/2024\/05\/444784738_983226910470714_4474971176627009753_n.jpg 1920w\" sizes=\"auto, (max-width: 300px) 100vw, 300px\" \/><\/a>\n\t\t\t<\/div><\/figure><figure class='gallery-item'>\n\t\t\t<div class='gallery-icon landscape'>\n\t\t\t\t<a href='https:\/\/katolicka-gimnazija.hr\/wp-content\/uploads\/2024\/05\/446916482_984572933669445_8863764086690729146_n.jpg'><img loading=\"lazy\" decoding=\"async\" width=\"300\" height=\"169\" src=\"https:\/\/katolicka-gimnazija.hr\/wp-content\/uploads\/2024\/05\/446916482_984572933669445_8863764086690729146_n-300x169.jpg\" class=\"attachment-medium size-medium\" alt=\"\" srcset=\"https:\/\/katolicka-gimnazija.hr\/wp-content\/uploads\/2024\/05\/446916482_984572933669445_8863764086690729146_n-300x169.jpg 300w, https:\/\/katolicka-gimnazija.hr\/wp-content\/uploads\/2024\/05\/446916482_984572933669445_8863764086690729146_n-1024x576.jpg 1024w, https:\/\/katolicka-gimnazija.hr\/wp-content\/uploads\/2024\/05\/446916482_984572933669445_8863764086690729146_n-768x432.jpg 768w, https:\/\/katolicka-gimnazija.hr\/wp-content\/uploads\/2024\/05\/446916482_984572933669445_8863764086690729146_n-1536x864.jpg 1536w, https:\/\/katolicka-gimnazija.hr\/wp-content\/uploads\/2024\/05\/446916482_984572933669445_8863764086690729146_n-400x225.jpg 400w, https:\/\/katolicka-gimnazija.hr\/wp-content\/uploads\/2024\/05\/446916482_984572933669445_8863764086690729146_n.jpg 1920w\" sizes=\"auto, (max-width: 300px) 100vw, 300px\" \/><\/a>\n\t\t\t<\/div><\/figure><figure class='gallery-item'>\n\t\t\t<div class='gallery-icon landscape'>\n\t\t\t\t<a href='https:\/\/katolicka-gimnazija.hr\/wp-content\/uploads\/2024\/05\/445551078_984567913669947_6854437464177674960_n.jpg'><img loading=\"lazy\" decoding=\"async\" width=\"300\" height=\"169\" src=\"https:\/\/katolicka-gimnazija.hr\/wp-content\/uploads\/2024\/05\/445551078_984567913669947_6854437464177674960_n-300x169.jpg\" class=\"attachment-medium size-medium\" alt=\"\" srcset=\"https:\/\/katolicka-gimnazija.hr\/wp-content\/uploads\/2024\/05\/445551078_984567913669947_6854437464177674960_n-300x169.jpg 300w, https:\/\/katolicka-gimnazija.hr\/wp-content\/uploads\/2024\/05\/445551078_984567913669947_6854437464177674960_n-1024x576.jpg 1024w, https:\/\/katolicka-gimnazija.hr\/wp-content\/uploads\/2024\/05\/445551078_984567913669947_6854437464177674960_n-768x432.jpg 768w, https:\/\/katolicka-gimnazija.hr\/wp-content\/uploads\/2024\/05\/445551078_984567913669947_6854437464177674960_n-1536x864.jpg 1536w, https:\/\/katolicka-gimnazija.hr\/wp-content\/uploads\/2024\/05\/445551078_984567913669947_6854437464177674960_n-400x225.jpg 400w, https:\/\/katolicka-gimnazija.hr\/wp-content\/uploads\/2024\/05\/445551078_984567913669947_6854437464177674960_n.jpg 1920w\" sizes=\"auto, (max-width: 300px) 100vw, 300px\" \/><\/a>\n\t\t\t<\/div><\/figure><figure class='gallery-item'>\n\t\t\t<div class='gallery-icon landscape'>\n\t\t\t\t<a href='https:\/\/katolicka-gimnazija.hr\/wp-content\/uploads\/2024\/05\/446976857_984574593669279_8921658343154882878_n.jpg'><img loading=\"lazy\" decoding=\"async\" width=\"300\" height=\"169\" src=\"https:\/\/katolicka-gimnazija.hr\/wp-content\/uploads\/2024\/05\/446976857_984574593669279_8921658343154882878_n-300x169.jpg\" class=\"attachment-medium size-medium\" alt=\"\" srcset=\"https:\/\/katolicka-gimnazija.hr\/wp-content\/uploads\/2024\/05\/446976857_984574593669279_8921658343154882878_n-300x169.jpg 300w, https:\/\/katolicka-gimnazija.hr\/wp-content\/uploads\/2024\/05\/446976857_984574593669279_8921658343154882878_n-1024x576.jpg 1024w, https:\/\/katolicka-gimnazija.hr\/wp-content\/uploads\/2024\/05\/446976857_984574593669279_8921658343154882878_n-768x432.jpg 768w, https:\/\/katolicka-gimnazija.hr\/wp-content\/uploads\/2024\/05\/446976857_984574593669279_8921658343154882878_n-1536x864.jpg 1536w, https:\/\/katolicka-gimnazija.hr\/wp-content\/uploads\/2024\/05\/446976857_984574593669279_8921658343154882878_n-400x225.jpg 400w, https:\/\/katolicka-gimnazija.hr\/wp-content\/uploads\/2024\/05\/446976857_984574593669279_8921658343154882878_n.jpg 1920w\" sizes=\"auto, (max-width: 300px) 100vw, 300px\" \/><\/a>\n\t\t\t<\/div><\/figure><figure class='gallery-item'>\n\t\t\t<div class='gallery-icon landscape'>\n\t\t\t\t<a href='https:\/\/katolicka-gimnazija.hr\/wp-content\/uploads\/2024\/05\/444991174_983227520470653_1910520328653190295_n.jpg'><img loading=\"lazy\" decoding=\"async\" width=\"300\" height=\"169\" src=\"https:\/\/katolicka-gimnazija.hr\/wp-content\/uploads\/2024\/05\/444991174_983227520470653_1910520328653190295_n-300x169.jpg\" class=\"attachment-medium size-medium\" alt=\"\" srcset=\"https:\/\/katolicka-gimnazija.hr\/wp-content\/uploads\/2024\/05\/444991174_983227520470653_1910520328653190295_n-300x169.jpg 300w, https:\/\/katolicka-gimnazija.hr\/wp-content\/uploads\/2024\/05\/444991174_983227520470653_1910520328653190295_n-1024x576.jpg 1024w, https:\/\/katolicka-gimnazija.hr\/wp-content\/uploads\/2024\/05\/444991174_983227520470653_1910520328653190295_n-768x432.jpg 768w, https:\/\/katolicka-gimnazija.hr\/wp-content\/uploads\/2024\/05\/444991174_983227520470653_1910520328653190295_n-1536x864.jpg 1536w, https:\/\/katolicka-gimnazija.hr\/wp-content\/uploads\/2024\/05\/444991174_983227520470653_1910520328653190295_n-400x225.jpg 400w, https:\/\/katolicka-gimnazija.hr\/wp-content\/uploads\/2024\/05\/444991174_983227520470653_1910520328653190295_n.jpg 1920w\" sizes=\"auto, (max-width: 300px) 100vw, 300px\" \/><\/a>\n\t\t\t<\/div><\/figure><figure class='gallery-item'>\n\t\t\t<div class='gallery-icon landscape'>\n\t\t\t\t<a href='https:\/\/katolicka-gimnazija.hr\/wp-content\/uploads\/2024\/05\/444943026_983224923804246_5250883013726891709_n.jpg'><img loading=\"lazy\" decoding=\"async\" width=\"300\" height=\"169\" src=\"https:\/\/katolicka-gimnazija.hr\/wp-content\/uploads\/2024\/05\/444943026_983224923804246_5250883013726891709_n-300x169.jpg\" class=\"attachment-medium size-medium\" alt=\"\" srcset=\"https:\/\/katolicka-gimnazija.hr\/wp-content\/uploads\/2024\/05\/444943026_983224923804246_5250883013726891709_n-300x169.jpg 300w, https:\/\/katolicka-gimnazija.hr\/wp-content\/uploads\/2024\/05\/444943026_983224923804246_5250883013726891709_n-1024x576.jpg 1024w, https:\/\/katolicka-gimnazija.hr\/wp-content\/uploads\/2024\/05\/444943026_983224923804246_5250883013726891709_n-768x432.jpg 768w, https:\/\/katolicka-gimnazija.hr\/wp-content\/uploads\/2024\/05\/444943026_983224923804246_5250883013726891709_n-1536x864.jpg 1536w, https:\/\/katolicka-gimnazija.hr\/wp-content\/uploads\/2024\/05\/444943026_983224923804246_5250883013726891709_n-400x225.jpg 400w, https:\/\/katolicka-gimnazija.hr\/wp-content\/uploads\/2024\/05\/444943026_983224923804246_5250883013726891709_n.jpg 1920w\" sizes=\"auto, (max-width: 300px) 100vw, 300px\" \/><\/a>\n\t\t\t<\/div><\/figure><figure class='gallery-item'>\n\t\t\t<div class='gallery-icon landscape'>\n\t\t\t\t<a href='https:\/\/katolicka-gimnazija.hr\/wp-content\/uploads\/2024\/05\/445641620_984567937003278_985702702333252077_n.jpg'><img loading=\"lazy\" decoding=\"async\" width=\"300\" height=\"169\" src=\"https:\/\/katolicka-gimnazija.hr\/wp-content\/uploads\/2024\/05\/445641620_984567937003278_985702702333252077_n-300x169.jpg\" class=\"attachment-medium size-medium\" alt=\"\" srcset=\"https:\/\/katolicka-gimnazija.hr\/wp-content\/uploads\/2024\/05\/445641620_984567937003278_985702702333252077_n-300x169.jpg 300w, https:\/\/katolicka-gimnazija.hr\/wp-content\/uploads\/2024\/05\/445641620_984567937003278_985702702333252077_n-1024x576.jpg 1024w, https:\/\/katolicka-gimnazija.hr\/wp-content\/uploads\/2024\/05\/445641620_984567937003278_985702702333252077_n-768x432.jpg 768w, https:\/\/katolicka-gimnazija.hr\/wp-content\/uploads\/2024\/05\/445641620_984567937003278_985702702333252077_n-1536x864.jpg 1536w, https:\/\/katolicka-gimnazija.hr\/wp-content\/uploads\/2024\/05\/445641620_984567937003278_985702702333252077_n-400x225.jpg 400w, https:\/\/katolicka-gimnazija.hr\/wp-content\/uploads\/2024\/05\/445641620_984567937003278_985702702333252077_n.jpg 1920w\" sizes=\"auto, (max-width: 300px) 100vw, 300px\" \/><\/a>\n\t\t\t<\/div><\/figure><figure class='gallery-item'>\n\t\t\t<div class='gallery-icon landscape'>\n\t\t\t\t<a href='https:\/\/katolicka-gimnazija.hr\/wp-content\/uploads\/2024\/05\/445649371_984575180335887_5031807341737801005_n.jpg'><img loading=\"lazy\" decoding=\"async\" width=\"300\" height=\"169\" src=\"https:\/\/katolicka-gimnazija.hr\/wp-content\/uploads\/2024\/05\/445649371_984575180335887_5031807341737801005_n-300x169.jpg\" class=\"attachment-medium size-medium\" alt=\"\" srcset=\"https:\/\/katolicka-gimnazija.hr\/wp-content\/uploads\/2024\/05\/445649371_984575180335887_5031807341737801005_n-300x169.jpg 300w, https:\/\/katolicka-gimnazija.hr\/wp-content\/uploads\/2024\/05\/445649371_984575180335887_5031807341737801005_n-1024x576.jpg 1024w, https:\/\/katolicka-gimnazija.hr\/wp-content\/uploads\/2024\/05\/445649371_984575180335887_5031807341737801005_n-768x432.jpg 768w, https:\/\/katolicka-gimnazija.hr\/wp-content\/uploads\/2024\/05\/445649371_984575180335887_5031807341737801005_n-1536x864.jpg 1536w, https:\/\/katolicka-gimnazija.hr\/wp-content\/uploads\/2024\/05\/445649371_984575180335887_5031807341737801005_n-400x225.jpg 400w, https:\/\/katolicka-gimnazija.hr\/wp-content\/uploads\/2024\/05\/445649371_984575180335887_5031807341737801005_n.jpg 1920w\" sizes=\"auto, (max-width: 300px) 100vw, 300px\" \/><\/a>\n\t\t\t<\/div><\/figure><figure class='gallery-item'>\n\t\t\t<div class='gallery-icon landscape'>\n\t\t\t\t<a href='https:\/\/katolicka-gimnazija.hr\/wp-content\/uploads\/2024\/05\/444990342_983223897137682_3455494007508836162_n.jpg'><img loading=\"lazy\" decoding=\"async\" width=\"300\" height=\"169\" src=\"https:\/\/katolicka-gimnazija.hr\/wp-content\/uploads\/2024\/05\/444990342_983223897137682_3455494007508836162_n-300x169.jpg\" class=\"attachment-medium size-medium\" alt=\"\" srcset=\"https:\/\/katolicka-gimnazija.hr\/wp-content\/uploads\/2024\/05\/444990342_983223897137682_3455494007508836162_n-300x169.jpg 300w, https:\/\/katolicka-gimnazija.hr\/wp-content\/uploads\/2024\/05\/444990342_983223897137682_3455494007508836162_n-1024x576.jpg 1024w, https:\/\/katolicka-gimnazija.hr\/wp-content\/uploads\/2024\/05\/444990342_983223897137682_3455494007508836162_n-768x432.jpg 768w, https:\/\/katolicka-gimnazija.hr\/wp-content\/uploads\/2024\/05\/444990342_983223897137682_3455494007508836162_n-1536x864.jpg 1536w, https:\/\/katolicka-gimnazija.hr\/wp-content\/uploads\/2024\/05\/444990342_983223897137682_3455494007508836162_n-400x225.jpg 400w, https:\/\/katolicka-gimnazija.hr\/wp-content\/uploads\/2024\/05\/444990342_983223897137682_3455494007508836162_n.jpg 1920w\" sizes=\"auto, (max-width: 300px) 100vw, 300px\" \/><\/a>\n\t\t\t<\/div><\/figure><figure class='gallery-item'>\n\t\t\t<div class='gallery-icon landscape'>\n\t\t\t\t<a href='https:\/\/katolicka-gimnazija.hr\/wp-content\/uploads\/2024\/05\/441455828_984573200336085_2052576330365587302_n.jpg'><img loading=\"lazy\" decoding=\"async\" width=\"300\" height=\"169\" src=\"https:\/\/katolicka-gimnazija.hr\/wp-content\/uploads\/2024\/05\/441455828_984573200336085_2052576330365587302_n-300x169.jpg\" class=\"attachment-medium size-medium\" alt=\"\" srcset=\"https:\/\/katolicka-gimnazija.hr\/wp-content\/uploads\/2024\/05\/441455828_984573200336085_2052576330365587302_n-300x169.jpg 300w, https:\/\/katolicka-gimnazija.hr\/wp-content\/uploads\/2024\/05\/441455828_984573200336085_2052576330365587302_n-1024x576.jpg 1024w, https:\/\/katolicka-gimnazija.hr\/wp-content\/uploads\/2024\/05\/441455828_984573200336085_2052576330365587302_n-768x432.jpg 768w, https:\/\/katolicka-gimnazija.hr\/wp-content\/uploads\/2024\/05\/441455828_984573200336085_2052576330365587302_n-1536x864.jpg 1536w, https:\/\/katolicka-gimnazija.hr\/wp-content\/uploads\/2024\/05\/441455828_984573200336085_2052576330365587302_n-400x225.jpg 400w, https:\/\/katolicka-gimnazija.hr\/wp-content\/uploads\/2024\/05\/441455828_984573200336085_2052576330365587302_n.jpg 1920w\" sizes=\"auto, (max-width: 300px) 100vw, 300px\" \/><\/a>\n\t\t\t<\/div><\/figure><figure class='gallery-item'>\n\t\t\t<div class='gallery-icon landscape'>\n\t\t\t\t<a href='https:\/\/katolicka-gimnazija.hr\/wp-content\/uploads\/2024\/05\/445075036_983223697137702_3911109520071751539_n.jpg'><img loading=\"lazy\" decoding=\"async\" width=\"300\" height=\"169\" src=\"https:\/\/katolicka-gimnazija.hr\/wp-content\/uploads\/2024\/05\/445075036_983223697137702_3911109520071751539_n-300x169.jpg\" class=\"attachment-medium size-medium\" alt=\"\" srcset=\"https:\/\/katolicka-gimnazija.hr\/wp-content\/uploads\/2024\/05\/445075036_983223697137702_3911109520071751539_n-300x169.jpg 300w, https:\/\/katolicka-gimnazija.hr\/wp-content\/uploads\/2024\/05\/445075036_983223697137702_3911109520071751539_n-1024x576.jpg 1024w, https:\/\/katolicka-gimnazija.hr\/wp-content\/uploads\/2024\/05\/445075036_983223697137702_3911109520071751539_n-768x432.jpg 768w, https:\/\/katolicka-gimnazija.hr\/wp-content\/uploads\/2024\/05\/445075036_983223697137702_3911109520071751539_n-1536x864.jpg 1536w, https:\/\/katolicka-gimnazija.hr\/wp-content\/uploads\/2024\/05\/445075036_983223697137702_3911109520071751539_n-400x225.jpg 400w, https:\/\/katolicka-gimnazija.hr\/wp-content\/uploads\/2024\/05\/445075036_983223697137702_3911109520071751539_n.jpg 1920w\" sizes=\"auto, (max-width: 300px) 100vw, 300px\" \/><\/a>\n\t\t\t<\/div><\/figure><figure class='gallery-item'>\n\t\t\t<div class='gallery-icon landscape'>\n\t\t\t\t<a href='https:\/\/katolicka-gimnazija.hr\/wp-content\/uploads\/2024\/05\/442484513_983225817137490_5099247437163311234_n.jpg'><img loading=\"lazy\" decoding=\"async\" width=\"300\" height=\"169\" src=\"https:\/\/katolicka-gimnazija.hr\/wp-content\/uploads\/2024\/05\/442484513_983225817137490_5099247437163311234_n-300x169.jpg\" class=\"attachment-medium size-medium\" alt=\"\" srcset=\"https:\/\/katolicka-gimnazija.hr\/wp-content\/uploads\/2024\/05\/442484513_983225817137490_5099247437163311234_n-300x169.jpg 300w, https:\/\/katolicka-gimnazija.hr\/wp-content\/uploads\/2024\/05\/442484513_983225817137490_5099247437163311234_n-1024x576.jpg 1024w, https:\/\/katolicka-gimnazija.hr\/wp-content\/uploads\/2024\/05\/442484513_983225817137490_5099247437163311234_n-768x432.jpg 768w, https:\/\/katolicka-gimnazija.hr\/wp-content\/uploads\/2024\/05\/442484513_983225817137490_5099247437163311234_n-1536x864.jpg 1536w, https:\/\/katolicka-gimnazija.hr\/wp-content\/uploads\/2024\/05\/442484513_983225817137490_5099247437163311234_n-400x225.jpg 400w, https:\/\/katolicka-gimnazija.hr\/wp-content\/uploads\/2024\/05\/442484513_983225817137490_5099247437163311234_n.jpg 1920w\" sizes=\"auto, (max-width: 300px) 100vw, 300px\" \/><\/a>\n\t\t\t<\/div><\/figure><figure class='gallery-item'>\n\t\t\t<div class='gallery-icon landscape'>\n\t\t\t\t<a href='https:\/\/katolicka-gimnazija.hr\/wp-content\/uploads\/2024\/05\/445539365_984573573669381_5306858427240578699_n.jpg'><img loading=\"lazy\" decoding=\"async\" width=\"300\" height=\"169\" src=\"https:\/\/katolicka-gimnazija.hr\/wp-content\/uploads\/2024\/05\/445539365_984573573669381_5306858427240578699_n-300x169.jpg\" class=\"attachment-medium size-medium\" alt=\"\" srcset=\"https:\/\/katolicka-gimnazija.hr\/wp-content\/uploads\/2024\/05\/445539365_984573573669381_5306858427240578699_n-300x169.jpg 300w, https:\/\/katolicka-gimnazija.hr\/wp-content\/uploads\/2024\/05\/445539365_984573573669381_5306858427240578699_n-1024x576.jpg 1024w, https:\/\/katolicka-gimnazija.hr\/wp-content\/uploads\/2024\/05\/445539365_984573573669381_5306858427240578699_n-768x432.jpg 768w, https:\/\/katolicka-gimnazija.hr\/wp-content\/uploads\/2024\/05\/445539365_984573573669381_5306858427240578699_n-1536x864.jpg 1536w, https:\/\/katolicka-gimnazija.hr\/wp-content\/uploads\/2024\/05\/445539365_984573573669381_5306858427240578699_n-400x225.jpg 400w, https:\/\/katolicka-gimnazija.hr\/wp-content\/uploads\/2024\/05\/445539365_984573573669381_5306858427240578699_n.jpg 1920w\" sizes=\"auto, (max-width: 300px) 100vw, 300px\" \/><\/a>\n\t\t\t<\/div><\/figure><figure class='gallery-item'>\n\t\t\t<div class='gallery-icon landscape'>\n\t\t\t\t<a href='https:\/\/katolicka-gimnazija.hr\/wp-content\/uploads\/2024\/05\/446863569_984568410336564_5976567111091616717_n.jpg'><img loading=\"lazy\" decoding=\"async\" width=\"300\" height=\"169\" src=\"https:\/\/katolicka-gimnazija.hr\/wp-content\/uploads\/2024\/05\/446863569_984568410336564_5976567111091616717_n-300x169.jpg\" class=\"attachment-medium size-medium\" alt=\"\" srcset=\"https:\/\/katolicka-gimnazija.hr\/wp-content\/uploads\/2024\/05\/446863569_984568410336564_5976567111091616717_n-300x169.jpg 300w, https:\/\/katolicka-gimnazija.hr\/wp-content\/uploads\/2024\/05\/446863569_984568410336564_5976567111091616717_n-1024x576.jpg 1024w, https:\/\/katolicka-gimnazija.hr\/wp-content\/uploads\/2024\/05\/446863569_984568410336564_5976567111091616717_n-768x432.jpg 768w, https:\/\/katolicka-gimnazija.hr\/wp-content\/uploads\/2024\/05\/446863569_984568410336564_5976567111091616717_n-1536x864.jpg 1536w, https:\/\/katolicka-gimnazija.hr\/wp-content\/uploads\/2024\/05\/446863569_984568410336564_5976567111091616717_n-400x225.jpg 400w, https:\/\/katolicka-gimnazija.hr\/wp-content\/uploads\/2024\/05\/446863569_984568410336564_5976567111091616717_n.jpg 1920w\" sizes=\"auto, (max-width: 300px) 100vw, 300px\" \/><\/a>\n\t\t\t<\/div><\/figure>\n\t\t<\/div>\n\n<p>&nbsp;<\/p>\n","protected":false},"excerpt":{"rendered":"<p>\u201eSvijetu je potrebno da se oni koji se posvete rastu u kreposti\u00a0ujedine u jednom svetom prijateljstvu, da se poti\u010du na djelovanje i da se odr\u017ee u ovim svetim vje\u017ebama. \u201c sv. Franjo Sale\u0161ki Tekst: Pavle Peri\u0107, 3.a Ovogodi\u0161nji Eko kamp \u201eBelli\u201c zapo\u010deo je u petak 24. svibnja, na posljednji nastavni dan maturanata. I ove su [&hellip;]<\/p>\n","protected":false},"author":2,"featured_media":31193,"comment_status":"closed","ping_status":"closed","sticky":false,"template":"","format":"standard","meta":{"footnotes":""},"categories":[4,211,213,2],"tags":[],"class_list":["post-31192","post","type-post","status-publish","format-standard","has-post-thumbnail","hentry","category-fotogalerije","category-predavanja","category-putovanja","category-vijesti"],"_links":{"self":[{"href":"https:\/\/katolicka-gimnazija.hr\/index.php\/wp-json\/wp\/v2\/posts\/31192","targetHints":{"allow":["GET"]}}],"collection":[{"href":"https:\/\/katolicka-gimnazija.hr\/index.php\/wp-json\/wp\/v2\/posts"}],"about":[{"href":"https:\/\/katolicka-gimnazija.hr\/index.php\/wp-json\/wp\/v2\/types\/post"}],"author":[{"embeddable":true,"href":"https:\/\/katolicka-gimnazija.hr\/index.php\/wp-json\/wp\/v2\/users\/2"}],"replies":[{"embeddable":true,"href":"https:\/\/katolicka-gimnazija.hr\/index.php\/wp-json\/wp\/v2\/comments?post=31192"}],"version-history":[{"count":2,"href":"https:\/\/katolicka-gimnazija.hr\/index.php\/wp-json\/wp\/v2\/posts\/31192\/revisions"}],"predecessor-version":[{"id":31230,"href":"https:\/\/katolicka-gimnazija.hr\/index.php\/wp-json\/wp\/v2\/posts\/31192\/revisions\/31230"}],"wp:featuredmedia":[{"embeddable":true,"href":"https:\/\/katolicka-gimnazija.hr\/index.php\/wp-json\/wp\/v2\/media\/31193"}],"wp:attachment":[{"href":"https:\/\/katolicka-gimnazija.hr\/index.php\/wp-json\/wp\/v2\/media?parent=31192"}],"wp:term":[{"taxonomy":"category","embeddable":true,"href":"https:\/\/katolicka-gimnazija.hr\/index.php\/wp-json\/wp\/v2\/categories?post=31192"},{"taxonomy":"post_tag","embeddable":true,"href":"https:\/\/katolicka-gimnazija.hr\/index.php\/wp-json\/wp\/v2\/tags?post=31192"}],"curies":[{"name":"wp","href":"https:\/\/api.w.org\/{rel}","templated":true}]}}