{"id":31231,"date":"2024-05-29T22:34:04","date_gmt":"2024-05-29T20:34:04","guid":{"rendered":"http:\/\/katolicka-gimnazija.hr\/?p=31231"},"modified":"2024-05-29T22:37:59","modified_gmt":"2024-05-29T20:37:59","slug":"lucija-lana-i-lucija-s-znk-slavonijom-pozega-prvakinje-2-hnlz-istok","status":"publish","type":"post","link":"https:\/\/katolicka-gimnazija.hr\/index.php\/2024\/05\/29\/lucija-lana-i-lucija-s-znk-slavonijom-pozega-prvakinje-2-hnlz-istok\/","title":{"rendered":"Lucija, Lana i Lucija s \u017dNK Slavonijom Po\u017eega prvakinje 2. HNL\u017d \u2013 istok"},"content":{"rendered":"<p>Ne znamo koliko vam je poznato da na\u0161u \u0161kolu uz izvrsne nogometa\u0161e poha\u0111aju, \u010dini se, jednako tako izvrsne nogometa\u0161ice. Vjerujemo da je \u017eenski nogomet nepravedno zapostavljen, a dokaz je tomu i da nam je ispod radara za dlaku promaknuo uspjeh na\u0161ih Po\u017ee\u017eanki koje su s \u017dNK Slavonija pobjednice 2. HNL\u017d \u2013 istok te su tako izborile mogu\u0107nost kvalifikacija za 1. HNL\u017d u kojoj bi se natjecale s najboljim hrvatskim klubovima. Da stvar bude zanimljivija, u pobjedni\u010dkoj ekipi \u010dak su tri na\u0161e KG-ovke \u2013 Lucija Pe\u010dur (1.b), Lana Dra\u017eeti\u0107 (3.b) te Lucija Kesi\u0107 (1.b), ujedno i kapetanica pobjedni\u010dke ekipe.<\/p>\n<p>Zanimljivo je da na\u0161e djevojke nastupaju u kadetskoj kategoriji koja je u regiji istok imala 6 ekipa, a \u017dNK Slavonija ostvarila je maksimalan broj bodova. Po\u017ee\u0161ke su pionirke tako\u0111er bez poraza postale prvakinje u ligi od 7 klubova, jedino \u0161to su remizirale s djevojkama iz jakog Osijeka. Najve\u0107a konkurencija kadetkinjama bila je \u017dNK Sloga Nova Gradi\u0161ka, a dokaz je tomu da su se obje utakmice odigrale istim rezultatom 2:1 i to u korist \u017dNK Slavonija. Najve\u0107i konkurenti Po\u017ee\u0161kim pionirkama bili su klubovi iz Broda, \u017dNK Legen, i Osijeka, \u017dNK Osijek.<\/p>\n<p>Vjerujemo da je uspjehom zadovoljno i stru\u010dno vodstvo kluba \u2013 predsjednik kluba i trener Dino Bognar te treneri Roberto Bognar, Rafael Rezo, Antun Pranji\u0107, Josip Dupor i trenerica Iva Jakovac. Prvi konkurent u doigravanju za ulazak u 1. HNL\u017d djevojkama \u0107e biti \u017dNK Varteks iz Vara\u017edina, a prva se utakmica igra 12. 6. Drugi konkurent jo\u0161 nije poznat, a mogu\u0107e su protivnice \u017dNK Neretva i \u017dNK Grani\u010dar \u017dupanja.<\/p>\n<p><a href=\"http:\/\/katolicka-gimnazija.hr\/wp-content\/uploads\/2024\/05\/IMG-20240527-WA0345.jpg\"><img loading=\"lazy\" decoding=\"async\" class=\"size-medium wp-image-31237 alignright\" src=\"http:\/\/katolicka-gimnazija.hr\/wp-content\/uploads\/2024\/05\/IMG-20240527-WA0345-300x200.jpg\" alt=\"\" width=\"300\" height=\"200\" srcset=\"https:\/\/katolicka-gimnazija.hr\/wp-content\/uploads\/2024\/05\/IMG-20240527-WA0345-300x200.jpg 300w, https:\/\/katolicka-gimnazija.hr\/wp-content\/uploads\/2024\/05\/IMG-20240527-WA0345-1024x682.jpg 1024w, https:\/\/katolicka-gimnazija.hr\/wp-content\/uploads\/2024\/05\/IMG-20240527-WA0345-768x512.jpg 768w, https:\/\/katolicka-gimnazija.hr\/wp-content\/uploads\/2024\/05\/IMG-20240527-WA0345-1536x1023.jpg 1536w, https:\/\/katolicka-gimnazija.hr\/wp-content\/uploads\/2024\/05\/IMG-20240527-WA0345-400x267.jpg 400w, https:\/\/katolicka-gimnazija.hr\/wp-content\/uploads\/2024\/05\/IMG-20240527-WA0345.jpg 1600w\" sizes=\"auto, (max-width: 300px) 100vw, 300px\" \/><\/a>Najiskusnija na\u0161a predstavnica, Lana Dra\u017eeti\u0107, kratko je komentirala pitanje \u017eupanijskog natjecanja u nogometu za srednje \u0161kole. \u201eTo me pitanje mu\u010di zadnje tri godine, ali se nadam da \u0107e to idu\u0107e, kao i moje zadnje godine, biti ostvarivo i to uz dolazak novih suigra\u010dica iz kluba u na\u0161u \u0161kolu. Na\u0161a \u017eupanija ima izvrsne nogometa\u0161ice, konkurencija je iznimno velika, ali se nadamo da imamo \u0161anse za prolazak na dr\u017eavno natjecanje.\u201c<\/p>\n<p>Tako\u0111er smo ju zamolili da se osvrne na \u017eenski nogomet kao izvan\u0161kolsku aktivnost. \u201eDanas je o\u010dito da je \u017eenski nogomet dobar izbor za izvan\u0161kolsku aktivnost jer se u zadnjih nekoliko godina \u017eenski nogomet razvija kako u svijetu tako i u na\u0161oj dr\u017eavi. Iskustvo igranja timskog sporta iskustvo je koje svaki pojedinac treba do\u017eivjeti i pro\u017eivjeti. Kroz nogomet zajedno u\u010dimo i gubiti i pobje\u0111ivati, a u na\u0161em klubu vlada tolika pozitivna atmosfera da svakim danom kada dolazimo na treninge i utakmice imamo osje\u0107aj kao da smo kod ku\u0107e. Zajedno smo i do pet puta tjedno te stvarno imamo osje\u0107aj kao da smo jedna velika obitelj. Tu, naravno, ne smijemo izostaviti putovanja na utakmice koje nas jo\u0161 vi\u0161e zbli\u017ee i od kojih se te\u0161ko rastati, a i na\u0161a zajedni\u010dka slavlja, kao i ovo nakon osvajanja duplog naslova prvaka koje \u0107e se dugo pamtiti.\u201c<\/p>\n<p>Djevojkama \u017eelimo puno sre\u0107e u razigravanju za 1. HNL\u017d, a \u017eenskoj reprezentaciji KG naslov idu\u0107e godine!<\/p>\n<p>Foto: \u017dNK Slavonija Po\u017eega<\/p>\n<div id='gallery-1' class='gallery galleryid-31231 gallery-columns-3 gallery-size-medium'><figure class='gallery-item'>\n\t\t\t<div class='gallery-icon landscape'>\n\t\t\t\t<a href='https:\/\/katolicka-gimnazija.hr\/wp-content\/uploads\/2024\/05\/IMG-20240527-WA0345.jpg'><img loading=\"lazy\" decoding=\"async\" width=\"300\" height=\"200\" src=\"https:\/\/katolicka-gimnazija.hr\/wp-content\/uploads\/2024\/05\/IMG-20240527-WA0345-300x200.jpg\" class=\"attachment-medium size-medium\" alt=\"\" srcset=\"https:\/\/katolicka-gimnazija.hr\/wp-content\/uploads\/2024\/05\/IMG-20240527-WA0345-300x200.jpg 300w, https:\/\/katolicka-gimnazija.hr\/wp-content\/uploads\/2024\/05\/IMG-20240527-WA0345-1024x682.jpg 1024w, https:\/\/katolicka-gimnazija.hr\/wp-content\/uploads\/2024\/05\/IMG-20240527-WA0345-768x512.jpg 768w, https:\/\/katolicka-gimnazija.hr\/wp-content\/uploads\/2024\/05\/IMG-20240527-WA0345-1536x1023.jpg 1536w, https:\/\/katolicka-gimnazija.hr\/wp-content\/uploads\/2024\/05\/IMG-20240527-WA0345-400x267.jpg 400w, https:\/\/katolicka-gimnazija.hr\/wp-content\/uploads\/2024\/05\/IMG-20240527-WA0345.jpg 1600w\" sizes=\"auto, (max-width: 300px) 100vw, 300px\" \/><\/a>\n\t\t\t<\/div><\/figure><figure class='gallery-item'>\n\t\t\t<div class='gallery-icon landscape'>\n\t\t\t\t<a href='https:\/\/katolicka-gimnazija.hr\/wp-content\/uploads\/2024\/05\/IMG-20240529-WA0043.jpg'><img loading=\"lazy\" decoding=\"async\" width=\"300\" height=\"200\" src=\"https:\/\/katolicka-gimnazija.hr\/wp-content\/uploads\/2024\/05\/IMG-20240529-WA0043-300x200.jpg\" class=\"attachment-medium size-medium\" alt=\"\" srcset=\"https:\/\/katolicka-gimnazija.hr\/wp-content\/uploads\/2024\/05\/IMG-20240529-WA0043-300x200.jpg 300w, https:\/\/katolicka-gimnazija.hr\/wp-content\/uploads\/2024\/05\/IMG-20240529-WA0043-1024x682.jpg 1024w, https:\/\/katolicka-gimnazija.hr\/wp-content\/uploads\/2024\/05\/IMG-20240529-WA0043-768x512.jpg 768w, https:\/\/katolicka-gimnazija.hr\/wp-content\/uploads\/2024\/05\/IMG-20240529-WA0043-1536x1023.jpg 1536w, https:\/\/katolicka-gimnazija.hr\/wp-content\/uploads\/2024\/05\/IMG-20240529-WA0043-400x267.jpg 400w, https:\/\/katolicka-gimnazija.hr\/wp-content\/uploads\/2024\/05\/IMG-20240529-WA0043.jpg 1600w\" sizes=\"auto, (max-width: 300px) 100vw, 300px\" \/><\/a>\n\t\t\t<\/div><\/figure><figure class='gallery-item'>\n\t\t\t<div class='gallery-icon landscape'>\n\t\t\t\t<a href='https:\/\/katolicka-gimnazija.hr\/wp-content\/uploads\/2024\/05\/IMG-20240526-WA0225-e1717014782559.jpg'><img loading=\"lazy\" decoding=\"async\" width=\"300\" height=\"241\" src=\"https:\/\/katolicka-gimnazija.hr\/wp-content\/uploads\/2024\/05\/IMG-20240526-WA0225-e1717014782559-300x241.jpg\" class=\"attachment-medium size-medium\" alt=\"\" srcset=\"https:\/\/katolicka-gimnazija.hr\/wp-content\/uploads\/2024\/05\/IMG-20240526-WA0225-e1717014782559-300x241.jpg 300w, https:\/\/katolicka-gimnazija.hr\/wp-content\/uploads\/2024\/05\/IMG-20240526-WA0225-e1717014782559-1024x823.jpg 1024w, https:\/\/katolicka-gimnazija.hr\/wp-content\/uploads\/2024\/05\/IMG-20240526-WA0225-e1717014782559-768x618.jpg 768w, https:\/\/katolicka-gimnazija.hr\/wp-content\/uploads\/2024\/05\/IMG-20240526-WA0225-e1717014782559-373x300.jpg 373w, https:\/\/katolicka-gimnazija.hr\/wp-content\/uploads\/2024\/05\/IMG-20240526-WA0225-e1717014782559.jpg 1164w\" sizes=\"auto, (max-width: 300px) 100vw, 300px\" \/><\/a>\n\t\t\t<\/div><\/figure><figure class='gallery-item'>\n\t\t\t<div class='gallery-icon portrait'>\n\t\t\t\t<a href='https:\/\/katolicka-gimnazija.hr\/wp-content\/uploads\/2024\/05\/IMG-20240526-WA0226.jpg'><img loading=\"lazy\" decoding=\"async\" width=\"225\" height=\"300\" src=\"https:\/\/katolicka-gimnazija.hr\/wp-content\/uploads\/2024\/05\/IMG-20240526-WA0226-225x300.jpg\" class=\"attachment-medium size-medium\" alt=\"\" srcset=\"https:\/\/katolicka-gimnazija.hr\/wp-content\/uploads\/2024\/05\/IMG-20240526-WA0226-225x300.jpg 225w, https:\/\/katolicka-gimnazija.hr\/wp-content\/uploads\/2024\/05\/IMG-20240526-WA0226-768x1024.jpg 768w, https:\/\/katolicka-gimnazija.hr\/wp-content\/uploads\/2024\/05\/IMG-20240526-WA0226-1152x1536.jpg 1152w, https:\/\/katolicka-gimnazija.hr\/wp-content\/uploads\/2024\/05\/IMG-20240526-WA0226.jpg 1200w\" sizes=\"auto, (max-width: 225px) 100vw, 225px\" \/><\/a>\n\t\t\t<\/div><\/figure><figure class='gallery-item'>\n\t\t\t<div class='gallery-icon landscape'>\n\t\t\t\t<a href='https:\/\/katolicka-gimnazija.hr\/wp-content\/uploads\/2024\/05\/IMG-20240529-WA0042.jpg'><img loading=\"lazy\" decoding=\"async\" width=\"300\" height=\"200\" src=\"https:\/\/katolicka-gimnazija.hr\/wp-content\/uploads\/2024\/05\/IMG-20240529-WA0042-300x200.jpg\" class=\"attachment-medium size-medium\" alt=\"\" srcset=\"https:\/\/katolicka-gimnazija.hr\/wp-content\/uploads\/2024\/05\/IMG-20240529-WA0042-300x200.jpg 300w, https:\/\/katolicka-gimnazija.hr\/wp-content\/uploads\/2024\/05\/IMG-20240529-WA0042-1024x682.jpg 1024w, https:\/\/katolicka-gimnazija.hr\/wp-content\/uploads\/2024\/05\/IMG-20240529-WA0042-768x512.jpg 768w, https:\/\/katolicka-gimnazija.hr\/wp-content\/uploads\/2024\/05\/IMG-20240529-WA0042-1536x1023.jpg 1536w, https:\/\/katolicka-gimnazija.hr\/wp-content\/uploads\/2024\/05\/IMG-20240529-WA0042-400x267.jpg 400w, https:\/\/katolicka-gimnazija.hr\/wp-content\/uploads\/2024\/05\/IMG-20240529-WA0042.jpg 1600w\" sizes=\"auto, (max-width: 300px) 100vw, 300px\" \/><\/a>\n\t\t\t<\/div><\/figure><figure class='gallery-item'>\n\t\t\t<div class='gallery-icon landscape'>\n\t\t\t\t<a href='https:\/\/katolicka-gimnazija.hr\/wp-content\/uploads\/2024\/05\/IMG-20240529-WA0039.jpg'><img loading=\"lazy\" decoding=\"async\" width=\"300\" height=\"225\" src=\"https:\/\/katolicka-gimnazija.hr\/wp-content\/uploads\/2024\/05\/IMG-20240529-WA0039-300x225.jpg\" class=\"attachment-medium size-medium\" alt=\"\" srcset=\"https:\/\/katolicka-gimnazija.hr\/wp-content\/uploads\/2024\/05\/IMG-20240529-WA0039-300x225.jpg 300w, https:\/\/katolicka-gimnazija.hr\/wp-content\/uploads\/2024\/05\/IMG-20240529-WA0039-1024x768.jpg 1024w, https:\/\/katolicka-gimnazija.hr\/wp-content\/uploads\/2024\/05\/IMG-20240529-WA0039-768x576.jpg 768w, https:\/\/katolicka-gimnazija.hr\/wp-content\/uploads\/2024\/05\/IMG-20240529-WA0039-1536x1152.jpg 1536w, https:\/\/katolicka-gimnazija.hr\/wp-content\/uploads\/2024\/05\/IMG-20240529-WA0039-400x300.jpg 400w, https:\/\/katolicka-gimnazija.hr\/wp-content\/uploads\/2024\/05\/IMG-20240529-WA0039.jpg 1600w\" sizes=\"auto, (max-width: 300px) 100vw, 300px\" \/><\/a>\n\t\t\t<\/div><\/figure><figure class='gallery-item'>\n\t\t\t<div class='gallery-icon landscape'>\n\t\t\t\t<a href='https:\/\/katolicka-gimnazija.hr\/wp-content\/uploads\/2024\/05\/IMG-20240529-WA0040.jpg'><img loading=\"lazy\" decoding=\"async\" width=\"300\" height=\"200\" src=\"https:\/\/katolicka-gimnazija.hr\/wp-content\/uploads\/2024\/05\/IMG-20240529-WA0040-300x200.jpg\" class=\"attachment-medium size-medium\" alt=\"\" srcset=\"https:\/\/katolicka-gimnazija.hr\/wp-content\/uploads\/2024\/05\/IMG-20240529-WA0040-300x200.jpg 300w, https:\/\/katolicka-gimnazija.hr\/wp-content\/uploads\/2024\/05\/IMG-20240529-WA0040-1024x682.jpg 1024w, https:\/\/katolicka-gimnazija.hr\/wp-content\/uploads\/2024\/05\/IMG-20240529-WA0040-768x512.jpg 768w, https:\/\/katolicka-gimnazija.hr\/wp-content\/uploads\/2024\/05\/IMG-20240529-WA0040-1536x1023.jpg 1536w, https:\/\/katolicka-gimnazija.hr\/wp-content\/uploads\/2024\/05\/IMG-20240529-WA0040-400x267.jpg 400w, https:\/\/katolicka-gimnazija.hr\/wp-content\/uploads\/2024\/05\/IMG-20240529-WA0040.jpg 1600w\" sizes=\"auto, (max-width: 300px) 100vw, 300px\" \/><\/a>\n\t\t\t<\/div><\/figure>\n\t\t<\/div>\n\n","protected":false},"excerpt":{"rendered":"<p>Ne znamo koliko vam je poznato da na\u0161u \u0161kolu uz izvrsne nogometa\u0161e poha\u0111aju, \u010dini se, jednako tako izvrsne nogometa\u0161ice. Vjerujemo da je \u017eenski nogomet nepravedno zapostavljen, a dokaz je tomu i da nam je ispod radara za dlaku promaknuo uspjeh na\u0161ih Po\u017ee\u017eanki koje su s \u017dNK Slavonija pobjednice 2. HNL\u017d \u2013 istok te su tako [&hellip;]<\/p>\n","protected":false},"author":2,"featured_media":31235,"comment_status":"closed","ping_status":"closed","sticky":false,"template":"","format":"standard","meta":{"footnotes":""},"categories":[4,210,2],"tags":[],"class_list":["post-31231","post","type-post","status-publish","format-standard","has-post-thumbnail","hentry","category-fotogalerije","category-sport","category-vijesti"],"_links":{"self":[{"href":"https:\/\/katolicka-gimnazija.hr\/index.php\/wp-json\/wp\/v2\/posts\/31231","targetHints":{"allow":["GET"]}}],"collection":[{"href":"https:\/\/katolicka-gimnazija.hr\/index.php\/wp-json\/wp\/v2\/posts"}],"about":[{"href":"https:\/\/katolicka-gimnazija.hr\/index.php\/wp-json\/wp\/v2\/types\/post"}],"author":[{"embeddable":true,"href":"https:\/\/katolicka-gimnazija.hr\/index.php\/wp-json\/wp\/v2\/users\/2"}],"replies":[{"embeddable":true,"href":"https:\/\/katolicka-gimnazija.hr\/index.php\/wp-json\/wp\/v2\/comments?post=31231"}],"version-history":[{"count":3,"href":"https:\/\/katolicka-gimnazija.hr\/index.php\/wp-json\/wp\/v2\/posts\/31231\/revisions"}],"predecessor-version":[{"id":31241,"href":"https:\/\/katolicka-gimnazija.hr\/index.php\/wp-json\/wp\/v2\/posts\/31231\/revisions\/31241"}],"wp:featuredmedia":[{"embeddable":true,"href":"https:\/\/katolicka-gimnazija.hr\/index.php\/wp-json\/wp\/v2\/media\/31235"}],"wp:attachment":[{"href":"https:\/\/katolicka-gimnazija.hr\/index.php\/wp-json\/wp\/v2\/media?parent=31231"}],"wp:term":[{"taxonomy":"category","embeddable":true,"href":"https:\/\/katolicka-gimnazija.hr\/index.php\/wp-json\/wp\/v2\/categories?post=31231"},{"taxonomy":"post_tag","embeddable":true,"href":"https:\/\/katolicka-gimnazija.hr\/index.php\/wp-json\/wp\/v2\/tags?post=31231"}],"curies":[{"name":"wp","href":"https:\/\/api.w.org\/{rel}","templated":true}]}}