{"id":31387,"date":"2024-09-03T09:12:18","date_gmt":"2024-09-03T07:12:18","guid":{"rendered":"https:\/\/katolicka-gimnazija.hr\/?p=31387"},"modified":"2024-09-03T09:12:18","modified_gmt":"2024-09-03T07:12:18","slug":"veni-sancte-spiritus-4","status":"publish","type":"post","link":"https:\/\/katolicka-gimnazija.hr\/index.php\/2024\/09\/03\/veni-sancte-spiritus-4\/","title":{"rendered":"Veni Sancte Spiritus"},"content":{"rendered":"<p>Dragi u\u010denici, po\u0161tovani kolege i roditelji, zaziv Duha Svetoga za po\u010detak nove \u0161kolske godine slavit \u0107e se 12. rujna (\u010detvrtak) u 9 sati u po\u017ee\u0161koj katedrali.<\/p>\n<p>Vjerujemo da bi svaki kr\u0161\u0107anin pa tako i katoli\u010dki gimnazijalac mogao imati sna\u017enog zagovornika u Duhu Svetomu ako bismo ga kao prijatelja i to s pouzdanjem ponekad zazvali. A kako ako ne himnom Duhu Svetomu:<\/p>\n<p style=\"text-align: center;\"><strong>O do\u0111i,<\/strong>\u00a0<strong>Stvor\u010de, Du\u0161e Svet,<\/strong><br \/>\npohodi du\u0161e vjernika,<br \/>\npoteci vi\u0161njom milosti<br \/>\nu grudi \u0161tono stvori ih.<\/p>\n<p style=\"text-align: center;\">Ti naziva\u0161 se Tje\u0161itelj,<br \/>\nblagodat Boga svevi\u0161njeg,<br \/>\nstudenac \u017eivi, ljubav, plam<br \/>\ni pomazanje duhovno.<\/p>\n<p style=\"text-align: center;\">Darova sedam razdaje\u0161,<br \/>\nti, prste desne O\u010deve,<br \/>\nod vje\u010dnog Oca obe\u0107an,<br \/>\nti puni\u0161 usta besjedom.<\/p>\n<p style=\"text-align: center;\">Zapali svjetlo u srcu,<br \/>\nzadahni du\u0161u ljubavlju,<br \/>\nu nemo\u0107ima tjelesnim<br \/>\npotkrepljuj nas bez prestanka.<\/p>\n<p style=\"text-align: center;\">Du\u0161mana od nas otjeraj<br \/>\ni postojani mir nam daj,<br \/>\nispred nas idi vodi nas,<br \/>\nda svakog zla se klonimo.<\/p>\n<p style=\"text-align: center;\">Daj Oca da upoznamo<br \/>\ni Krista sina njegova.<br \/>\ni u te Duha njihova<br \/>\nda vjerujemo sveudilj.<\/p>\n<p style=\"text-align: center;\">Sva slava Ocu vje\u010dnomu<br \/>\ni uskrslomu Sinu mu,<br \/>\ns tje\u0161iteljem Presvetim<br \/>\nnek bude sad i uvijeke.<br \/>\nAmen.<\/p>\n<p style=\"text-align: center;\"><strong>Veni, Creator Spiritus,<\/strong><br \/>\nmentes tuorum visita,<br \/>\nimple superna gratia<br \/>\nquae tu creasti pectora.<\/p>\n<p style=\"text-align: center;\">Qui diceris Paraclitus,<br \/>\naltissimi donum Dei,<br \/>\nfons vivus, ignis, caritas,<br \/>\net spiritalis unctio.<\/p>\n<p style=\"text-align: center;\">Tu, septiformis munere,<br \/>\ndigitus paternae dexterae,<br \/>\nTu rite promissum Patris,<br \/>\nsermone ditans guttura.<\/p>\n<p style=\"text-align: center;\">Accende lumen sensibus:<br \/>\ninfunde amorem cordibus:<br \/>\ninfirma nostri corporis<br \/>\nvirtute firmans perpeti.<\/p>\n<p style=\"text-align: center;\">Hostem repellas longius,<br \/>\npacemque dones protinus:<br \/>\nductore sic te praevio<br \/>\nvitemus omne noxium.<\/p>\n<p style=\"text-align: center;\">Per te sciamus da Patrem,<br \/>\nnoscamus atque Filium;<br \/>\nTeque utriusque Spiritum<br \/>\ncredamus omni tempore.<\/p>\n<p style=\"text-align: center;\">Deo Patri sit gloria,<br \/>\net Filio, qui a mortuis<br \/>\nsurrexit, ac Paraclito,<br \/>\nin saeculorum saecula.<\/p>\n<p style=\"text-align: center;\">Amen.<\/p>\n<p>&nbsp;<\/p>\n<p>&nbsp;<\/p>\n","protected":false},"excerpt":{"rendered":"<p>Dragi u\u010denici, po\u0161tovani kolege i roditelji, zaziv Duha Svetoga za po\u010detak nove \u0161kolske godine slavit \u0107e se 12. rujna (\u010detvrtak) u 9 sati u po\u017ee\u0161koj katedrali. Vjerujemo da bi svaki kr\u0161\u0107anin pa tako i katoli\u010dki gimnazijalac mogao imati sna\u017enog zagovornika u Duhu Svetomu ako bismo ga kao prijatelja i to s pouzdanjem ponekad zazvali. A [&hellip;]<\/p>\n","protected":false},"author":1,"featured_media":31388,"comment_status":"closed","ping_status":"closed","sticky":false,"template":"","format":"standard","meta":{"footnotes":""},"categories":[3],"tags":[],"class_list":["post-31387","post","type-post","status-publish","format-standard","has-post-thumbnail","hentry","category-obavijesti"],"_links":{"self":[{"href":"https:\/\/katolicka-gimnazija.hr\/index.php\/wp-json\/wp\/v2\/posts\/31387","targetHints":{"allow":["GET"]}}],"collection":[{"href":"https:\/\/katolicka-gimnazija.hr\/index.php\/wp-json\/wp\/v2\/posts"}],"about":[{"href":"https:\/\/katolicka-gimnazija.hr\/index.php\/wp-json\/wp\/v2\/types\/post"}],"author":[{"embeddable":true,"href":"https:\/\/katolicka-gimnazija.hr\/index.php\/wp-json\/wp\/v2\/users\/1"}],"replies":[{"embeddable":true,"href":"https:\/\/katolicka-gimnazija.hr\/index.php\/wp-json\/wp\/v2\/comments?post=31387"}],"version-history":[{"count":1,"href":"https:\/\/katolicka-gimnazija.hr\/index.php\/wp-json\/wp\/v2\/posts\/31387\/revisions"}],"predecessor-version":[{"id":31389,"href":"https:\/\/katolicka-gimnazija.hr\/index.php\/wp-json\/wp\/v2\/posts\/31387\/revisions\/31389"}],"wp:featuredmedia":[{"embeddable":true,"href":"https:\/\/katolicka-gimnazija.hr\/index.php\/wp-json\/wp\/v2\/media\/31388"}],"wp:attachment":[{"href":"https:\/\/katolicka-gimnazija.hr\/index.php\/wp-json\/wp\/v2\/media?parent=31387"}],"wp:term":[{"taxonomy":"category","embeddable":true,"href":"https:\/\/katolicka-gimnazija.hr\/index.php\/wp-json\/wp\/v2\/categories?post=31387"},{"taxonomy":"post_tag","embeddable":true,"href":"https:\/\/katolicka-gimnazija.hr\/index.php\/wp-json\/wp\/v2\/tags?post=31387"}],"curies":[{"name":"wp","href":"https:\/\/api.w.org\/{rel}","templated":true}]}}