{"id":31390,"date":"2024-09-04T09:16:58","date_gmt":"2024-09-04T07:16:58","guid":{"rendered":"https:\/\/katolicka-gimnazija.hr\/?p=31390"},"modified":"2024-09-04T13:42:21","modified_gmt":"2024-09-04T11:42:21","slug":"bog-stvori-i-rim-maturalno-hodocasce-2024","status":"publish","type":"post","link":"https:\/\/katolicka-gimnazija.hr\/index.php\/2024\/09\/04\/bog-stvori-i-rim-maturalno-hodocasce-2024\/","title":{"rendered":"Bog stvori i Rim! Maturalno hodo\u010da\u0161\u0107e 2024."},"content":{"rendered":"<p>Maturanti \u017eele isprobati sve ono \u0161to do sada nisu i osje\u0107ati se ponosno jer su najstariji, no ovoga puta ipak su morali jo\u0161 malo pri\u010dekati taj trenutak\u2026Nakon vremena i vremena provedenog u dogovoru koju destinaciju odabrati za maturalac sa stru\u010dnim sto\u017eerom razredni\u0161tva \u2013 B prof. Tonkovi\u0107 + A prof. \u0110akovi\u0107, odluka je ipak bila ispravno donesena. Isprva pobune i gun\u0111anja s pretpostavkama da \u0107e biti dosadno obilaziti samo crkve, a na kraju nisu mogli ni zamisliti da ne\u0107e imati vremena ni pomi\u0161ljati na isto.<\/p>\n<p><strong>Jutro. Dan prvi.<\/strong><\/p>\n<p>Ispred franjeva\u010dke crkve stajala je masa s koferima, smje\u0161kala se i nestrpljivo \u010dekala polazak na dalek put. U Virovitici nas <a href=\"https:\/\/katolicka-gimnazija.hr\/wp-content\/uploads\/2024\/09\/IMG-20240824-WA0052.jpg\"><img loading=\"lazy\" decoding=\"async\" class=\"size-medium wp-image-31392 alignright\" src=\"https:\/\/katolicka-gimnazija.hr\/wp-content\/uploads\/2024\/09\/IMG-20240824-WA0052-300x225.jpg\" alt=\"\" width=\"300\" height=\"225\" srcset=\"https:\/\/katolicka-gimnazija.hr\/wp-content\/uploads\/2024\/09\/IMG-20240824-WA0052-300x225.jpg 300w, https:\/\/katolicka-gimnazija.hr\/wp-content\/uploads\/2024\/09\/IMG-20240824-WA0052-1024x768.jpg 1024w, https:\/\/katolicka-gimnazija.hr\/wp-content\/uploads\/2024\/09\/IMG-20240824-WA0052-768x576.jpg 768w, https:\/\/katolicka-gimnazija.hr\/wp-content\/uploads\/2024\/09\/IMG-20240824-WA0052-1536x1152.jpg 1536w, https:\/\/katolicka-gimnazija.hr\/wp-content\/uploads\/2024\/09\/IMG-20240824-WA0052-400x300.jpg 400w, https:\/\/katolicka-gimnazija.hr\/wp-content\/uploads\/2024\/09\/IMG-20240824-WA0052.jpg 1600w\" sizes=\"auto, (max-width: 300px) 100vw, 300px\" \/><\/a>je do\u010dekala jednako raspolo\u017eena ekipa. Zvu\u010dnici i glazba za neke glavni, dok drugi vi\u0161e vole svoje jastuke i dekice (svakome kako odgovara). Atmosfera u autobusu bila je odli\u010dna, svi puni uzbu\u0111enja, \u017eeljni pri\u010de i novih poznanstava. Prva destinacija po dolasku u Italiju bio je grad Assisi, grad sv. Franje Asi\u0161kog. Ondje smo \u010duli razne zanimljivosti i legende o samom Franji, njegovu \u017eivotu i djelovanju. Posjetili smo crkvu Gospe od An\u0111ela, grob i crkvu sv. Franje (gdje smo imali svetu misu i slavili sv. Bartola), Sredi\u0161nji gradski trg, rodnu ku\u0107u sv. Franje, katedralu sv. Rufina, crkvu i grob sv. Klare, crkvu sv. Marije Velike te grob bla\u017eenog Karla Acutisa. Duhovno i kulturno ispunjeni, zaputili smo se prema Rimu u na\u0161 smje\u0161taj i na ve\u010deru. Dru\u017eenje je, naravno, potrajalo do kasno u no\u0107..<\/p>\n<p><strong>Ve\u010der pa jutro. Dan drugi.<\/strong><\/p>\n<p>Nedjelju smo posvetili samom vje\u010dnom gradu RIMU. U ranu zoru, nakon doru\u010dka, posjetili smo katakombe sv. Kalista i ondje odr\u017eali sve\u010danu nedjeljnu misu. Zatim smo zakora\u010dili u crkvu sv. Kri\u017ea. Poslije ru\u010dka vrijeme smo proveli obilaze\u0107i baziliku sv. Marije Velike, Flavijev amfiteatar, Konstaninov slavoluk, Rimski forum, Kapitolij, Venecijanski trg te oltar Domovine. Kroz sve te ljepote proveo nas je na\u0161 vodi\u010d Slavo. Ve\u010derali smo sjajnu pastu s tunjevinom i panna cottu od jagode i karamele.<\/p>\n<p><strong>Ve\u010der pa jutro. Dan tre\u0107i.<\/strong><\/p>\n<p><a href=\"https:\/\/katolicka-gimnazija.hr\/wp-content\/uploads\/2024\/09\/IMG-20240826-WA0056.jpg\"><img loading=\"lazy\" decoding=\"async\" class=\"size-medium wp-image-31402 alignleft\" src=\"https:\/\/katolicka-gimnazija.hr\/wp-content\/uploads\/2024\/09\/IMG-20240826-WA0056-225x300.jpg\" alt=\"\" width=\"225\" height=\"300\" srcset=\"https:\/\/katolicka-gimnazija.hr\/wp-content\/uploads\/2024\/09\/IMG-20240826-WA0056-225x300.jpg 225w, https:\/\/katolicka-gimnazija.hr\/wp-content\/uploads\/2024\/09\/IMG-20240826-WA0056-768x1024.jpg 768w, https:\/\/katolicka-gimnazija.hr\/wp-content\/uploads\/2024\/09\/IMG-20240826-WA0056-1152x1536.jpg 1152w, https:\/\/katolicka-gimnazija.hr\/wp-content\/uploads\/2024\/09\/IMG-20240826-WA0056.jpg 1200w\" sizes=\"auto, (max-width: 225px) 100vw, 225px\" \/><\/a>Ponedjeljak je bio rezerviran za najmanju dr\u017eavu na svijetu \u2013 Vatikan. Sve se pripremalo za audijenciju s papom na koju smo i\u0161li u srijedu. Divni prizori, nestvarni. Nakon pri\u010da o vatikanskom trgu zaputili smo se u baziliku sv. Petra gdje smo se pomolili i odlu\u010dili prepje\u0161a\u010diti vi\u0161e od pet stotina stepenica da bismo vidjeli najljep\u0161i prizor na svijetu. Sa vrha kupole vidio se cijeli Vatikan. Nerealno je poku\u0161ati prepri\u010dati do\u017eivljaj. Slike govore same za sebe. Nakon obilaska Vatikana i ru\u010dka te slobodnog vremena uslijedio je obilazak Vatikanskih muzeja s dragom i ljubaznom voditeljicom. Moglo se vidjeti i \u010duti sve od po\u010detka kr\u0161\u0107anstva do dana dana\u0161njeg u najsitnije detalje. Za kraj dana na\u0161 vele\u010dasni Karlo Topalovi\u0107 odr\u017eao je svetu misu u hrvatskoj crkvi i zavodu sv. Jeronima.<\/p>\n<p><strong>Ve\u010der pa jutro. Dan \u010detvrti.<\/strong><\/p>\n<p>Cjelodnevni izlet bio je odli\u010dan izbor za utorak. Vo\u017enja do Pompeja potrajala je ne\u0161to <a href=\"https:\/\/katolicka-gimnazija.hr\/wp-content\/uploads\/2024\/09\/IMG-20240827-WA0112.jpg\"><img loading=\"lazy\" decoding=\"async\" class=\"size-medium wp-image-31408 alignright\" src=\"https:\/\/katolicka-gimnazija.hr\/wp-content\/uploads\/2024\/09\/IMG-20240827-WA0112-225x300.jpg\" alt=\"\" width=\"225\" height=\"300\" srcset=\"https:\/\/katolicka-gimnazija.hr\/wp-content\/uploads\/2024\/09\/IMG-20240827-WA0112-225x300.jpg 225w, https:\/\/katolicka-gimnazija.hr\/wp-content\/uploads\/2024\/09\/IMG-20240827-WA0112-768x1024.jpg 768w, https:\/\/katolicka-gimnazija.hr\/wp-content\/uploads\/2024\/09\/IMG-20240827-WA0112-1152x1536.jpg 1152w, https:\/\/katolicka-gimnazija.hr\/wp-content\/uploads\/2024\/09\/IMG-20240827-WA0112.jpg 1200w\" sizes=\"auto, (max-width: 225px) 100vw, 225px\" \/><\/a>vi\u0161e od dva sata, ali je vrijedilo svakog trenutka. Ostaci rimskog grada koji je uni\u0161ten 79. godine kao posljedica erupcije vulkana Vezuva danas su nazvani drevnim talijanskim Gradom Pod Pepelom. Tako\u0111er, imali smo i ovdje voditeljicu koja nas je nasmijavala svojim pri\u010dama. U Napulju smo ku\u0161ali jednu od najso\u010dnijih pizza u tom podru\u010dju \u2013 a gdje drugdje ako ne na mjestu njena nastanka. Vo\u017enju prema samostanu Montecassinu osvje\u017eio je pravi ljetni pljusak. Montecassino vrijedi za jedno predivno povijesno mjesto na 520 m nadmorske visine gdje je nastao red benediktinaca, najstariji red u Katoli\u010dkoj crkvi. Nakon razgledavanja samostana slavili smo svetu misu i blagdan svete Monike, majke sv. Augustina. Po\u010dastili smo se radovima koje su Benediktinci ru\u010dno izradili. Ora Et Labora!<\/p>\n<p><strong>Ve\u010der pa jutro. Dan peti.<\/strong><\/p>\n<p>28. kolovoza za sve nas bio je velik i va\u017ean dan. Povratak u Vatikan i audijencija s Papom na blagdan sv. Augustina. Do\u017eivljaji i emocije ne mogu se opisati rije\u010dima. \u010citanje Svetog pisma na nekoliko jezika, bliskost s Papom, njegova propovijed. To treba do\u017eivjeti! Pri zavr\u0161etku imali smo slobodno vrijeme za ru\u010dak i kupnju suvenira. Slijedio je obilazak Svetih stuba, bazilike sv. Ivana Lateranskog, Panteona, Fontane di Trevi i \u0160panjolskog trga. Imali smo priliku izabrati izme\u0111u 150 vrsta sladoleda, kola\u010di\u0107a i slatki\u0161a. Slatke muke. Dan smo zavr\u0161ili \u0161etnjom kroz Via Del Corso.<\/p>\n<p>Iako tu\u017eni \u0161to se najljep\u0161em putovanju bli\u017ei kraj (istom onom za koje smo mislili na prvu da ne\u0107e biti zanimljivo), zadnju ve\u010der iskoristili smo za dru\u017eenje i razgovor, razmijenili brojeve, dru\u0161tvene mre\u017ee i kako ve\u0107 svi ti protokoli idu.<\/p>\n<p><strong>Ve\u010der pa jutro. Dan \u0161esti.<\/strong><\/p>\n<p>Spakirali smo svoje kofere i u njima ponijeli uspomene, ali i dovoljno potrep\u0161tina za put ku\u0107i i razgledavanje Firence \u2013 kolijevke renesanse, glavnog grada pokrajine Toscane i svjetskom sredi\u0161tu umjetnosti i kulture. Vrijeme smo proveli prolaze\u0107i kroz najljep\u0161e uli\u010dice, mostove, prolaze i trgove. Ku\u0161ali smo najukusnije lazanje i steak. Razgledali smo katedralu, Giottov toranj, krstionicu, crkvu sv. Lovre, Stari most, Trg Gospode i pala\u010du Pitti. Bilo je predivno. Ali, kako to biva, sve \u0161to je lijepo kratko traje. Sretni jer se vra\u0107amo tamo gdje nam je SVE, a tu\u017eni jer napu\u0161tamo ono najljep\u0161e \u0161to sad postaje uspomena. Iako umorni, veselili smo se, kratili vrijeme pjevanjem i prepri\u010davali dojmove, gledali slike i pakirali poklone.\u00a0 Putovali smo prema Hrvatskoj kroz Bolonju, Padovu, Trst i Sloveniju i u ranim jutarnjim satima stigli u Po\u017eegu. Ono \u0161to smo do\u017eivjeli nikada ne\u0107emo zaboraviti i rado bismo opet ponovili isto\u2026<\/p>\n<p>Fotografije by Marija Alaber, Sara Ku\u0161\u010der, Klara Pehal i Ena Podobnik.<\/p>\n<div id='gallery-1' class='gallery galleryid-31390 gallery-columns-3 gallery-size-medium'><figure class='gallery-item'>\n\t\t\t<div class='gallery-icon portrait'>\n\t\t\t\t<a href='https:\/\/katolicka-gimnazija.hr\/wp-content\/uploads\/2024\/09\/IMG-20240902-WA0010.jpg'><img loading=\"lazy\" decoding=\"async\" width=\"225\" height=\"300\" src=\"https:\/\/katolicka-gimnazija.hr\/wp-content\/uploads\/2024\/09\/IMG-20240902-WA0010-225x300.jpg\" class=\"attachment-medium size-medium\" alt=\"\" srcset=\"https:\/\/katolicka-gimnazija.hr\/wp-content\/uploads\/2024\/09\/IMG-20240902-WA0010-225x300.jpg 225w, https:\/\/katolicka-gimnazija.hr\/wp-content\/uploads\/2024\/09\/IMG-20240902-WA0010-768x1024.jpg 768w, https:\/\/katolicka-gimnazija.hr\/wp-content\/uploads\/2024\/09\/IMG-20240902-WA0010-1152x1536.jpg 1152w, https:\/\/katolicka-gimnazija.hr\/wp-content\/uploads\/2024\/09\/IMG-20240902-WA0010.jpg 1530w\" sizes=\"auto, (max-width: 225px) 100vw, 225px\" \/><\/a>\n\t\t\t<\/div><\/figure><figure class='gallery-item'>\n\t\t\t<div class='gallery-icon portrait'>\n\t\t\t\t<a href='https:\/\/katolicka-gimnazija.hr\/wp-content\/uploads\/2024\/09\/IMG-20240828-WA0128.jpg'><img loading=\"lazy\" decoding=\"async\" width=\"225\" height=\"300\" src=\"https:\/\/katolicka-gimnazija.hr\/wp-content\/uploads\/2024\/09\/IMG-20240828-WA0128-225x300.jpg\" class=\"attachment-medium size-medium\" alt=\"\" srcset=\"https:\/\/katolicka-gimnazija.hr\/wp-content\/uploads\/2024\/09\/IMG-20240828-WA0128-225x300.jpg 225w, https:\/\/katolicka-gimnazija.hr\/wp-content\/uploads\/2024\/09\/IMG-20240828-WA0128-768x1024.jpg 768w, https:\/\/katolicka-gimnazija.hr\/wp-content\/uploads\/2024\/09\/IMG-20240828-WA0128-1152x1536.jpg 1152w, https:\/\/katolicka-gimnazija.hr\/wp-content\/uploads\/2024\/09\/IMG-20240828-WA0128.jpg 1200w\" sizes=\"auto, (max-width: 225px) 100vw, 225px\" \/><\/a>\n\t\t\t<\/div><\/figure><figure class='gallery-item'>\n\t\t\t<div class='gallery-icon portrait'>\n\t\t\t\t<a href='https:\/\/katolicka-gimnazija.hr\/wp-content\/uploads\/2024\/09\/IMG-20240904-WA0008.jpg'><img loading=\"lazy\" decoding=\"async\" width=\"225\" height=\"300\" src=\"https:\/\/katolicka-gimnazija.hr\/wp-content\/uploads\/2024\/09\/IMG-20240904-WA0008-225x300.jpg\" class=\"attachment-medium size-medium\" alt=\"\" srcset=\"https:\/\/katolicka-gimnazija.hr\/wp-content\/uploads\/2024\/09\/IMG-20240904-WA0008-225x300.jpg 225w, https:\/\/katolicka-gimnazija.hr\/wp-content\/uploads\/2024\/09\/IMG-20240904-WA0008-768x1024.jpg 768w, https:\/\/katolicka-gimnazija.hr\/wp-content\/uploads\/2024\/09\/IMG-20240904-WA0008-1152x1536.jpg 1152w, https:\/\/katolicka-gimnazija.hr\/wp-content\/uploads\/2024\/09\/IMG-20240904-WA0008.jpg 1200w\" sizes=\"auto, (max-width: 225px) 100vw, 225px\" \/><\/a>\n\t\t\t<\/div><\/figure><figure class='gallery-item'>\n\t\t\t<div class='gallery-icon landscape'>\n\t\t\t\t<a href='https:\/\/katolicka-gimnazija.hr\/wp-content\/uploads\/2024\/09\/IMG-20240904-WA0007.jpg'><img loading=\"lazy\" decoding=\"async\" width=\"300\" height=\"225\" src=\"https:\/\/katolicka-gimnazija.hr\/wp-content\/uploads\/2024\/09\/IMG-20240904-WA0007-300x225.jpg\" class=\"attachment-medium size-medium\" alt=\"\" srcset=\"https:\/\/katolicka-gimnazija.hr\/wp-content\/uploads\/2024\/09\/IMG-20240904-WA0007-300x225.jpg 300w, https:\/\/katolicka-gimnazija.hr\/wp-content\/uploads\/2024\/09\/IMG-20240904-WA0007-1024x768.jpg 1024w, https:\/\/katolicka-gimnazija.hr\/wp-content\/uploads\/2024\/09\/IMG-20240904-WA0007-768x576.jpg 768w, https:\/\/katolicka-gimnazija.hr\/wp-content\/uploads\/2024\/09\/IMG-20240904-WA0007-1536x1152.jpg 1536w, https:\/\/katolicka-gimnazija.hr\/wp-content\/uploads\/2024\/09\/IMG-20240904-WA0007-400x300.jpg 400w, https:\/\/katolicka-gimnazija.hr\/wp-content\/uploads\/2024\/09\/IMG-20240904-WA0007.jpg 1600w\" sizes=\"auto, (max-width: 300px) 100vw, 300px\" \/><\/a>\n\t\t\t<\/div><\/figure><figure class='gallery-item'>\n\t\t\t<div class='gallery-icon landscape'>\n\t\t\t\t<a href='https:\/\/katolicka-gimnazija.hr\/wp-content\/uploads\/2024\/09\/IMG-20240824-WA0053.jpg'><img loading=\"lazy\" decoding=\"async\" width=\"300\" height=\"225\" src=\"https:\/\/katolicka-gimnazija.hr\/wp-content\/uploads\/2024\/09\/IMG-20240824-WA0053-300x225.jpg\" class=\"attachment-medium size-medium\" alt=\"\" srcset=\"https:\/\/katolicka-gimnazija.hr\/wp-content\/uploads\/2024\/09\/IMG-20240824-WA0053-300x225.jpg 300w, https:\/\/katolicka-gimnazija.hr\/wp-content\/uploads\/2024\/09\/IMG-20240824-WA0053-1024x768.jpg 1024w, https:\/\/katolicka-gimnazija.hr\/wp-content\/uploads\/2024\/09\/IMG-20240824-WA0053-768x576.jpg 768w, https:\/\/katolicka-gimnazija.hr\/wp-content\/uploads\/2024\/09\/IMG-20240824-WA0053-1536x1152.jpg 1536w, https:\/\/katolicka-gimnazija.hr\/wp-content\/uploads\/2024\/09\/IMG-20240824-WA0053-400x300.jpg 400w, https:\/\/katolicka-gimnazija.hr\/wp-content\/uploads\/2024\/09\/IMG-20240824-WA0053.jpg 1600w\" sizes=\"auto, (max-width: 300px) 100vw, 300px\" \/><\/a>\n\t\t\t<\/div><\/figure><figure class='gallery-item'>\n\t\t\t<div class='gallery-icon landscape'>\n\t\t\t\t<a href='https:\/\/katolicka-gimnazija.hr\/wp-content\/uploads\/2024\/09\/IMG_4952-scaled.jpg'><img loading=\"lazy\" decoding=\"async\" width=\"300\" height=\"200\" src=\"https:\/\/katolicka-gimnazija.hr\/wp-content\/uploads\/2024\/09\/IMG_4952-300x200.jpg\" class=\"attachment-medium size-medium\" alt=\"\" srcset=\"https:\/\/katolicka-gimnazija.hr\/wp-content\/uploads\/2024\/09\/IMG_4952-300x200.jpg 300w, https:\/\/katolicka-gimnazija.hr\/wp-content\/uploads\/2024\/09\/IMG_4952-1024x683.jpg 1024w, https:\/\/katolicka-gimnazija.hr\/wp-content\/uploads\/2024\/09\/IMG_4952-768x512.jpg 768w, https:\/\/katolicka-gimnazija.hr\/wp-content\/uploads\/2024\/09\/IMG_4952-1536x1024.jpg 1536w, https:\/\/katolicka-gimnazija.hr\/wp-content\/uploads\/2024\/09\/IMG_4952-2048x1365.jpg 2048w, https:\/\/katolicka-gimnazija.hr\/wp-content\/uploads\/2024\/09\/IMG_4952-400x267.jpg 400w\" sizes=\"auto, (max-width: 300px) 100vw, 300px\" \/><\/a>\n\t\t\t<\/div><\/figure><figure class='gallery-item'>\n\t\t\t<div class='gallery-icon portrait'>\n\t\t\t\t<a href='https:\/\/katolicka-gimnazija.hr\/wp-content\/uploads\/2024\/09\/IMG-20240826-WA0065.jpg'><img loading=\"lazy\" decoding=\"async\" width=\"225\" height=\"300\" src=\"https:\/\/katolicka-gimnazija.hr\/wp-content\/uploads\/2024\/09\/IMG-20240826-WA0065-225x300.jpg\" class=\"attachment-medium size-medium\" alt=\"\" srcset=\"https:\/\/katolicka-gimnazija.hr\/wp-content\/uploads\/2024\/09\/IMG-20240826-WA0065-225x300.jpg 225w, https:\/\/katolicka-gimnazija.hr\/wp-content\/uploads\/2024\/09\/IMG-20240826-WA0065-768x1024.jpg 768w, https:\/\/katolicka-gimnazija.hr\/wp-content\/uploads\/2024\/09\/IMG-20240826-WA0065-1152x1536.jpg 1152w, https:\/\/katolicka-gimnazija.hr\/wp-content\/uploads\/2024\/09\/IMG-20240826-WA0065.jpg 1200w\" sizes=\"auto, (max-width: 225px) 100vw, 225px\" \/><\/a>\n\t\t\t<\/div><\/figure><figure class='gallery-item'>\n\t\t\t<div class='gallery-icon portrait'>\n\t\t\t\t<a href='https:\/\/katolicka-gimnazija.hr\/wp-content\/uploads\/2024\/09\/IMG-20240902-WA0005.jpg'><img loading=\"lazy\" decoding=\"async\" width=\"225\" height=\"300\" src=\"https:\/\/katolicka-gimnazija.hr\/wp-content\/uploads\/2024\/09\/IMG-20240902-WA0005-225x300.jpg\" class=\"attachment-medium size-medium\" alt=\"\" srcset=\"https:\/\/katolicka-gimnazija.hr\/wp-content\/uploads\/2024\/09\/IMG-20240902-WA0005-225x300.jpg 225w, https:\/\/katolicka-gimnazija.hr\/wp-content\/uploads\/2024\/09\/IMG-20240902-WA0005-768x1024.jpg 768w, https:\/\/katolicka-gimnazija.hr\/wp-content\/uploads\/2024\/09\/IMG-20240902-WA0005-1152x1536.jpg 1152w, https:\/\/katolicka-gimnazija.hr\/wp-content\/uploads\/2024\/09\/IMG-20240902-WA0005.jpg 1200w\" sizes=\"auto, (max-width: 225px) 100vw, 225px\" \/><\/a>\n\t\t\t<\/div><\/figure><figure class='gallery-item'>\n\t\t\t<div class='gallery-icon landscape'>\n\t\t\t\t<a href='https:\/\/katolicka-gimnazija.hr\/wp-content\/uploads\/2024\/09\/IMG-20240825-WA0176.jpg'><img loading=\"lazy\" decoding=\"async\" width=\"300\" height=\"225\" src=\"https:\/\/katolicka-gimnazija.hr\/wp-content\/uploads\/2024\/09\/IMG-20240825-WA0176-300x225.jpg\" class=\"attachment-medium size-medium\" alt=\"\" srcset=\"https:\/\/katolicka-gimnazija.hr\/wp-content\/uploads\/2024\/09\/IMG-20240825-WA0176-300x225.jpg 300w, https:\/\/katolicka-gimnazija.hr\/wp-content\/uploads\/2024\/09\/IMG-20240825-WA0176-1024x768.jpg 1024w, https:\/\/katolicka-gimnazija.hr\/wp-content\/uploads\/2024\/09\/IMG-20240825-WA0176-768x576.jpg 768w, https:\/\/katolicka-gimnazija.hr\/wp-content\/uploads\/2024\/09\/IMG-20240825-WA0176-1536x1152.jpg 1536w, https:\/\/katolicka-gimnazija.hr\/wp-content\/uploads\/2024\/09\/IMG-20240825-WA0176-400x300.jpg 400w, https:\/\/katolicka-gimnazija.hr\/wp-content\/uploads\/2024\/09\/IMG-20240825-WA0176.jpg 1600w\" sizes=\"auto, (max-width: 300px) 100vw, 300px\" \/><\/a>\n\t\t\t<\/div><\/figure><figure class='gallery-item'>\n\t\t\t<div class='gallery-icon portrait'>\n\t\t\t\t<a href='https:\/\/katolicka-gimnazija.hr\/wp-content\/uploads\/2024\/09\/IMG-20240902-WA0016.jpg'><img loading=\"lazy\" decoding=\"async\" width=\"225\" height=\"300\" src=\"https:\/\/katolicka-gimnazija.hr\/wp-content\/uploads\/2024\/09\/IMG-20240902-WA0016-225x300.jpg\" class=\"attachment-medium size-medium\" alt=\"\" srcset=\"https:\/\/katolicka-gimnazija.hr\/wp-content\/uploads\/2024\/09\/IMG-20240902-WA0016-225x300.jpg 225w, https:\/\/katolicka-gimnazija.hr\/wp-content\/uploads\/2024\/09\/IMG-20240902-WA0016-768x1024.jpg 768w, https:\/\/katolicka-gimnazija.hr\/wp-content\/uploads\/2024\/09\/IMG-20240902-WA0016-1152x1536.jpg 1152w, https:\/\/katolicka-gimnazija.hr\/wp-content\/uploads\/2024\/09\/IMG-20240902-WA0016.jpg 1200w\" sizes=\"auto, (max-width: 225px) 100vw, 225px\" \/><\/a>\n\t\t\t<\/div><\/figure><figure class='gallery-item'>\n\t\t\t<div class='gallery-icon portrait'>\n\t\t\t\t<a href='https:\/\/katolicka-gimnazija.hr\/wp-content\/uploads\/2024\/09\/IMG-20240827-WA0105.jpg'><img loading=\"lazy\" decoding=\"async\" width=\"225\" height=\"300\" src=\"https:\/\/katolicka-gimnazija.hr\/wp-content\/uploads\/2024\/09\/IMG-20240827-WA0105-225x300.jpg\" class=\"attachment-medium size-medium\" alt=\"\" srcset=\"https:\/\/katolicka-gimnazija.hr\/wp-content\/uploads\/2024\/09\/IMG-20240827-WA0105-225x300.jpg 225w, https:\/\/katolicka-gimnazija.hr\/wp-content\/uploads\/2024\/09\/IMG-20240827-WA0105-768x1024.jpg 768w, https:\/\/katolicka-gimnazija.hr\/wp-content\/uploads\/2024\/09\/IMG-20240827-WA0105-1152x1536.jpg 1152w, https:\/\/katolicka-gimnazija.hr\/wp-content\/uploads\/2024\/09\/IMG-20240827-WA0105.jpg 1200w\" sizes=\"auto, (max-width: 225px) 100vw, 225px\" \/><\/a>\n\t\t\t<\/div><\/figure><figure class='gallery-item'>\n\t\t\t<div class='gallery-icon portrait'>\n\t\t\t\t<a href='https:\/\/katolicka-gimnazija.hr\/wp-content\/uploads\/2024\/09\/IMG-20240826-WA0090.jpg'><img loading=\"lazy\" decoding=\"async\" width=\"225\" height=\"300\" src=\"https:\/\/katolicka-gimnazija.hr\/wp-content\/uploads\/2024\/09\/IMG-20240826-WA0090-225x300.jpg\" class=\"attachment-medium size-medium\" alt=\"\" srcset=\"https:\/\/katolicka-gimnazija.hr\/wp-content\/uploads\/2024\/09\/IMG-20240826-WA0090-225x300.jpg 225w, https:\/\/katolicka-gimnazija.hr\/wp-content\/uploads\/2024\/09\/IMG-20240826-WA0090-768x1024.jpg 768w, https:\/\/katolicka-gimnazija.hr\/wp-content\/uploads\/2024\/09\/IMG-20240826-WA0090-1152x1536.jpg 1152w, https:\/\/katolicka-gimnazija.hr\/wp-content\/uploads\/2024\/09\/IMG-20240826-WA0090.jpg 1200w\" sizes=\"auto, (max-width: 225px) 100vw, 225px\" \/><\/a>\n\t\t\t<\/div><\/figure><figure class='gallery-item'>\n\t\t\t<div class='gallery-icon landscape'>\n\t\t\t\t<a href='https:\/\/katolicka-gimnazija.hr\/wp-content\/uploads\/2024\/09\/IMG-20240904-WA0004.jpg'><img loading=\"lazy\" decoding=\"async\" width=\"300\" height=\"225\" src=\"https:\/\/katolicka-gimnazija.hr\/wp-content\/uploads\/2024\/09\/IMG-20240904-WA0004-300x225.jpg\" class=\"attachment-medium size-medium\" alt=\"\" srcset=\"https:\/\/katolicka-gimnazija.hr\/wp-content\/uploads\/2024\/09\/IMG-20240904-WA0004-300x225.jpg 300w, https:\/\/katolicka-gimnazija.hr\/wp-content\/uploads\/2024\/09\/IMG-20240904-WA0004-1024x768.jpg 1024w, https:\/\/katolicka-gimnazija.hr\/wp-content\/uploads\/2024\/09\/IMG-20240904-WA0004-768x576.jpg 768w, https:\/\/katolicka-gimnazija.hr\/wp-content\/uploads\/2024\/09\/IMG-20240904-WA0004-1536x1152.jpg 1536w, https:\/\/katolicka-gimnazija.hr\/wp-content\/uploads\/2024\/09\/IMG-20240904-WA0004-400x300.jpg 400w, https:\/\/katolicka-gimnazija.hr\/wp-content\/uploads\/2024\/09\/IMG-20240904-WA0004.jpg 1600w\" sizes=\"auto, (max-width: 300px) 100vw, 300px\" \/><\/a>\n\t\t\t<\/div><\/figure><figure class='gallery-item'>\n\t\t\t<div class='gallery-icon landscape'>\n\t\t\t\t<a href='https:\/\/katolicka-gimnazija.hr\/wp-content\/uploads\/2024\/09\/IMG_5092-scaled.jpg'><img loading=\"lazy\" decoding=\"async\" width=\"300\" height=\"200\" src=\"https:\/\/katolicka-gimnazija.hr\/wp-content\/uploads\/2024\/09\/IMG_5092-300x200.jpg\" class=\"attachment-medium size-medium\" alt=\"\" srcset=\"https:\/\/katolicka-gimnazija.hr\/wp-content\/uploads\/2024\/09\/IMG_5092-300x200.jpg 300w, https:\/\/katolicka-gimnazija.hr\/wp-content\/uploads\/2024\/09\/IMG_5092-1024x683.jpg 1024w, https:\/\/katolicka-gimnazija.hr\/wp-content\/uploads\/2024\/09\/IMG_5092-768x512.jpg 768w, https:\/\/katolicka-gimnazija.hr\/wp-content\/uploads\/2024\/09\/IMG_5092-1536x1024.jpg 1536w, https:\/\/katolicka-gimnazija.hr\/wp-content\/uploads\/2024\/09\/IMG_5092-2048x1365.jpg 2048w, https:\/\/katolicka-gimnazija.hr\/wp-content\/uploads\/2024\/09\/IMG_5092-400x267.jpg 400w\" sizes=\"auto, (max-width: 300px) 100vw, 300px\" \/><\/a>\n\t\t\t<\/div><\/figure><figure class='gallery-item'>\n\t\t\t<div class='gallery-icon landscape'>\n\t\t\t\t<a href='https:\/\/katolicka-gimnazija.hr\/wp-content\/uploads\/2024\/09\/IMG-20240824-WA0052.jpg'><img loading=\"lazy\" decoding=\"async\" width=\"300\" height=\"225\" src=\"https:\/\/katolicka-gimnazija.hr\/wp-content\/uploads\/2024\/09\/IMG-20240824-WA0052-300x225.jpg\" class=\"attachment-medium size-medium\" alt=\"\" srcset=\"https:\/\/katolicka-gimnazija.hr\/wp-content\/uploads\/2024\/09\/IMG-20240824-WA0052-300x225.jpg 300w, https:\/\/katolicka-gimnazija.hr\/wp-content\/uploads\/2024\/09\/IMG-20240824-WA0052-1024x768.jpg 1024w, https:\/\/katolicka-gimnazija.hr\/wp-content\/uploads\/2024\/09\/IMG-20240824-WA0052-768x576.jpg 768w, https:\/\/katolicka-gimnazija.hr\/wp-content\/uploads\/2024\/09\/IMG-20240824-WA0052-1536x1152.jpg 1536w, https:\/\/katolicka-gimnazija.hr\/wp-content\/uploads\/2024\/09\/IMG-20240824-WA0052-400x300.jpg 400w, https:\/\/katolicka-gimnazija.hr\/wp-content\/uploads\/2024\/09\/IMG-20240824-WA0052.jpg 1600w\" sizes=\"auto, (max-width: 300px) 100vw, 300px\" \/><\/a>\n\t\t\t<\/div><\/figure><figure class='gallery-item'>\n\t\t\t<div class='gallery-icon landscape'>\n\t\t\t\t<a href='https:\/\/katolicka-gimnazija.hr\/wp-content\/uploads\/2024\/09\/IMG-20240825-WA0173.jpg'><img loading=\"lazy\" decoding=\"async\" width=\"300\" height=\"225\" src=\"https:\/\/katolicka-gimnazija.hr\/wp-content\/uploads\/2024\/09\/IMG-20240825-WA0173-300x225.jpg\" class=\"attachment-medium size-medium\" alt=\"\" srcset=\"https:\/\/katolicka-gimnazija.hr\/wp-content\/uploads\/2024\/09\/IMG-20240825-WA0173-300x225.jpg 300w, https:\/\/katolicka-gimnazija.hr\/wp-content\/uploads\/2024\/09\/IMG-20240825-WA0173-1024x768.jpg 1024w, https:\/\/katolicka-gimnazija.hr\/wp-content\/uploads\/2024\/09\/IMG-20240825-WA0173-768x576.jpg 768w, https:\/\/katolicka-gimnazija.hr\/wp-content\/uploads\/2024\/09\/IMG-20240825-WA0173-1536x1152.jpg 1536w, https:\/\/katolicka-gimnazija.hr\/wp-content\/uploads\/2024\/09\/IMG-20240825-WA0173-400x300.jpg 400w, https:\/\/katolicka-gimnazija.hr\/wp-content\/uploads\/2024\/09\/IMG-20240825-WA0173.jpg 1600w\" sizes=\"auto, (max-width: 300px) 100vw, 300px\" \/><\/a>\n\t\t\t<\/div><\/figure><figure class='gallery-item'>\n\t\t\t<div class='gallery-icon portrait'>\n\t\t\t\t<a href='https:\/\/katolicka-gimnazija.hr\/wp-content\/uploads\/2024\/09\/IMG-20240827-WA0112.jpg'><img loading=\"lazy\" decoding=\"async\" width=\"225\" height=\"300\" src=\"https:\/\/katolicka-gimnazija.hr\/wp-content\/uploads\/2024\/09\/IMG-20240827-WA0112-225x300.jpg\" class=\"attachment-medium size-medium\" alt=\"\" srcset=\"https:\/\/katolicka-gimnazija.hr\/wp-content\/uploads\/2024\/09\/IMG-20240827-WA0112-225x300.jpg 225w, https:\/\/katolicka-gimnazija.hr\/wp-content\/uploads\/2024\/09\/IMG-20240827-WA0112-768x1024.jpg 768w, https:\/\/katolicka-gimnazija.hr\/wp-content\/uploads\/2024\/09\/IMG-20240827-WA0112-1152x1536.jpg 1152w, https:\/\/katolicka-gimnazija.hr\/wp-content\/uploads\/2024\/09\/IMG-20240827-WA0112.jpg 1200w\" sizes=\"auto, (max-width: 225px) 100vw, 225px\" \/><\/a>\n\t\t\t<\/div><\/figure><figure class='gallery-item'>\n\t\t\t<div class='gallery-icon portrait'>\n\t\t\t\t<a href='https:\/\/katolicka-gimnazija.hr\/wp-content\/uploads\/2024\/09\/IMG-20240902-WA0023.jpg'><img loading=\"lazy\" decoding=\"async\" width=\"225\" height=\"300\" src=\"https:\/\/katolicka-gimnazija.hr\/wp-content\/uploads\/2024\/09\/IMG-20240902-WA0023-225x300.jpg\" class=\"attachment-medium size-medium\" alt=\"\" srcset=\"https:\/\/katolicka-gimnazija.hr\/wp-content\/uploads\/2024\/09\/IMG-20240902-WA0023-225x300.jpg 225w, https:\/\/katolicka-gimnazija.hr\/wp-content\/uploads\/2024\/09\/IMG-20240902-WA0023-768x1024.jpg 768w, https:\/\/katolicka-gimnazija.hr\/wp-content\/uploads\/2024\/09\/IMG-20240902-WA0023-1152x1536.jpg 1152w, https:\/\/katolicka-gimnazija.hr\/wp-content\/uploads\/2024\/09\/IMG-20240902-WA0023.jpg 1200w\" sizes=\"auto, (max-width: 225px) 100vw, 225px\" \/><\/a>\n\t\t\t<\/div><\/figure><figure class='gallery-item'>\n\t\t\t<div class='gallery-icon landscape'>\n\t\t\t\t<a href='https:\/\/katolicka-gimnazija.hr\/wp-content\/uploads\/2024\/09\/IMG_5369-scaled.jpg'><img loading=\"lazy\" decoding=\"async\" width=\"300\" height=\"200\" src=\"https:\/\/katolicka-gimnazija.hr\/wp-content\/uploads\/2024\/09\/IMG_5369-300x200.jpg\" class=\"attachment-medium size-medium\" alt=\"\" srcset=\"https:\/\/katolicka-gimnazija.hr\/wp-content\/uploads\/2024\/09\/IMG_5369-300x200.jpg 300w, https:\/\/katolicka-gimnazija.hr\/wp-content\/uploads\/2024\/09\/IMG_5369-1024x683.jpg 1024w, https:\/\/katolicka-gimnazija.hr\/wp-content\/uploads\/2024\/09\/IMG_5369-768x512.jpg 768w, https:\/\/katolicka-gimnazija.hr\/wp-content\/uploads\/2024\/09\/IMG_5369-1536x1024.jpg 1536w, https:\/\/katolicka-gimnazija.hr\/wp-content\/uploads\/2024\/09\/IMG_5369-2048x1365.jpg 2048w, https:\/\/katolicka-gimnazija.hr\/wp-content\/uploads\/2024\/09\/IMG_5369-400x267.jpg 400w\" sizes=\"auto, (max-width: 300px) 100vw, 300px\" \/><\/a>\n\t\t\t<\/div><\/figure><figure class='gallery-item'>\n\t\t\t<div class='gallery-icon portrait'>\n\t\t\t\t<a href='https:\/\/katolicka-gimnazija.hr\/wp-content\/uploads\/2024\/09\/IMG-20240902-WA0011.jpg'><img loading=\"lazy\" decoding=\"async\" width=\"225\" height=\"300\" src=\"https:\/\/katolicka-gimnazija.hr\/wp-content\/uploads\/2024\/09\/IMG-20240902-WA0011-225x300.jpg\" class=\"attachment-medium size-medium\" alt=\"\" srcset=\"https:\/\/katolicka-gimnazija.hr\/wp-content\/uploads\/2024\/09\/IMG-20240902-WA0011-225x300.jpg 225w, https:\/\/katolicka-gimnazija.hr\/wp-content\/uploads\/2024\/09\/IMG-20240902-WA0011-768x1024.jpg 768w, https:\/\/katolicka-gimnazija.hr\/wp-content\/uploads\/2024\/09\/IMG-20240902-WA0011-1152x1536.jpg 1152w, https:\/\/katolicka-gimnazija.hr\/wp-content\/uploads\/2024\/09\/IMG-20240902-WA0011.jpg 1200w\" sizes=\"auto, (max-width: 225px) 100vw, 225px\" \/><\/a>\n\t\t\t<\/div><\/figure><figure class='gallery-item'>\n\t\t\t<div class='gallery-icon landscape'>\n\t\t\t\t<a href='https:\/\/katolicka-gimnazija.hr\/wp-content\/uploads\/2024\/09\/IMG_5740-scaled.jpg'><img loading=\"lazy\" decoding=\"async\" width=\"300\" height=\"200\" src=\"https:\/\/katolicka-gimnazija.hr\/wp-content\/uploads\/2024\/09\/IMG_5740-300x200.jpg\" class=\"attachment-medium size-medium\" alt=\"\" srcset=\"https:\/\/katolicka-gimnazija.hr\/wp-content\/uploads\/2024\/09\/IMG_5740-300x200.jpg 300w, https:\/\/katolicka-gimnazija.hr\/wp-content\/uploads\/2024\/09\/IMG_5740-1024x683.jpg 1024w, https:\/\/katolicka-gimnazija.hr\/wp-content\/uploads\/2024\/09\/IMG_5740-768x512.jpg 768w, https:\/\/katolicka-gimnazija.hr\/wp-content\/uploads\/2024\/09\/IMG_5740-1536x1024.jpg 1536w, https:\/\/katolicka-gimnazija.hr\/wp-content\/uploads\/2024\/09\/IMG_5740-2048x1365.jpg 2048w, https:\/\/katolicka-gimnazija.hr\/wp-content\/uploads\/2024\/09\/IMG_5740-400x267.jpg 400w\" sizes=\"auto, (max-width: 300px) 100vw, 300px\" \/><\/a>\n\t\t\t<\/div><\/figure><figure class='gallery-item'>\n\t\t\t<div class='gallery-icon portrait'>\n\t\t\t\t<a href='https:\/\/katolicka-gimnazija.hr\/wp-content\/uploads\/2024\/09\/IMG-20240902-WA0017.jpg'><img loading=\"lazy\" decoding=\"async\" width=\"225\" height=\"300\" src=\"https:\/\/katolicka-gimnazija.hr\/wp-content\/uploads\/2024\/09\/IMG-20240902-WA0017-225x300.jpg\" class=\"attachment-medium size-medium\" alt=\"\" srcset=\"https:\/\/katolicka-gimnazija.hr\/wp-content\/uploads\/2024\/09\/IMG-20240902-WA0017-225x300.jpg 225w, https:\/\/katolicka-gimnazija.hr\/wp-content\/uploads\/2024\/09\/IMG-20240902-WA0017-768x1024.jpg 768w, https:\/\/katolicka-gimnazija.hr\/wp-content\/uploads\/2024\/09\/IMG-20240902-WA0017-1152x1536.jpg 1152w, https:\/\/katolicka-gimnazija.hr\/wp-content\/uploads\/2024\/09\/IMG-20240902-WA0017.jpg 1200w\" sizes=\"auto, (max-width: 225px) 100vw, 225px\" \/><\/a>\n\t\t\t<\/div><\/figure><figure class='gallery-item'>\n\t\t\t<div class='gallery-icon landscape'>\n\t\t\t\t<a href='https:\/\/katolicka-gimnazija.hr\/wp-content\/uploads\/2024\/09\/IMG-20240902-WA0022.jpg'><img loading=\"lazy\" decoding=\"async\" width=\"300\" height=\"289\" src=\"https:\/\/katolicka-gimnazija.hr\/wp-content\/uploads\/2024\/09\/IMG-20240902-WA0022-300x289.jpg\" class=\"attachment-medium size-medium\" alt=\"\" srcset=\"https:\/\/katolicka-gimnazija.hr\/wp-content\/uploads\/2024\/09\/IMG-20240902-WA0022-300x289.jpg 300w, https:\/\/katolicka-gimnazija.hr\/wp-content\/uploads\/2024\/09\/IMG-20240902-WA0022-1024x986.jpg 1024w, https:\/\/katolicka-gimnazija.hr\/wp-content\/uploads\/2024\/09\/IMG-20240902-WA0022-768x739.jpg 768w, https:\/\/katolicka-gimnazija.hr\/wp-content\/uploads\/2024\/09\/IMG-20240902-WA0022-312x300.jpg 312w, https:\/\/katolicka-gimnazija.hr\/wp-content\/uploads\/2024\/09\/IMG-20240902-WA0022.jpg 1496w\" sizes=\"auto, (max-width: 300px) 100vw, 300px\" \/><\/a>\n\t\t\t<\/div><\/figure><figure class='gallery-item'>\n\t\t\t<div class='gallery-icon landscape'>\n\t\t\t\t<a href='https:\/\/katolicka-gimnazija.hr\/wp-content\/uploads\/2024\/09\/IMG_5547-scaled.jpg'><img loading=\"lazy\" decoding=\"async\" width=\"300\" height=\"200\" src=\"https:\/\/katolicka-gimnazija.hr\/wp-content\/uploads\/2024\/09\/IMG_5547-300x200.jpg\" class=\"attachment-medium size-medium\" alt=\"\" srcset=\"https:\/\/katolicka-gimnazija.hr\/wp-content\/uploads\/2024\/09\/IMG_5547-300x200.jpg 300w, https:\/\/katolicka-gimnazija.hr\/wp-content\/uploads\/2024\/09\/IMG_5547-1024x683.jpg 1024w, https:\/\/katolicka-gimnazija.hr\/wp-content\/uploads\/2024\/09\/IMG_5547-768x512.jpg 768w, https:\/\/katolicka-gimnazija.hr\/wp-content\/uploads\/2024\/09\/IMG_5547-1536x1024.jpg 1536w, https:\/\/katolicka-gimnazija.hr\/wp-content\/uploads\/2024\/09\/IMG_5547-2048x1365.jpg 2048w, https:\/\/katolicka-gimnazija.hr\/wp-content\/uploads\/2024\/09\/IMG_5547-400x267.jpg 400w\" sizes=\"auto, (max-width: 300px) 100vw, 300px\" \/><\/a>\n\t\t\t<\/div><\/figure><figure class='gallery-item'>\n\t\t\t<div class='gallery-icon portrait'>\n\t\t\t\t<a href='https:\/\/katolicka-gimnazija.hr\/wp-content\/uploads\/2024\/09\/IMG_5700-scaled.jpg'><img loading=\"lazy\" decoding=\"async\" width=\"200\" height=\"300\" src=\"https:\/\/katolicka-gimnazija.hr\/wp-content\/uploads\/2024\/09\/IMG_5700-200x300.jpg\" class=\"attachment-medium size-medium\" alt=\"\" srcset=\"https:\/\/katolicka-gimnazija.hr\/wp-content\/uploads\/2024\/09\/IMG_5700-200x300.jpg 200w, https:\/\/katolicka-gimnazija.hr\/wp-content\/uploads\/2024\/09\/IMG_5700-683x1024.jpg 683w, https:\/\/katolicka-gimnazija.hr\/wp-content\/uploads\/2024\/09\/IMG_5700-768x1152.jpg 768w, https:\/\/katolicka-gimnazija.hr\/wp-content\/uploads\/2024\/09\/IMG_5700-1024x1536.jpg 1024w, https:\/\/katolicka-gimnazija.hr\/wp-content\/uploads\/2024\/09\/IMG_5700-1365x2048.jpg 1365w, https:\/\/katolicka-gimnazija.hr\/wp-content\/uploads\/2024\/09\/IMG_5700-scaled.jpg 1707w\" sizes=\"auto, (max-width: 200px) 100vw, 200px\" \/><\/a>\n\t\t\t<\/div><\/figure><figure class='gallery-item'>\n\t\t\t<div class='gallery-icon portrait'>\n\t\t\t\t<a href='https:\/\/katolicka-gimnazija.hr\/wp-content\/uploads\/2024\/09\/IMG-20240902-WA0019.jpg'><img loading=\"lazy\" decoding=\"async\" width=\"225\" height=\"300\" src=\"https:\/\/katolicka-gimnazija.hr\/wp-content\/uploads\/2024\/09\/IMG-20240902-WA0019-225x300.jpg\" class=\"attachment-medium size-medium\" alt=\"\" srcset=\"https:\/\/katolicka-gimnazija.hr\/wp-content\/uploads\/2024\/09\/IMG-20240902-WA0019-225x300.jpg 225w, https:\/\/katolicka-gimnazija.hr\/wp-content\/uploads\/2024\/09\/IMG-20240902-WA0019-768x1024.jpg 768w, https:\/\/katolicka-gimnazija.hr\/wp-content\/uploads\/2024\/09\/IMG-20240902-WA0019-1152x1536.jpg 1152w, https:\/\/katolicka-gimnazija.hr\/wp-content\/uploads\/2024\/09\/IMG-20240902-WA0019.jpg 1200w\" sizes=\"auto, (max-width: 225px) 100vw, 225px\" \/><\/a>\n\t\t\t<\/div><\/figure><figure class='gallery-item'>\n\t\t\t<div class='gallery-icon landscape'>\n\t\t\t\t<a href='https:\/\/katolicka-gimnazija.hr\/wp-content\/uploads\/2024\/09\/IMG-20240826-WA0077.jpg'><img loading=\"lazy\" decoding=\"async\" width=\"300\" height=\"225\" src=\"https:\/\/katolicka-gimnazija.hr\/wp-content\/uploads\/2024\/09\/IMG-20240826-WA0077-300x225.jpg\" class=\"attachment-medium size-medium\" alt=\"\" srcset=\"https:\/\/katolicka-gimnazija.hr\/wp-content\/uploads\/2024\/09\/IMG-20240826-WA0077-300x225.jpg 300w, https:\/\/katolicka-gimnazija.hr\/wp-content\/uploads\/2024\/09\/IMG-20240826-WA0077-1024x768.jpg 1024w, https:\/\/katolicka-gimnazija.hr\/wp-content\/uploads\/2024\/09\/IMG-20240826-WA0077-768x576.jpg 768w, https:\/\/katolicka-gimnazija.hr\/wp-content\/uploads\/2024\/09\/IMG-20240826-WA0077-1536x1152.jpg 1536w, https:\/\/katolicka-gimnazija.hr\/wp-content\/uploads\/2024\/09\/IMG-20240826-WA0077-400x300.jpg 400w, https:\/\/katolicka-gimnazija.hr\/wp-content\/uploads\/2024\/09\/IMG-20240826-WA0077.jpg 1600w\" sizes=\"auto, (max-width: 300px) 100vw, 300px\" \/><\/a>\n\t\t\t<\/div><\/figure><figure class='gallery-item'>\n\t\t\t<div class='gallery-icon portrait'>\n\t\t\t\t<a href='https:\/\/katolicka-gimnazija.hr\/wp-content\/uploads\/2024\/09\/IMG-20240902-WA0018.jpg'><img loading=\"lazy\" decoding=\"async\" width=\"225\" height=\"300\" src=\"https:\/\/katolicka-gimnazija.hr\/wp-content\/uploads\/2024\/09\/IMG-20240902-WA0018-225x300.jpg\" class=\"attachment-medium size-medium\" alt=\"\" srcset=\"https:\/\/katolicka-gimnazija.hr\/wp-content\/uploads\/2024\/09\/IMG-20240902-WA0018-225x300.jpg 225w, https:\/\/katolicka-gimnazija.hr\/wp-content\/uploads\/2024\/09\/IMG-20240902-WA0018-768x1024.jpg 768w, https:\/\/katolicka-gimnazija.hr\/wp-content\/uploads\/2024\/09\/IMG-20240902-WA0018-1152x1536.jpg 1152w, https:\/\/katolicka-gimnazija.hr\/wp-content\/uploads\/2024\/09\/IMG-20240902-WA0018.jpg 1200w\" sizes=\"auto, (max-width: 225px) 100vw, 225px\" \/><\/a>\n\t\t\t<\/div><\/figure><figure class='gallery-item'>\n\t\t\t<div class='gallery-icon portrait'>\n\t\t\t\t<a href='https:\/\/katolicka-gimnazija.hr\/wp-content\/uploads\/2024\/09\/IMG-20240902-WA0009.jpg'><img loading=\"lazy\" decoding=\"async\" width=\"225\" height=\"300\" src=\"https:\/\/katolicka-gimnazija.hr\/wp-content\/uploads\/2024\/09\/IMG-20240902-WA0009-225x300.jpg\" class=\"attachment-medium size-medium\" alt=\"\" srcset=\"https:\/\/katolicka-gimnazija.hr\/wp-content\/uploads\/2024\/09\/IMG-20240902-WA0009-225x300.jpg 225w, https:\/\/katolicka-gimnazija.hr\/wp-content\/uploads\/2024\/09\/IMG-20240902-WA0009-768x1024.jpg 768w, https:\/\/katolicka-gimnazija.hr\/wp-content\/uploads\/2024\/09\/IMG-20240902-WA0009-1152x1536.jpg 1152w, https:\/\/katolicka-gimnazija.hr\/wp-content\/uploads\/2024\/09\/IMG-20240902-WA0009.jpg 1200w\" sizes=\"auto, (max-width: 225px) 100vw, 225px\" \/><\/a>\n\t\t\t<\/div><\/figure><figure class='gallery-item'>\n\t\t\t<div class='gallery-icon landscape'>\n\t\t\t\t<a href='https:\/\/katolicka-gimnazija.hr\/wp-content\/uploads\/2024\/09\/IMG-20240902-WA0021.jpg'><img loading=\"lazy\" decoding=\"async\" width=\"300\" height=\"289\" src=\"https:\/\/katolicka-gimnazija.hr\/wp-content\/uploads\/2024\/09\/IMG-20240902-WA0021-300x289.jpg\" class=\"attachment-medium size-medium\" alt=\"\" srcset=\"https:\/\/katolicka-gimnazija.hr\/wp-content\/uploads\/2024\/09\/IMG-20240902-WA0021-300x289.jpg 300w, https:\/\/katolicka-gimnazija.hr\/wp-content\/uploads\/2024\/09\/IMG-20240902-WA0021-1024x986.jpg 1024w, https:\/\/katolicka-gimnazija.hr\/wp-content\/uploads\/2024\/09\/IMG-20240902-WA0021-768x739.jpg 768w, https:\/\/katolicka-gimnazija.hr\/wp-content\/uploads\/2024\/09\/IMG-20240902-WA0021-312x300.jpg 312w, https:\/\/katolicka-gimnazija.hr\/wp-content\/uploads\/2024\/09\/IMG-20240902-WA0021.jpg 1496w\" sizes=\"auto, (max-width: 300px) 100vw, 300px\" \/><\/a>\n\t\t\t<\/div><\/figure><figure class='gallery-item'>\n\t\t\t<div class='gallery-icon landscape'>\n\t\t\t\t<a href='https:\/\/katolicka-gimnazija.hr\/wp-content\/uploads\/2024\/09\/IMG-20240904-WA0003.jpg'><img loading=\"lazy\" decoding=\"async\" width=\"300\" height=\"225\" src=\"https:\/\/katolicka-gimnazija.hr\/wp-content\/uploads\/2024\/09\/IMG-20240904-WA0003-300x225.jpg\" class=\"attachment-medium size-medium\" alt=\"\" srcset=\"https:\/\/katolicka-gimnazija.hr\/wp-content\/uploads\/2024\/09\/IMG-20240904-WA0003-300x225.jpg 300w, https:\/\/katolicka-gimnazija.hr\/wp-content\/uploads\/2024\/09\/IMG-20240904-WA0003-1024x768.jpg 1024w, https:\/\/katolicka-gimnazija.hr\/wp-content\/uploads\/2024\/09\/IMG-20240904-WA0003-768x576.jpg 768w, https:\/\/katolicka-gimnazija.hr\/wp-content\/uploads\/2024\/09\/IMG-20240904-WA0003-1536x1152.jpg 1536w, https:\/\/katolicka-gimnazija.hr\/wp-content\/uploads\/2024\/09\/IMG-20240904-WA0003-400x300.jpg 400w, https:\/\/katolicka-gimnazija.hr\/wp-content\/uploads\/2024\/09\/IMG-20240904-WA0003.jpg 1600w\" sizes=\"auto, (max-width: 300px) 100vw, 300px\" \/><\/a>\n\t\t\t<\/div><\/figure><figure class='gallery-item'>\n\t\t\t<div class='gallery-icon portrait'>\n\t\t\t\t<a href='https:\/\/katolicka-gimnazija.hr\/wp-content\/uploads\/2024\/09\/IMG-20240826-WA0110.jpg'><img loading=\"lazy\" decoding=\"async\" width=\"225\" height=\"300\" src=\"https:\/\/katolicka-gimnazija.hr\/wp-content\/uploads\/2024\/09\/IMG-20240826-WA0110-225x300.jpg\" class=\"attachment-medium size-medium\" alt=\"\" srcset=\"https:\/\/katolicka-gimnazija.hr\/wp-content\/uploads\/2024\/09\/IMG-20240826-WA0110-225x300.jpg 225w, https:\/\/katolicka-gimnazija.hr\/wp-content\/uploads\/2024\/09\/IMG-20240826-WA0110-768x1024.jpg 768w, https:\/\/katolicka-gimnazija.hr\/wp-content\/uploads\/2024\/09\/IMG-20240826-WA0110-1152x1536.jpg 1152w, https:\/\/katolicka-gimnazija.hr\/wp-content\/uploads\/2024\/09\/IMG-20240826-WA0110.jpg 1200w\" sizes=\"auto, (max-width: 225px) 100vw, 225px\" \/><\/a>\n\t\t\t<\/div><\/figure><figure class='gallery-item'>\n\t\t\t<div class='gallery-icon landscape'>\n\t\t\t\t<a href='https:\/\/katolicka-gimnazija.hr\/wp-content\/uploads\/2024\/09\/IMG_4754-scaled.jpg'><img loading=\"lazy\" decoding=\"async\" width=\"300\" height=\"200\" src=\"https:\/\/katolicka-gimnazija.hr\/wp-content\/uploads\/2024\/09\/IMG_4754-300x200.jpg\" class=\"attachment-medium size-medium\" alt=\"\" srcset=\"https:\/\/katolicka-gimnazija.hr\/wp-content\/uploads\/2024\/09\/IMG_4754-300x200.jpg 300w, https:\/\/katolicka-gimnazija.hr\/wp-content\/uploads\/2024\/09\/IMG_4754-1024x683.jpg 1024w, https:\/\/katolicka-gimnazija.hr\/wp-content\/uploads\/2024\/09\/IMG_4754-768x512.jpg 768w, https:\/\/katolicka-gimnazija.hr\/wp-content\/uploads\/2024\/09\/IMG_4754-1536x1024.jpg 1536w, https:\/\/katolicka-gimnazija.hr\/wp-content\/uploads\/2024\/09\/IMG_4754-2048x1365.jpg 2048w, https:\/\/katolicka-gimnazija.hr\/wp-content\/uploads\/2024\/09\/IMG_4754-400x267.jpg 400w\" sizes=\"auto, (max-width: 300px) 100vw, 300px\" \/><\/a>\n\t\t\t<\/div><\/figure><figure class='gallery-item'>\n\t\t\t<div class='gallery-icon portrait'>\n\t\t\t\t<a href='https:\/\/katolicka-gimnazija.hr\/wp-content\/uploads\/2024\/09\/IMG-20240902-WA0008.jpg'><img loading=\"lazy\" decoding=\"async\" width=\"225\" height=\"300\" src=\"https:\/\/katolicka-gimnazija.hr\/wp-content\/uploads\/2024\/09\/IMG-20240902-WA0008-225x300.jpg\" class=\"attachment-medium size-medium\" alt=\"\" srcset=\"https:\/\/katolicka-gimnazija.hr\/wp-content\/uploads\/2024\/09\/IMG-20240902-WA0008-225x300.jpg 225w, https:\/\/katolicka-gimnazija.hr\/wp-content\/uploads\/2024\/09\/IMG-20240902-WA0008-768x1024.jpg 768w, https:\/\/katolicka-gimnazija.hr\/wp-content\/uploads\/2024\/09\/IMG-20240902-WA0008-1152x1536.jpg 1152w, https:\/\/katolicka-gimnazija.hr\/wp-content\/uploads\/2024\/09\/IMG-20240902-WA0008.jpg 1530w\" sizes=\"auto, (max-width: 225px) 100vw, 225px\" \/><\/a>\n\t\t\t<\/div><\/figure><figure class='gallery-item'>\n\t\t\t<div class='gallery-icon portrait'>\n\t\t\t\t<a href='https:\/\/katolicka-gimnazija.hr\/wp-content\/uploads\/2024\/09\/IMG-20240902-WA0014.jpg'><img loading=\"lazy\" decoding=\"async\" width=\"225\" height=\"300\" src=\"https:\/\/katolicka-gimnazija.hr\/wp-content\/uploads\/2024\/09\/IMG-20240902-WA0014-225x300.jpg\" class=\"attachment-medium size-medium\" alt=\"\" srcset=\"https:\/\/katolicka-gimnazija.hr\/wp-content\/uploads\/2024\/09\/IMG-20240902-WA0014-225x300.jpg 225w, https:\/\/katolicka-gimnazija.hr\/wp-content\/uploads\/2024\/09\/IMG-20240902-WA0014-768x1024.jpg 768w, https:\/\/katolicka-gimnazija.hr\/wp-content\/uploads\/2024\/09\/IMG-20240902-WA0014-1152x1536.jpg 1152w, https:\/\/katolicka-gimnazija.hr\/wp-content\/uploads\/2024\/09\/IMG-20240902-WA0014.jpg 1200w\" sizes=\"auto, (max-width: 225px) 100vw, 225px\" \/><\/a>\n\t\t\t<\/div><\/figure><figure class='gallery-item'>\n\t\t\t<div class='gallery-icon landscape'>\n\t\t\t\t<a href='https:\/\/katolicka-gimnazija.hr\/wp-content\/uploads\/2024\/09\/IMG_4950-scaled.jpg'><img loading=\"lazy\" decoding=\"async\" width=\"300\" height=\"200\" src=\"https:\/\/katolicka-gimnazija.hr\/wp-content\/uploads\/2024\/09\/IMG_4950-300x200.jpg\" class=\"attachment-medium size-medium\" alt=\"\" srcset=\"https:\/\/katolicka-gimnazija.hr\/wp-content\/uploads\/2024\/09\/IMG_4950-300x200.jpg 300w, https:\/\/katolicka-gimnazija.hr\/wp-content\/uploads\/2024\/09\/IMG_4950-1024x683.jpg 1024w, https:\/\/katolicka-gimnazija.hr\/wp-content\/uploads\/2024\/09\/IMG_4950-768x512.jpg 768w, https:\/\/katolicka-gimnazija.hr\/wp-content\/uploads\/2024\/09\/IMG_4950-1536x1024.jpg 1536w, https:\/\/katolicka-gimnazija.hr\/wp-content\/uploads\/2024\/09\/IMG_4950-2048x1365.jpg 2048w, https:\/\/katolicka-gimnazija.hr\/wp-content\/uploads\/2024\/09\/IMG_4950-400x267.jpg 400w\" sizes=\"auto, (max-width: 300px) 100vw, 300px\" \/><\/a>\n\t\t\t<\/div><\/figure><figure class='gallery-item'>\n\t\t\t<div class='gallery-icon portrait'>\n\t\t\t\t<a href='https:\/\/katolicka-gimnazija.hr\/wp-content\/uploads\/2024\/09\/IMG-20240824-WA0065.jpg'><img loading=\"lazy\" decoding=\"async\" width=\"225\" height=\"300\" src=\"https:\/\/katolicka-gimnazija.hr\/wp-content\/uploads\/2024\/09\/IMG-20240824-WA0065-225x300.jpg\" class=\"attachment-medium size-medium\" alt=\"\" srcset=\"https:\/\/katolicka-gimnazija.hr\/wp-content\/uploads\/2024\/09\/IMG-20240824-WA0065-225x300.jpg 225w, https:\/\/katolicka-gimnazija.hr\/wp-content\/uploads\/2024\/09\/IMG-20240824-WA0065-768x1024.jpg 768w, https:\/\/katolicka-gimnazija.hr\/wp-content\/uploads\/2024\/09\/IMG-20240824-WA0065-1152x1536.jpg 1152w, https:\/\/katolicka-gimnazija.hr\/wp-content\/uploads\/2024\/09\/IMG-20240824-WA0065.jpg 1536w\" sizes=\"auto, (max-width: 225px) 100vw, 225px\" \/><\/a>\n\t\t\t<\/div><\/figure><figure class='gallery-item'>\n\t\t\t<div class='gallery-icon landscape'>\n\t\t\t\t<a href='https:\/\/katolicka-gimnazija.hr\/wp-content\/uploads\/2024\/09\/IMG_4909-scaled.jpg'><img loading=\"lazy\" decoding=\"async\" width=\"300\" height=\"200\" src=\"https:\/\/katolicka-gimnazija.hr\/wp-content\/uploads\/2024\/09\/IMG_4909-300x200.jpg\" class=\"attachment-medium size-medium\" alt=\"\" srcset=\"https:\/\/katolicka-gimnazija.hr\/wp-content\/uploads\/2024\/09\/IMG_4909-300x200.jpg 300w, https:\/\/katolicka-gimnazija.hr\/wp-content\/uploads\/2024\/09\/IMG_4909-1024x683.jpg 1024w, https:\/\/katolicka-gimnazija.hr\/wp-content\/uploads\/2024\/09\/IMG_4909-768x512.jpg 768w, https:\/\/katolicka-gimnazija.hr\/wp-content\/uploads\/2024\/09\/IMG_4909-1536x1024.jpg 1536w, https:\/\/katolicka-gimnazija.hr\/wp-content\/uploads\/2024\/09\/IMG_4909-2048x1365.jpg 2048w, https:\/\/katolicka-gimnazija.hr\/wp-content\/uploads\/2024\/09\/IMG_4909-400x267.jpg 400w\" sizes=\"auto, (max-width: 300px) 100vw, 300px\" \/><\/a>\n\t\t\t<\/div><\/figure><figure class='gallery-item'>\n\t\t\t<div class='gallery-icon portrait'>\n\t\t\t\t<a href='https:\/\/katolicka-gimnazija.hr\/wp-content\/uploads\/2024\/09\/IMG-20240825-WA0097.jpg'><img loading=\"lazy\" decoding=\"async\" width=\"225\" height=\"300\" src=\"https:\/\/katolicka-gimnazija.hr\/wp-content\/uploads\/2024\/09\/IMG-20240825-WA0097-225x300.jpg\" class=\"attachment-medium size-medium\" alt=\"\" srcset=\"https:\/\/katolicka-gimnazija.hr\/wp-content\/uploads\/2024\/09\/IMG-20240825-WA0097-225x300.jpg 225w, https:\/\/katolicka-gimnazija.hr\/wp-content\/uploads\/2024\/09\/IMG-20240825-WA0097-768x1024.jpg 768w, https:\/\/katolicka-gimnazija.hr\/wp-content\/uploads\/2024\/09\/IMG-20240825-WA0097-1152x1536.jpg 1152w, https:\/\/katolicka-gimnazija.hr\/wp-content\/uploads\/2024\/09\/IMG-20240825-WA0097.jpg 1200w\" sizes=\"auto, (max-width: 225px) 100vw, 225px\" \/><\/a>\n\t\t\t<\/div><\/figure><figure class='gallery-item'>\n\t\t\t<div class='gallery-icon landscape'>\n\t\t\t\t<a href='https:\/\/katolicka-gimnazija.hr\/wp-content\/uploads\/2024\/09\/IMG_5401-scaled.jpg'><img loading=\"lazy\" decoding=\"async\" width=\"300\" height=\"200\" src=\"https:\/\/katolicka-gimnazija.hr\/wp-content\/uploads\/2024\/09\/IMG_5401-300x200.jpg\" class=\"attachment-medium size-medium\" alt=\"\" srcset=\"https:\/\/katolicka-gimnazija.hr\/wp-content\/uploads\/2024\/09\/IMG_5401-300x200.jpg 300w, https:\/\/katolicka-gimnazija.hr\/wp-content\/uploads\/2024\/09\/IMG_5401-1024x683.jpg 1024w, https:\/\/katolicka-gimnazija.hr\/wp-content\/uploads\/2024\/09\/IMG_5401-768x512.jpg 768w, https:\/\/katolicka-gimnazija.hr\/wp-content\/uploads\/2024\/09\/IMG_5401-1536x1024.jpg 1536w, https:\/\/katolicka-gimnazija.hr\/wp-content\/uploads\/2024\/09\/IMG_5401-2048x1365.jpg 2048w, https:\/\/katolicka-gimnazija.hr\/wp-content\/uploads\/2024\/09\/IMG_5401-400x267.jpg 400w\" sizes=\"auto, (max-width: 300px) 100vw, 300px\" \/><\/a>\n\t\t\t<\/div><\/figure><figure class='gallery-item'>\n\t\t\t<div class='gallery-icon landscape'>\n\t\t\t\t<a href='https:\/\/katolicka-gimnazija.hr\/wp-content\/uploads\/2024\/09\/IMG_5239-scaled.jpg'><img loading=\"lazy\" decoding=\"async\" width=\"300\" height=\"200\" src=\"https:\/\/katolicka-gimnazija.hr\/wp-content\/uploads\/2024\/09\/IMG_5239-300x200.jpg\" class=\"attachment-medium size-medium\" alt=\"\" srcset=\"https:\/\/katolicka-gimnazija.hr\/wp-content\/uploads\/2024\/09\/IMG_5239-300x200.jpg 300w, https:\/\/katolicka-gimnazija.hr\/wp-content\/uploads\/2024\/09\/IMG_5239-1024x683.jpg 1024w, https:\/\/katolicka-gimnazija.hr\/wp-content\/uploads\/2024\/09\/IMG_5239-768x512.jpg 768w, https:\/\/katolicka-gimnazija.hr\/wp-content\/uploads\/2024\/09\/IMG_5239-1536x1024.jpg 1536w, https:\/\/katolicka-gimnazija.hr\/wp-content\/uploads\/2024\/09\/IMG_5239-2048x1365.jpg 2048w, https:\/\/katolicka-gimnazija.hr\/wp-content\/uploads\/2024\/09\/IMG_5239-400x267.jpg 400w\" sizes=\"auto, (max-width: 300px) 100vw, 300px\" \/><\/a>\n\t\t\t<\/div><\/figure><figure class='gallery-item'>\n\t\t\t<div class='gallery-icon landscape'>\n\t\t\t\t<a href='https:\/\/katolicka-gimnazija.hr\/wp-content\/uploads\/2024\/09\/IMG-20240904-WA0005.jpg'><img loading=\"lazy\" decoding=\"async\" width=\"300\" height=\"225\" src=\"https:\/\/katolicka-gimnazija.hr\/wp-content\/uploads\/2024\/09\/IMG-20240904-WA0005-300x225.jpg\" class=\"attachment-medium size-medium\" alt=\"\" srcset=\"https:\/\/katolicka-gimnazija.hr\/wp-content\/uploads\/2024\/09\/IMG-20240904-WA0005-300x225.jpg 300w, https:\/\/katolicka-gimnazija.hr\/wp-content\/uploads\/2024\/09\/IMG-20240904-WA0005-1024x768.jpg 1024w, https:\/\/katolicka-gimnazija.hr\/wp-content\/uploads\/2024\/09\/IMG-20240904-WA0005-768x576.jpg 768w, https:\/\/katolicka-gimnazija.hr\/wp-content\/uploads\/2024\/09\/IMG-20240904-WA0005-1536x1152.jpg 1536w, https:\/\/katolicka-gimnazija.hr\/wp-content\/uploads\/2024\/09\/IMG-20240904-WA0005-400x300.jpg 400w, https:\/\/katolicka-gimnazija.hr\/wp-content\/uploads\/2024\/09\/IMG-20240904-WA0005.jpg 1600w\" sizes=\"auto, (max-width: 300px) 100vw, 300px\" \/><\/a>\n\t\t\t<\/div><\/figure><figure class='gallery-item'>\n\t\t\t<div class='gallery-icon portrait'>\n\t\t\t\t<a href='https:\/\/katolicka-gimnazija.hr\/wp-content\/uploads\/2024\/09\/IMG-20240826-WA0056.jpg'><img loading=\"lazy\" decoding=\"async\" width=\"225\" height=\"300\" src=\"https:\/\/katolicka-gimnazija.hr\/wp-content\/uploads\/2024\/09\/IMG-20240826-WA0056-225x300.jpg\" class=\"attachment-medium size-medium\" alt=\"\" srcset=\"https:\/\/katolicka-gimnazija.hr\/wp-content\/uploads\/2024\/09\/IMG-20240826-WA0056-225x300.jpg 225w, https:\/\/katolicka-gimnazija.hr\/wp-content\/uploads\/2024\/09\/IMG-20240826-WA0056-768x1024.jpg 768w, https:\/\/katolicka-gimnazija.hr\/wp-content\/uploads\/2024\/09\/IMG-20240826-WA0056-1152x1536.jpg 1152w, https:\/\/katolicka-gimnazija.hr\/wp-content\/uploads\/2024\/09\/IMG-20240826-WA0056.jpg 1200w\" sizes=\"auto, (max-width: 225px) 100vw, 225px\" \/><\/a>\n\t\t\t<\/div><\/figure><figure class='gallery-item'>\n\t\t\t<div class='gallery-icon portrait'>\n\t\t\t\t<a href='https:\/\/katolicka-gimnazija.hr\/wp-content\/uploads\/2024\/09\/IMG-20240824-WA0093.jpg'><img loading=\"lazy\" decoding=\"async\" width=\"225\" height=\"300\" src=\"https:\/\/katolicka-gimnazija.hr\/wp-content\/uploads\/2024\/09\/IMG-20240824-WA0093-225x300.jpg\" class=\"attachment-medium size-medium\" alt=\"\" srcset=\"https:\/\/katolicka-gimnazija.hr\/wp-content\/uploads\/2024\/09\/IMG-20240824-WA0093-225x300.jpg 225w, https:\/\/katolicka-gimnazija.hr\/wp-content\/uploads\/2024\/09\/IMG-20240824-WA0093-768x1024.jpg 768w, https:\/\/katolicka-gimnazija.hr\/wp-content\/uploads\/2024\/09\/IMG-20240824-WA0093-1152x1536.jpg 1152w, https:\/\/katolicka-gimnazija.hr\/wp-content\/uploads\/2024\/09\/IMG-20240824-WA0093.jpg 1536w\" sizes=\"auto, (max-width: 225px) 100vw, 225px\" \/><\/a>\n\t\t\t<\/div><\/figure><figure class='gallery-item'>\n\t\t\t<div class='gallery-icon landscape'>\n\t\t\t\t<a href='https:\/\/katolicka-gimnazija.hr\/wp-content\/uploads\/2024\/09\/IMG-20240902-WA0012.jpg'><img loading=\"lazy\" decoding=\"async\" width=\"300\" height=\"225\" src=\"https:\/\/katolicka-gimnazija.hr\/wp-content\/uploads\/2024\/09\/IMG-20240902-WA0012-300x225.jpg\" class=\"attachment-medium size-medium\" alt=\"\" srcset=\"https:\/\/katolicka-gimnazija.hr\/wp-content\/uploads\/2024\/09\/IMG-20240902-WA0012-300x225.jpg 300w, https:\/\/katolicka-gimnazija.hr\/wp-content\/uploads\/2024\/09\/IMG-20240902-WA0012-1024x768.jpg 1024w, https:\/\/katolicka-gimnazija.hr\/wp-content\/uploads\/2024\/09\/IMG-20240902-WA0012-768x576.jpg 768w, https:\/\/katolicka-gimnazija.hr\/wp-content\/uploads\/2024\/09\/IMG-20240902-WA0012-1536x1152.jpg 1536w, https:\/\/katolicka-gimnazija.hr\/wp-content\/uploads\/2024\/09\/IMG-20240902-WA0012-400x300.jpg 400w, https:\/\/katolicka-gimnazija.hr\/wp-content\/uploads\/2024\/09\/IMG-20240902-WA0012.jpg 2040w\" sizes=\"auto, (max-width: 300px) 100vw, 300px\" \/><\/a>\n\t\t\t<\/div><\/figure><figure class='gallery-item'>\n\t\t\t<div class='gallery-icon landscape'>\n\t\t\t\t<a href='https:\/\/katolicka-gimnazija.hr\/wp-content\/uploads\/2024\/09\/IMG_5278-scaled.jpg'><img loading=\"lazy\" decoding=\"async\" width=\"300\" height=\"200\" src=\"https:\/\/katolicka-gimnazija.hr\/wp-content\/uploads\/2024\/09\/IMG_5278-300x200.jpg\" class=\"attachment-medium size-medium\" alt=\"\" srcset=\"https:\/\/katolicka-gimnazija.hr\/wp-content\/uploads\/2024\/09\/IMG_5278-300x200.jpg 300w, https:\/\/katolicka-gimnazija.hr\/wp-content\/uploads\/2024\/09\/IMG_5278-1024x683.jpg 1024w, https:\/\/katolicka-gimnazija.hr\/wp-content\/uploads\/2024\/09\/IMG_5278-768x512.jpg 768w, https:\/\/katolicka-gimnazija.hr\/wp-content\/uploads\/2024\/09\/IMG_5278-1536x1024.jpg 1536w, https:\/\/katolicka-gimnazija.hr\/wp-content\/uploads\/2024\/09\/IMG_5278-2048x1365.jpg 2048w, https:\/\/katolicka-gimnazija.hr\/wp-content\/uploads\/2024\/09\/IMG_5278-400x267.jpg 400w\" sizes=\"auto, (max-width: 300px) 100vw, 300px\" \/><\/a>\n\t\t\t<\/div><\/figure><figure class='gallery-item'>\n\t\t\t<div class='gallery-icon landscape'>\n\t\t\t\t<a href='https:\/\/katolicka-gimnazija.hr\/wp-content\/uploads\/2024\/09\/IMG-20240825-WA0093.jpg'><img loading=\"lazy\" decoding=\"async\" width=\"300\" height=\"225\" src=\"https:\/\/katolicka-gimnazija.hr\/wp-content\/uploads\/2024\/09\/IMG-20240825-WA0093-300x225.jpg\" class=\"attachment-medium size-medium\" alt=\"\" srcset=\"https:\/\/katolicka-gimnazija.hr\/wp-content\/uploads\/2024\/09\/IMG-20240825-WA0093-300x225.jpg 300w, https:\/\/katolicka-gimnazija.hr\/wp-content\/uploads\/2024\/09\/IMG-20240825-WA0093-1024x768.jpg 1024w, https:\/\/katolicka-gimnazija.hr\/wp-content\/uploads\/2024\/09\/IMG-20240825-WA0093-768x576.jpg 768w, https:\/\/katolicka-gimnazija.hr\/wp-content\/uploads\/2024\/09\/IMG-20240825-WA0093-1536x1152.jpg 1536w, https:\/\/katolicka-gimnazija.hr\/wp-content\/uploads\/2024\/09\/IMG-20240825-WA0093-400x300.jpg 400w, https:\/\/katolicka-gimnazija.hr\/wp-content\/uploads\/2024\/09\/IMG-20240825-WA0093.jpg 1600w\" sizes=\"auto, (max-width: 300px) 100vw, 300px\" \/><\/a>\n\t\t\t<\/div><\/figure><figure class='gallery-item'>\n\t\t\t<div class='gallery-icon landscape'>\n\t\t\t\t<a href='https:\/\/katolicka-gimnazija.hr\/wp-content\/uploads\/2024\/09\/IMG-20240904-WA0006.jpg'><img loading=\"lazy\" decoding=\"async\" width=\"300\" height=\"225\" src=\"https:\/\/katolicka-gimnazija.hr\/wp-content\/uploads\/2024\/09\/IMG-20240904-WA0006-300x225.jpg\" class=\"attachment-medium size-medium\" alt=\"\" srcset=\"https:\/\/katolicka-gimnazija.hr\/wp-content\/uploads\/2024\/09\/IMG-20240904-WA0006-300x225.jpg 300w, https:\/\/katolicka-gimnazija.hr\/wp-content\/uploads\/2024\/09\/IMG-20240904-WA0006-1024x768.jpg 1024w, https:\/\/katolicka-gimnazija.hr\/wp-content\/uploads\/2024\/09\/IMG-20240904-WA0006-768x576.jpg 768w, https:\/\/katolicka-gimnazija.hr\/wp-content\/uploads\/2024\/09\/IMG-20240904-WA0006-1536x1153.jpg 1536w, https:\/\/katolicka-gimnazija.hr\/wp-content\/uploads\/2024\/09\/IMG-20240904-WA0006-400x300.jpg 400w, https:\/\/katolicka-gimnazija.hr\/wp-content\/uploads\/2024\/09\/IMG-20240904-WA0006.jpg 1599w\" sizes=\"auto, (max-width: 300px) 100vw, 300px\" \/><\/a>\n\t\t\t<\/div><\/figure><figure class='gallery-item'>\n\t\t\t<div class='gallery-icon portrait'>\n\t\t\t\t<a href='https:\/\/katolicka-gimnazija.hr\/wp-content\/uploads\/2024\/09\/IMG-20240902-WA0015.jpg'><img loading=\"lazy\" decoding=\"async\" width=\"225\" height=\"300\" src=\"https:\/\/katolicka-gimnazija.hr\/wp-content\/uploads\/2024\/09\/IMG-20240902-WA0015-225x300.jpg\" class=\"attachment-medium size-medium\" alt=\"\" srcset=\"https:\/\/katolicka-gimnazija.hr\/wp-content\/uploads\/2024\/09\/IMG-20240902-WA0015-225x300.jpg 225w, https:\/\/katolicka-gimnazija.hr\/wp-content\/uploads\/2024\/09\/IMG-20240902-WA0015-768x1024.jpg 768w, https:\/\/katolicka-gimnazija.hr\/wp-content\/uploads\/2024\/09\/IMG-20240902-WA0015-1152x1536.jpg 1152w, https:\/\/katolicka-gimnazija.hr\/wp-content\/uploads\/2024\/09\/IMG-20240902-WA0015.jpg 1200w\" sizes=\"auto, (max-width: 225px) 100vw, 225px\" \/><\/a>\n\t\t\t<\/div><\/figure><figure class='gallery-item'>\n\t\t\t<div class='gallery-icon portrait'>\n\t\t\t\t<a href='https:\/\/katolicka-gimnazija.hr\/wp-content\/uploads\/2024\/09\/IMG-20240902-WA0020.jpg'><img loading=\"lazy\" decoding=\"async\" width=\"225\" height=\"300\" src=\"https:\/\/katolicka-gimnazija.hr\/wp-content\/uploads\/2024\/09\/IMG-20240902-WA0020-225x300.jpg\" class=\"attachment-medium size-medium\" alt=\"\" srcset=\"https:\/\/katolicka-gimnazija.hr\/wp-content\/uploads\/2024\/09\/IMG-20240902-WA0020-225x300.jpg 225w, https:\/\/katolicka-gimnazija.hr\/wp-content\/uploads\/2024\/09\/IMG-20240902-WA0020-768x1024.jpg 768w, https:\/\/katolicka-gimnazija.hr\/wp-content\/uploads\/2024\/09\/IMG-20240902-WA0020-1152x1536.jpg 1152w, https:\/\/katolicka-gimnazija.hr\/wp-content\/uploads\/2024\/09\/IMG-20240902-WA0020.jpg 1200w\" sizes=\"auto, (max-width: 225px) 100vw, 225px\" \/><\/a>\n\t\t\t<\/div><\/figure><figure class='gallery-item'>\n\t\t\t<div class='gallery-icon portrait'>\n\t\t\t\t<a href='https:\/\/katolicka-gimnazija.hr\/wp-content\/uploads\/2024\/09\/20240826_162742-scaled.jpg'><img loading=\"lazy\" decoding=\"async\" width=\"225\" height=\"300\" src=\"https:\/\/katolicka-gimnazija.hr\/wp-content\/uploads\/2024\/09\/20240826_162742-225x300.jpg\" class=\"attachment-medium size-medium\" alt=\"\" srcset=\"https:\/\/katolicka-gimnazija.hr\/wp-content\/uploads\/2024\/09\/20240826_162742-225x300.jpg 225w, https:\/\/katolicka-gimnazija.hr\/wp-content\/uploads\/2024\/09\/20240826_162742-768x1024.jpg 768w, https:\/\/katolicka-gimnazija.hr\/wp-content\/uploads\/2024\/09\/20240826_162742-1152x1536.jpg 1152w, https:\/\/katolicka-gimnazija.hr\/wp-content\/uploads\/2024\/09\/20240826_162742-1536x2048.jpg 1536w, https:\/\/katolicka-gimnazija.hr\/wp-content\/uploads\/2024\/09\/20240826_162742-scaled.jpg 1920w\" sizes=\"auto, (max-width: 225px) 100vw, 225px\" \/><\/a>\n\t\t\t<\/div><\/figure><figure class='gallery-item'>\n\t\t\t<div class='gallery-icon portrait'>\n\t\t\t\t<a href='https:\/\/katolicka-gimnazija.hr\/wp-content\/uploads\/2024\/09\/IMG-20240825-WA0108.jpg'><img loading=\"lazy\" decoding=\"async\" width=\"225\" height=\"300\" src=\"https:\/\/katolicka-gimnazija.hr\/wp-content\/uploads\/2024\/09\/IMG-20240825-WA0108-225x300.jpg\" class=\"attachment-medium size-medium\" alt=\"\" srcset=\"https:\/\/katolicka-gimnazija.hr\/wp-content\/uploads\/2024\/09\/IMG-20240825-WA0108-225x300.jpg 225w, https:\/\/katolicka-gimnazija.hr\/wp-content\/uploads\/2024\/09\/IMG-20240825-WA0108-768x1024.jpg 768w, https:\/\/katolicka-gimnazija.hr\/wp-content\/uploads\/2024\/09\/IMG-20240825-WA0108-1152x1536.jpg 1152w, https:\/\/katolicka-gimnazija.hr\/wp-content\/uploads\/2024\/09\/IMG-20240825-WA0108.jpg 1200w\" sizes=\"auto, (max-width: 225px) 100vw, 225px\" \/><\/a>\n\t\t\t<\/div><\/figure><figure class='gallery-item'>\n\t\t\t<div class='gallery-icon portrait'>\n\t\t\t\t<a href='https:\/\/katolicka-gimnazija.hr\/wp-content\/uploads\/2024\/09\/IMG-20240825-WA0106.jpg'><img loading=\"lazy\" decoding=\"async\" width=\"225\" height=\"300\" src=\"https:\/\/katolicka-gimnazija.hr\/wp-content\/uploads\/2024\/09\/IMG-20240825-WA0106-225x300.jpg\" class=\"attachment-medium size-medium\" alt=\"\" srcset=\"https:\/\/katolicka-gimnazija.hr\/wp-content\/uploads\/2024\/09\/IMG-20240825-WA0106-225x300.jpg 225w, https:\/\/katolicka-gimnazija.hr\/wp-content\/uploads\/2024\/09\/IMG-20240825-WA0106-768x1024.jpg 768w, https:\/\/katolicka-gimnazija.hr\/wp-content\/uploads\/2024\/09\/IMG-20240825-WA0106-1152x1536.jpg 1152w, https:\/\/katolicka-gimnazija.hr\/wp-content\/uploads\/2024\/09\/IMG-20240825-WA0106.jpg 1200w\" sizes=\"auto, (max-width: 225px) 100vw, 225px\" \/><\/a>\n\t\t\t<\/div><\/figure><figure class='gallery-item'>\n\t\t\t<div class='gallery-icon landscape'>\n\t\t\t\t<a href='https:\/\/katolicka-gimnazija.hr\/wp-content\/uploads\/2024\/09\/IMG_5429-scaled.jpg'><img loading=\"lazy\" decoding=\"async\" width=\"300\" height=\"200\" src=\"https:\/\/katolicka-gimnazija.hr\/wp-content\/uploads\/2024\/09\/IMG_5429-300x200.jpg\" class=\"attachment-medium size-medium\" alt=\"\" srcset=\"https:\/\/katolicka-gimnazija.hr\/wp-content\/uploads\/2024\/09\/IMG_5429-300x200.jpg 300w, https:\/\/katolicka-gimnazija.hr\/wp-content\/uploads\/2024\/09\/IMG_5429-1024x683.jpg 1024w, https:\/\/katolicka-gimnazija.hr\/wp-content\/uploads\/2024\/09\/IMG_5429-768x512.jpg 768w, https:\/\/katolicka-gimnazija.hr\/wp-content\/uploads\/2024\/09\/IMG_5429-1536x1024.jpg 1536w, https:\/\/katolicka-gimnazija.hr\/wp-content\/uploads\/2024\/09\/IMG_5429-2048x1365.jpg 2048w, https:\/\/katolicka-gimnazija.hr\/wp-content\/uploads\/2024\/09\/IMG_5429-400x267.jpg 400w\" sizes=\"auto, (max-width: 300px) 100vw, 300px\" \/><\/a>\n\t\t\t<\/div><\/figure>\n\t\t<\/div>\n\n","protected":false},"excerpt":{"rendered":"<p>Maturanti \u017eele isprobati sve ono \u0161to do sada nisu i osje\u0107ati se ponosno jer su najstariji, no ovoga puta ipak su morali jo\u0161 malo pri\u010dekati taj trenutak\u2026Nakon vremena i vremena provedenog u dogovoru koju destinaciju odabrati za maturalac sa stru\u010dnim sto\u017eerom razredni\u0161tva \u2013 B prof. Tonkovi\u0107 + A prof. \u0110akovi\u0107, odluka je ipak bila ispravno [&hellip;]<\/p>\n","protected":false},"author":89,"featured_media":31393,"comment_status":"closed","ping_status":"closed","sticky":false,"template":"","format":"standard","meta":{"footnotes":""},"categories":[4,213,2],"tags":[],"class_list":["post-31390","post","type-post","status-publish","format-standard","has-post-thumbnail","hentry","category-fotogalerije","category-putovanja","category-vijesti"],"_links":{"self":[{"href":"https:\/\/katolicka-gimnazija.hr\/index.php\/wp-json\/wp\/v2\/posts\/31390","targetHints":{"allow":["GET"]}}],"collection":[{"href":"https:\/\/katolicka-gimnazija.hr\/index.php\/wp-json\/wp\/v2\/posts"}],"about":[{"href":"https:\/\/katolicka-gimnazija.hr\/index.php\/wp-json\/wp\/v2\/types\/post"}],"author":[{"embeddable":true,"href":"https:\/\/katolicka-gimnazija.hr\/index.php\/wp-json\/wp\/v2\/users\/89"}],"replies":[{"embeddable":true,"href":"https:\/\/katolicka-gimnazija.hr\/index.php\/wp-json\/wp\/v2\/comments?post=31390"}],"version-history":[{"count":5,"href":"https:\/\/katolicka-gimnazija.hr\/index.php\/wp-json\/wp\/v2\/posts\/31390\/revisions"}],"predecessor-version":[{"id":31449,"href":"https:\/\/katolicka-gimnazija.hr\/index.php\/wp-json\/wp\/v2\/posts\/31390\/revisions\/31449"}],"wp:featuredmedia":[{"embeddable":true,"href":"https:\/\/katolicka-gimnazija.hr\/index.php\/wp-json\/wp\/v2\/media\/31393"}],"wp:attachment":[{"href":"https:\/\/katolicka-gimnazija.hr\/index.php\/wp-json\/wp\/v2\/media?parent=31390"}],"wp:term":[{"taxonomy":"category","embeddable":true,"href":"https:\/\/katolicka-gimnazija.hr\/index.php\/wp-json\/wp\/v2\/categories?post=31390"},{"taxonomy":"post_tag","embeddable":true,"href":"https:\/\/katolicka-gimnazija.hr\/index.php\/wp-json\/wp\/v2\/tags?post=31390"}],"curies":[{"name":"wp","href":"https:\/\/api.w.org\/{rel}","templated":true}]}}