{"id":3140,"date":"2016-02-07T23:03:50","date_gmt":"2016-02-07T23:03:50","guid":{"rendered":"http:\/\/katolicka-gimnazija.hr\/?p=3140"},"modified":"2016-02-17T08:18:34","modified_gmt":"2016-02-17T08:18:34","slug":"xviii-krizni-put-mladih-pozeske-biskupije","status":"publish","type":"post","link":"https:\/\/katolicka-gimnazija.hr\/index.php\/2016\/02\/07\/xviii-krizni-put-mladih-pozeske-biskupije\/","title":{"rendered":"XVIII. kri\u017eni put mladih Po\u017ee\u0161ke biskupije"},"content":{"rendered":"<p><a href=\"http:\/\/katolicka-gimnazija.hr\/wp-content\/uploads\/2016\/02\/karta.jpg\"><img loading=\"lazy\" decoding=\"async\" class=\"alignleft size-medium wp-image-3141\" src=\"http:\/\/katolicka-gimnazija.hr\/wp-content\/uploads\/2016\/02\/karta-300x220.jpg\" alt=\"XVIII. Biskupijski kri\u017eni put mladih - Karta\" width=\"300\" height=\"220\" srcset=\"https:\/\/katolicka-gimnazija.hr\/wp-content\/uploads\/2016\/02\/karta-300x220.jpg 300w, https:\/\/katolicka-gimnazija.hr\/wp-content\/uploads\/2016\/02\/karta-1024x750.jpg 1024w, https:\/\/katolicka-gimnazija.hr\/wp-content\/uploads\/2016\/02\/karta-360x264.jpg 360w, https:\/\/katolicka-gimnazija.hr\/wp-content\/uploads\/2016\/02\/karta-750x550.jpg 750w, https:\/\/katolicka-gimnazija.hr\/wp-content\/uploads\/2016\/02\/karta-400x293.jpg 400w, https:\/\/katolicka-gimnazija.hr\/wp-content\/uploads\/2016\/02\/karta-430x315.jpg 430w, https:\/\/katolicka-gimnazija.hr\/wp-content\/uploads\/2016\/02\/karta-150x110.jpg 150w, https:\/\/katolicka-gimnazija.hr\/wp-content\/uploads\/2016\/02\/karta-100x73.jpg 100w\" sizes=\"auto, (max-width: 300px) 100vw, 300px\" \/><\/a>XVIII. kri\u017eni put mladih Po\u017ee\u0161ke biskupije odr\u017eat \u0107e se 5. i 6. o\u017eujka 2016. u godini Bo\u017ejeg milosr\u0111a i\u00a0pod geslom <em>Milosrdni kao Otac. <\/em>Okupljanje je prvoga dana u Virovitici (\u017eupa Tabori\u0161te) iz koje se na kri\u017eni put kre\u0107e preko Milanovca do \u0110ulovca gdje \u0107e zavr\u0161iti prvi dan svetom misom, prigodnim programom i no\u0107enjem. Drugi dan kri\u017enoga puta nastavlja se prema Vo\u0107inu gdje \u0107e biti zavr\u0161etak ovogodi\u0161njega Kri\u017enog puta mladih, a svetu misu zahvalnicu predvodit \u0107e biskup Antun \u0160kvor\u010devi\u0107. Ukupna dionica puta iznosi 46 kilometara. Kri\u017eni put mladih organizira Povjerenstvo za pastoral mladih Po\u017ee\u0161ke biskupije zajedno s Katehetskim uredom. Dobro nam do\u0161li!<\/p>\n","protected":false},"excerpt":{"rendered":"<p>XVIII. kri\u017eni put mladih Po\u017ee\u0161ke biskupije odr\u017eat \u0107e se 5. i 6. o\u017eujka 2016. u godini Bo\u017ejeg milosr\u0111a i\u00a0pod geslom Milosrdni kao Otac. Okupljanje je prvoga dana u Virovitici (\u017eupa Tabori\u0161te) iz koje se na kri\u017eni put kre\u0107e preko Milanovca do \u0110ulovca gdje \u0107e zavr\u0161iti prvi dan svetom misom, prigodnim programom i no\u0107enjem. Drugi dan [&hellip;]<\/p>\n","protected":false},"author":1,"featured_media":3141,"comment_status":"closed","ping_status":"closed","sticky":false,"template":"","format":"standard","meta":{"footnotes":""},"categories":[3],"tags":[],"class_list":["post-3140","post","type-post","status-publish","format-standard","has-post-thumbnail","hentry","category-obavijesti"],"_links":{"self":[{"href":"https:\/\/katolicka-gimnazija.hr\/index.php\/wp-json\/wp\/v2\/posts\/3140","targetHints":{"allow":["GET"]}}],"collection":[{"href":"https:\/\/katolicka-gimnazija.hr\/index.php\/wp-json\/wp\/v2\/posts"}],"about":[{"href":"https:\/\/katolicka-gimnazija.hr\/index.php\/wp-json\/wp\/v2\/types\/post"}],"author":[{"embeddable":true,"href":"https:\/\/katolicka-gimnazija.hr\/index.php\/wp-json\/wp\/v2\/users\/1"}],"replies":[{"embeddable":true,"href":"https:\/\/katolicka-gimnazija.hr\/index.php\/wp-json\/wp\/v2\/comments?post=3140"}],"version-history":[{"count":3,"href":"https:\/\/katolicka-gimnazija.hr\/index.php\/wp-json\/wp\/v2\/posts\/3140\/revisions"}],"predecessor-version":[{"id":3519,"href":"https:\/\/katolicka-gimnazija.hr\/index.php\/wp-json\/wp\/v2\/posts\/3140\/revisions\/3519"}],"wp:featuredmedia":[{"embeddable":true,"href":"https:\/\/katolicka-gimnazija.hr\/index.php\/wp-json\/wp\/v2\/media\/3141"}],"wp:attachment":[{"href":"https:\/\/katolicka-gimnazija.hr\/index.php\/wp-json\/wp\/v2\/media?parent=3140"}],"wp:term":[{"taxonomy":"category","embeddable":true,"href":"https:\/\/katolicka-gimnazija.hr\/index.php\/wp-json\/wp\/v2\/categories?post=3140"},{"taxonomy":"post_tag","embeddable":true,"href":"https:\/\/katolicka-gimnazija.hr\/index.php\/wp-json\/wp\/v2\/tags?post=3140"}],"curies":[{"name":"wp","href":"https:\/\/api.w.org\/{rel}","templated":true}]}}