{"id":31508,"date":"2024-09-23T16:41:53","date_gmt":"2024-09-23T14:41:53","guid":{"rendered":"https:\/\/katolicka-gimnazija.hr\/?p=31508"},"modified":"2024-09-23T16:41:53","modified_gmt":"2024-09-23T14:41:53","slug":"kolegijasi-vs-sv-sarbel","status":"publish","type":"post","link":"https:\/\/katolicka-gimnazija.hr\/index.php\/2024\/09\/23\/kolegijasi-vs-sv-sarbel\/","title":{"rendered":"KOLEGIJA\u0160I vs. sv. \u0160ARBEL"},"content":{"rendered":"<div class=\"xdj266r x11i5rnm xat24cr x1mh8g0r x1vvkbs x126k92a\">\n<div dir=\"auto\">U nedjelju, 22. rujna 2024., petero po\u017ee\u0161kih kolegija\u0161a hodo\u010dastilo je u grkokatoli\u010dku katedralu Presvete Trojice u Kri\u017eevcima povodom sve\u010danog dolaska mo\u0107i maronitskog isposnika i \u010dudotvorca sv. \u0160arbela Makhloufa.<\/div>\n<\/div>\n<div class=\"x11i5rnm xat24cr x1mh8g0r x1vvkbs xtlvy1s x126k92a\">\n<div dir=\"auto\">Kolegija\u0161i su prisustvovali bo\u017eanskoj liturgiji sv. oca na\u0161ega Ivana Zlatoustoga koju je predslavio nadbiskup Pre\u0161ova i metropolit Grkokatoli\u010dke Crkve u Slova\u010dkoj vladika Jona Maksim uz kri\u017eeva\u010dkog vladiku Milana Stipi\u0107a.<\/div>\n<div dir=\"auto\">Time \u0161to su nazo\u010dili liturgiji isto\u010dnog obreda kolegija\u0161i su dodatno spoznali \u0161irinu i jedinstvo Crkve te se obogatili isto\u010dnom duhovno\u0161\u0107u.<\/div>\n<div dir=\"auto\">Nakon liturgije imali su priliku cjelivati mo\u0107i sv. \u0160arbela i zatra\u017eiti njegov zagovor u svakodnevnom \u017eivotu i na\u0161oj zajednici.<\/div>\n<div dir=\"auto\">Predivan i blagoslovljen dan, ispunjen rado\u0161\u0107u, zajedni\u0161tvom i milosti Bo\u017ejom!<\/div>\n<div dir=\"auto\">Sv. \u0160arbele, moli za nas! <span class=\"html-span xexx8yu x4uap5 x18d9i69 xkhd6sd x1hl2dhg x16tdsg8 x1vvkbs x3nfvp2 x1j61x8r x1fcty0u xdj266r xat24cr xgzva0m xhhsvwb xxymvpz xlup9mm x1kky2od\"><img loading=\"lazy\" decoding=\"async\" class=\"xz74otr\" src=\"https:\/\/static.xx.fbcdn.net\/images\/emoji.php\/v9\/tfd\/1\/16\/1f64f_1f3fd.png\" alt=\"\" width=\"16\" height=\"16\" \/><\/span><span class=\"html-span xexx8yu x4uap5 x18d9i69 xkhd6sd x1hl2dhg x16tdsg8 x1vvkbs x3nfvp2 x1j61x8r x1fcty0u xdj266r xat24cr xgzva0m xhhsvwb xxymvpz xlup9mm x1kky2od\"><img loading=\"lazy\" decoding=\"async\" class=\"xz74otr\" src=\"https:\/\/static.xx.fbcdn.net\/images\/emoji.php\/v9\/t7f\/1\/16\/1f60a.png\" alt=\"\" width=\"16\" height=\"16\" \/><\/span><\/div>\n<div dir=\"auto\">\n<div id='gallery-1' class='gallery galleryid-31508 gallery-columns-3 gallery-size-medium'><figure class='gallery-item'>\n\t\t\t<div class='gallery-icon portrait'>\n\t\t\t\t<a href='https:\/\/katolicka-gimnazija.hr\/wp-content\/uploads\/2024\/09\/460844574_1318591292654897_3253739640997216235_n.jpg'><img loading=\"lazy\" decoding=\"async\" width=\"169\" height=\"300\" src=\"https:\/\/katolicka-gimnazija.hr\/wp-content\/uploads\/2024\/09\/460844574_1318591292654897_3253739640997216235_n-169x300.jpg\" class=\"attachment-medium size-medium\" alt=\"\" srcset=\"https:\/\/katolicka-gimnazija.hr\/wp-content\/uploads\/2024\/09\/460844574_1318591292654897_3253739640997216235_n-169x300.jpg 169w, https:\/\/katolicka-gimnazija.hr\/wp-content\/uploads\/2024\/09\/460844574_1318591292654897_3253739640997216235_n-577x1024.jpg 577w, https:\/\/katolicka-gimnazija.hr\/wp-content\/uploads\/2024\/09\/460844574_1318591292654897_3253739640997216235_n-768x1364.jpg 768w, https:\/\/katolicka-gimnazija.hr\/wp-content\/uploads\/2024\/09\/460844574_1318591292654897_3253739640997216235_n-865x1536.jpg 865w, https:\/\/katolicka-gimnazija.hr\/wp-content\/uploads\/2024\/09\/460844574_1318591292654897_3253739640997216235_n.jpg 1126w\" sizes=\"auto, (max-width: 169px) 100vw, 169px\" \/><\/a>\n\t\t\t<\/div><\/figure><figure class='gallery-item'>\n\t\t\t<div class='gallery-icon landscape'>\n\t\t\t\t<a href='https:\/\/katolicka-gimnazija.hr\/wp-content\/uploads\/2024\/09\/461059194_1318591449321548_2041257309416501309_n.jpg'><img loading=\"lazy\" decoding=\"async\" width=\"300\" height=\"221\" src=\"https:\/\/katolicka-gimnazija.hr\/wp-content\/uploads\/2024\/09\/461059194_1318591449321548_2041257309416501309_n-300x221.jpg\" class=\"attachment-medium size-medium\" alt=\"\" srcset=\"https:\/\/katolicka-gimnazija.hr\/wp-content\/uploads\/2024\/09\/461059194_1318591449321548_2041257309416501309_n-300x221.jpg 300w, https:\/\/katolicka-gimnazija.hr\/wp-content\/uploads\/2024\/09\/461059194_1318591449321548_2041257309416501309_n-1024x755.jpg 1024w, https:\/\/katolicka-gimnazija.hr\/wp-content\/uploads\/2024\/09\/461059194_1318591449321548_2041257309416501309_n-768x566.jpg 768w, https:\/\/katolicka-gimnazija.hr\/wp-content\/uploads\/2024\/09\/461059194_1318591449321548_2041257309416501309_n-1536x1132.jpg 1536w, https:\/\/katolicka-gimnazija.hr\/wp-content\/uploads\/2024\/09\/461059194_1318591449321548_2041257309416501309_n-400x295.jpg 400w, https:\/\/katolicka-gimnazija.hr\/wp-content\/uploads\/2024\/09\/461059194_1318591449321548_2041257309416501309_n.jpg 2048w\" sizes=\"auto, (max-width: 300px) 100vw, 300px\" \/><\/a>\n\t\t\t<\/div><\/figure><figure class='gallery-item'>\n\t\t\t<div class='gallery-icon portrait'>\n\t\t\t\t<a href='https:\/\/katolicka-gimnazija.hr\/wp-content\/uploads\/2024\/09\/460845937_1318591295988230_4119962675447439192_n.jpg'><img loading=\"lazy\" decoding=\"async\" width=\"169\" height=\"300\" src=\"https:\/\/katolicka-gimnazija.hr\/wp-content\/uploads\/2024\/09\/460845937_1318591295988230_4119962675447439192_n-169x300.jpg\" class=\"attachment-medium size-medium\" alt=\"\" srcset=\"https:\/\/katolicka-gimnazija.hr\/wp-content\/uploads\/2024\/09\/460845937_1318591295988230_4119962675447439192_n-169x300.jpg 169w, https:\/\/katolicka-gimnazija.hr\/wp-content\/uploads\/2024\/09\/460845937_1318591295988230_4119962675447439192_n-577x1024.jpg 577w, https:\/\/katolicka-gimnazija.hr\/wp-content\/uploads\/2024\/09\/460845937_1318591295988230_4119962675447439192_n-768x1364.jpg 768w, https:\/\/katolicka-gimnazija.hr\/wp-content\/uploads\/2024\/09\/460845937_1318591295988230_4119962675447439192_n-865x1536.jpg 865w, https:\/\/katolicka-gimnazija.hr\/wp-content\/uploads\/2024\/09\/460845937_1318591295988230_4119962675447439192_n.jpg 1126w\" sizes=\"auto, (max-width: 169px) 100vw, 169px\" \/><\/a>\n\t\t\t<\/div><\/figure><figure class='gallery-item'>\n\t\t\t<div class='gallery-icon portrait'>\n\t\t\t\t<a href='https:\/\/katolicka-gimnazija.hr\/wp-content\/uploads\/2024\/09\/460962832_1318591375988222_5194971127111987853_n.jpg'><img loading=\"lazy\" decoding=\"async\" width=\"225\" height=\"300\" src=\"https:\/\/katolicka-gimnazija.hr\/wp-content\/uploads\/2024\/09\/460962832_1318591375988222_5194971127111987853_n-225x300.jpg\" class=\"attachment-medium size-medium\" alt=\"\" srcset=\"https:\/\/katolicka-gimnazija.hr\/wp-content\/uploads\/2024\/09\/460962832_1318591375988222_5194971127111987853_n-225x300.jpg 225w, https:\/\/katolicka-gimnazija.hr\/wp-content\/uploads\/2024\/09\/460962832_1318591375988222_5194971127111987853_n.jpg 720w\" sizes=\"auto, (max-width: 225px) 100vw, 225px\" \/><\/a>\n\t\t\t<\/div><\/figure><figure class='gallery-item'>\n\t\t\t<div class='gallery-icon portrait'>\n\t\t\t\t<a href='https:\/\/katolicka-gimnazija.hr\/wp-content\/uploads\/2024\/09\/460938227_1318591302654896_178983960058612865_n.jpg'><img loading=\"lazy\" decoding=\"async\" width=\"169\" height=\"300\" src=\"https:\/\/katolicka-gimnazija.hr\/wp-content\/uploads\/2024\/09\/460938227_1318591302654896_178983960058612865_n-169x300.jpg\" class=\"attachment-medium size-medium\" alt=\"\" srcset=\"https:\/\/katolicka-gimnazija.hr\/wp-content\/uploads\/2024\/09\/460938227_1318591302654896_178983960058612865_n-169x300.jpg 169w, https:\/\/katolicka-gimnazija.hr\/wp-content\/uploads\/2024\/09\/460938227_1318591302654896_178983960058612865_n-576x1024.jpg 576w, https:\/\/katolicka-gimnazija.hr\/wp-content\/uploads\/2024\/09\/460938227_1318591302654896_178983960058612865_n-768x1365.jpg 768w, https:\/\/katolicka-gimnazija.hr\/wp-content\/uploads\/2024\/09\/460938227_1318591302654896_178983960058612865_n-864x1536.jpg 864w, https:\/\/katolicka-gimnazija.hr\/wp-content\/uploads\/2024\/09\/460938227_1318591302654896_178983960058612865_n.jpg 1080w\" sizes=\"auto, (max-width: 169px) 100vw, 169px\" \/><\/a>\n\t\t\t<\/div><\/figure><figure class='gallery-item'>\n\t\t\t<div class='gallery-icon landscape'>\n\t\t\t\t<a href='https:\/\/katolicka-gimnazija.hr\/wp-content\/uploads\/2024\/09\/460845355_1318591392654887_918330788411987759_n.jpg'><img loading=\"lazy\" decoding=\"async\" width=\"300\" height=\"169\" src=\"https:\/\/katolicka-gimnazija.hr\/wp-content\/uploads\/2024\/09\/460845355_1318591392654887_918330788411987759_n-300x169.jpg\" class=\"attachment-medium size-medium\" alt=\"\" srcset=\"https:\/\/katolicka-gimnazija.hr\/wp-content\/uploads\/2024\/09\/460845355_1318591392654887_918330788411987759_n-300x169.jpg 300w, https:\/\/katolicka-gimnazija.hr\/wp-content\/uploads\/2024\/09\/460845355_1318591392654887_918330788411987759_n-1024x577.jpg 1024w, https:\/\/katolicka-gimnazija.hr\/wp-content\/uploads\/2024\/09\/460845355_1318591392654887_918330788411987759_n-768x432.jpg 768w, https:\/\/katolicka-gimnazija.hr\/wp-content\/uploads\/2024\/09\/460845355_1318591392654887_918330788411987759_n-1536x865.jpg 1536w, https:\/\/katolicka-gimnazija.hr\/wp-content\/uploads\/2024\/09\/460845355_1318591392654887_918330788411987759_n-400x225.jpg 400w, https:\/\/katolicka-gimnazija.hr\/wp-content\/uploads\/2024\/09\/460845355_1318591392654887_918330788411987759_n.jpg 2000w\" sizes=\"auto, (max-width: 300px) 100vw, 300px\" \/><\/a>\n\t\t\t<\/div><\/figure>\n\t\t<\/div>\n\n<\/div>\n<\/div>\n","protected":false},"excerpt":{"rendered":"<p>U nedjelju, 22. rujna 2024., petero po\u017ee\u0161kih kolegija\u0161a hodo\u010dastilo je u grkokatoli\u010dku katedralu Presvete Trojice u Kri\u017eevcima povodom sve\u010danog dolaska mo\u0107i maronitskog isposnika i \u010dudotvorca sv. \u0160arbela Makhloufa. Kolegija\u0161i su prisustvovali bo\u017eanskoj liturgiji sv. oca na\u0161ega Ivana Zlatoustoga koju je predslavio nadbiskup Pre\u0161ova i metropolit Grkokatoli\u010dke Crkve u Slova\u010dkoj vladika Jona Maksim uz kri\u017eeva\u010dkog vladiku [&hellip;]<\/p>\n","protected":false},"author":106,"featured_media":31510,"comment_status":"closed","ping_status":"closed","sticky":false,"template":"","format":"standard","meta":{"footnotes":""},"categories":[207,2],"tags":[],"class_list":["post-31508","post","type-post","status-publish","format-standard","has-post-thumbnail","hentry","category-duhovno","category-vijesti"],"_links":{"self":[{"href":"https:\/\/katolicka-gimnazija.hr\/index.php\/wp-json\/wp\/v2\/posts\/31508","targetHints":{"allow":["GET"]}}],"collection":[{"href":"https:\/\/katolicka-gimnazija.hr\/index.php\/wp-json\/wp\/v2\/posts"}],"about":[{"href":"https:\/\/katolicka-gimnazija.hr\/index.php\/wp-json\/wp\/v2\/types\/post"}],"author":[{"embeddable":true,"href":"https:\/\/katolicka-gimnazija.hr\/index.php\/wp-json\/wp\/v2\/users\/106"}],"replies":[{"embeddable":true,"href":"https:\/\/katolicka-gimnazija.hr\/index.php\/wp-json\/wp\/v2\/comments?post=31508"}],"version-history":[{"count":1,"href":"https:\/\/katolicka-gimnazija.hr\/index.php\/wp-json\/wp\/v2\/posts\/31508\/revisions"}],"predecessor-version":[{"id":31515,"href":"https:\/\/katolicka-gimnazija.hr\/index.php\/wp-json\/wp\/v2\/posts\/31508\/revisions\/31515"}],"wp:featuredmedia":[{"embeddable":true,"href":"https:\/\/katolicka-gimnazija.hr\/index.php\/wp-json\/wp\/v2\/media\/31510"}],"wp:attachment":[{"href":"https:\/\/katolicka-gimnazija.hr\/index.php\/wp-json\/wp\/v2\/media?parent=31508"}],"wp:term":[{"taxonomy":"category","embeddable":true,"href":"https:\/\/katolicka-gimnazija.hr\/index.php\/wp-json\/wp\/v2\/categories?post=31508"},{"taxonomy":"post_tag","embeddable":true,"href":"https:\/\/katolicka-gimnazija.hr\/index.php\/wp-json\/wp\/v2\/tags?post=31508"}],"curies":[{"name":"wp","href":"https:\/\/api.w.org\/{rel}","templated":true}]}}