{"id":31630,"date":"2024-10-14T10:03:09","date_gmt":"2024-10-14T08:03:09","guid":{"rendered":"https:\/\/katolicka-gimnazija.hr\/?p=31630"},"modified":"2024-10-14T10:03:09","modified_gmt":"2024-10-14T08:03:09","slug":"prvi-mariales-u-novskoj","status":"publish","type":"post","link":"https:\/\/katolicka-gimnazija.hr\/index.php\/2024\/10\/14\/prvi-mariales-u-novskoj\/","title":{"rendered":"Prvi Mariales u Novskoj"},"content":{"rendered":"<p><span data-contrast=\"auto\">Po\u0161tovani djelatnici, dragi u\u010denici, uva\u017eeni maturanti!<\/span><span data-ccp-props=\"{}\">\u00a0<\/span><\/p>\n<p><span data-ccp-props=\"{}\">\u00a0<\/span><span data-contrast=\"auto\">Prije svega \u017eelim vas pozdraviti, zahvaliti na trudu oko \u0161to ugodnijeg i korisnijeg po\u010detka, a i osokoliti vas da se ne umorite i ne posustanete!<\/span><span data-ccp-props=\"{}\">\u00a0<\/span><\/p>\n<p><span data-contrast=\"auto\">A sada nekoliko obavijesti:<\/span><span data-ccp-props=\"{}\">\u00a0<\/span><\/p>\n<ol>\n<li data-leveltext=\"%1.\" data-font=\"\" data-listid=\"1\" data-list-defn-props=\"{&quot;335552541&quot;:0,&quot;335559685&quot;:720,&quot;335559991&quot;:360,&quot;469769242&quot;:[65533,0],&quot;469777803&quot;:&quot;left&quot;,&quot;469777804&quot;:&quot;%1.&quot;,&quot;469777815&quot;:&quot;hybridMultilevel&quot;}\" aria-setsize=\"-1\" data-aria-posinset=\"1\" data-aria-level=\"1\"><b><span data-contrast=\"auto\">Danas je bdijenje<\/span><\/b><span data-contrast=\"auto\"> uo\u010di svetkovine sv. Terezije Avilske u Katedrali poslije ve\u010dernje mise. Tko god je ju prigodi bilo bi lijepo da sudjeluje jer se radi o za\u0161titnici na\u0161e \u0161kole. Nadam se i nav ijanju<\/span><span data-ccp-props=\"{}\">\u00a0<\/span><\/li>\n<\/ol>\n<ol>\n<li data-leveltext=\"%1.\" data-font=\"\" data-listid=\"1\" data-list-defn-props=\"{&quot;335552541&quot;:0,&quot;335559685&quot;:720,&quot;335559991&quot;:360,&quot;469769242&quot;:[65533,0],&quot;469777803&quot;:&quot;left&quot;,&quot;469777804&quot;:&quot;%1.&quot;,&quot;469777815&quot;:&quot;hybridMultilevel&quot;}\" aria-setsize=\"-1\" data-aria-posinset=\"2\" data-aria-level=\"1\"><b><span data-contrast=\"auto\">Sutra je 15. listopada, svetkovina sv. Terezije Avilske<\/span><\/b><span data-contrast=\"auto\"> i Dan \u0161kole koji \u0107emo proslaviti opu\u0161teno i pobo\u017eno. Svi u\u010denici dolaze u svoje razrede u 8:45 i sa svojim razrednicima dolaze u 9 sati u Dvoranu sv. Terezije Avilske gdje \u0107e se odr\u017eati tradicionalno me\u0111urazredno kviz natjecanje. Prof. Pauli\u0107 moli da svaki razred izabere svojih 5 predstavnika koji \u0107e ih zastupati na kvizu. Procesija po\u010dinje u 11 sati ispred Crkve sv. Lovre pa vas molim da budemo prisutni i pristojni!<\/span><span data-ccp-props=\"{}\">\u00a0<\/span><\/li>\n<\/ol>\n<ol>\n<li data-leveltext=\"%1.\" data-font=\"\" data-listid=\"1\" data-list-defn-props=\"{&quot;335552541&quot;:0,&quot;335559685&quot;:720,&quot;335559991&quot;:360,&quot;469769242&quot;:[65533,0],&quot;469777803&quot;:&quot;left&quot;,&quot;469777804&quot;:&quot;%1.&quot;,&quot;469777815&quot;:&quot;hybridMultilevel&quot;}\" aria-setsize=\"-1\" data-aria-posinset=\"3\" data-aria-level=\"1\"><b><span data-contrast=\"auto\">16. listopada, u srijedu, idemo u Novsku<\/span><\/b><span data-contrast=\"auto\">. To je obavezna terenska nastava za sve u\u010denike \u0161kole.<\/span><span data-ccp-props=\"{}\">\u00a0<\/span><\/li>\n<\/ol>\n<p><span data-contrast=\"auto\">Prvi, drugi i tre\u0107i razredi kre\u0107u u 7:00 sa parkirali\u0161ta kod \u017deljezni\u010dkog kolodvora. Odlaze u Krapje, a kasnije se pridru\u017euju maturantima u Novskoj.<\/span><span data-ccp-props=\"{&quot;335559685&quot;:720}\">\u00a0<\/span><\/p>\n<p><span data-contrast=\"auto\">Maturanti kre\u0107u iz Po\u017eege u 8:00 tako\u0111er s istog parkirali\u0161ta .<\/span><span data-ccp-props=\"{&quot;335559685&quot;:720}\">\u00a0<\/span><\/p>\n<p><span data-contrast=\"auto\">U Novskoj je predvi\u0111en posjet muzeju, knji\u017enici i gejmerskom centru za sve u\u010denike. Misa \u0107e biti oko 11 sati u \u017dupnoj crkvi sv. Luke.<\/span><span data-ccp-props=\"{&quot;335559685&quot;:720}\">\u00a0<\/span><\/p>\n<p><span data-contrast=\"auto\">Ne\u0107emo imati zajedni\u010dki organiziran ru\u010dak pa vas molim da sa sobom ponesete pi\u0107e i jelo!<\/span><span data-ccp-props=\"{&quot;335559685&quot;:720}\">\u00a0<\/span><\/p>\n<p><span data-contrast=\"auto\">Povratak u Po\u017eegu planiran je do 15 sati:<\/span><span data-ccp-props=\"{&quot;335559685&quot;:720}\">\u00a0<\/span><\/p>\n<p><span data-ccp-props=\"{&quot;335559685&quot;:720}\">\u00a0<\/span><\/p>\n<p><span data-contrast=\"auto\">Ove smo godine umjesto Majalesa organizirali izlet u listopadu. Meni pada na pamet novo ime &#8211; Mariales, a ako\u00a0 netko ima neko bolje rje\u0161enje spreman sam ga prihvatit. <\/span><span data-contrast=\"auto\"><\/span><span data-ccp-props=\"{&quot;335559685&quot;:720}\">\u00a0<\/span><\/p>\n<p><span data-ccp-props=\"{&quot;335559685&quot;:720}\">\u00a0<\/span><\/p>\n<p><span data-contrast=\"auto\">Laudetur Iesus Christus<\/span><span data-ccp-props=\"{&quot;335559685&quot;:720}\">\u00a0<\/span><\/p>\n<p><span data-contrast=\"auto\">\u00a0\u00a0\u00a0\u00a0\u00a0\u00a0\u00a0\u00a0\u00a0\u00a0\u00a0\u00a0\u00a0 Ravnatelj<\/span><span data-ccp-props=\"{&quot;335559685&quot;:720}\">\u00a0<\/span><\/p>\n","protected":false},"excerpt":{"rendered":"<p>Po\u0161tovani djelatnici, dragi u\u010denici, uva\u017eeni maturanti!\u00a0 \u00a0Prije svega \u017eelim vas pozdraviti, zahvaliti na trudu oko \u0161to ugodnijeg i korisnijeg po\u010detka, a i osokoliti vas da se ne umorite i ne posustanete!\u00a0 A sada nekoliko obavijesti:\u00a0 Danas je bdijenje uo\u010di svetkovine sv. Terezije Avilske u Katedrali poslije ve\u010dernje mise. Tko god je ju prigodi bilo bi [&hellip;]<\/p>\n","protected":false},"author":41,"featured_media":0,"comment_status":"closed","ping_status":"closed","sticky":false,"template":"","format":"standard","meta":{"footnotes":""},"categories":[3],"tags":[],"class_list":["post-31630","post","type-post","status-publish","format-standard","hentry","category-obavijesti"],"_links":{"self":[{"href":"https:\/\/katolicka-gimnazija.hr\/index.php\/wp-json\/wp\/v2\/posts\/31630","targetHints":{"allow":["GET"]}}],"collection":[{"href":"https:\/\/katolicka-gimnazija.hr\/index.php\/wp-json\/wp\/v2\/posts"}],"about":[{"href":"https:\/\/katolicka-gimnazija.hr\/index.php\/wp-json\/wp\/v2\/types\/post"}],"author":[{"embeddable":true,"href":"https:\/\/katolicka-gimnazija.hr\/index.php\/wp-json\/wp\/v2\/users\/41"}],"replies":[{"embeddable":true,"href":"https:\/\/katolicka-gimnazija.hr\/index.php\/wp-json\/wp\/v2\/comments?post=31630"}],"version-history":[{"count":1,"href":"https:\/\/katolicka-gimnazija.hr\/index.php\/wp-json\/wp\/v2\/posts\/31630\/revisions"}],"predecessor-version":[{"id":31631,"href":"https:\/\/katolicka-gimnazija.hr\/index.php\/wp-json\/wp\/v2\/posts\/31630\/revisions\/31631"}],"wp:attachment":[{"href":"https:\/\/katolicka-gimnazija.hr\/index.php\/wp-json\/wp\/v2\/media?parent=31630"}],"wp:term":[{"taxonomy":"category","embeddable":true,"href":"https:\/\/katolicka-gimnazija.hr\/index.php\/wp-json\/wp\/v2\/categories?post=31630"},{"taxonomy":"post_tag","embeddable":true,"href":"https:\/\/katolicka-gimnazija.hr\/index.php\/wp-json\/wp\/v2\/tags?post=31630"}],"curies":[{"name":"wp","href":"https:\/\/api.w.org\/{rel}","templated":true}]}}