{"id":31636,"date":"2024-10-15T09:01:10","date_gmt":"2024-10-15T07:01:10","guid":{"rendered":"https:\/\/katolicka-gimnazija.hr\/?p=31636"},"modified":"2024-10-16T09:12:35","modified_gmt":"2024-10-16T07:12:35","slug":"dan-skole-u-radosti-zabavi-i-miru","status":"publish","type":"post","link":"https:\/\/katolicka-gimnazija.hr\/index.php\/2024\/10\/15\/dan-skole-u-radosti-zabavi-i-miru\/","title":{"rendered":"Dan \u0160kole u radosti, zabavi i miru"},"content":{"rendered":"<p>Stari bi narod rekao \u2013 bolje da izumre selo nego obi\u010daji! I dok se ne domislimo boljem na\u010dinu obilje\u017eavanja Dan \u0160kole, i ove smo godine krenuli i zavr\u0161ili utabanim stazama. Tako je u ponedjeljak, nakon pro\u0161logodi\u0161nje pauze, uprili\u010dena revijalna odbojka\u0161ka utakmica izme\u0111u u\u010denika i profesora. Iako je mladost, bodrena glasnim navijanjem s tribina, pr\u0161tala od svje\u017eine i snage, utakmica je po tko zna koji put oti\u0161la na stranu starijih natjecatelja. Na sam dan na\u0161e za\u0161titnice, sv. Terezije iz Avile, odr\u017eano je me\u0111urazredno natjecanje u bub kvizu koji je i ove godine pripremio prof. Pauli\u0107 za osam petero\u010dlanih ekipa. O\u010dekivano su se u ovom formatu natjecanja najbolje sna\u0161li maturanti 4.a razreda (<em>Gladiatores latrinae<\/em>) koji iza sebe imaju poprili\u010dan broj kviza\u0161kih utakmica. Vrhunac obilje\u017eavanja Dana \u0160kole bilo je zajedni\u010dko sve\u010dano euharistijsko slavlje u po\u017ee\u0161koj katedrali koje je uz doma\u0107eg biskupa msgr. Ivu Martinovi\u0107a i druge biskupe predslavio vrhbosanski metropolit msgr. Tomo Vuk\u0161i\u0107. Na svr\u0161etku slavlja na\u0161i su u\u010denici Ema Mari\u0107 i David Kova\u010devi\u0107 zahvalili u ime gimnazijalaca, njihovih roditelja i djelatnika na\u0161e \u0161kole nadbiskupu Tomi za predvo\u0111enje svetog slavlja kao i nazo\u010dnim biskupima za sudjelovanje, a doma\u0107em biskupu Ivi za trajnu blizinu i brigu koju iskazuje prema katoli\u010dkim \u0161kolama u Po\u017ee\u0161koj biskupiji.<\/p>\n<div id='gallery-1' class='gallery galleryid-31636 gallery-columns-3 gallery-size-medium'><figure class='gallery-item'>\n\t\t\t<div class='gallery-icon landscape'>\n\t\t\t\t<a href='https:\/\/katolicka-gimnazija.hr\/wp-content\/uploads\/2024\/10\/463186506_1086327320160672_4837067718570950423_n.jpg'><img loading=\"lazy\" decoding=\"async\" width=\"300\" height=\"169\" src=\"https:\/\/katolicka-gimnazija.hr\/wp-content\/uploads\/2024\/10\/463186506_1086327320160672_4837067718570950423_n-300x169.jpg\" class=\"attachment-medium size-medium\" alt=\"\" srcset=\"https:\/\/katolicka-gimnazija.hr\/wp-content\/uploads\/2024\/10\/463186506_1086327320160672_4837067718570950423_n-300x169.jpg 300w, https:\/\/katolicka-gimnazija.hr\/wp-content\/uploads\/2024\/10\/463186506_1086327320160672_4837067718570950423_n-1024x577.jpg 1024w, https:\/\/katolicka-gimnazija.hr\/wp-content\/uploads\/2024\/10\/463186506_1086327320160672_4837067718570950423_n-768x433.jpg 768w, https:\/\/katolicka-gimnazija.hr\/wp-content\/uploads\/2024\/10\/463186506_1086327320160672_4837067718570950423_n-1536x866.jpg 1536w, https:\/\/katolicka-gimnazija.hr\/wp-content\/uploads\/2024\/10\/463186506_1086327320160672_4837067718570950423_n-400x225.jpg 400w, https:\/\/katolicka-gimnazija.hr\/wp-content\/uploads\/2024\/10\/463186506_1086327320160672_4837067718570950423_n.jpg 2048w\" sizes=\"auto, (max-width: 300px) 100vw, 300px\" \/><\/a>\n\t\t\t<\/div><\/figure><figure class='gallery-item'>\n\t\t\t<div class='gallery-icon landscape'>\n\t\t\t\t<a href='https:\/\/katolicka-gimnazija.hr\/wp-content\/uploads\/2024\/10\/463422155_1086332133493524_110617250461347016_n.jpg'><img loading=\"lazy\" decoding=\"async\" width=\"300\" height=\"200\" src=\"https:\/\/katolicka-gimnazija.hr\/wp-content\/uploads\/2024\/10\/463422155_1086332133493524_110617250461347016_n-300x200.jpg\" class=\"attachment-medium size-medium\" alt=\"\" srcset=\"https:\/\/katolicka-gimnazija.hr\/wp-content\/uploads\/2024\/10\/463422155_1086332133493524_110617250461347016_n-300x200.jpg 300w, https:\/\/katolicka-gimnazija.hr\/wp-content\/uploads\/2024\/10\/463422155_1086332133493524_110617250461347016_n-1024x683.jpg 1024w, https:\/\/katolicka-gimnazija.hr\/wp-content\/uploads\/2024\/10\/463422155_1086332133493524_110617250461347016_n-768x512.jpg 768w, https:\/\/katolicka-gimnazija.hr\/wp-content\/uploads\/2024\/10\/463422155_1086332133493524_110617250461347016_n-1536x1024.jpg 1536w, https:\/\/katolicka-gimnazija.hr\/wp-content\/uploads\/2024\/10\/463422155_1086332133493524_110617250461347016_n-400x267.jpg 400w, https:\/\/katolicka-gimnazija.hr\/wp-content\/uploads\/2024\/10\/463422155_1086332133493524_110617250461347016_n.jpg 1920w\" sizes=\"auto, (max-width: 300px) 100vw, 300px\" \/><\/a>\n\t\t\t<\/div><\/figure><figure class='gallery-item'>\n\t\t\t<div class='gallery-icon landscape'>\n\t\t\t\t<a href='https:\/\/katolicka-gimnazija.hr\/wp-content\/uploads\/2024\/10\/463261778_1085404143586323_8693442479599926683_n.jpg'><img loading=\"lazy\" decoding=\"async\" width=\"300\" height=\"169\" src=\"https:\/\/katolicka-gimnazija.hr\/wp-content\/uploads\/2024\/10\/463261778_1085404143586323_8693442479599926683_n-300x169.jpg\" class=\"attachment-medium size-medium\" alt=\"\" srcset=\"https:\/\/katolicka-gimnazija.hr\/wp-content\/uploads\/2024\/10\/463261778_1085404143586323_8693442479599926683_n-300x169.jpg 300w, https:\/\/katolicka-gimnazija.hr\/wp-content\/uploads\/2024\/10\/463261778_1085404143586323_8693442479599926683_n-1024x577.jpg 1024w, https:\/\/katolicka-gimnazija.hr\/wp-content\/uploads\/2024\/10\/463261778_1085404143586323_8693442479599926683_n-768x433.jpg 768w, https:\/\/katolicka-gimnazija.hr\/wp-content\/uploads\/2024\/10\/463261778_1085404143586323_8693442479599926683_n-1536x866.jpg 1536w, https:\/\/katolicka-gimnazija.hr\/wp-content\/uploads\/2024\/10\/463261778_1085404143586323_8693442479599926683_n-400x225.jpg 400w, https:\/\/katolicka-gimnazija.hr\/wp-content\/uploads\/2024\/10\/463261778_1085404143586323_8693442479599926683_n.jpg 2048w\" sizes=\"auto, (max-width: 300px) 100vw, 300px\" \/><\/a>\n\t\t\t<\/div><\/figure><figure class='gallery-item'>\n\t\t\t<div class='gallery-icon landscape'>\n\t\t\t\t<a href='https:\/\/katolicka-gimnazija.hr\/wp-content\/uploads\/2024\/10\/463500270_1086326853494052_3409658332421746757_n.jpg'><img loading=\"lazy\" decoding=\"async\" width=\"300\" height=\"169\" src=\"https:\/\/katolicka-gimnazija.hr\/wp-content\/uploads\/2024\/10\/463500270_1086326853494052_3409658332421746757_n-300x169.jpg\" class=\"attachment-medium size-medium\" alt=\"\" srcset=\"https:\/\/katolicka-gimnazija.hr\/wp-content\/uploads\/2024\/10\/463500270_1086326853494052_3409658332421746757_n-300x169.jpg 300w, https:\/\/katolicka-gimnazija.hr\/wp-content\/uploads\/2024\/10\/463500270_1086326853494052_3409658332421746757_n-1024x577.jpg 1024w, https:\/\/katolicka-gimnazija.hr\/wp-content\/uploads\/2024\/10\/463500270_1086326853494052_3409658332421746757_n-768x433.jpg 768w, https:\/\/katolicka-gimnazija.hr\/wp-content\/uploads\/2024\/10\/463500270_1086326853494052_3409658332421746757_n-1536x866.jpg 1536w, https:\/\/katolicka-gimnazija.hr\/wp-content\/uploads\/2024\/10\/463500270_1086326853494052_3409658332421746757_n-400x225.jpg 400w, https:\/\/katolicka-gimnazija.hr\/wp-content\/uploads\/2024\/10\/463500270_1086326853494052_3409658332421746757_n.jpg 2048w\" sizes=\"auto, (max-width: 300px) 100vw, 300px\" \/><\/a>\n\t\t\t<\/div><\/figure><figure class='gallery-item'>\n\t\t\t<div class='gallery-icon landscape'>\n\t\t\t\t<a href='https:\/\/katolicka-gimnazija.hr\/wp-content\/uploads\/2024\/10\/463247090_1086326893494048_6698310588929013845_n.jpg'><img loading=\"lazy\" decoding=\"async\" width=\"300\" height=\"169\" src=\"https:\/\/katolicka-gimnazija.hr\/wp-content\/uploads\/2024\/10\/463247090_1086326893494048_6698310588929013845_n-300x169.jpg\" class=\"attachment-medium size-medium\" alt=\"\" srcset=\"https:\/\/katolicka-gimnazija.hr\/wp-content\/uploads\/2024\/10\/463247090_1086326893494048_6698310588929013845_n-300x169.jpg 300w, https:\/\/katolicka-gimnazija.hr\/wp-content\/uploads\/2024\/10\/463247090_1086326893494048_6698310588929013845_n-1024x577.jpg 1024w, https:\/\/katolicka-gimnazija.hr\/wp-content\/uploads\/2024\/10\/463247090_1086326893494048_6698310588929013845_n-768x433.jpg 768w, https:\/\/katolicka-gimnazija.hr\/wp-content\/uploads\/2024\/10\/463247090_1086326893494048_6698310588929013845_n-1536x866.jpg 1536w, https:\/\/katolicka-gimnazija.hr\/wp-content\/uploads\/2024\/10\/463247090_1086326893494048_6698310588929013845_n-400x225.jpg 400w, https:\/\/katolicka-gimnazija.hr\/wp-content\/uploads\/2024\/10\/463247090_1086326893494048_6698310588929013845_n.jpg 2048w\" sizes=\"auto, (max-width: 300px) 100vw, 300px\" \/><\/a>\n\t\t\t<\/div><\/figure><figure class='gallery-item'>\n\t\t\t<div class='gallery-icon landscape'>\n\t\t\t\t<a href='https:\/\/katolicka-gimnazija.hr\/wp-content\/uploads\/2024\/10\/463300950_1086332546826816_2912003374804476143_n.jpg'><img loading=\"lazy\" decoding=\"async\" width=\"300\" height=\"200\" src=\"https:\/\/katolicka-gimnazija.hr\/wp-content\/uploads\/2024\/10\/463300950_1086332546826816_2912003374804476143_n-300x200.jpg\" class=\"attachment-medium size-medium\" alt=\"\" srcset=\"https:\/\/katolicka-gimnazija.hr\/wp-content\/uploads\/2024\/10\/463300950_1086332546826816_2912003374804476143_n-300x200.jpg 300w, https:\/\/katolicka-gimnazija.hr\/wp-content\/uploads\/2024\/10\/463300950_1086332546826816_2912003374804476143_n-1024x683.jpg 1024w, https:\/\/katolicka-gimnazija.hr\/wp-content\/uploads\/2024\/10\/463300950_1086332546826816_2912003374804476143_n-768x512.jpg 768w, https:\/\/katolicka-gimnazija.hr\/wp-content\/uploads\/2024\/10\/463300950_1086332546826816_2912003374804476143_n-1536x1024.jpg 1536w, https:\/\/katolicka-gimnazija.hr\/wp-content\/uploads\/2024\/10\/463300950_1086332546826816_2912003374804476143_n-400x267.jpg 400w, https:\/\/katolicka-gimnazija.hr\/wp-content\/uploads\/2024\/10\/463300950_1086332546826816_2912003374804476143_n.jpg 1920w\" sizes=\"auto, (max-width: 300px) 100vw, 300px\" \/><\/a>\n\t\t\t<\/div><\/figure><figure class='gallery-item'>\n\t\t\t<div class='gallery-icon landscape'>\n\t\t\t\t<a href='https:\/\/katolicka-gimnazija.hr\/wp-content\/uploads\/2024\/10\/463401682_1086326783494059_8298113163869415618_n.jpg'><img loading=\"lazy\" decoding=\"async\" width=\"300\" height=\"169\" src=\"https:\/\/katolicka-gimnazija.hr\/wp-content\/uploads\/2024\/10\/463401682_1086326783494059_8298113163869415618_n-300x169.jpg\" class=\"attachment-medium size-medium\" alt=\"\" srcset=\"https:\/\/katolicka-gimnazija.hr\/wp-content\/uploads\/2024\/10\/463401682_1086326783494059_8298113163869415618_n-300x169.jpg 300w, https:\/\/katolicka-gimnazija.hr\/wp-content\/uploads\/2024\/10\/463401682_1086326783494059_8298113163869415618_n-1024x577.jpg 1024w, https:\/\/katolicka-gimnazija.hr\/wp-content\/uploads\/2024\/10\/463401682_1086326783494059_8298113163869415618_n-768x433.jpg 768w, https:\/\/katolicka-gimnazija.hr\/wp-content\/uploads\/2024\/10\/463401682_1086326783494059_8298113163869415618_n-1536x866.jpg 1536w, https:\/\/katolicka-gimnazija.hr\/wp-content\/uploads\/2024\/10\/463401682_1086326783494059_8298113163869415618_n-400x225.jpg 400w, https:\/\/katolicka-gimnazija.hr\/wp-content\/uploads\/2024\/10\/463401682_1086326783494059_8298113163869415618_n.jpg 2048w\" sizes=\"auto, (max-width: 300px) 100vw, 300px\" \/><\/a>\n\t\t\t<\/div><\/figure><figure class='gallery-item'>\n\t\t\t<div class='gallery-icon landscape'>\n\t\t\t\t<a href='https:\/\/katolicka-gimnazija.hr\/wp-content\/uploads\/2024\/10\/463297616_1085403463586391_2455198522185201437_n.jpg'><img loading=\"lazy\" decoding=\"async\" width=\"300\" height=\"169\" src=\"https:\/\/katolicka-gimnazija.hr\/wp-content\/uploads\/2024\/10\/463297616_1085403463586391_2455198522185201437_n-300x169.jpg\" class=\"attachment-medium size-medium\" alt=\"\" srcset=\"https:\/\/katolicka-gimnazija.hr\/wp-content\/uploads\/2024\/10\/463297616_1085403463586391_2455198522185201437_n-300x169.jpg 300w, https:\/\/katolicka-gimnazija.hr\/wp-content\/uploads\/2024\/10\/463297616_1085403463586391_2455198522185201437_n-1024x577.jpg 1024w, https:\/\/katolicka-gimnazija.hr\/wp-content\/uploads\/2024\/10\/463297616_1085403463586391_2455198522185201437_n-768x433.jpg 768w, https:\/\/katolicka-gimnazija.hr\/wp-content\/uploads\/2024\/10\/463297616_1085403463586391_2455198522185201437_n-1536x866.jpg 1536w, https:\/\/katolicka-gimnazija.hr\/wp-content\/uploads\/2024\/10\/463297616_1085403463586391_2455198522185201437_n-400x225.jpg 400w, https:\/\/katolicka-gimnazija.hr\/wp-content\/uploads\/2024\/10\/463297616_1085403463586391_2455198522185201437_n.jpg 2048w\" sizes=\"auto, (max-width: 300px) 100vw, 300px\" \/><\/a>\n\t\t\t<\/div><\/figure><figure class='gallery-item'>\n\t\t\t<div class='gallery-icon landscape'>\n\t\t\t\t<a href='https:\/\/katolicka-gimnazija.hr\/wp-content\/uploads\/2024\/10\/463087709_1085403433586394_5620453427165659051_n.jpg'><img loading=\"lazy\" decoding=\"async\" width=\"300\" height=\"169\" src=\"https:\/\/katolicka-gimnazija.hr\/wp-content\/uploads\/2024\/10\/463087709_1085403433586394_5620453427165659051_n-300x169.jpg\" class=\"attachment-medium size-medium\" alt=\"\" srcset=\"https:\/\/katolicka-gimnazija.hr\/wp-content\/uploads\/2024\/10\/463087709_1085403433586394_5620453427165659051_n-300x169.jpg 300w, https:\/\/katolicka-gimnazija.hr\/wp-content\/uploads\/2024\/10\/463087709_1085403433586394_5620453427165659051_n-1024x577.jpg 1024w, https:\/\/katolicka-gimnazija.hr\/wp-content\/uploads\/2024\/10\/463087709_1085403433586394_5620453427165659051_n-768x433.jpg 768w, https:\/\/katolicka-gimnazija.hr\/wp-content\/uploads\/2024\/10\/463087709_1085403433586394_5620453427165659051_n-1536x866.jpg 1536w, https:\/\/katolicka-gimnazija.hr\/wp-content\/uploads\/2024\/10\/463087709_1085403433586394_5620453427165659051_n-400x225.jpg 400w, https:\/\/katolicka-gimnazija.hr\/wp-content\/uploads\/2024\/10\/463087709_1085403433586394_5620453427165659051_n.jpg 2048w\" sizes=\"auto, (max-width: 300px) 100vw, 300px\" \/><\/a>\n\t\t\t<\/div><\/figure><figure class='gallery-item'>\n\t\t\t<div class='gallery-icon landscape'>\n\t\t\t\t<a href='https:\/\/katolicka-gimnazija.hr\/wp-content\/uploads\/2024\/10\/463224940_1085404176919653_7686548141533987094_n.jpg'><img loading=\"lazy\" decoding=\"async\" width=\"300\" height=\"169\" src=\"https:\/\/katolicka-gimnazija.hr\/wp-content\/uploads\/2024\/10\/463224940_1085404176919653_7686548141533987094_n-300x169.jpg\" class=\"attachment-medium size-medium\" alt=\"\" srcset=\"https:\/\/katolicka-gimnazija.hr\/wp-content\/uploads\/2024\/10\/463224940_1085404176919653_7686548141533987094_n-300x169.jpg 300w, https:\/\/katolicka-gimnazija.hr\/wp-content\/uploads\/2024\/10\/463224940_1085404176919653_7686548141533987094_n-1024x577.jpg 1024w, https:\/\/katolicka-gimnazija.hr\/wp-content\/uploads\/2024\/10\/463224940_1085404176919653_7686548141533987094_n-768x433.jpg 768w, https:\/\/katolicka-gimnazija.hr\/wp-content\/uploads\/2024\/10\/463224940_1085404176919653_7686548141533987094_n-1536x866.jpg 1536w, https:\/\/katolicka-gimnazija.hr\/wp-content\/uploads\/2024\/10\/463224940_1085404176919653_7686548141533987094_n-400x225.jpg 400w, https:\/\/katolicka-gimnazija.hr\/wp-content\/uploads\/2024\/10\/463224940_1085404176919653_7686548141533987094_n.jpg 2048w\" sizes=\"auto, (max-width: 300px) 100vw, 300px\" \/><\/a>\n\t\t\t<\/div><\/figure><figure class='gallery-item'>\n\t\t\t<div class='gallery-icon landscape'>\n\t\t\t\t<a href='https:\/\/katolicka-gimnazija.hr\/wp-content\/uploads\/2024\/10\/463212060_1086331260160278_3703554615231493934_n.jpg'><img loading=\"lazy\" decoding=\"async\" width=\"300\" height=\"200\" src=\"https:\/\/katolicka-gimnazija.hr\/wp-content\/uploads\/2024\/10\/463212060_1086331260160278_3703554615231493934_n-300x200.jpg\" class=\"attachment-medium size-medium\" alt=\"\" srcset=\"https:\/\/katolicka-gimnazija.hr\/wp-content\/uploads\/2024\/10\/463212060_1086331260160278_3703554615231493934_n-300x200.jpg 300w, https:\/\/katolicka-gimnazija.hr\/wp-content\/uploads\/2024\/10\/463212060_1086331260160278_3703554615231493934_n-1024x683.jpg 1024w, https:\/\/katolicka-gimnazija.hr\/wp-content\/uploads\/2024\/10\/463212060_1086331260160278_3703554615231493934_n-768x512.jpg 768w, https:\/\/katolicka-gimnazija.hr\/wp-content\/uploads\/2024\/10\/463212060_1086331260160278_3703554615231493934_n-1536x1024.jpg 1536w, https:\/\/katolicka-gimnazija.hr\/wp-content\/uploads\/2024\/10\/463212060_1086331260160278_3703554615231493934_n-400x267.jpg 400w, https:\/\/katolicka-gimnazija.hr\/wp-content\/uploads\/2024\/10\/463212060_1086331260160278_3703554615231493934_n.jpg 1920w\" sizes=\"auto, (max-width: 300px) 100vw, 300px\" \/><\/a>\n\t\t\t<\/div><\/figure><figure class='gallery-item'>\n\t\t\t<div class='gallery-icon landscape'>\n\t\t\t\t<a href='https:\/\/katolicka-gimnazija.hr\/wp-content\/uploads\/2024\/10\/463231960_1086331776826893_6684398218919106392_n.jpg'><img loading=\"lazy\" decoding=\"async\" width=\"300\" height=\"200\" src=\"https:\/\/katolicka-gimnazija.hr\/wp-content\/uploads\/2024\/10\/463231960_1086331776826893_6684398218919106392_n-300x200.jpg\" class=\"attachment-medium size-medium\" alt=\"\" srcset=\"https:\/\/katolicka-gimnazija.hr\/wp-content\/uploads\/2024\/10\/463231960_1086331776826893_6684398218919106392_n-300x200.jpg 300w, https:\/\/katolicka-gimnazija.hr\/wp-content\/uploads\/2024\/10\/463231960_1086331776826893_6684398218919106392_n-1024x683.jpg 1024w, https:\/\/katolicka-gimnazija.hr\/wp-content\/uploads\/2024\/10\/463231960_1086331776826893_6684398218919106392_n-768x512.jpg 768w, https:\/\/katolicka-gimnazija.hr\/wp-content\/uploads\/2024\/10\/463231960_1086331776826893_6684398218919106392_n-1536x1024.jpg 1536w, https:\/\/katolicka-gimnazija.hr\/wp-content\/uploads\/2024\/10\/463231960_1086331776826893_6684398218919106392_n-400x267.jpg 400w, https:\/\/katolicka-gimnazija.hr\/wp-content\/uploads\/2024\/10\/463231960_1086331776826893_6684398218919106392_n.jpg 1920w\" sizes=\"auto, (max-width: 300px) 100vw, 300px\" \/><\/a>\n\t\t\t<\/div><\/figure><figure class='gallery-item'>\n\t\t\t<div class='gallery-icon landscape'>\n\t\t\t\t<a href='https:\/\/katolicka-gimnazija.hr\/wp-content\/uploads\/2024\/10\/463140202_1085404956919575_6900019400878298301_n.jpg'><img loading=\"lazy\" decoding=\"async\" width=\"300\" height=\"169\" src=\"https:\/\/katolicka-gimnazija.hr\/wp-content\/uploads\/2024\/10\/463140202_1085404956919575_6900019400878298301_n-300x169.jpg\" class=\"attachment-medium size-medium\" alt=\"\" srcset=\"https:\/\/katolicka-gimnazija.hr\/wp-content\/uploads\/2024\/10\/463140202_1085404956919575_6900019400878298301_n-300x169.jpg 300w, https:\/\/katolicka-gimnazija.hr\/wp-content\/uploads\/2024\/10\/463140202_1085404956919575_6900019400878298301_n-1024x577.jpg 1024w, https:\/\/katolicka-gimnazija.hr\/wp-content\/uploads\/2024\/10\/463140202_1085404956919575_6900019400878298301_n-768x433.jpg 768w, https:\/\/katolicka-gimnazija.hr\/wp-content\/uploads\/2024\/10\/463140202_1085404956919575_6900019400878298301_n-1536x866.jpg 1536w, https:\/\/katolicka-gimnazija.hr\/wp-content\/uploads\/2024\/10\/463140202_1085404956919575_6900019400878298301_n-400x225.jpg 400w, https:\/\/katolicka-gimnazija.hr\/wp-content\/uploads\/2024\/10\/463140202_1085404956919575_6900019400878298301_n.jpg 2048w\" sizes=\"auto, (max-width: 300px) 100vw, 300px\" \/><\/a>\n\t\t\t<\/div><\/figure><figure class='gallery-item'>\n\t\t\t<div class='gallery-icon landscape'>\n\t\t\t\t<a href='https:\/\/katolicka-gimnazija.hr\/wp-content\/uploads\/2024\/10\/463477265_1086332026826868_8121600037165106032_n.jpg'><img loading=\"lazy\" decoding=\"async\" width=\"300\" height=\"200\" src=\"https:\/\/katolicka-gimnazija.hr\/wp-content\/uploads\/2024\/10\/463477265_1086332026826868_8121600037165106032_n-300x200.jpg\" class=\"attachment-medium size-medium\" alt=\"\" srcset=\"https:\/\/katolicka-gimnazija.hr\/wp-content\/uploads\/2024\/10\/463477265_1086332026826868_8121600037165106032_n-300x200.jpg 300w, https:\/\/katolicka-gimnazija.hr\/wp-content\/uploads\/2024\/10\/463477265_1086332026826868_8121600037165106032_n-1024x683.jpg 1024w, https:\/\/katolicka-gimnazija.hr\/wp-content\/uploads\/2024\/10\/463477265_1086332026826868_8121600037165106032_n-768x512.jpg 768w, https:\/\/katolicka-gimnazija.hr\/wp-content\/uploads\/2024\/10\/463477265_1086332026826868_8121600037165106032_n-1536x1024.jpg 1536w, https:\/\/katolicka-gimnazija.hr\/wp-content\/uploads\/2024\/10\/463477265_1086332026826868_8121600037165106032_n-400x267.jpg 400w, https:\/\/katolicka-gimnazija.hr\/wp-content\/uploads\/2024\/10\/463477265_1086332026826868_8121600037165106032_n.jpg 1920w\" sizes=\"auto, (max-width: 300px) 100vw, 300px\" \/><\/a>\n\t\t\t<\/div><\/figure><figure class='gallery-item'>\n\t\t\t<div class='gallery-icon landscape'>\n\t\t\t\t<a href='https:\/\/katolicka-gimnazija.hr\/wp-content\/uploads\/2024\/10\/463103864_1085405566919514_5363276980341662131_n.jpg'><img loading=\"lazy\" decoding=\"async\" width=\"300\" height=\"169\" src=\"https:\/\/katolicka-gimnazija.hr\/wp-content\/uploads\/2024\/10\/463103864_1085405566919514_5363276980341662131_n-300x169.jpg\" class=\"attachment-medium size-medium\" alt=\"\" srcset=\"https:\/\/katolicka-gimnazija.hr\/wp-content\/uploads\/2024\/10\/463103864_1085405566919514_5363276980341662131_n-300x169.jpg 300w, https:\/\/katolicka-gimnazija.hr\/wp-content\/uploads\/2024\/10\/463103864_1085405566919514_5363276980341662131_n-1024x577.jpg 1024w, https:\/\/katolicka-gimnazija.hr\/wp-content\/uploads\/2024\/10\/463103864_1085405566919514_5363276980341662131_n-768x433.jpg 768w, https:\/\/katolicka-gimnazija.hr\/wp-content\/uploads\/2024\/10\/463103864_1085405566919514_5363276980341662131_n-1536x866.jpg 1536w, https:\/\/katolicka-gimnazija.hr\/wp-content\/uploads\/2024\/10\/463103864_1085405566919514_5363276980341662131_n-400x225.jpg 400w, https:\/\/katolicka-gimnazija.hr\/wp-content\/uploads\/2024\/10\/463103864_1085405566919514_5363276980341662131_n.jpg 2048w\" sizes=\"auto, (max-width: 300px) 100vw, 300px\" \/><\/a>\n\t\t\t<\/div><\/figure><figure class='gallery-item'>\n\t\t\t<div class='gallery-icon landscape'>\n\t\t\t\t<a href='https:\/\/katolicka-gimnazija.hr\/wp-content\/uploads\/2024\/10\/463438182_1086331426826928_2480815098999546823_n.jpg'><img loading=\"lazy\" decoding=\"async\" width=\"300\" height=\"200\" src=\"https:\/\/katolicka-gimnazija.hr\/wp-content\/uploads\/2024\/10\/463438182_1086331426826928_2480815098999546823_n-300x200.jpg\" class=\"attachment-medium size-medium\" alt=\"\" srcset=\"https:\/\/katolicka-gimnazija.hr\/wp-content\/uploads\/2024\/10\/463438182_1086331426826928_2480815098999546823_n-300x200.jpg 300w, https:\/\/katolicka-gimnazija.hr\/wp-content\/uploads\/2024\/10\/463438182_1086331426826928_2480815098999546823_n-1024x683.jpg 1024w, https:\/\/katolicka-gimnazija.hr\/wp-content\/uploads\/2024\/10\/463438182_1086331426826928_2480815098999546823_n-768x512.jpg 768w, https:\/\/katolicka-gimnazija.hr\/wp-content\/uploads\/2024\/10\/463438182_1086331426826928_2480815098999546823_n-1536x1024.jpg 1536w, https:\/\/katolicka-gimnazija.hr\/wp-content\/uploads\/2024\/10\/463438182_1086331426826928_2480815098999546823_n-400x267.jpg 400w, https:\/\/katolicka-gimnazija.hr\/wp-content\/uploads\/2024\/10\/463438182_1086331426826928_2480815098999546823_n.jpg 1920w\" sizes=\"auto, (max-width: 300px) 100vw, 300px\" \/><\/a>\n\t\t\t<\/div><\/figure><figure class='gallery-item'>\n\t\t\t<div class='gallery-icon landscape'>\n\t\t\t\t<a href='https:\/\/katolicka-gimnazija.hr\/wp-content\/uploads\/2024\/10\/463128138_1086331546826916_3941884022987949917_n.jpg'><img loading=\"lazy\" decoding=\"async\" width=\"300\" height=\"200\" src=\"https:\/\/katolicka-gimnazija.hr\/wp-content\/uploads\/2024\/10\/463128138_1086331546826916_3941884022987949917_n-300x200.jpg\" class=\"attachment-medium size-medium\" alt=\"\" srcset=\"https:\/\/katolicka-gimnazija.hr\/wp-content\/uploads\/2024\/10\/463128138_1086331546826916_3941884022987949917_n-300x200.jpg 300w, https:\/\/katolicka-gimnazija.hr\/wp-content\/uploads\/2024\/10\/463128138_1086331546826916_3941884022987949917_n-1024x683.jpg 1024w, https:\/\/katolicka-gimnazija.hr\/wp-content\/uploads\/2024\/10\/463128138_1086331546826916_3941884022987949917_n-768x512.jpg 768w, https:\/\/katolicka-gimnazija.hr\/wp-content\/uploads\/2024\/10\/463128138_1086331546826916_3941884022987949917_n-1536x1024.jpg 1536w, https:\/\/katolicka-gimnazija.hr\/wp-content\/uploads\/2024\/10\/463128138_1086331546826916_3941884022987949917_n-400x267.jpg 400w, https:\/\/katolicka-gimnazija.hr\/wp-content\/uploads\/2024\/10\/463128138_1086331546826916_3941884022987949917_n.jpg 1920w\" sizes=\"auto, (max-width: 300px) 100vw, 300px\" \/><\/a>\n\t\t\t<\/div><\/figure><figure class='gallery-item'>\n\t\t\t<div class='gallery-icon landscape'>\n\t\t\t\t<a href='https:\/\/katolicka-gimnazija.hr\/wp-content\/uploads\/2024\/10\/463123191_1086327006827370_633185342373885653_n.jpg'><img loading=\"lazy\" decoding=\"async\" width=\"300\" height=\"169\" src=\"https:\/\/katolicka-gimnazija.hr\/wp-content\/uploads\/2024\/10\/463123191_1086327006827370_633185342373885653_n-300x169.jpg\" class=\"attachment-medium size-medium\" alt=\"\" srcset=\"https:\/\/katolicka-gimnazija.hr\/wp-content\/uploads\/2024\/10\/463123191_1086327006827370_633185342373885653_n-300x169.jpg 300w, https:\/\/katolicka-gimnazija.hr\/wp-content\/uploads\/2024\/10\/463123191_1086327006827370_633185342373885653_n-1024x577.jpg 1024w, https:\/\/katolicka-gimnazija.hr\/wp-content\/uploads\/2024\/10\/463123191_1086327006827370_633185342373885653_n-768x433.jpg 768w, https:\/\/katolicka-gimnazija.hr\/wp-content\/uploads\/2024\/10\/463123191_1086327006827370_633185342373885653_n-1536x866.jpg 1536w, https:\/\/katolicka-gimnazija.hr\/wp-content\/uploads\/2024\/10\/463123191_1086327006827370_633185342373885653_n-400x225.jpg 400w, https:\/\/katolicka-gimnazija.hr\/wp-content\/uploads\/2024\/10\/463123191_1086327006827370_633185342373885653_n.jpg 2048w\" sizes=\"auto, (max-width: 300px) 100vw, 300px\" \/><\/a>\n\t\t\t<\/div><\/figure><figure class='gallery-item'>\n\t\t\t<div class='gallery-icon landscape'>\n\t\t\t\t<a href='https:\/\/katolicka-gimnazija.hr\/wp-content\/uploads\/2024\/10\/463125523_1086327180160686_5099751294501026287_n.jpg'><img loading=\"lazy\" decoding=\"async\" width=\"300\" height=\"169\" src=\"https:\/\/katolicka-gimnazija.hr\/wp-content\/uploads\/2024\/10\/463125523_1086327180160686_5099751294501026287_n-300x169.jpg\" class=\"attachment-medium size-medium\" alt=\"\" srcset=\"https:\/\/katolicka-gimnazija.hr\/wp-content\/uploads\/2024\/10\/463125523_1086327180160686_5099751294501026287_n-300x169.jpg 300w, https:\/\/katolicka-gimnazija.hr\/wp-content\/uploads\/2024\/10\/463125523_1086327180160686_5099751294501026287_n-1024x577.jpg 1024w, https:\/\/katolicka-gimnazija.hr\/wp-content\/uploads\/2024\/10\/463125523_1086327180160686_5099751294501026287_n-768x433.jpg 768w, https:\/\/katolicka-gimnazija.hr\/wp-content\/uploads\/2024\/10\/463125523_1086327180160686_5099751294501026287_n-1536x866.jpg 1536w, https:\/\/katolicka-gimnazija.hr\/wp-content\/uploads\/2024\/10\/463125523_1086327180160686_5099751294501026287_n-400x225.jpg 400w, https:\/\/katolicka-gimnazija.hr\/wp-content\/uploads\/2024\/10\/463125523_1086327180160686_5099751294501026287_n.jpg 2048w\" sizes=\"auto, (max-width: 300px) 100vw, 300px\" \/><\/a>\n\t\t\t<\/div><\/figure><figure class='gallery-item'>\n\t\t\t<div class='gallery-icon landscape'>\n\t\t\t\t<a href='https:\/\/katolicka-gimnazija.hr\/wp-content\/uploads\/2024\/10\/463089391_1085405513586186_4479694398671204522_n.jpg'><img loading=\"lazy\" decoding=\"async\" width=\"300\" height=\"169\" src=\"https:\/\/katolicka-gimnazija.hr\/wp-content\/uploads\/2024\/10\/463089391_1085405513586186_4479694398671204522_n-300x169.jpg\" class=\"attachment-medium size-medium\" alt=\"\" srcset=\"https:\/\/katolicka-gimnazija.hr\/wp-content\/uploads\/2024\/10\/463089391_1085405513586186_4479694398671204522_n-300x169.jpg 300w, https:\/\/katolicka-gimnazija.hr\/wp-content\/uploads\/2024\/10\/463089391_1085405513586186_4479694398671204522_n-1024x577.jpg 1024w, https:\/\/katolicka-gimnazija.hr\/wp-content\/uploads\/2024\/10\/463089391_1085405513586186_4479694398671204522_n-768x433.jpg 768w, https:\/\/katolicka-gimnazija.hr\/wp-content\/uploads\/2024\/10\/463089391_1085405513586186_4479694398671204522_n-1536x866.jpg 1536w, https:\/\/katolicka-gimnazija.hr\/wp-content\/uploads\/2024\/10\/463089391_1085405513586186_4479694398671204522_n-400x225.jpg 400w, https:\/\/katolicka-gimnazija.hr\/wp-content\/uploads\/2024\/10\/463089391_1085405513586186_4479694398671204522_n.jpg 2048w\" sizes=\"auto, (max-width: 300px) 100vw, 300px\" \/><\/a>\n\t\t\t<\/div><\/figure><figure class='gallery-item'>\n\t\t\t<div class='gallery-icon landscape'>\n\t\t\t\t<a href='https:\/\/katolicka-gimnazija.hr\/wp-content\/uploads\/2024\/10\/463263376_1085405540252850_8343758386986864388_n.jpg'><img loading=\"lazy\" decoding=\"async\" width=\"300\" height=\"169\" src=\"https:\/\/katolicka-gimnazija.hr\/wp-content\/uploads\/2024\/10\/463263376_1085405540252850_8343758386986864388_n-300x169.jpg\" class=\"attachment-medium size-medium\" alt=\"\" srcset=\"https:\/\/katolicka-gimnazija.hr\/wp-content\/uploads\/2024\/10\/463263376_1085405540252850_8343758386986864388_n-300x169.jpg 300w, https:\/\/katolicka-gimnazija.hr\/wp-content\/uploads\/2024\/10\/463263376_1085405540252850_8343758386986864388_n-1024x577.jpg 1024w, https:\/\/katolicka-gimnazija.hr\/wp-content\/uploads\/2024\/10\/463263376_1085405540252850_8343758386986864388_n-768x433.jpg 768w, https:\/\/katolicka-gimnazija.hr\/wp-content\/uploads\/2024\/10\/463263376_1085405540252850_8343758386986864388_n-1536x866.jpg 1536w, https:\/\/katolicka-gimnazija.hr\/wp-content\/uploads\/2024\/10\/463263376_1085405540252850_8343758386986864388_n-400x225.jpg 400w, https:\/\/katolicka-gimnazija.hr\/wp-content\/uploads\/2024\/10\/463263376_1085405540252850_8343758386986864388_n.jpg 2048w\" sizes=\"auto, (max-width: 300px) 100vw, 300px\" \/><\/a>\n\t\t\t<\/div><\/figure><figure class='gallery-item'>\n\t\t\t<div class='gallery-icon landscape'>\n\t\t\t\t<a href='https:\/\/katolicka-gimnazija.hr\/wp-content\/uploads\/2024\/10\/463280362_1086326666827404_3925086737495551200_n.jpg'><img loading=\"lazy\" decoding=\"async\" width=\"300\" height=\"169\" src=\"https:\/\/katolicka-gimnazija.hr\/wp-content\/uploads\/2024\/10\/463280362_1086326666827404_3925086737495551200_n-300x169.jpg\" class=\"attachment-medium size-medium\" alt=\"\" srcset=\"https:\/\/katolicka-gimnazija.hr\/wp-content\/uploads\/2024\/10\/463280362_1086326666827404_3925086737495551200_n-300x169.jpg 300w, https:\/\/katolicka-gimnazija.hr\/wp-content\/uploads\/2024\/10\/463280362_1086326666827404_3925086737495551200_n-1024x577.jpg 1024w, https:\/\/katolicka-gimnazija.hr\/wp-content\/uploads\/2024\/10\/463280362_1086326666827404_3925086737495551200_n-768x433.jpg 768w, https:\/\/katolicka-gimnazija.hr\/wp-content\/uploads\/2024\/10\/463280362_1086326666827404_3925086737495551200_n-1536x866.jpg 1536w, https:\/\/katolicka-gimnazija.hr\/wp-content\/uploads\/2024\/10\/463280362_1086326666827404_3925086737495551200_n-400x225.jpg 400w, https:\/\/katolicka-gimnazija.hr\/wp-content\/uploads\/2024\/10\/463280362_1086326666827404_3925086737495551200_n.jpg 2048w\" sizes=\"auto, (max-width: 300px) 100vw, 300px\" \/><\/a>\n\t\t\t<\/div><\/figure><figure class='gallery-item'>\n\t\t\t<div class='gallery-icon landscape'>\n\t\t\t\t<a href='https:\/\/katolicka-gimnazija.hr\/wp-content\/uploads\/2024\/10\/463402379_1086326883494049_2017190089886301052_n.jpg'><img loading=\"lazy\" decoding=\"async\" width=\"300\" height=\"169\" src=\"https:\/\/katolicka-gimnazija.hr\/wp-content\/uploads\/2024\/10\/463402379_1086326883494049_2017190089886301052_n-300x169.jpg\" class=\"attachment-medium size-medium\" alt=\"\" srcset=\"https:\/\/katolicka-gimnazija.hr\/wp-content\/uploads\/2024\/10\/463402379_1086326883494049_2017190089886301052_n-300x169.jpg 300w, https:\/\/katolicka-gimnazija.hr\/wp-content\/uploads\/2024\/10\/463402379_1086326883494049_2017190089886301052_n-1024x577.jpg 1024w, https:\/\/katolicka-gimnazija.hr\/wp-content\/uploads\/2024\/10\/463402379_1086326883494049_2017190089886301052_n-768x433.jpg 768w, https:\/\/katolicka-gimnazija.hr\/wp-content\/uploads\/2024\/10\/463402379_1086326883494049_2017190089886301052_n-1536x866.jpg 1536w, https:\/\/katolicka-gimnazija.hr\/wp-content\/uploads\/2024\/10\/463402379_1086326883494049_2017190089886301052_n-400x225.jpg 400w, https:\/\/katolicka-gimnazija.hr\/wp-content\/uploads\/2024\/10\/463402379_1086326883494049_2017190089886301052_n.jpg 2048w\" sizes=\"auto, (max-width: 300px) 100vw, 300px\" \/><\/a>\n\t\t\t<\/div><\/figure><figure class='gallery-item'>\n\t\t\t<div class='gallery-icon landscape'>\n\t\t\t\t<a href='https:\/\/katolicka-gimnazija.hr\/wp-content\/uploads\/2024\/10\/463247084_1086326966827374_6351809106003006679_n.jpg'><img loading=\"lazy\" decoding=\"async\" width=\"300\" height=\"169\" src=\"https:\/\/katolicka-gimnazija.hr\/wp-content\/uploads\/2024\/10\/463247084_1086326966827374_6351809106003006679_n-300x169.jpg\" class=\"attachment-medium size-medium\" alt=\"\" srcset=\"https:\/\/katolicka-gimnazija.hr\/wp-content\/uploads\/2024\/10\/463247084_1086326966827374_6351809106003006679_n-300x169.jpg 300w, https:\/\/katolicka-gimnazija.hr\/wp-content\/uploads\/2024\/10\/463247084_1086326966827374_6351809106003006679_n-1024x577.jpg 1024w, https:\/\/katolicka-gimnazija.hr\/wp-content\/uploads\/2024\/10\/463247084_1086326966827374_6351809106003006679_n-768x433.jpg 768w, https:\/\/katolicka-gimnazija.hr\/wp-content\/uploads\/2024\/10\/463247084_1086326966827374_6351809106003006679_n-1536x866.jpg 1536w, https:\/\/katolicka-gimnazija.hr\/wp-content\/uploads\/2024\/10\/463247084_1086326966827374_6351809106003006679_n-400x225.jpg 400w, https:\/\/katolicka-gimnazija.hr\/wp-content\/uploads\/2024\/10\/463247084_1086326966827374_6351809106003006679_n.jpg 2048w\" sizes=\"auto, (max-width: 300px) 100vw, 300px\" \/><\/a>\n\t\t\t<\/div><\/figure><figure class='gallery-item'>\n\t\t\t<div class='gallery-icon landscape'>\n\t\t\t\t<a href='https:\/\/katolicka-gimnazija.hr\/wp-content\/uploads\/2024\/10\/463405932_1085404263586311_4398451347643849371_n.jpg'><img loading=\"lazy\" decoding=\"async\" width=\"300\" height=\"169\" src=\"https:\/\/katolicka-gimnazija.hr\/wp-content\/uploads\/2024\/10\/463405932_1085404263586311_4398451347643849371_n-300x169.jpg\" class=\"attachment-medium size-medium\" alt=\"\" srcset=\"https:\/\/katolicka-gimnazija.hr\/wp-content\/uploads\/2024\/10\/463405932_1085404263586311_4398451347643849371_n-300x169.jpg 300w, https:\/\/katolicka-gimnazija.hr\/wp-content\/uploads\/2024\/10\/463405932_1085404263586311_4398451347643849371_n-1024x577.jpg 1024w, https:\/\/katolicka-gimnazija.hr\/wp-content\/uploads\/2024\/10\/463405932_1085404263586311_4398451347643849371_n-768x433.jpg 768w, https:\/\/katolicka-gimnazija.hr\/wp-content\/uploads\/2024\/10\/463405932_1085404263586311_4398451347643849371_n-1536x866.jpg 1536w, https:\/\/katolicka-gimnazija.hr\/wp-content\/uploads\/2024\/10\/463405932_1085404263586311_4398451347643849371_n-400x225.jpg 400w, https:\/\/katolicka-gimnazija.hr\/wp-content\/uploads\/2024\/10\/463405932_1085404263586311_4398451347643849371_n.jpg 2048w\" sizes=\"auto, (max-width: 300px) 100vw, 300px\" \/><\/a>\n\t\t\t<\/div><\/figure><figure class='gallery-item'>\n\t\t\t<div class='gallery-icon landscape'>\n\t\t\t\t<a href='https:\/\/katolicka-gimnazija.hr\/wp-content\/uploads\/2024\/10\/463244416_1086327120160692_7228677566270542966_n.jpg'><img loading=\"lazy\" decoding=\"async\" width=\"300\" height=\"169\" src=\"https:\/\/katolicka-gimnazija.hr\/wp-content\/uploads\/2024\/10\/463244416_1086327120160692_7228677566270542966_n-300x169.jpg\" class=\"attachment-medium size-medium\" alt=\"\" srcset=\"https:\/\/katolicka-gimnazija.hr\/wp-content\/uploads\/2024\/10\/463244416_1086327120160692_7228677566270542966_n-300x169.jpg 300w, https:\/\/katolicka-gimnazija.hr\/wp-content\/uploads\/2024\/10\/463244416_1086327120160692_7228677566270542966_n-1024x577.jpg 1024w, https:\/\/katolicka-gimnazija.hr\/wp-content\/uploads\/2024\/10\/463244416_1086327120160692_7228677566270542966_n-768x433.jpg 768w, https:\/\/katolicka-gimnazija.hr\/wp-content\/uploads\/2024\/10\/463244416_1086327120160692_7228677566270542966_n-1536x866.jpg 1536w, https:\/\/katolicka-gimnazija.hr\/wp-content\/uploads\/2024\/10\/463244416_1086327120160692_7228677566270542966_n-400x225.jpg 400w, https:\/\/katolicka-gimnazija.hr\/wp-content\/uploads\/2024\/10\/463244416_1086327120160692_7228677566270542966_n.jpg 2048w\" sizes=\"auto, (max-width: 300px) 100vw, 300px\" \/><\/a>\n\t\t\t<\/div><\/figure><figure class='gallery-item'>\n\t\t\t<div class='gallery-icon landscape'>\n\t\t\t\t<a href='https:\/\/katolicka-gimnazija.hr\/wp-content\/uploads\/2024\/10\/463244652_1086332360160168_1669072357518676916_n.jpg'><img loading=\"lazy\" decoding=\"async\" width=\"300\" height=\"200\" src=\"https:\/\/katolicka-gimnazija.hr\/wp-content\/uploads\/2024\/10\/463244652_1086332360160168_1669072357518676916_n-300x200.jpg\" class=\"attachment-medium size-medium\" alt=\"\" srcset=\"https:\/\/katolicka-gimnazija.hr\/wp-content\/uploads\/2024\/10\/463244652_1086332360160168_1669072357518676916_n-300x200.jpg 300w, https:\/\/katolicka-gimnazija.hr\/wp-content\/uploads\/2024\/10\/463244652_1086332360160168_1669072357518676916_n-1024x683.jpg 1024w, https:\/\/katolicka-gimnazija.hr\/wp-content\/uploads\/2024\/10\/463244652_1086332360160168_1669072357518676916_n-768x512.jpg 768w, https:\/\/katolicka-gimnazija.hr\/wp-content\/uploads\/2024\/10\/463244652_1086332360160168_1669072357518676916_n-1536x1024.jpg 1536w, https:\/\/katolicka-gimnazija.hr\/wp-content\/uploads\/2024\/10\/463244652_1086332360160168_1669072357518676916_n-400x267.jpg 400w, https:\/\/katolicka-gimnazija.hr\/wp-content\/uploads\/2024\/10\/463244652_1086332360160168_1669072357518676916_n.jpg 1920w\" sizes=\"auto, (max-width: 300px) 100vw, 300px\" \/><\/a>\n\t\t\t<\/div><\/figure><figure class='gallery-item'>\n\t\t\t<div class='gallery-icon landscape'>\n\t\t\t\t<a href='https:\/\/katolicka-gimnazija.hr\/wp-content\/uploads\/2024\/10\/463435233_1086332663493471_4651227366336026418_n.jpg'><img loading=\"lazy\" decoding=\"async\" width=\"300\" height=\"200\" src=\"https:\/\/katolicka-gimnazija.hr\/wp-content\/uploads\/2024\/10\/463435233_1086332663493471_4651227366336026418_n-300x200.jpg\" class=\"attachment-medium size-medium\" alt=\"\" srcset=\"https:\/\/katolicka-gimnazija.hr\/wp-content\/uploads\/2024\/10\/463435233_1086332663493471_4651227366336026418_n-300x200.jpg 300w, https:\/\/katolicka-gimnazija.hr\/wp-content\/uploads\/2024\/10\/463435233_1086332663493471_4651227366336026418_n-1024x683.jpg 1024w, https:\/\/katolicka-gimnazija.hr\/wp-content\/uploads\/2024\/10\/463435233_1086332663493471_4651227366336026418_n-768x512.jpg 768w, https:\/\/katolicka-gimnazija.hr\/wp-content\/uploads\/2024\/10\/463435233_1086332663493471_4651227366336026418_n-1536x1024.jpg 1536w, https:\/\/katolicka-gimnazija.hr\/wp-content\/uploads\/2024\/10\/463435233_1086332663493471_4651227366336026418_n-400x267.jpg 400w, https:\/\/katolicka-gimnazija.hr\/wp-content\/uploads\/2024\/10\/463435233_1086332663493471_4651227366336026418_n.jpg 1920w\" sizes=\"auto, (max-width: 300px) 100vw, 300px\" \/><\/a>\n\t\t\t<\/div><\/figure>\n\t\t<\/div>\n\n","protected":false},"excerpt":{"rendered":"<p>Stari bi narod rekao \u2013 bolje da izumre selo nego obi\u010daji! I dok se ne domislimo boljem na\u010dinu obilje\u017eavanja Dan \u0160kole, i ove smo godine krenuli i zavr\u0161ili utabanim stazama. Tako je u ponedjeljak, nakon pro\u0161logodi\u0161nje pauze, uprili\u010dena revijalna odbojka\u0161ka utakmica izme\u0111u u\u010denika i profesora. Iako je mladost, bodrena glasnim navijanjem s tribina, pr\u0161tala od [&hellip;]<\/p>\n","protected":false},"author":2,"featured_media":31646,"comment_status":"closed","ping_status":"closed","sticky":false,"template":"","format":"standard","meta":{"footnotes":""},"categories":[207,4,209,2],"tags":[],"class_list":["post-31636","post","type-post","status-publish","format-standard","has-post-thumbnail","hentry","category-duhovno","category-fotogalerije","category-natjecanja","category-vijesti"],"_links":{"self":[{"href":"https:\/\/katolicka-gimnazija.hr\/index.php\/wp-json\/wp\/v2\/posts\/31636","targetHints":{"allow":["GET"]}}],"collection":[{"href":"https:\/\/katolicka-gimnazija.hr\/index.php\/wp-json\/wp\/v2\/posts"}],"about":[{"href":"https:\/\/katolicka-gimnazija.hr\/index.php\/wp-json\/wp\/v2\/types\/post"}],"author":[{"embeddable":true,"href":"https:\/\/katolicka-gimnazija.hr\/index.php\/wp-json\/wp\/v2\/users\/2"}],"replies":[{"embeddable":true,"href":"https:\/\/katolicka-gimnazija.hr\/index.php\/wp-json\/wp\/v2\/comments?post=31636"}],"version-history":[{"count":1,"href":"https:\/\/katolicka-gimnazija.hr\/index.php\/wp-json\/wp\/v2\/posts\/31636\/revisions"}],"predecessor-version":[{"id":31665,"href":"https:\/\/katolicka-gimnazija.hr\/index.php\/wp-json\/wp\/v2\/posts\/31636\/revisions\/31665"}],"wp:featuredmedia":[{"embeddable":true,"href":"https:\/\/katolicka-gimnazija.hr\/index.php\/wp-json\/wp\/v2\/media\/31646"}],"wp:attachment":[{"href":"https:\/\/katolicka-gimnazija.hr\/index.php\/wp-json\/wp\/v2\/media?parent=31636"}],"wp:term":[{"taxonomy":"category","embeddable":true,"href":"https:\/\/katolicka-gimnazija.hr\/index.php\/wp-json\/wp\/v2\/categories?post=31636"},{"taxonomy":"post_tag","embeddable":true,"href":"https:\/\/katolicka-gimnazija.hr\/index.php\/wp-json\/wp\/v2\/tags?post=31636"}],"curies":[{"name":"wp","href":"https:\/\/api.w.org\/{rel}","templated":true}]}}