{"id":31682,"date":"2024-10-17T08:08:42","date_gmt":"2024-10-17T06:08:42","guid":{"rendered":"https:\/\/katolicka-gimnazija.hr\/?p=31682"},"modified":"2024-10-17T14:10:08","modified_gmt":"2024-10-17T12:10:08","slug":"tradicionalni-prijem-kod-zupanice","status":"publish","type":"post","link":"https:\/\/katolicka-gimnazija.hr\/index.php\/2024\/10\/17\/tradicionalni-prijem-kod-zupanice\/","title":{"rendered":"Tradicionalni prijem kod \u017dupanice"},"content":{"rendered":"<div class=\"xdj266r x11i5rnm xat24cr x1mh8g0r x1vvkbs x126k92a\">\n<div dir=\"auto\">Sino\u0107 su na\u0161 Kre\u0161imir i njegova mentorica prof. Marijana sudjelovali na tradicionalnom prijemu kod \u017dupanice prigodom nagra\u0111ivanja u\u010denika osnovnih i srednjih \u0161kola koji su ostvarili najbolje rezultate na dr\u017eavnoj razini. Podsjetimo, Kre\u0161imir je na\u0161u \u017eupaniju predstavljao na Dr\u017eavnoj smotri LiDraNo u samostalnom dramskom izrazu. <span class=\"html-span xexx8yu x4uap5 x18d9i69 xkhd6sd x1hl2dhg x16tdsg8 x1vvkbs x3nfvp2 x1j61x8r x1fcty0u xdj266r xat24cr xgzva0m xhhsvwb xxymvpz xlup9mm x1kky2od\"><img loading=\"lazy\" decoding=\"async\" class=\"xz74otr\" src=\"https:\/\/static.xx.fbcdn.net\/images\/emoji.php\/v9\/tce\/1\/16\/1f600.png\" alt=\"\" width=\"16\" height=\"16\" \/><\/span><span class=\"html-span xexx8yu x4uap5 x18d9i69 xkhd6sd x1hl2dhg x16tdsg8 x1vvkbs x3nfvp2 x1j61x8r x1fcty0u xdj266r xat24cr xgzva0m xhhsvwb xxymvpz xlup9mm x1kky2od\"><img loading=\"lazy\" decoding=\"async\" class=\"xz74otr\" src=\"https:\/\/static.xx.fbcdn.net\/images\/emoji.php\/v9\/tfe\/1\/16\/1f44f.png\" alt=\"\" width=\"16\" height=\"16\" \/><\/span><\/div>\n<\/div>\n","protected":false},"excerpt":{"rendered":"<p>Sino\u0107 su na\u0161 Kre\u0161imir i njegova mentorica prof. Marijana sudjelovali na tradicionalnom prijemu kod \u017dupanice prigodom nagra\u0111ivanja u\u010denika osnovnih i srednjih \u0161kola koji su ostvarili najbolje rezultate na dr\u017eavnoj razini. Podsjetimo, Kre\u0161imir je na\u0161u \u017eupaniju predstavljao na Dr\u017eavnoj smotri LiDraNo u samostalnom dramskom izrazu.<\/p>\n","protected":false},"author":2,"featured_media":31683,"comment_status":"closed","ping_status":"closed","sticky":false,"template":"","format":"standard","meta":{"footnotes":""},"categories":[214,2],"tags":[],"class_list":["post-31682","post","type-post","status-publish","format-standard","has-post-thumbnail","hentry","category-natjecanja-2","category-vijesti"],"_links":{"self":[{"href":"https:\/\/katolicka-gimnazija.hr\/index.php\/wp-json\/wp\/v2\/posts\/31682","targetHints":{"allow":["GET"]}}],"collection":[{"href":"https:\/\/katolicka-gimnazija.hr\/index.php\/wp-json\/wp\/v2\/posts"}],"about":[{"href":"https:\/\/katolicka-gimnazija.hr\/index.php\/wp-json\/wp\/v2\/types\/post"}],"author":[{"embeddable":true,"href":"https:\/\/katolicka-gimnazija.hr\/index.php\/wp-json\/wp\/v2\/users\/2"}],"replies":[{"embeddable":true,"href":"https:\/\/katolicka-gimnazija.hr\/index.php\/wp-json\/wp\/v2\/comments?post=31682"}],"version-history":[{"count":1,"href":"https:\/\/katolicka-gimnazija.hr\/index.php\/wp-json\/wp\/v2\/posts\/31682\/revisions"}],"predecessor-version":[{"id":31684,"href":"https:\/\/katolicka-gimnazija.hr\/index.php\/wp-json\/wp\/v2\/posts\/31682\/revisions\/31684"}],"wp:featuredmedia":[{"embeddable":true,"href":"https:\/\/katolicka-gimnazija.hr\/index.php\/wp-json\/wp\/v2\/media\/31683"}],"wp:attachment":[{"href":"https:\/\/katolicka-gimnazija.hr\/index.php\/wp-json\/wp\/v2\/media?parent=31682"}],"wp:term":[{"taxonomy":"category","embeddable":true,"href":"https:\/\/katolicka-gimnazija.hr\/index.php\/wp-json\/wp\/v2\/categories?post=31682"},{"taxonomy":"post_tag","embeddable":true,"href":"https:\/\/katolicka-gimnazija.hr\/index.php\/wp-json\/wp\/v2\/tags?post=31682"}],"curies":[{"name":"wp","href":"https:\/\/api.w.org\/{rel}","templated":true}]}}