{"id":3169,"date":"2016-02-08T14:33:41","date_gmt":"2016-02-08T14:33:41","guid":{"rendered":"http:\/\/katolicka-gimnazija.hr\/?p=3169"},"modified":"2016-02-16T22:54:45","modified_gmt":"2016-02-16T22:54:45","slug":"korizmene-tribine-cetvrtkom","status":"publish","type":"post","link":"https:\/\/katolicka-gimnazija.hr\/index.php\/2016\/02\/08\/korizmene-tribine-cetvrtkom\/","title":{"rendered":"Korizmene tribine \u010detvrtkom"},"content":{"rendered":"<p style=\"text-align: center;\"><strong>U GODINI IZVANRENDOG JUBILEJA MILOSR\u0110A<\/strong><br \/>\n<strong>Po\u017eega, Dvorana sv. Terezije Avilske, 19 sati<\/strong><\/p>\n<p><strong>18. velja\u010da 2016.<\/strong><\/p>\n<p>Davor Domazet Lo\u0161o \u2013 geopoliti\u010dko preslagivanje svijeta u 21. stolje\u0107u (Kako zauzeti ispravan stav prema migrantima, izbjeglicama, \u0161to su oni zapravo?)<\/p>\n<hr \/>\n<p>&nbsp;<\/p>\n<p><strong>25. velja\u010da 2016.<\/strong><\/p>\n<p>Ton\u010di Matuli\u0107 &#8211; aktualne \u017eivotne situacije i problemi (sva\u0111e, nasilje, prijevare) u kontekstu Bo\u017ejeg milosr\u0111a i pra\u0161tanja (Tribina, a ujedno i korizmena duhovna obnovana na koju bi bili pozvani i hrvatski branitelji iz Po\u017eege i okolice.)<\/p>\n<hr \/>\n<p>&nbsp;<\/p>\n<p><strong>3. o\u017eujak 2016.<\/strong><\/p>\n<p>Ante Nazor \u2013 sukobi tijekom povijesti, s naglaskom na najsvje\u017eiju hrvatsku povijest (Domovinski rat) \u2013 mogu\u0107nost rje\u0161avanja sukoba mirnim putem i pribli\u017eavanje pitanja za\u0161to dolazi do izbijanja ratova, pogibije mnogih nevinih \u017eivota u kontekstu Bo\u017ejeg i ljudskog milosr\u0111a (primjer mirne reintegracije i sluge Bo\u017ejega kardinala Franje Kuhari\u0107a koji je u svojim propovijedima pozivao na pomirenje i ljubav prema neprijatelju)<\/p>\n<hr \/>\n<p>&nbsp;<\/p>\n<p><strong>10. o\u017eujak 2016.<\/strong><\/p>\n<p>Tihomir Dujmovi\u0107 \u2013 problematiziranje zlo\u010dina protiv \u010dovjeka u kontekstu Bo\u017ejeg milosr\u0111a<\/p>\n","protected":false},"excerpt":{"rendered":"<p>U GODINI IZVANRENDOG JUBILEJA MILOSR\u0110A Po\u017eega, Dvorana sv. Terezije Avilske, 19 sati 18. velja\u010da 2016. Davor Domazet Lo\u0161o \u2013 geopoliti\u010dko preslagivanje svijeta u 21. stolje\u0107u (Kako zauzeti ispravan stav prema migrantima, izbjeglicama, \u0161to su oni zapravo?) &nbsp; 25. velja\u010da 2016. Ton\u010di Matuli\u0107 &#8211; aktualne \u017eivotne situacije i problemi (sva\u0111e, nasilje, prijevare) u kontekstu Bo\u017ejeg milosr\u0111a [&hellip;]<\/p>\n","protected":false},"author":1,"featured_media":3171,"comment_status":"closed","ping_status":"closed","sticky":false,"template":"","format":"standard","meta":{"footnotes":""},"categories":[3],"tags":[],"class_list":["post-3169","post","type-post","status-publish","format-standard","has-post-thumbnail","hentry","category-obavijesti"],"_links":{"self":[{"href":"https:\/\/katolicka-gimnazija.hr\/index.php\/wp-json\/wp\/v2\/posts\/3169","targetHints":{"allow":["GET"]}}],"collection":[{"href":"https:\/\/katolicka-gimnazija.hr\/index.php\/wp-json\/wp\/v2\/posts"}],"about":[{"href":"https:\/\/katolicka-gimnazija.hr\/index.php\/wp-json\/wp\/v2\/types\/post"}],"author":[{"embeddable":true,"href":"https:\/\/katolicka-gimnazija.hr\/index.php\/wp-json\/wp\/v2\/users\/1"}],"replies":[{"embeddable":true,"href":"https:\/\/katolicka-gimnazija.hr\/index.php\/wp-json\/wp\/v2\/comments?post=3169"}],"version-history":[{"count":3,"href":"https:\/\/katolicka-gimnazija.hr\/index.php\/wp-json\/wp\/v2\/posts\/3169\/revisions"}],"predecessor-version":[{"id":3515,"href":"https:\/\/katolicka-gimnazija.hr\/index.php\/wp-json\/wp\/v2\/posts\/3169\/revisions\/3515"}],"wp:featuredmedia":[{"embeddable":true,"href":"https:\/\/katolicka-gimnazija.hr\/index.php\/wp-json\/wp\/v2\/media\/3171"}],"wp:attachment":[{"href":"https:\/\/katolicka-gimnazija.hr\/index.php\/wp-json\/wp\/v2\/media?parent=3169"}],"wp:term":[{"taxonomy":"category","embeddable":true,"href":"https:\/\/katolicka-gimnazija.hr\/index.php\/wp-json\/wp\/v2\/categories?post=3169"},{"taxonomy":"post_tag","embeddable":true,"href":"https:\/\/katolicka-gimnazija.hr\/index.php\/wp-json\/wp\/v2\/tags?post=3169"}],"curies":[{"name":"wp","href":"https:\/\/api.w.org\/{rel}","templated":true}]}}