{"id":31895,"date":"2024-12-08T16:02:00","date_gmt":"2024-12-08T15:02:00","guid":{"rendered":"https:\/\/katolicka-gimnazija.hr\/?p=31895"},"modified":"2024-12-08T16:02:35","modified_gmt":"2024-12-08T15:02:35","slug":"vecer-matematike-2024","status":"publish","type":"post","link":"https:\/\/katolicka-gimnazija.hr\/index.php\/2024\/12\/08\/vecer-matematike-2024\/","title":{"rendered":"Ve\u010der matematike 2024."},"content":{"rendered":"<p style=\"background: white; margin: 0cm 0cm 11.25pt 0cm;\"><span lang=\"EN-US\" style=\"font-size: 13.0pt; color: #4c4c4c;\">U mnogim \u0161kolama diljem Hrvatske pa tako i u na\u0161oj Katoli\u010dkoj gimnaziji s pravom javnosti u Po\u017eegi u \u010detvrtak 5. prosinca 2024. godine odr\u017eana je Ve\u010der matematike. <\/span><\/p>\n<p style=\"background: white; margin: 0cm 0cm 11.25pt 0cm;\"><span lang=\"EN-US\" style=\"font-size: 13.0pt; color: #4c4c4c;\">Cilj ove manifestacije je poticanje izgradnje pozitivnog stava prema matematici i kroz sudjelovanje u interaktivnim radionicama otkrivanje sveprisutnosti matematike te spoznaja da svakodnevno uspje\u0161no rje\u0161avamo matemati\u010dke probleme, a da toga \u010desto nismo svjesni.<\/span><\/p>\n<p style=\"background: white; margin: 0cm 0cm 11.25pt 0cm;\"><span lang=\"EN-US\" style=\"font-size: 13.0pt; color: #4c4c4c;\">U organizaciji obilje\u017eavanja ovogodi\u0161nje Ve\u010deri matematike nastavnicama matematike Sanji Pr\u0161a i Katarini Soldo Obu\u0107ina priklju\u010dile su se i nastavnice biologije i kemije Martina Franji\u0107, Martina Peharda i \u017dana Kajini\u0107. Voditelji radionica, kao i ina\u010de, bili su u\u010denici koji su svojim vr\u0161njacima i nastavnicima predstavili pojedinu radionicu i pomagali pri njihovoj izvedbi. <\/span><\/p>\n<p style=\"background: white; margin: 0cm 0cm 11.25pt 0cm;\"><span lang=\"EN-US\" style=\"font-size: 13.0pt; color: #4c4c4c;\">Ovom prilikom, maturanti Robert Valenta i Noa Serti\u0107 predstavili su dio \u0161kolskog projekta <i>Brojevi u Bibliji<\/i> gdje su se kroz prezentaciju i rje\u0161avanjem raznih zadataka u\u010denici i nastavnici na\u0161e \u0161kole mogli upoznati sa starim mjernim jedinicama, valutama, simbolikom brojeva i numerologijom gr\u010dkog i hebrejskog alfabeta.<\/span><\/p>\n<p style=\"background: white; margin: 0cm 0cm 11.25pt 0cm;\"><span lang=\"EN-US\" style=\"font-size: 13.0pt; color: #4c4c4c;\">Tako\u0111er, voditelji radionica Bojanje \u010de\u0161era, Zlatni rez, Pascalov trokut i Fibonaccijev niz, Fibonaccijeva spirala, Ma\u0111ioni\u010dar prikazali su rezultate rada prvog dijela \u0161kolskog projekta <i>Magi\u010dna jednad\u017eba svemira<\/i> \u010diji cilj je otkrivanje Fibonaccijevog niza i povezanosti s prirodom. U\u010denici su svoje radove s projekta, kao Fibonaccijevu izlo\u017ebu, predstavili u digitalnom i fizi\u010dkom obliku. Dio digitalnih radova ispisali su i postavili na panou kabineta, a ostale uratke u prostoru kabineta.<\/span><\/p>\n<p><a href=\"https:\/\/katolicka-gimnazija.hr\/wp-content\/uploads\/2024\/12\/DSCF7579-scaled.jpg\"><img loading=\"lazy\" decoding=\"async\" class=\"alignnone size-medium wp-image-31896\" src=\"https:\/\/katolicka-gimnazija.hr\/wp-content\/uploads\/2024\/12\/DSCF7579-300x169.jpg\" alt=\"\" width=\"300\" height=\"169\" srcset=\"https:\/\/katolicka-gimnazija.hr\/wp-content\/uploads\/2024\/12\/DSCF7579-300x169.jpg 300w, https:\/\/katolicka-gimnazija.hr\/wp-content\/uploads\/2024\/12\/DSCF7579-1024x576.jpg 1024w, https:\/\/katolicka-gimnazija.hr\/wp-content\/uploads\/2024\/12\/DSCF7579-768x432.jpg 768w, https:\/\/katolicka-gimnazija.hr\/wp-content\/uploads\/2024\/12\/DSCF7579-1536x864.jpg 1536w, https:\/\/katolicka-gimnazija.hr\/wp-content\/uploads\/2024\/12\/DSCF7579-2048x1152.jpg 2048w, https:\/\/katolicka-gimnazija.hr\/wp-content\/uploads\/2024\/12\/DSCF7579-400x225.jpg 400w\" sizes=\"auto, (max-width: 300px) 100vw, 300px\" \/><\/a> <a href=\"https:\/\/katolicka-gimnazija.hr\/wp-content\/uploads\/2024\/12\/DSCF7602-scaled.jpg\"><img loading=\"lazy\" decoding=\"async\" class=\"alignnone size-medium wp-image-31897\" src=\"https:\/\/katolicka-gimnazija.hr\/wp-content\/uploads\/2024\/12\/DSCF7602-300x169.jpg\" alt=\"\" width=\"300\" height=\"169\" srcset=\"https:\/\/katolicka-gimnazija.hr\/wp-content\/uploads\/2024\/12\/DSCF7602-300x169.jpg 300w, https:\/\/katolicka-gimnazija.hr\/wp-content\/uploads\/2024\/12\/DSCF7602-1024x576.jpg 1024w, https:\/\/katolicka-gimnazija.hr\/wp-content\/uploads\/2024\/12\/DSCF7602-768x432.jpg 768w, https:\/\/katolicka-gimnazija.hr\/wp-content\/uploads\/2024\/12\/DSCF7602-1536x864.jpg 1536w, https:\/\/katolicka-gimnazija.hr\/wp-content\/uploads\/2024\/12\/DSCF7602-2048x1152.jpg 2048w, https:\/\/katolicka-gimnazija.hr\/wp-content\/uploads\/2024\/12\/DSCF7602-400x225.jpg 400w\" sizes=\"auto, (max-width: 300px) 100vw, 300px\" \/><\/a> <a href=\"https:\/\/katolicka-gimnazija.hr\/wp-content\/uploads\/2024\/12\/DSCF7603-scaled.jpg\"><img loading=\"lazy\" decoding=\"async\" class=\"alignnone size-medium wp-image-31898\" src=\"https:\/\/katolicka-gimnazija.hr\/wp-content\/uploads\/2024\/12\/DSCF7603-300x169.jpg\" alt=\"\" width=\"300\" height=\"169\" srcset=\"https:\/\/katolicka-gimnazija.hr\/wp-content\/uploads\/2024\/12\/DSCF7603-300x169.jpg 300w, https:\/\/katolicka-gimnazija.hr\/wp-content\/uploads\/2024\/12\/DSCF7603-1024x576.jpg 1024w, https:\/\/katolicka-gimnazija.hr\/wp-content\/uploads\/2024\/12\/DSCF7603-768x432.jpg 768w, https:\/\/katolicka-gimnazija.hr\/wp-content\/uploads\/2024\/12\/DSCF7603-1536x864.jpg 1536w, https:\/\/katolicka-gimnazija.hr\/wp-content\/uploads\/2024\/12\/DSCF7603-2048x1152.jpg 2048w, https:\/\/katolicka-gimnazija.hr\/wp-content\/uploads\/2024\/12\/DSCF7603-400x225.jpg 400w\" sizes=\"auto, (max-width: 300px) 100vw, 300px\" \/><\/a> <a href=\"https:\/\/katolicka-gimnazija.hr\/wp-content\/uploads\/2024\/12\/DSCF7621-scaled.jpg\"><img loading=\"lazy\" decoding=\"async\" class=\"alignnone size-medium wp-image-31899\" src=\"https:\/\/katolicka-gimnazija.hr\/wp-content\/uploads\/2024\/12\/DSCF7621-300x169.jpg\" alt=\"\" width=\"300\" height=\"169\" srcset=\"https:\/\/katolicka-gimnazija.hr\/wp-content\/uploads\/2024\/12\/DSCF7621-300x169.jpg 300w, https:\/\/katolicka-gimnazija.hr\/wp-content\/uploads\/2024\/12\/DSCF7621-1024x576.jpg 1024w, https:\/\/katolicka-gimnazija.hr\/wp-content\/uploads\/2024\/12\/DSCF7621-768x432.jpg 768w, https:\/\/katolicka-gimnazija.hr\/wp-content\/uploads\/2024\/12\/DSCF7621-1536x864.jpg 1536w, https:\/\/katolicka-gimnazija.hr\/wp-content\/uploads\/2024\/12\/DSCF7621-2048x1152.jpg 2048w, https:\/\/katolicka-gimnazija.hr\/wp-content\/uploads\/2024\/12\/DSCF7621-400x225.jpg 400w\" sizes=\"auto, (max-width: 300px) 100vw, 300px\" \/><\/a> <a href=\"https:\/\/katolicka-gimnazija.hr\/wp-content\/uploads\/2024\/12\/DSCF7629-scaled.jpg\"><img loading=\"lazy\" decoding=\"async\" class=\"alignnone size-medium wp-image-31900\" src=\"https:\/\/katolicka-gimnazija.hr\/wp-content\/uploads\/2024\/12\/DSCF7629-300x169.jpg\" alt=\"\" width=\"300\" height=\"169\" srcset=\"https:\/\/katolicka-gimnazija.hr\/wp-content\/uploads\/2024\/12\/DSCF7629-300x169.jpg 300w, https:\/\/katolicka-gimnazija.hr\/wp-content\/uploads\/2024\/12\/DSCF7629-1024x576.jpg 1024w, https:\/\/katolicka-gimnazija.hr\/wp-content\/uploads\/2024\/12\/DSCF7629-768x432.jpg 768w, https:\/\/katolicka-gimnazija.hr\/wp-content\/uploads\/2024\/12\/DSCF7629-1536x864.jpg 1536w, https:\/\/katolicka-gimnazija.hr\/wp-content\/uploads\/2024\/12\/DSCF7629-2048x1152.jpg 2048w, https:\/\/katolicka-gimnazija.hr\/wp-content\/uploads\/2024\/12\/DSCF7629-400x225.jpg 400w\" sizes=\"auto, (max-width: 300px) 100vw, 300px\" \/><\/a> <a href=\"https:\/\/katolicka-gimnazija.hr\/wp-content\/uploads\/2024\/12\/DSCF7641-scaled.jpg\"><img loading=\"lazy\" decoding=\"async\" class=\"alignnone size-medium wp-image-31901\" src=\"https:\/\/katolicka-gimnazija.hr\/wp-content\/uploads\/2024\/12\/DSCF7641-300x169.jpg\" alt=\"\" width=\"300\" height=\"169\" srcset=\"https:\/\/katolicka-gimnazija.hr\/wp-content\/uploads\/2024\/12\/DSCF7641-300x169.jpg 300w, https:\/\/katolicka-gimnazija.hr\/wp-content\/uploads\/2024\/12\/DSCF7641-1024x576.jpg 1024w, https:\/\/katolicka-gimnazija.hr\/wp-content\/uploads\/2024\/12\/DSCF7641-768x432.jpg 768w, https:\/\/katolicka-gimnazija.hr\/wp-content\/uploads\/2024\/12\/DSCF7641-1536x864.jpg 1536w, https:\/\/katolicka-gimnazija.hr\/wp-content\/uploads\/2024\/12\/DSCF7641-2048x1152.jpg 2048w, https:\/\/katolicka-gimnazija.hr\/wp-content\/uploads\/2024\/12\/DSCF7641-400x225.jpg 400w\" sizes=\"auto, (max-width: 300px) 100vw, 300px\" \/><\/a> <a href=\"https:\/\/katolicka-gimnazija.hr\/wp-content\/uploads\/2024\/12\/DSCF7662-scaled.jpg\"><img loading=\"lazy\" decoding=\"async\" class=\"alignnone size-medium wp-image-31902\" src=\"https:\/\/katolicka-gimnazija.hr\/wp-content\/uploads\/2024\/12\/DSCF7662-300x169.jpg\" alt=\"\" width=\"300\" height=\"169\" srcset=\"https:\/\/katolicka-gimnazija.hr\/wp-content\/uploads\/2024\/12\/DSCF7662-300x169.jpg 300w, https:\/\/katolicka-gimnazija.hr\/wp-content\/uploads\/2024\/12\/DSCF7662-1024x576.jpg 1024w, https:\/\/katolicka-gimnazija.hr\/wp-content\/uploads\/2024\/12\/DSCF7662-768x432.jpg 768w, https:\/\/katolicka-gimnazija.hr\/wp-content\/uploads\/2024\/12\/DSCF7662-1536x864.jpg 1536w, https:\/\/katolicka-gimnazija.hr\/wp-content\/uploads\/2024\/12\/DSCF7662-2048x1152.jpg 2048w, https:\/\/katolicka-gimnazija.hr\/wp-content\/uploads\/2024\/12\/DSCF7662-400x225.jpg 400w\" sizes=\"auto, (max-width: 300px) 100vw, 300px\" \/><\/a> <a href=\"https:\/\/katolicka-gimnazija.hr\/wp-content\/uploads\/2024\/12\/DSCF7666-scaled.jpg\"><img loading=\"lazy\" decoding=\"async\" class=\"alignnone size-medium wp-image-31903\" src=\"https:\/\/katolicka-gimnazija.hr\/wp-content\/uploads\/2024\/12\/DSCF7666-300x163.jpg\" alt=\"\" width=\"300\" height=\"163\" srcset=\"https:\/\/katolicka-gimnazija.hr\/wp-content\/uploads\/2024\/12\/DSCF7666-300x163.jpg 300w, https:\/\/katolicka-gimnazija.hr\/wp-content\/uploads\/2024\/12\/DSCF7666-1024x557.jpg 1024w, https:\/\/katolicka-gimnazija.hr\/wp-content\/uploads\/2024\/12\/DSCF7666-768x417.jpg 768w, https:\/\/katolicka-gimnazija.hr\/wp-content\/uploads\/2024\/12\/DSCF7666-1536x835.jpg 1536w, https:\/\/katolicka-gimnazija.hr\/wp-content\/uploads\/2024\/12\/DSCF7666-2048x1113.jpg 2048w, https:\/\/katolicka-gimnazija.hr\/wp-content\/uploads\/2024\/12\/DSCF7666-400x217.jpg 400w\" sizes=\"auto, (max-width: 300px) 100vw, 300px\" \/><\/a> <a href=\"https:\/\/katolicka-gimnazija.hr\/wp-content\/uploads\/2024\/12\/P1322697-scaled.jpg\"><img loading=\"lazy\" decoding=\"async\" class=\"alignnone size-medium wp-image-31904\" src=\"https:\/\/katolicka-gimnazija.hr\/wp-content\/uploads\/2024\/12\/P1322697-300x169.jpg\" alt=\"\" width=\"300\" height=\"169\" srcset=\"https:\/\/katolicka-gimnazija.hr\/wp-content\/uploads\/2024\/12\/P1322697-300x169.jpg 300w, https:\/\/katolicka-gimnazija.hr\/wp-content\/uploads\/2024\/12\/P1322697-1024x576.jpg 1024w, https:\/\/katolicka-gimnazija.hr\/wp-content\/uploads\/2024\/12\/P1322697-768x432.jpg 768w, https:\/\/katolicka-gimnazija.hr\/wp-content\/uploads\/2024\/12\/P1322697-1536x864.jpg 1536w, https:\/\/katolicka-gimnazija.hr\/wp-content\/uploads\/2024\/12\/P1322697-2048x1152.jpg 2048w, https:\/\/katolicka-gimnazija.hr\/wp-content\/uploads\/2024\/12\/P1322697-400x225.jpg 400w\" sizes=\"auto, (max-width: 300px) 100vw, 300px\" \/><\/a> <a href=\"https:\/\/katolicka-gimnazija.hr\/wp-content\/uploads\/2024\/12\/P1322703-scaled.jpg\"><img loading=\"lazy\" decoding=\"async\" class=\"alignnone size-medium wp-image-31906\" src=\"https:\/\/katolicka-gimnazija.hr\/wp-content\/uploads\/2024\/12\/P1322703-300x169.jpg\" alt=\"\" width=\"300\" height=\"169\" srcset=\"https:\/\/katolicka-gimnazija.hr\/wp-content\/uploads\/2024\/12\/P1322703-300x169.jpg 300w, https:\/\/katolicka-gimnazija.hr\/wp-content\/uploads\/2024\/12\/P1322703-1024x576.jpg 1024w, https:\/\/katolicka-gimnazija.hr\/wp-content\/uploads\/2024\/12\/P1322703-768x432.jpg 768w, https:\/\/katolicka-gimnazija.hr\/wp-content\/uploads\/2024\/12\/P1322703-1536x864.jpg 1536w, https:\/\/katolicka-gimnazija.hr\/wp-content\/uploads\/2024\/12\/P1322703-2048x1152.jpg 2048w, https:\/\/katolicka-gimnazija.hr\/wp-content\/uploads\/2024\/12\/P1322703-400x225.jpg 400w\" sizes=\"auto, (max-width: 300px) 100vw, 300px\" \/><\/a> <a href=\"https:\/\/katolicka-gimnazija.hr\/wp-content\/uploads\/2024\/12\/P1322714-scaled.jpg\"><img loading=\"lazy\" decoding=\"async\" class=\"alignnone size-medium wp-image-31907\" src=\"https:\/\/katolicka-gimnazija.hr\/wp-content\/uploads\/2024\/12\/P1322714-300x169.jpg\" alt=\"\" width=\"300\" height=\"169\" srcset=\"https:\/\/katolicka-gimnazija.hr\/wp-content\/uploads\/2024\/12\/P1322714-300x169.jpg 300w, https:\/\/katolicka-gimnazija.hr\/wp-content\/uploads\/2024\/12\/P1322714-1024x576.jpg 1024w, https:\/\/katolicka-gimnazija.hr\/wp-content\/uploads\/2024\/12\/P1322714-768x432.jpg 768w, https:\/\/katolicka-gimnazija.hr\/wp-content\/uploads\/2024\/12\/P1322714-1536x864.jpg 1536w, https:\/\/katolicka-gimnazija.hr\/wp-content\/uploads\/2024\/12\/P1322714-2048x1152.jpg 2048w, https:\/\/katolicka-gimnazija.hr\/wp-content\/uploads\/2024\/12\/P1322714-400x225.jpg 400w\" sizes=\"auto, (max-width: 300px) 100vw, 300px\" \/><\/a> <a href=\"https:\/\/katolicka-gimnazija.hr\/wp-content\/uploads\/2024\/12\/P1322736-scaled.jpg\"><img loading=\"lazy\" decoding=\"async\" class=\"alignnone size-medium wp-image-31908\" src=\"https:\/\/katolicka-gimnazija.hr\/wp-content\/uploads\/2024\/12\/P1322736-300x169.jpg\" alt=\"\" width=\"300\" height=\"169\" srcset=\"https:\/\/katolicka-gimnazija.hr\/wp-content\/uploads\/2024\/12\/P1322736-300x169.jpg 300w, https:\/\/katolicka-gimnazija.hr\/wp-content\/uploads\/2024\/12\/P1322736-1024x576.jpg 1024w, https:\/\/katolicka-gimnazija.hr\/wp-content\/uploads\/2024\/12\/P1322736-768x432.jpg 768w, https:\/\/katolicka-gimnazija.hr\/wp-content\/uploads\/2024\/12\/P1322736-1536x864.jpg 1536w, https:\/\/katolicka-gimnazija.hr\/wp-content\/uploads\/2024\/12\/P1322736-2048x1152.jpg 2048w, https:\/\/katolicka-gimnazija.hr\/wp-content\/uploads\/2024\/12\/P1322736-400x225.jpg 400w\" sizes=\"auto, (max-width: 300px) 100vw, 300px\" \/><\/a><\/p>\n","protected":false},"excerpt":{"rendered":"<p>U mnogim \u0161kolama diljem Hrvatske pa tako i u na\u0161oj Katoli\u010dkoj gimnaziji s pravom javnosti u Po\u017eegi u \u010detvrtak 5. prosinca 2024. godine odr\u017eana je Ve\u010der matematike. Cilj ove manifestacije je poticanje izgradnje pozitivnog stava prema matematici i kroz sudjelovanje u interaktivnim radionicama otkrivanje sveprisutnosti matematike te spoznaja da svakodnevno uspje\u0161no rje\u0161avamo matemati\u010dke probleme, a [&hellip;]<\/p>\n","protected":false},"author":5,"featured_media":31905,"comment_status":"closed","ping_status":"closed","sticky":false,"template":"","format":"standard","meta":{"footnotes":""},"categories":[2],"tags":[],"class_list":["post-31895","post","type-post","status-publish","format-standard","has-post-thumbnail","hentry","category-vijesti"],"_links":{"self":[{"href":"https:\/\/katolicka-gimnazija.hr\/index.php\/wp-json\/wp\/v2\/posts\/31895","targetHints":{"allow":["GET"]}}],"collection":[{"href":"https:\/\/katolicka-gimnazija.hr\/index.php\/wp-json\/wp\/v2\/posts"}],"about":[{"href":"https:\/\/katolicka-gimnazija.hr\/index.php\/wp-json\/wp\/v2\/types\/post"}],"author":[{"embeddable":true,"href":"https:\/\/katolicka-gimnazija.hr\/index.php\/wp-json\/wp\/v2\/users\/5"}],"replies":[{"embeddable":true,"href":"https:\/\/katolicka-gimnazija.hr\/index.php\/wp-json\/wp\/v2\/comments?post=31895"}],"version-history":[{"count":1,"href":"https:\/\/katolicka-gimnazija.hr\/index.php\/wp-json\/wp\/v2\/posts\/31895\/revisions"}],"predecessor-version":[{"id":31909,"href":"https:\/\/katolicka-gimnazija.hr\/index.php\/wp-json\/wp\/v2\/posts\/31895\/revisions\/31909"}],"wp:featuredmedia":[{"embeddable":true,"href":"https:\/\/katolicka-gimnazija.hr\/index.php\/wp-json\/wp\/v2\/media\/31905"}],"wp:attachment":[{"href":"https:\/\/katolicka-gimnazija.hr\/index.php\/wp-json\/wp\/v2\/media?parent=31895"}],"wp:term":[{"taxonomy":"category","embeddable":true,"href":"https:\/\/katolicka-gimnazija.hr\/index.php\/wp-json\/wp\/v2\/categories?post=31895"},{"taxonomy":"post_tag","embeddable":true,"href":"https:\/\/katolicka-gimnazija.hr\/index.php\/wp-json\/wp\/v2\/tags?post=31895"}],"curies":[{"name":"wp","href":"https:\/\/api.w.org\/{rel}","templated":true}]}}