{"id":31922,"date":"2024-12-17T08:29:38","date_gmt":"2024-12-17T07:29:38","guid":{"rendered":"https:\/\/katolicka-gimnazija.hr\/?p=31922"},"modified":"2024-12-17T08:39:33","modified_gmt":"2024-12-17T07:39:33","slug":"vrijeme-darivanja-u-kg-u","status":"publish","type":"post","link":"https:\/\/katolicka-gimnazija.hr\/index.php\/2024\/12\/17\/vrijeme-darivanja-u-kg-u\/","title":{"rendered":"Vrijeme darivanja u KG-u"},"content":{"rendered":"<p>U adventsko vrijeme koje mnogi nazivaju vremenom darivanja i pozivaju na gotovo sumanutu kupnju darova, poklona i usluga, razmi\u0161ljamo kako je darivanje va\u017eno, ali iz kr\u0161\u0107anske perspektive tu prvotno mislimo na darivanje sebe, svog znanja, sposobnosti i talenata, darivanje svojih vrlina i svoga vremena koje naj\u010de\u0161\u0107e dolazi i bez celofana i bez ma\u0161nice na vrhu.<\/p>\n<p>Kao va\u017ean aspekt odgojno-obrazovnog djelovanja na\u0161e \u0161kole ponosno isti\u010demo kontinuirano\u00a0 darivanje kroz humanitarne aktivnosti i volonterske anga\u017emane na\u0161ih u\u010denika i profesora, uz podr\u0161ku roditelja. Posljednjih dana Caritas na\u0161e Po\u017ee\u0161ke biskupije dobio je novo ruho u digitalnom svijetu \u2013 novu web stranicu &#8211;\u00a0<a href=\"https:\/\/caritas-pozega.hr\/\">Caritas Po\u017ee\u0161ke biskupije<\/a>\u00a0&#8211; gdje mo\u017eete prona\u0107i radosna lica na\u0161ih KG volontera, ne samo u ulozi <strong>fotomodela<\/strong> nego kao istinski <strong>volonteri<\/strong>. Nekolicina na\u0161ih u\u010denika predvo\u0111enih ravnateljem \u0160kole Ivanom Bedeni\u010di\u0107em doprinijela je jedne prosina\u010dke ve\u010deri u <a href=\"https:\/\/caritas-pozega.hr\/2024\/12\/11\/jednokratna-pomoc-iz-robnih-rezervi\/\"><strong>istovaru desetak tona robnih rezervi<\/strong> <\/a>koje su pristigle u biskupijski Caritas. U ime sv. Nikole maturantice predvo\u0111ene koordinatoricom volontera Nikolinom Bodolovi\u0107 od srca su pripremile i zapakirale <a href=\"https:\/\/katolicka-gimnazija.hr\/index.php\/2024\/12\/06\/volonteri-za-nikolinje\/\"><strong>62 dara<\/strong><\/a> za najpotrebitiju djecu u Po\u017ee\u0161tini. Za projekt <strong>\u0160kole u Africi<\/strong> uplatili smo 170 eura prikupljenih prodajom hrane i kola\u010da \u2013 velikodu\u0161nim darom obitelji na\u0161ih u\u010denika i profesora. Darovali smo <strong>Kutije dobrote<\/strong> za najpotrebitije me\u0111u nama, i mo\u017eda tih desetak kutija namirnica nije puno u moru potreba, no \u017eeljeli smo kod na\u0161ih u\u010denika i djelatnika potaknuti empatiju i razvijati solidarnost prema onima kojima je te\u017ee.<\/p>\n<p>I kroz darivanje osvijestiti zahvalnost za darove koje primamo i za darove koje mo\u017eemo potom darovati: svoje ideje, sposobnosti i talente, svoje vrline i svoje vrijeme, svoje lice i osmjeh, svoje vrijedne ruke i iznad svega svoje srce.<\/p>\n<p>Pripremimo srca \u2013 dolazi Spasitelj svijeta!<\/p>\n<div id='gallery-1' class='gallery galleryid-31922 gallery-columns-3 gallery-size-medium'><figure class='gallery-item'>\n\t\t\t<div class='gallery-icon portrait'>\n\t\t\t\t<a href='https:\/\/katolicka-gimnazija.hr\/wp-content\/uploads\/2024\/12\/469532740_1126802299446507_4679869291599020134_n.jpg'><img loading=\"lazy\" decoding=\"async\" width=\"225\" height=\"300\" src=\"https:\/\/katolicka-gimnazija.hr\/wp-content\/uploads\/2024\/12\/469532740_1126802299446507_4679869291599020134_n-225x300.jpg\" class=\"attachment-medium size-medium\" alt=\"\" srcset=\"https:\/\/katolicka-gimnazija.hr\/wp-content\/uploads\/2024\/12\/469532740_1126802299446507_4679869291599020134_n-225x300.jpg 225w, https:\/\/katolicka-gimnazija.hr\/wp-content\/uploads\/2024\/12\/469532740_1126802299446507_4679869291599020134_n-768x1024.jpg 768w, https:\/\/katolicka-gimnazija.hr\/wp-content\/uploads\/2024\/12\/469532740_1126802299446507_4679869291599020134_n-1152x1536.jpg 1152w, https:\/\/katolicka-gimnazija.hr\/wp-content\/uploads\/2024\/12\/469532740_1126802299446507_4679869291599020134_n.jpg 1536w\" sizes=\"auto, (max-width: 225px) 100vw, 225px\" \/><\/a>\n\t\t\t<\/div><\/figure><figure class='gallery-item'>\n\t\t\t<div class='gallery-icon landscape'>\n\t\t\t\t<a href='https:\/\/katolicka-gimnazija.hr\/wp-content\/uploads\/2024\/12\/WhatsApp-Slika-2024-12-17-u-08.25.18_f71768f3.jpg'><img loading=\"lazy\" decoding=\"async\" width=\"300\" height=\"200\" src=\"https:\/\/katolicka-gimnazija.hr\/wp-content\/uploads\/2024\/12\/WhatsApp-Slika-2024-12-17-u-08.25.18_f71768f3-300x200.jpg\" class=\"attachment-medium size-medium\" alt=\"\" srcset=\"https:\/\/katolicka-gimnazija.hr\/wp-content\/uploads\/2024\/12\/WhatsApp-Slika-2024-12-17-u-08.25.18_f71768f3-300x200.jpg 300w, https:\/\/katolicka-gimnazija.hr\/wp-content\/uploads\/2024\/12\/WhatsApp-Slika-2024-12-17-u-08.25.18_f71768f3-1024x682.jpg 1024w, https:\/\/katolicka-gimnazija.hr\/wp-content\/uploads\/2024\/12\/WhatsApp-Slika-2024-12-17-u-08.25.18_f71768f3-768x512.jpg 768w, https:\/\/katolicka-gimnazija.hr\/wp-content\/uploads\/2024\/12\/WhatsApp-Slika-2024-12-17-u-08.25.18_f71768f3-1536x1023.jpg 1536w, https:\/\/katolicka-gimnazija.hr\/wp-content\/uploads\/2024\/12\/WhatsApp-Slika-2024-12-17-u-08.25.18_f71768f3-400x267.jpg 400w, https:\/\/katolicka-gimnazija.hr\/wp-content\/uploads\/2024\/12\/WhatsApp-Slika-2024-12-17-u-08.25.18_f71768f3.jpg 1600w\" sizes=\"auto, (max-width: 300px) 100vw, 300px\" \/><\/a>\n\t\t\t<\/div><\/figure><figure class='gallery-item'>\n\t\t\t<div class='gallery-icon landscape'>\n\t\t\t\t<a href='https:\/\/katolicka-gimnazija.hr\/wp-content\/uploads\/2024\/12\/WhatsApp-Slika-2024-12-17-u-08.25.17_e3895395.jpg'><img loading=\"lazy\" decoding=\"async\" width=\"300\" height=\"200\" src=\"https:\/\/katolicka-gimnazija.hr\/wp-content\/uploads\/2024\/12\/WhatsApp-Slika-2024-12-17-u-08.25.17_e3895395-300x200.jpg\" class=\"attachment-medium size-medium\" alt=\"\" srcset=\"https:\/\/katolicka-gimnazija.hr\/wp-content\/uploads\/2024\/12\/WhatsApp-Slika-2024-12-17-u-08.25.17_e3895395-300x200.jpg 300w, https:\/\/katolicka-gimnazija.hr\/wp-content\/uploads\/2024\/12\/WhatsApp-Slika-2024-12-17-u-08.25.17_e3895395-1024x682.jpg 1024w, https:\/\/katolicka-gimnazija.hr\/wp-content\/uploads\/2024\/12\/WhatsApp-Slika-2024-12-17-u-08.25.17_e3895395-768x512.jpg 768w, https:\/\/katolicka-gimnazija.hr\/wp-content\/uploads\/2024\/12\/WhatsApp-Slika-2024-12-17-u-08.25.17_e3895395-1536x1023.jpg 1536w, https:\/\/katolicka-gimnazija.hr\/wp-content\/uploads\/2024\/12\/WhatsApp-Slika-2024-12-17-u-08.25.17_e3895395-400x267.jpg 400w, https:\/\/katolicka-gimnazija.hr\/wp-content\/uploads\/2024\/12\/WhatsApp-Slika-2024-12-17-u-08.25.17_e3895395.jpg 1600w\" sizes=\"auto, (max-width: 300px) 100vw, 300px\" \/><\/a>\n\t\t\t<\/div><\/figure><figure class='gallery-item'>\n\t\t\t<div class='gallery-icon landscape'>\n\t\t\t\t<a href='https:\/\/katolicka-gimnazija.hr\/wp-content\/uploads\/2024\/12\/WhatsApp-Slika-2024-12-17-u-08.25.17_5feda56f.jpg'><img loading=\"lazy\" decoding=\"async\" width=\"300\" height=\"200\" src=\"https:\/\/katolicka-gimnazija.hr\/wp-content\/uploads\/2024\/12\/WhatsApp-Slika-2024-12-17-u-08.25.17_5feda56f-300x200.jpg\" class=\"attachment-medium size-medium\" alt=\"\" srcset=\"https:\/\/katolicka-gimnazija.hr\/wp-content\/uploads\/2024\/12\/WhatsApp-Slika-2024-12-17-u-08.25.17_5feda56f-300x200.jpg 300w, https:\/\/katolicka-gimnazija.hr\/wp-content\/uploads\/2024\/12\/WhatsApp-Slika-2024-12-17-u-08.25.17_5feda56f-1024x682.jpg 1024w, https:\/\/katolicka-gimnazija.hr\/wp-content\/uploads\/2024\/12\/WhatsApp-Slika-2024-12-17-u-08.25.17_5feda56f-768x512.jpg 768w, https:\/\/katolicka-gimnazija.hr\/wp-content\/uploads\/2024\/12\/WhatsApp-Slika-2024-12-17-u-08.25.17_5feda56f-1536x1023.jpg 1536w, https:\/\/katolicka-gimnazija.hr\/wp-content\/uploads\/2024\/12\/WhatsApp-Slika-2024-12-17-u-08.25.17_5feda56f-400x267.jpg 400w, https:\/\/katolicka-gimnazija.hr\/wp-content\/uploads\/2024\/12\/WhatsApp-Slika-2024-12-17-u-08.25.17_5feda56f.jpg 1600w\" sizes=\"auto, (max-width: 300px) 100vw, 300px\" \/><\/a>\n\t\t\t<\/div><\/figure><figure class='gallery-item'>\n\t\t\t<div class='gallery-icon landscape'>\n\t\t\t\t<a href='https:\/\/katolicka-gimnazija.hr\/wp-content\/uploads\/2024\/12\/WhatsApp-Slika-2024-12-17-u-08.25.16_4a37d825.jpg'><img loading=\"lazy\" decoding=\"async\" width=\"300\" height=\"200\" src=\"https:\/\/katolicka-gimnazija.hr\/wp-content\/uploads\/2024\/12\/WhatsApp-Slika-2024-12-17-u-08.25.16_4a37d825-300x200.jpg\" class=\"attachment-medium size-medium\" alt=\"\" srcset=\"https:\/\/katolicka-gimnazija.hr\/wp-content\/uploads\/2024\/12\/WhatsApp-Slika-2024-12-17-u-08.25.16_4a37d825-300x200.jpg 300w, https:\/\/katolicka-gimnazija.hr\/wp-content\/uploads\/2024\/12\/WhatsApp-Slika-2024-12-17-u-08.25.16_4a37d825-1024x682.jpg 1024w, https:\/\/katolicka-gimnazija.hr\/wp-content\/uploads\/2024\/12\/WhatsApp-Slika-2024-12-17-u-08.25.16_4a37d825-768x512.jpg 768w, https:\/\/katolicka-gimnazija.hr\/wp-content\/uploads\/2024\/12\/WhatsApp-Slika-2024-12-17-u-08.25.16_4a37d825-1536x1023.jpg 1536w, https:\/\/katolicka-gimnazija.hr\/wp-content\/uploads\/2024\/12\/WhatsApp-Slika-2024-12-17-u-08.25.16_4a37d825-400x267.jpg 400w, https:\/\/katolicka-gimnazija.hr\/wp-content\/uploads\/2024\/12\/WhatsApp-Slika-2024-12-17-u-08.25.16_4a37d825.jpg 1600w\" sizes=\"auto, (max-width: 300px) 100vw, 300px\" \/><\/a>\n\t\t\t<\/div><\/figure><figure class='gallery-item'>\n\t\t\t<div class='gallery-icon landscape'>\n\t\t\t\t<a href='https:\/\/katolicka-gimnazija.hr\/wp-content\/uploads\/2024\/12\/468574510_1120285906764813_6516232220373727889_n.jpg'><img loading=\"lazy\" decoding=\"async\" width=\"300\" height=\"225\" src=\"https:\/\/katolicka-gimnazija.hr\/wp-content\/uploads\/2024\/12\/468574510_1120285906764813_6516232220373727889_n-300x225.jpg\" class=\"attachment-medium size-medium\" alt=\"\" srcset=\"https:\/\/katolicka-gimnazija.hr\/wp-content\/uploads\/2024\/12\/468574510_1120285906764813_6516232220373727889_n-300x225.jpg 300w, https:\/\/katolicka-gimnazija.hr\/wp-content\/uploads\/2024\/12\/468574510_1120285906764813_6516232220373727889_n-1024x768.jpg 1024w, https:\/\/katolicka-gimnazija.hr\/wp-content\/uploads\/2024\/12\/468574510_1120285906764813_6516232220373727889_n-768x576.jpg 768w, https:\/\/katolicka-gimnazija.hr\/wp-content\/uploads\/2024\/12\/468574510_1120285906764813_6516232220373727889_n-1536x1152.jpg 1536w, https:\/\/katolicka-gimnazija.hr\/wp-content\/uploads\/2024\/12\/468574510_1120285906764813_6516232220373727889_n-400x300.jpg 400w, https:\/\/katolicka-gimnazija.hr\/wp-content\/uploads\/2024\/12\/468574510_1120285906764813_6516232220373727889_n.jpg 2048w\" sizes=\"auto, (max-width: 300px) 100vw, 300px\" \/><\/a>\n\t\t\t<\/div><\/figure><figure class='gallery-item'>\n\t\t\t<div class='gallery-icon landscape'>\n\t\t\t\t<a href='https:\/\/katolicka-gimnazija.hr\/wp-content\/uploads\/2024\/12\/WhatsApp-Slika-2024-12-17-u-08.25.17_ebff5c6b.jpg'><img loading=\"lazy\" decoding=\"async\" width=\"300\" height=\"200\" src=\"https:\/\/katolicka-gimnazija.hr\/wp-content\/uploads\/2024\/12\/WhatsApp-Slika-2024-12-17-u-08.25.17_ebff5c6b-300x200.jpg\" class=\"attachment-medium size-medium\" alt=\"\" srcset=\"https:\/\/katolicka-gimnazija.hr\/wp-content\/uploads\/2024\/12\/WhatsApp-Slika-2024-12-17-u-08.25.17_ebff5c6b-300x200.jpg 300w, https:\/\/katolicka-gimnazija.hr\/wp-content\/uploads\/2024\/12\/WhatsApp-Slika-2024-12-17-u-08.25.17_ebff5c6b-1024x682.jpg 1024w, https:\/\/katolicka-gimnazija.hr\/wp-content\/uploads\/2024\/12\/WhatsApp-Slika-2024-12-17-u-08.25.17_ebff5c6b-768x512.jpg 768w, https:\/\/katolicka-gimnazija.hr\/wp-content\/uploads\/2024\/12\/WhatsApp-Slika-2024-12-17-u-08.25.17_ebff5c6b-1536x1023.jpg 1536w, https:\/\/katolicka-gimnazija.hr\/wp-content\/uploads\/2024\/12\/WhatsApp-Slika-2024-12-17-u-08.25.17_ebff5c6b-400x267.jpg 400w, https:\/\/katolicka-gimnazija.hr\/wp-content\/uploads\/2024\/12\/WhatsApp-Slika-2024-12-17-u-08.25.17_ebff5c6b.jpg 1600w\" sizes=\"auto, (max-width: 300px) 100vw, 300px\" \/><\/a>\n\t\t\t<\/div><\/figure><figure class='gallery-item'>\n\t\t\t<div class='gallery-icon landscape'>\n\t\t\t\t<a href='https:\/\/katolicka-gimnazija.hr\/wp-content\/uploads\/2024\/12\/1000008105-1024x768-1.jpg'><img loading=\"lazy\" decoding=\"async\" width=\"300\" height=\"225\" src=\"https:\/\/katolicka-gimnazija.hr\/wp-content\/uploads\/2024\/12\/1000008105-1024x768-1-300x225.jpg\" class=\"attachment-medium size-medium\" alt=\"\" srcset=\"https:\/\/katolicka-gimnazija.hr\/wp-content\/uploads\/2024\/12\/1000008105-1024x768-1-300x225.jpg 300w, https:\/\/katolicka-gimnazija.hr\/wp-content\/uploads\/2024\/12\/1000008105-1024x768-1-768x576.jpg 768w, https:\/\/katolicka-gimnazija.hr\/wp-content\/uploads\/2024\/12\/1000008105-1024x768-1-400x300.jpg 400w, https:\/\/katolicka-gimnazija.hr\/wp-content\/uploads\/2024\/12\/1000008105-1024x768-1.jpg 1024w\" sizes=\"auto, (max-width: 300px) 100vw, 300px\" \/><\/a>\n\t\t\t<\/div><\/figure><figure class='gallery-item'>\n\t\t\t<div class='gallery-icon landscape'>\n\t\t\t\t<a href='https:\/\/katolicka-gimnazija.hr\/wp-content\/uploads\/2024\/12\/WhatsApp-Slika-2024-12-17-u-08.25.18_2968eba7.jpg'><img loading=\"lazy\" decoding=\"async\" width=\"300\" height=\"200\" src=\"https:\/\/katolicka-gimnazija.hr\/wp-content\/uploads\/2024\/12\/WhatsApp-Slika-2024-12-17-u-08.25.18_2968eba7-300x200.jpg\" class=\"attachment-medium size-medium\" alt=\"\" srcset=\"https:\/\/katolicka-gimnazija.hr\/wp-content\/uploads\/2024\/12\/WhatsApp-Slika-2024-12-17-u-08.25.18_2968eba7-300x200.jpg 300w, https:\/\/katolicka-gimnazija.hr\/wp-content\/uploads\/2024\/12\/WhatsApp-Slika-2024-12-17-u-08.25.18_2968eba7-1024x682.jpg 1024w, https:\/\/katolicka-gimnazija.hr\/wp-content\/uploads\/2024\/12\/WhatsApp-Slika-2024-12-17-u-08.25.18_2968eba7-768x512.jpg 768w, https:\/\/katolicka-gimnazija.hr\/wp-content\/uploads\/2024\/12\/WhatsApp-Slika-2024-12-17-u-08.25.18_2968eba7-1536x1023.jpg 1536w, https:\/\/katolicka-gimnazija.hr\/wp-content\/uploads\/2024\/12\/WhatsApp-Slika-2024-12-17-u-08.25.18_2968eba7-400x267.jpg 400w, https:\/\/katolicka-gimnazija.hr\/wp-content\/uploads\/2024\/12\/WhatsApp-Slika-2024-12-17-u-08.25.18_2968eba7.jpg 1600w\" sizes=\"auto, (max-width: 300px) 100vw, 300px\" \/><\/a>\n\t\t\t<\/div><\/figure><figure class='gallery-item'>\n\t\t\t<div class='gallery-icon landscape'>\n\t\t\t\t<a href='https:\/\/katolicka-gimnazija.hr\/wp-content\/uploads\/2024\/12\/WhatsApp-Slika-2024-12-17-u-08.25.17_c485940f.jpg'><img loading=\"lazy\" decoding=\"async\" width=\"300\" height=\"84\" src=\"https:\/\/katolicka-gimnazija.hr\/wp-content\/uploads\/2024\/12\/WhatsApp-Slika-2024-12-17-u-08.25.17_c485940f-300x84.jpg\" class=\"attachment-medium size-medium\" alt=\"\" srcset=\"https:\/\/katolicka-gimnazija.hr\/wp-content\/uploads\/2024\/12\/WhatsApp-Slika-2024-12-17-u-08.25.17_c485940f-300x84.jpg 300w, https:\/\/katolicka-gimnazija.hr\/wp-content\/uploads\/2024\/12\/WhatsApp-Slika-2024-12-17-u-08.25.17_c485940f-1024x286.jpg 1024w, https:\/\/katolicka-gimnazija.hr\/wp-content\/uploads\/2024\/12\/WhatsApp-Slika-2024-12-17-u-08.25.17_c485940f-768x215.jpg 768w, https:\/\/katolicka-gimnazija.hr\/wp-content\/uploads\/2024\/12\/WhatsApp-Slika-2024-12-17-u-08.25.17_c485940f-1536x429.jpg 1536w, https:\/\/katolicka-gimnazija.hr\/wp-content\/uploads\/2024\/12\/WhatsApp-Slika-2024-12-17-u-08.25.17_c485940f-400x112.jpg 400w, https:\/\/katolicka-gimnazija.hr\/wp-content\/uploads\/2024\/12\/WhatsApp-Slika-2024-12-17-u-08.25.17_c485940f.jpg 1600w\" sizes=\"auto, (max-width: 300px) 100vw, 300px\" \/><\/a>\n\t\t\t<\/div><\/figure><figure class='gallery-item'>\n\t\t\t<div class='gallery-icon landscape'>\n\t\t\t\t<a href='https:\/\/katolicka-gimnazija.hr\/wp-content\/uploads\/2024\/12\/WhatsApp-Slika-2024-12-17-u-08.25.18_dfb3d93e.jpg'><img loading=\"lazy\" decoding=\"async\" width=\"300\" height=\"84\" src=\"https:\/\/katolicka-gimnazija.hr\/wp-content\/uploads\/2024\/12\/WhatsApp-Slika-2024-12-17-u-08.25.18_dfb3d93e-300x84.jpg\" class=\"attachment-medium size-medium\" alt=\"\" srcset=\"https:\/\/katolicka-gimnazija.hr\/wp-content\/uploads\/2024\/12\/WhatsApp-Slika-2024-12-17-u-08.25.18_dfb3d93e-300x84.jpg 300w, https:\/\/katolicka-gimnazija.hr\/wp-content\/uploads\/2024\/12\/WhatsApp-Slika-2024-12-17-u-08.25.18_dfb3d93e-1024x286.jpg 1024w, https:\/\/katolicka-gimnazija.hr\/wp-content\/uploads\/2024\/12\/WhatsApp-Slika-2024-12-17-u-08.25.18_dfb3d93e-768x215.jpg 768w, https:\/\/katolicka-gimnazija.hr\/wp-content\/uploads\/2024\/12\/WhatsApp-Slika-2024-12-17-u-08.25.18_dfb3d93e-1536x429.jpg 1536w, https:\/\/katolicka-gimnazija.hr\/wp-content\/uploads\/2024\/12\/WhatsApp-Slika-2024-12-17-u-08.25.18_dfb3d93e-400x112.jpg 400w, https:\/\/katolicka-gimnazija.hr\/wp-content\/uploads\/2024\/12\/WhatsApp-Slika-2024-12-17-u-08.25.18_dfb3d93e.jpg 1600w\" sizes=\"auto, (max-width: 300px) 100vw, 300px\" \/><\/a>\n\t\t\t<\/div><\/figure><figure class='gallery-item'>\n\t\t\t<div class='gallery-icon landscape'>\n\t\t\t\t<a href='https:\/\/katolicka-gimnazija.hr\/wp-content\/uploads\/2024\/12\/volonteri.jpg'><img loading=\"lazy\" decoding=\"async\" width=\"300\" height=\"84\" src=\"https:\/\/katolicka-gimnazija.hr\/wp-content\/uploads\/2024\/12\/volonteri-300x84.jpg\" class=\"attachment-medium size-medium\" alt=\"\" srcset=\"https:\/\/katolicka-gimnazija.hr\/wp-content\/uploads\/2024\/12\/volonteri-300x84.jpg 300w, https:\/\/katolicka-gimnazija.hr\/wp-content\/uploads\/2024\/12\/volonteri-1024x286.jpg 1024w, https:\/\/katolicka-gimnazija.hr\/wp-content\/uploads\/2024\/12\/volonteri-768x214.jpg 768w, https:\/\/katolicka-gimnazija.hr\/wp-content\/uploads\/2024\/12\/volonteri-1536x429.jpg 1536w, https:\/\/katolicka-gimnazija.hr\/wp-content\/uploads\/2024\/12\/volonteri-400x112.jpg 400w, https:\/\/katolicka-gimnazija.hr\/wp-content\/uploads\/2024\/12\/volonteri.jpg 1920w\" sizes=\"auto, (max-width: 300px) 100vw, 300px\" \/><\/a>\n\t\t\t<\/div><\/figure><figure class='gallery-item'>\n\t\t\t<div class='gallery-icon landscape'>\n\t\t\t\t<a href='https:\/\/katolicka-gimnazija.hr\/wp-content\/uploads\/2024\/12\/WhatsApp-Slika-2024-12-17-u-08.25.17_21d7907b.jpg'><img loading=\"lazy\" decoding=\"async\" width=\"300\" height=\"200\" src=\"https:\/\/katolicka-gimnazija.hr\/wp-content\/uploads\/2024\/12\/WhatsApp-Slika-2024-12-17-u-08.25.17_21d7907b-300x200.jpg\" class=\"attachment-medium size-medium\" alt=\"\" srcset=\"https:\/\/katolicka-gimnazija.hr\/wp-content\/uploads\/2024\/12\/WhatsApp-Slika-2024-12-17-u-08.25.17_21d7907b-300x200.jpg 300w, https:\/\/katolicka-gimnazija.hr\/wp-content\/uploads\/2024\/12\/WhatsApp-Slika-2024-12-17-u-08.25.17_21d7907b-1024x682.jpg 1024w, https:\/\/katolicka-gimnazija.hr\/wp-content\/uploads\/2024\/12\/WhatsApp-Slika-2024-12-17-u-08.25.17_21d7907b-768x512.jpg 768w, https:\/\/katolicka-gimnazija.hr\/wp-content\/uploads\/2024\/12\/WhatsApp-Slika-2024-12-17-u-08.25.17_21d7907b-1536x1023.jpg 1536w, https:\/\/katolicka-gimnazija.hr\/wp-content\/uploads\/2024\/12\/WhatsApp-Slika-2024-12-17-u-08.25.17_21d7907b-400x267.jpg 400w, https:\/\/katolicka-gimnazija.hr\/wp-content\/uploads\/2024\/12\/WhatsApp-Slika-2024-12-17-u-08.25.17_21d7907b.jpg 1600w\" sizes=\"auto, (max-width: 300px) 100vw, 300px\" \/><\/a>\n\t\t\t<\/div><\/figure><figure class='gallery-item'>\n\t\t\t<div class='gallery-icon landscape'>\n\t\t\t\t<a href='https:\/\/katolicka-gimnazija.hr\/wp-content\/uploads\/2024\/12\/469471360_1126802406113163_1962120421567350340_n.jpg'><img loading=\"lazy\" decoding=\"async\" width=\"300\" height=\"225\" src=\"https:\/\/katolicka-gimnazija.hr\/wp-content\/uploads\/2024\/12\/469471360_1126802406113163_1962120421567350340_n-300x225.jpg\" class=\"attachment-medium size-medium\" alt=\"\" srcset=\"https:\/\/katolicka-gimnazija.hr\/wp-content\/uploads\/2024\/12\/469471360_1126802406113163_1962120421567350340_n-300x225.jpg 300w, https:\/\/katolicka-gimnazija.hr\/wp-content\/uploads\/2024\/12\/469471360_1126802406113163_1962120421567350340_n-1024x768.jpg 1024w, https:\/\/katolicka-gimnazija.hr\/wp-content\/uploads\/2024\/12\/469471360_1126802406113163_1962120421567350340_n-768x576.jpg 768w, https:\/\/katolicka-gimnazija.hr\/wp-content\/uploads\/2024\/12\/469471360_1126802406113163_1962120421567350340_n-1536x1152.jpg 1536w, https:\/\/katolicka-gimnazija.hr\/wp-content\/uploads\/2024\/12\/469471360_1126802406113163_1962120421567350340_n-400x300.jpg 400w, https:\/\/katolicka-gimnazija.hr\/wp-content\/uploads\/2024\/12\/469471360_1126802406113163_1962120421567350340_n.jpg 2048w\" sizes=\"auto, (max-width: 300px) 100vw, 300px\" \/><\/a>\n\t\t\t<\/div><\/figure><figure class='gallery-item'>\n\t\t\t<div class='gallery-icon landscape'>\n\t\t\t\t<a href='https:\/\/katolicka-gimnazija.hr\/wp-content\/uploads\/2024\/12\/IMG-20241213-WA0000.jpg'><img loading=\"lazy\" decoding=\"async\" width=\"300\" height=\"251\" src=\"https:\/\/katolicka-gimnazija.hr\/wp-content\/uploads\/2024\/12\/IMG-20241213-WA0000-300x251.jpg\" class=\"attachment-medium size-medium\" alt=\"\" srcset=\"https:\/\/katolicka-gimnazija.hr\/wp-content\/uploads\/2024\/12\/IMG-20241213-WA0000-300x251.jpg 300w, https:\/\/katolicka-gimnazija.hr\/wp-content\/uploads\/2024\/12\/IMG-20241213-WA0000-768x644.jpg 768w, https:\/\/katolicka-gimnazija.hr\/wp-content\/uploads\/2024\/12\/IMG-20241213-WA0000-358x300.jpg 358w, https:\/\/katolicka-gimnazija.hr\/wp-content\/uploads\/2024\/12\/IMG-20241213-WA0000.jpg 940w\" sizes=\"auto, (max-width: 300px) 100vw, 300px\" \/><\/a>\n\t\t\t<\/div><\/figure><figure class='gallery-item'>\n\t\t\t<div class='gallery-icon landscape'>\n\t\t\t\t<a href='https:\/\/katolicka-gimnazija.hr\/wp-content\/uploads\/2024\/12\/WhatsApp-Slika-2024-12-17-u-08.25.16_6fd9b7b7.jpg'><img loading=\"lazy\" decoding=\"async\" width=\"300\" height=\"200\" src=\"https:\/\/katolicka-gimnazija.hr\/wp-content\/uploads\/2024\/12\/WhatsApp-Slika-2024-12-17-u-08.25.16_6fd9b7b7-300x200.jpg\" class=\"attachment-medium size-medium\" alt=\"\" srcset=\"https:\/\/katolicka-gimnazija.hr\/wp-content\/uploads\/2024\/12\/WhatsApp-Slika-2024-12-17-u-08.25.16_6fd9b7b7-300x200.jpg 300w, https:\/\/katolicka-gimnazija.hr\/wp-content\/uploads\/2024\/12\/WhatsApp-Slika-2024-12-17-u-08.25.16_6fd9b7b7-1024x682.jpg 1024w, https:\/\/katolicka-gimnazija.hr\/wp-content\/uploads\/2024\/12\/WhatsApp-Slika-2024-12-17-u-08.25.16_6fd9b7b7-768x512.jpg 768w, https:\/\/katolicka-gimnazija.hr\/wp-content\/uploads\/2024\/12\/WhatsApp-Slika-2024-12-17-u-08.25.16_6fd9b7b7-1536x1023.jpg 1536w, https:\/\/katolicka-gimnazija.hr\/wp-content\/uploads\/2024\/12\/WhatsApp-Slika-2024-12-17-u-08.25.16_6fd9b7b7-400x267.jpg 400w, https:\/\/katolicka-gimnazija.hr\/wp-content\/uploads\/2024\/12\/WhatsApp-Slika-2024-12-17-u-08.25.16_6fd9b7b7.jpg 1600w\" sizes=\"auto, (max-width: 300px) 100vw, 300px\" \/><\/a>\n\t\t\t<\/div><\/figure>\n\t\t<\/div>\n\n","protected":false},"excerpt":{"rendered":"<p>U adventsko vrijeme koje mnogi nazivaju vremenom darivanja i pozivaju na gotovo sumanutu kupnju darova, poklona i usluga, razmi\u0161ljamo kako je darivanje va\u017eno, ali iz kr\u0161\u0107anske perspektive tu prvotno mislimo na darivanje sebe, svog znanja, sposobnosti i talenata, darivanje svojih vrlina i svoga vremena koje naj\u010de\u0161\u0107e dolazi i bez celofana i bez ma\u0161nice na vrhu. [&hellip;]<\/p>\n","protected":false},"author":13,"featured_media":31935,"comment_status":"closed","ping_status":"closed","sticky":false,"template":"","format":"standard","meta":{"footnotes":""},"categories":[4,208,2],"tags":[],"class_list":["post-31922","post","type-post","status-publish","format-standard","has-post-thumbnail","hentry","category-fotogalerije","category-humanitarno","category-vijesti"],"_links":{"self":[{"href":"https:\/\/katolicka-gimnazija.hr\/index.php\/wp-json\/wp\/v2\/posts\/31922","targetHints":{"allow":["GET"]}}],"collection":[{"href":"https:\/\/katolicka-gimnazija.hr\/index.php\/wp-json\/wp\/v2\/posts"}],"about":[{"href":"https:\/\/katolicka-gimnazija.hr\/index.php\/wp-json\/wp\/v2\/types\/post"}],"author":[{"embeddable":true,"href":"https:\/\/katolicka-gimnazija.hr\/index.php\/wp-json\/wp\/v2\/users\/13"}],"replies":[{"embeddable":true,"href":"https:\/\/katolicka-gimnazija.hr\/index.php\/wp-json\/wp\/v2\/comments?post=31922"}],"version-history":[{"count":4,"href":"https:\/\/katolicka-gimnazija.hr\/index.php\/wp-json\/wp\/v2\/posts\/31922\/revisions"}],"predecessor-version":[{"id":31943,"href":"https:\/\/katolicka-gimnazija.hr\/index.php\/wp-json\/wp\/v2\/posts\/31922\/revisions\/31943"}],"wp:featuredmedia":[{"embeddable":true,"href":"https:\/\/katolicka-gimnazija.hr\/index.php\/wp-json\/wp\/v2\/media\/31935"}],"wp:attachment":[{"href":"https:\/\/katolicka-gimnazija.hr\/index.php\/wp-json\/wp\/v2\/media?parent=31922"}],"wp:term":[{"taxonomy":"category","embeddable":true,"href":"https:\/\/katolicka-gimnazija.hr\/index.php\/wp-json\/wp\/v2\/categories?post=31922"},{"taxonomy":"post_tag","embeddable":true,"href":"https:\/\/katolicka-gimnazija.hr\/index.php\/wp-json\/wp\/v2\/tags?post=31922"}],"curies":[{"name":"wp","href":"https:\/\/api.w.org\/{rel}","templated":true}]}}