{"id":32369,"date":"2025-04-01T12:48:15","date_gmt":"2025-04-01T10:48:15","guid":{"rendered":"https:\/\/katolicka-gimnazija.hr\/?p=32369"},"modified":"2025-04-02T12:56:34","modified_gmt":"2025-04-02T10:56:34","slug":"izvrsna-geograf-generacija-2025","status":"publish","type":"post","link":"https:\/\/katolicka-gimnazija.hr\/index.php\/2025\/04\/01\/izvrsna-geograf-generacija-2025\/","title":{"rendered":"Izvrsna geograf-generacija 2025."},"content":{"rendered":"<p>Nemogu\u0107e je razumjeti povijest, me\u0111unarodnu politiku, svjetsko gospodarstvo, religiju i kulturu bez geografije, a na\u0161i mladi\u0107i su pokazali da itekako razumiju puno toga na \u017dupanijskom natjecanju 31. o\u017eujka u Ekonomskoj \u0161koli. Na\u0161a \u0161kola imala je 7 predstavnika koji su osvojili sljede\u0107a mjesta:<\/p>\n<p>1.razredi: David Slodo, 3. mjesto<\/p>\n<p>2.razredi: Karlo Pranji\u0107, 2.mjesto, David Ciraki 4.mjesto<\/p>\n<p>4. razredi: Ivan Ili\u010di\u0107 i Mihael Pojer 1. mjesto, Emanuel Pera\u0161ini\u0107 4. mjesto i Marin Solina 5. mjesto.<\/p>\n<p>Mentori Josip Alaber i Milena \u0160koda.<\/p>\n<p>\u010cestitke de\u010dkima!<\/p>\n","protected":false},"excerpt":{"rendered":"<p>Nemogu\u0107e je razumjeti povijest, me\u0111unarodnu politiku, svjetsko gospodarstvo, religiju i kulturu bez geografije, a na\u0161i mladi\u0107i su pokazali da itekako razumiju puno toga na \u017dupanijskom natjecanju 31. o\u017eujka u Ekonomskoj \u0161koli. Na\u0161a \u0161kola imala je 7 predstavnika koji su osvojili sljede\u0107a mjesta: 1.razredi: David Slodo, 3. mjesto 2.razredi: Karlo Pranji\u0107, 2.mjesto, David Ciraki 4.mjesto 4. [&hellip;]<\/p>\n","protected":false},"author":94,"featured_media":32371,"comment_status":"closed","ping_status":"closed","sticky":false,"template":"","format":"standard","meta":{"footnotes":""},"categories":[209,2],"tags":[],"class_list":["post-32369","post","type-post","status-publish","format-standard","has-post-thumbnail","hentry","category-natjecanja","category-vijesti"],"_links":{"self":[{"href":"https:\/\/katolicka-gimnazija.hr\/index.php\/wp-json\/wp\/v2\/posts\/32369","targetHints":{"allow":["GET"]}}],"collection":[{"href":"https:\/\/katolicka-gimnazija.hr\/index.php\/wp-json\/wp\/v2\/posts"}],"about":[{"href":"https:\/\/katolicka-gimnazija.hr\/index.php\/wp-json\/wp\/v2\/types\/post"}],"author":[{"embeddable":true,"href":"https:\/\/katolicka-gimnazija.hr\/index.php\/wp-json\/wp\/v2\/users\/94"}],"replies":[{"embeddable":true,"href":"https:\/\/katolicka-gimnazija.hr\/index.php\/wp-json\/wp\/v2\/comments?post=32369"}],"version-history":[{"count":2,"href":"https:\/\/katolicka-gimnazija.hr\/index.php\/wp-json\/wp\/v2\/posts\/32369\/revisions"}],"predecessor-version":[{"id":32373,"href":"https:\/\/katolicka-gimnazija.hr\/index.php\/wp-json\/wp\/v2\/posts\/32369\/revisions\/32373"}],"wp:featuredmedia":[{"embeddable":true,"href":"https:\/\/katolicka-gimnazija.hr\/index.php\/wp-json\/wp\/v2\/media\/32371"}],"wp:attachment":[{"href":"https:\/\/katolicka-gimnazija.hr\/index.php\/wp-json\/wp\/v2\/media?parent=32369"}],"wp:term":[{"taxonomy":"category","embeddable":true,"href":"https:\/\/katolicka-gimnazija.hr\/index.php\/wp-json\/wp\/v2\/categories?post=32369"},{"taxonomy":"post_tag","embeddable":true,"href":"https:\/\/katolicka-gimnazija.hr\/index.php\/wp-json\/wp\/v2\/tags?post=32369"}],"curies":[{"name":"wp","href":"https:\/\/api.w.org\/{rel}","templated":true}]}}