{"id":32374,"date":"2025-04-02T18:46:07","date_gmt":"2025-04-02T16:46:07","guid":{"rendered":"https:\/\/katolicka-gimnazija.hr\/?p=32374"},"modified":"2025-04-02T18:46:07","modified_gmt":"2025-04-02T16:46:07","slug":"poslovi-nastavnika-povijesti-rezultati-natjecaja-ishod-natjecajnog-postupka","status":"publish","type":"post","link":"https:\/\/katolicka-gimnazija.hr\/index.php\/2025\/04\/02\/poslovi-nastavnika-povijesti-rezultati-natjecaja-ishod-natjecajnog-postupka\/","title":{"rendered":"Poslovi nastavnika povijesti \u2013 rezultati natje\u010daja \u2013 ishod natje\u010dajnog postupka"},"content":{"rendered":"<p>KATOLI\u010cKA GIMNAZIJA S PRAVOM JAVNOSTI<\/p>\n<p>Po\u017eega, Pape Ivana Pavla II. 6<\/p>\n<p>KLASA: 112-01\/25-01\/1<\/p>\n<p>URBROJ: 2177-1-21-25-49<\/p>\n<p>Po\u017eega, 28. o\u017eujka 2025.<\/p>\n<p>Na temelju \u010dlanka 114. stavka 1., a u vezi s \u010dlankom 107. stavkom 11. podstavkom 1. Zakona o odgoju i obrazovanju u osnovnoj i srednjoj \u0161koli (Narodne novine broj 87\/2008, 86\/2009, 92\/2010, 105\/2010, 90\/2011, 16\/2012, 86\/2012, 94\/2013, 152\/2014, 7\/2017, 68\/2018, 98\/2019, 64\/2020, 151\/2022 i 156\/2023), ravnatelj Katoli\u010dke gimnazije s pravom javnosti donio je<\/p>\n<p>ODLUKU<\/p>\n<p>O NEIZBORU KANDIDATA NA NATJE\u010cAJU<\/p>\n<ol>\n<li>Nakon provedenog natje\u010daja s rokom za primanje prijava kandidata od 13. do 21. 2. 2025. za poslove nastavnika povijesti, na odre\u0111eno vrijeme zbog zamjene do povratka s roditeljskog dopusta, s nepunim radnim vremenom od 36 sati tjedno, odlu\u010deno je uz prethodnu suglasnost \u0160kolskog odbora da se kandidata na natje\u010daju ne izabere, budu\u0107i da kandidati nisu zadovoljili postavljenim kriterijima na razgovoru (intervjuu).<\/li>\n<li>Na poslovima iz stavka (1) ove Odluke radni odnos zasnovat \u0107e se na propisan na\u010din kada je zbog obavljanja poslova koji ne trpe odgodu potrebno zaposliti osobu na vrijeme do 60 dana, bez natje\u010daja, s obzirom na zavr\u0161etak nastavne godine 2024.\/2025. i na povratak s roditeljskog dopusta.<\/li>\n<li>Ova Odluka stupa na snagu danom dono\u0161enja.<\/li>\n<li>Objavom ove Odluke na internetskim stranicama smatra se da smo sve kandidate obavijestili o rezultatima natje\u010daja odnosno da smo objavili ishode natje\u010dajnog postupka.<\/li>\n<\/ol>\n<p>RAVNATELJ<\/p>\n<p>Ivan Bedeni\u010di\u0107, dipl. grec. i lat.<\/p>\n<p>&nbsp;<\/p>\n<p>&nbsp;<\/p>\n<p>&nbsp;<\/p>\n<p>&nbsp;<\/p>\n<p>&nbsp;<\/p>\n<p>O tome obavijest:<\/p>\n<ol>\n<li>Pismohrani, ovdje<\/li>\n<li>Na internetske stranice<\/li>\n<\/ol>\n","protected":false},"excerpt":{"rendered":"<p>KATOLI\u010cKA GIMNAZIJA S PRAVOM JAVNOSTI Po\u017eega, Pape Ivana Pavla II. 6 KLASA: 112-01\/25-01\/1 URBROJ: 2177-1-21-25-49 Po\u017eega, 28. o\u017eujka 2025. Na temelju \u010dlanka 114. stavka 1., a u vezi s \u010dlankom 107. stavkom 11. podstavkom 1. Zakona o odgoju i obrazovanju u osnovnoj i srednjoj \u0161koli (Narodne novine broj 87\/2008, 86\/2009, 92\/2010, 105\/2010, 90\/2011, 16\/2012, 86\/2012, [&hellip;]<\/p>\n","protected":false},"author":75,"featured_media":0,"comment_status":"closed","ping_status":"closed","sticky":false,"template":"","format":"standard","meta":{"footnotes":""},"categories":[192],"tags":[],"class_list":["post-32374","post","type-post","status-publish","format-standard","hentry","category-natjecaji"],"_links":{"self":[{"href":"https:\/\/katolicka-gimnazija.hr\/index.php\/wp-json\/wp\/v2\/posts\/32374","targetHints":{"allow":["GET"]}}],"collection":[{"href":"https:\/\/katolicka-gimnazija.hr\/index.php\/wp-json\/wp\/v2\/posts"}],"about":[{"href":"https:\/\/katolicka-gimnazija.hr\/index.php\/wp-json\/wp\/v2\/types\/post"}],"author":[{"embeddable":true,"href":"https:\/\/katolicka-gimnazija.hr\/index.php\/wp-json\/wp\/v2\/users\/75"}],"replies":[{"embeddable":true,"href":"https:\/\/katolicka-gimnazija.hr\/index.php\/wp-json\/wp\/v2\/comments?post=32374"}],"version-history":[{"count":1,"href":"https:\/\/katolicka-gimnazija.hr\/index.php\/wp-json\/wp\/v2\/posts\/32374\/revisions"}],"predecessor-version":[{"id":32375,"href":"https:\/\/katolicka-gimnazija.hr\/index.php\/wp-json\/wp\/v2\/posts\/32374\/revisions\/32375"}],"wp:attachment":[{"href":"https:\/\/katolicka-gimnazija.hr\/index.php\/wp-json\/wp\/v2\/media?parent=32374"}],"wp:term":[{"taxonomy":"category","embeddable":true,"href":"https:\/\/katolicka-gimnazija.hr\/index.php\/wp-json\/wp\/v2\/categories?post=32374"},{"taxonomy":"post_tag","embeddable":true,"href":"https:\/\/katolicka-gimnazija.hr\/index.php\/wp-json\/wp\/v2\/tags?post=32374"}],"curies":[{"name":"wp","href":"https:\/\/api.w.org\/{rel}","templated":true}]}}