{"id":32408,"date":"2025-04-09T08:31:36","date_gmt":"2025-04-09T06:31:36","guid":{"rendered":"https:\/\/katolicka-gimnazija.hr\/?p=32408"},"modified":"2025-04-09T08:31:36","modified_gmt":"2025-04-09T06:31:36","slug":"andela-bogadi-i-david-ciraki-pozvani-na-drzavni-lik","status":"publish","type":"post","link":"https:\/\/katolicka-gimnazija.hr\/index.php\/2025\/04\/09\/andela-bogadi-i-david-ciraki-pozvani-na-drzavni-lik\/","title":{"rendered":"An\u0111ela Bogadi i David Ciraki pozvani na dr\u017eavni LIK!"},"content":{"rendered":"<p>Iz dana u dan potvr\u0111ujemo da nije va\u017eno koliko nas ima, ako radimo dobro i imamo vrijedne i kreativne u\u010denike. Dokaz je tomu i poziv na\u0161ih dvoje druga\u0161a &#8211; An\u0111ele Bogadi (2.b) i Davida Cirakija (2.a) na dr\u017eavno Natjecanje-izlo\u017ebu u\u010denika osnovnih i srednjih \u0161kola iz podru\u010dja vizualnih umjetnosti i dizajna LIK 2025. koje \u0107e se odr\u017eati od 28. do 30. travnja 2025. u Osijeku.<\/p>\n<p>Podsjetimo da je ovogodi\u0161nja tema bila \u201cTragovi vremena \u2013 virtualna kapsula kao odraz ideja i vrijednosti dana\u0161njeg vremena\u201d, a zanimljivo je da su sva tri rada iz na\u0161e \u017eupanije predlo\u017eena za dr\u017eavnu razinu.<\/p>\n<p>\u010cestitamo An\u0111eli i Davidu kao i mentorici Veri \u0106u\u017ee Abramovi\u0107!<\/p>\n<p><a style=\"font-size: 16px;\" href=\"https:\/\/katolicka-gimnazija.hr\/wp-content\/uploads\/2025\/02\/46236MIKSER.png\"><img loading=\"lazy\" decoding=\"async\" class=\"alignnone size-medium wp-image-32147\" src=\"https:\/\/katolicka-gimnazija.hr\/wp-content\/uploads\/2025\/02\/46236MIKSER-214x300.png\" alt=\"\" width=\"214\" height=\"300\" data-wp-editing=\"1\" srcset=\"https:\/\/katolicka-gimnazija.hr\/wp-content\/uploads\/2025\/02\/46236MIKSER-214x300.png 214w, https:\/\/katolicka-gimnazija.hr\/wp-content\/uploads\/2025\/02\/46236MIKSER-732x1024.png 732w, https:\/\/katolicka-gimnazija.hr\/wp-content\/uploads\/2025\/02\/46236MIKSER-768x1075.png 768w, https:\/\/katolicka-gimnazija.hr\/wp-content\/uploads\/2025\/02\/46236MIKSER-1097x1536.png 1097w, https:\/\/katolicka-gimnazija.hr\/wp-content\/uploads\/2025\/02\/46236MIKSER.png 1429w\" sizes=\"auto, (max-width: 214px) 100vw, 214px\" \/><\/a><\/p>\n","protected":false},"excerpt":{"rendered":"<p>Iz dana u dan potvr\u0111ujemo da nije va\u017eno koliko nas ima, ako radimo dobro i imamo vrijedne i kreativne u\u010denike. Dokaz je tomu i poziv na\u0161ih dvoje druga\u0161a &#8211; An\u0111ele Bogadi (2.b) i Davida Cirakija (2.a) na dr\u017eavno Natjecanje-izlo\u017ebu u\u010denika osnovnih i srednjih \u0161kola iz podru\u010dja vizualnih umjetnosti i dizajna LIK 2025. koje \u0107e se [&hellip;]<\/p>\n","protected":false},"author":2,"featured_media":32148,"comment_status":"closed","ping_status":"closed","sticky":false,"template":"","format":"standard","meta":{"footnotes":""},"categories":[209,2],"tags":[],"class_list":["post-32408","post","type-post","status-publish","format-standard","has-post-thumbnail","hentry","category-natjecanja","category-vijesti"],"_links":{"self":[{"href":"https:\/\/katolicka-gimnazija.hr\/index.php\/wp-json\/wp\/v2\/posts\/32408","targetHints":{"allow":["GET"]}}],"collection":[{"href":"https:\/\/katolicka-gimnazija.hr\/index.php\/wp-json\/wp\/v2\/posts"}],"about":[{"href":"https:\/\/katolicka-gimnazija.hr\/index.php\/wp-json\/wp\/v2\/types\/post"}],"author":[{"embeddable":true,"href":"https:\/\/katolicka-gimnazija.hr\/index.php\/wp-json\/wp\/v2\/users\/2"}],"replies":[{"embeddable":true,"href":"https:\/\/katolicka-gimnazija.hr\/index.php\/wp-json\/wp\/v2\/comments?post=32408"}],"version-history":[{"count":1,"href":"https:\/\/katolicka-gimnazija.hr\/index.php\/wp-json\/wp\/v2\/posts\/32408\/revisions"}],"predecessor-version":[{"id":32409,"href":"https:\/\/katolicka-gimnazija.hr\/index.php\/wp-json\/wp\/v2\/posts\/32408\/revisions\/32409"}],"wp:featuredmedia":[{"embeddable":true,"href":"https:\/\/katolicka-gimnazija.hr\/index.php\/wp-json\/wp\/v2\/media\/32148"}],"wp:attachment":[{"href":"https:\/\/katolicka-gimnazija.hr\/index.php\/wp-json\/wp\/v2\/media?parent=32408"}],"wp:term":[{"taxonomy":"category","embeddable":true,"href":"https:\/\/katolicka-gimnazija.hr\/index.php\/wp-json\/wp\/v2\/categories?post=32408"},{"taxonomy":"post_tag","embeddable":true,"href":"https:\/\/katolicka-gimnazija.hr\/index.php\/wp-json\/wp\/v2\/tags?post=32408"}],"curies":[{"name":"wp","href":"https:\/\/api.w.org\/{rel}","templated":true}]}}