{"id":32454,"date":"2025-04-15T17:52:46","date_gmt":"2025-04-15T15:52:46","guid":{"rendered":"https:\/\/katolicka-gimnazija.hr\/?p=32454"},"modified":"2025-04-15T17:52:46","modified_gmt":"2025-04-15T15:52:46","slug":"provedena-volonterska-akcija-moj-profesor-zna-najbolje","status":"publish","type":"post","link":"https:\/\/katolicka-gimnazija.hr\/index.php\/2025\/04\/15\/provedena-volonterska-akcija-moj-profesor-zna-najbolje\/","title":{"rendered":"Provedena volonterska akcija Moj profesor zna najbolje"},"content":{"rendered":"<p>Povodom Svjetskog dana \u010dinjenja dobrih djela koji se obilje\u017eava 6.4. kao nositelji volonterske akcije uklju\u010dili su se profesori Katoli\u010dke gimnazije u Po\u017eegi.<\/p>\n<div>U volontersku akciju pod nazivom &#8220;Moj profesor zna najbolje&#8221;, koju je koordinirala \u0161kolska psihologinja Nikolina Bodolovi\u0107, uklju\u010dilo se \u010dak 18 profesora koji su od 1. &#8211; 10.4.2025. odr\u017eali besplatne instrukcije\/konzultacije\/pomo\u0107 u u\u010denju\/smjernice iz svog predmetnog podru\u010dja. Iako je u na\u0161oj \u0161koli obi\u010daj pomagati u\u010denicima tijekom cijele godine, i izvan zadu\u017eenja, i popodne, i subotama, i tijekom praznika, \u017eeljeli smo u okviru ove prigode u\u010diniti dodatan poticaj prema uspje\u0161nom savladavanju obrazovnih ishoda, dodatno usmjeriti u\u010denike prema njihovim profesorima koji im redovno predaju te zasigurno mogu najbolje odgovoriti na njihova pitanja u opu\u0161tenoj atmosferi. Jo\u0161 jednom se pokazalo da je odnos izme\u0111u u\u010denika i profesora jedna od najja\u010dih karika na\u0161e \u0161kole, a gdje je kvalitetan i dobar odnos, tu su i izvrsni rezultati.<\/div>\n<div><a href=\"https:\/\/katolicka-gimnazija.hr\/wp-content\/uploads\/2025\/04\/1000010664-scaled.jpg\"><img loading=\"lazy\" decoding=\"async\" class=\"alignnone size-medium wp-image-32455\" src=\"https:\/\/katolicka-gimnazija.hr\/wp-content\/uploads\/2025\/04\/1000010664-225x300.jpg\" alt=\"\" width=\"225\" height=\"300\" srcset=\"https:\/\/katolicka-gimnazija.hr\/wp-content\/uploads\/2025\/04\/1000010664-225x300.jpg 225w, https:\/\/katolicka-gimnazija.hr\/wp-content\/uploads\/2025\/04\/1000010664-768x1024.jpg 768w, https:\/\/katolicka-gimnazija.hr\/wp-content\/uploads\/2025\/04\/1000010664-1152x1536.jpg 1152w, https:\/\/katolicka-gimnazija.hr\/wp-content\/uploads\/2025\/04\/1000010664-1536x2048.jpg 1536w, https:\/\/katolicka-gimnazija.hr\/wp-content\/uploads\/2025\/04\/1000010664-scaled.jpg 1920w\" sizes=\"auto, (max-width: 225px) 100vw, 225px\" \/><\/a> <a href=\"https:\/\/katolicka-gimnazija.hr\/wp-content\/uploads\/2025\/04\/20250415_151541.jpg\"><img loading=\"lazy\" decoding=\"async\" class=\"alignnone size-medium wp-image-32456\" src=\"https:\/\/katolicka-gimnazija.hr\/wp-content\/uploads\/2025\/04\/20250415_151541-225x300.jpg\" alt=\"\" width=\"225\" height=\"300\" srcset=\"https:\/\/katolicka-gimnazija.hr\/wp-content\/uploads\/2025\/04\/20250415_151541-225x300.jpg 225w, https:\/\/katolicka-gimnazija.hr\/wp-content\/uploads\/2025\/04\/20250415_151541-768x1024.jpg 768w, https:\/\/katolicka-gimnazija.hr\/wp-content\/uploads\/2025\/04\/20250415_151541-1152x1536.jpg 1152w, https:\/\/katolicka-gimnazija.hr\/wp-content\/uploads\/2025\/04\/20250415_151541.jpg 1200w\" sizes=\"auto, (max-width: 225px) 100vw, 225px\" \/><\/a> <a href=\"https:\/\/katolicka-gimnazija.hr\/wp-content\/uploads\/2025\/04\/1000010582-scaled.jpg\"><img loading=\"lazy\" decoding=\"async\" class=\"alignnone size-medium wp-image-32458\" src=\"https:\/\/katolicka-gimnazija.hr\/wp-content\/uploads\/2025\/04\/1000010582-225x300.jpg\" alt=\"\" width=\"225\" height=\"300\" srcset=\"https:\/\/katolicka-gimnazija.hr\/wp-content\/uploads\/2025\/04\/1000010582-225x300.jpg 225w, https:\/\/katolicka-gimnazija.hr\/wp-content\/uploads\/2025\/04\/1000010582-768x1024.jpg 768w, https:\/\/katolicka-gimnazija.hr\/wp-content\/uploads\/2025\/04\/1000010582-1152x1536.jpg 1152w, https:\/\/katolicka-gimnazija.hr\/wp-content\/uploads\/2025\/04\/1000010582-1536x2048.jpg 1536w, https:\/\/katolicka-gimnazija.hr\/wp-content\/uploads\/2025\/04\/1000010582-scaled.jpg 1920w\" sizes=\"auto, (max-width: 225px) 100vw, 225px\" \/><\/a> <a href=\"https:\/\/katolicka-gimnazija.hr\/wp-content\/uploads\/2025\/04\/20250415_151629.jpg\"><img loading=\"lazy\" decoding=\"async\" class=\"alignnone size-medium wp-image-32459\" src=\"https:\/\/katolicka-gimnazija.hr\/wp-content\/uploads\/2025\/04\/20250415_151629-300x225.jpg\" alt=\"\" width=\"300\" height=\"225\" srcset=\"https:\/\/katolicka-gimnazija.hr\/wp-content\/uploads\/2025\/04\/20250415_151629-300x225.jpg 300w, https:\/\/katolicka-gimnazija.hr\/wp-content\/uploads\/2025\/04\/20250415_151629-1024x768.jpg 1024w, https:\/\/katolicka-gimnazija.hr\/wp-content\/uploads\/2025\/04\/20250415_151629-768x576.jpg 768w, https:\/\/katolicka-gimnazija.hr\/wp-content\/uploads\/2025\/04\/20250415_151629-1536x1152.jpg 1536w, https:\/\/katolicka-gimnazija.hr\/wp-content\/uploads\/2025\/04\/20250415_151629-400x300.jpg 400w, https:\/\/katolicka-gimnazija.hr\/wp-content\/uploads\/2025\/04\/20250415_151629.jpg 1600w\" sizes=\"auto, (max-width: 300px) 100vw, 300px\" \/><\/a> <a href=\"https:\/\/katolicka-gimnazija.hr\/wp-content\/uploads\/2025\/04\/IMG-20250407-WA0000.jpg\"><img loading=\"lazy\" decoding=\"async\" class=\"alignnone size-medium wp-image-32460\" src=\"https:\/\/katolicka-gimnazija.hr\/wp-content\/uploads\/2025\/04\/IMG-20250407-WA0000-300x225.jpg\" alt=\"\" width=\"300\" height=\"225\" srcset=\"https:\/\/katolicka-gimnazija.hr\/wp-content\/uploads\/2025\/04\/IMG-20250407-WA0000-300x225.jpg 300w, https:\/\/katolicka-gimnazija.hr\/wp-content\/uploads\/2025\/04\/IMG-20250407-WA0000-1024x768.jpg 1024w, https:\/\/katolicka-gimnazija.hr\/wp-content\/uploads\/2025\/04\/IMG-20250407-WA0000-768x576.jpg 768w, https:\/\/katolicka-gimnazija.hr\/wp-content\/uploads\/2025\/04\/IMG-20250407-WA0000-1536x1152.jpg 1536w, https:\/\/katolicka-gimnazija.hr\/wp-content\/uploads\/2025\/04\/IMG-20250407-WA0000-400x300.jpg 400w, https:\/\/katolicka-gimnazija.hr\/wp-content\/uploads\/2025\/04\/IMG-20250407-WA0000.jpg 2048w\" sizes=\"auto, (max-width: 300px) 100vw, 300px\" \/><\/a><\/div>\n","protected":false},"excerpt":{"rendered":"<p>Povodom Svjetskog dana \u010dinjenja dobrih djela koji se obilje\u017eava 6.4. kao nositelji volonterske akcije uklju\u010dili su se profesori Katoli\u010dke gimnazije u Po\u017eegi. U volontersku akciju pod nazivom &#8220;Moj profesor zna najbolje&#8221;, koju je koordinirala \u0161kolska psihologinja Nikolina Bodolovi\u0107, uklju\u010dilo se \u010dak 18 profesora koji su od 1. &#8211; 10.4.2025. odr\u017eali besplatne instrukcije\/konzultacije\/pomo\u0107 u u\u010denju\/smjernice iz [&hellip;]<\/p>\n","protected":false},"author":75,"featured_media":32457,"comment_status":"closed","ping_status":"closed","sticky":false,"template":"","format":"standard","meta":{"footnotes":""},"categories":[2],"tags":[],"class_list":["post-32454","post","type-post","status-publish","format-standard","has-post-thumbnail","hentry","category-vijesti"],"_links":{"self":[{"href":"https:\/\/katolicka-gimnazija.hr\/index.php\/wp-json\/wp\/v2\/posts\/32454","targetHints":{"allow":["GET"]}}],"collection":[{"href":"https:\/\/katolicka-gimnazija.hr\/index.php\/wp-json\/wp\/v2\/posts"}],"about":[{"href":"https:\/\/katolicka-gimnazija.hr\/index.php\/wp-json\/wp\/v2\/types\/post"}],"author":[{"embeddable":true,"href":"https:\/\/katolicka-gimnazija.hr\/index.php\/wp-json\/wp\/v2\/users\/75"}],"replies":[{"embeddable":true,"href":"https:\/\/katolicka-gimnazija.hr\/index.php\/wp-json\/wp\/v2\/comments?post=32454"}],"version-history":[{"count":1,"href":"https:\/\/katolicka-gimnazija.hr\/index.php\/wp-json\/wp\/v2\/posts\/32454\/revisions"}],"predecessor-version":[{"id":32461,"href":"https:\/\/katolicka-gimnazija.hr\/index.php\/wp-json\/wp\/v2\/posts\/32454\/revisions\/32461"}],"wp:featuredmedia":[{"embeddable":true,"href":"https:\/\/katolicka-gimnazija.hr\/index.php\/wp-json\/wp\/v2\/media\/32457"}],"wp:attachment":[{"href":"https:\/\/katolicka-gimnazija.hr\/index.php\/wp-json\/wp\/v2\/media?parent=32454"}],"wp:term":[{"taxonomy":"category","embeddable":true,"href":"https:\/\/katolicka-gimnazija.hr\/index.php\/wp-json\/wp\/v2\/categories?post=32454"},{"taxonomy":"post_tag","embeddable":true,"href":"https:\/\/katolicka-gimnazija.hr\/index.php\/wp-json\/wp\/v2\/tags?post=32454"}],"curies":[{"name":"wp","href":"https:\/\/api.w.org\/{rel}","templated":true}]}}