{"id":32487,"date":"2025-04-24T16:29:29","date_gmt":"2025-04-24T14:29:29","guid":{"rendered":"https:\/\/katolicka-gimnazija.hr\/?p=32487"},"modified":"2025-04-24T16:30:26","modified_gmt":"2025-04-24T14:30:26","slug":"pobjeda-znanja-ucenici-zablistali-na-mat-ligi","status":"publish","type":"post","link":"https:\/\/katolicka-gimnazija.hr\/index.php\/2025\/04\/24\/pobjeda-znanja-ucenici-zablistali-na-mat-ligi\/","title":{"rendered":"Pobjeda znanja \u2013 u\u010denici zablistali na Mat ligi!"},"content":{"rendered":"<p>MAT liga ekipno je matemati\u010dko natjecanje u\u010denika osnovnih i srednjih \u0161kola. Nastala je sa \u017eeljom za popularizacijom matematike, ve\u0107om motivacijom u\u010denika i njihovih mentora te poticanjem zajedni\u0161tva i timskog rada. Na\u0161a \u0161kola je zajedno sa vi\u0161e od 300 drugih \u0161kola sudionik ovog dr\u017eavnog matemati\u010dkog natjecanja te ove godine ostvaruje izvrsne uspjehe. Pod mentorstvom profesorice Sanje Pr\u0161e u\u010denici \u010detvrtog razreda Noa Serti\u0107 i Jure Obradovi\u0107 su na ljetvici 20. u dr\u017eavi dok su pod mentorstvom profesorice Katarine Soldo Obu\u010dine, David Kova\u010devi\u0107 i Bruno Brekalo ostvarili visoko 11.mjesto.<\/p>\n<p>Ovim putem srda\u010dno \u010destitamo na\u0161im u\u010denicima, kao i njihovim mentoricama, na sjajnom plasmanu te se nadamo da \u0107e ovaj uspjeh motivirati na daljnji rad, kako njih, tako i njihove \u0161kolske kolege jer trud, rad i upornost uvijek daju rezultate.<\/p>\n","protected":false},"excerpt":{"rendered":"<p>MAT liga ekipno je matemati\u010dko natjecanje u\u010denika osnovnih i srednjih \u0161kola. Nastala je sa \u017eeljom za popularizacijom matematike, ve\u0107om motivacijom u\u010denika i njihovih mentora te poticanjem zajedni\u0161tva i timskog rada. Na\u0161a \u0161kola je zajedno sa vi\u0161e od 300 drugih \u0161kola sudionik ovog dr\u017eavnog matemati\u010dkog natjecanja te ove godine ostvaruje izvrsne uspjehe. Pod mentorstvom profesorice Sanje [&hellip;]<\/p>\n","protected":false},"author":1,"featured_media":32488,"comment_status":"closed","ping_status":"closed","sticky":false,"template":"","format":"standard","meta":{"footnotes":""},"categories":[2],"tags":[],"class_list":["post-32487","post","type-post","status-publish","format-standard","has-post-thumbnail","hentry","category-vijesti"],"_links":{"self":[{"href":"https:\/\/katolicka-gimnazija.hr\/index.php\/wp-json\/wp\/v2\/posts\/32487","targetHints":{"allow":["GET"]}}],"collection":[{"href":"https:\/\/katolicka-gimnazija.hr\/index.php\/wp-json\/wp\/v2\/posts"}],"about":[{"href":"https:\/\/katolicka-gimnazija.hr\/index.php\/wp-json\/wp\/v2\/types\/post"}],"author":[{"embeddable":true,"href":"https:\/\/katolicka-gimnazija.hr\/index.php\/wp-json\/wp\/v2\/users\/1"}],"replies":[{"embeddable":true,"href":"https:\/\/katolicka-gimnazija.hr\/index.php\/wp-json\/wp\/v2\/comments?post=32487"}],"version-history":[{"count":1,"href":"https:\/\/katolicka-gimnazija.hr\/index.php\/wp-json\/wp\/v2\/posts\/32487\/revisions"}],"predecessor-version":[{"id":32489,"href":"https:\/\/katolicka-gimnazija.hr\/index.php\/wp-json\/wp\/v2\/posts\/32487\/revisions\/32489"}],"wp:featuredmedia":[{"embeddable":true,"href":"https:\/\/katolicka-gimnazija.hr\/index.php\/wp-json\/wp\/v2\/media\/32488"}],"wp:attachment":[{"href":"https:\/\/katolicka-gimnazija.hr\/index.php\/wp-json\/wp\/v2\/media?parent=32487"}],"wp:term":[{"taxonomy":"category","embeddable":true,"href":"https:\/\/katolicka-gimnazija.hr\/index.php\/wp-json\/wp\/v2\/categories?post=32487"},{"taxonomy":"post_tag","embeddable":true,"href":"https:\/\/katolicka-gimnazija.hr\/index.php\/wp-json\/wp\/v2\/tags?post=32487"}],"curies":[{"name":"wp","href":"https:\/\/api.w.org\/{rel}","templated":true}]}}